{"id":20815,"date":"2025-09-07T08:00:00","date_gmt":"2025-09-07T06:00:00","guid":{"rendered":"https:\/\/www.asajacyl.com\/palencia\/?p=20815"},"modified":"2025-09-05T13:47:51","modified_gmt":"2025-09-05T11:47:51","slug":"la-agenda-agraria-2025-2026-a-disposicion-de-las-personas-asociadas-de-asaja-palencia","status":"publish","type":"post","link":"https:\/\/www.asajacyl.com\/palencia\/asaja-palencia-informa\/la-agenda-agraria-2025-2026-a-disposicion-de-las-personas-asociadas-de-asaja-palencia","title":{"rendered":"La Agenda Agraria 2025-2026, a disposici\u00f3n de las personas asociadas de ASAJA-Palencia"},"content":{"rendered":"\n<h2 class=\"wp-block-heading\">Las personas asociadas a ASAJA-Palencia ya pueden retirar en nuestras oficinas su ejemplar gratuito de la<em> Agenda Agraria 2025-2026, <\/em>publicaci\u00f3n de mucha utilidad para el profesional del sector agroganadero de nuestra provincia. Nuestra organizaci\u00f3n, que edita por s\u00e9ptimo a\u00f1o consecutivo esta agenda, agradece el patrocinio de las empresas colaboradoras de la publicaci\u00f3n, que ampl\u00eda su paginaci\u00f3n y mejora su dise\u00f1o.<\/h2>\n\n\n\n<p>La peculiaridad de esta agenda es que no sigue el a\u00f1o natural, sino el a\u00f1o agr\u00edcola (en este caso, su paginaci\u00f3n comienza el 1 de septiembre de 2025 y finaliza ese mismo d\u00eda de 2026) con el fin de facilitar la programaci\u00f3n y el control de las tareas, labores y gestiones durante la campa\u00f1a.<\/p>\n\n\n\n<p>Como novedad, se dedica m\u00e1s espacio para cada d\u00eda (dos d\u00edas laborales por p\u00e1gina, en vez de los tres de la pasada campa\u00f1a), lo que ha supuesto ampliar significativamente su paginaci\u00f3n. Asimismo, la publicaci\u00f3n se ha redise\u00f1ado por completo con el objetivo de ganar en claridad a la hora de exponer los contenidos.<\/p>\n\n\n\n<p>Animamos a los socios a acudir a su oficina a retirar el ejemplar, <strong>visita que tambi\u00e9n pueden aprovechar para informarse con nuestros t\u00e9cnicos del seguro agrario sobre las importantes novedades que va a presentar esta pr\u00f3xima campa\u00f1a<\/strong>, relacionadas con el historial reciente de rendimiento seg\u00fan cultivos, entre otros aspectos.<\/p>\n\n\n\n<p>Como cada a\u00f1o, la Agenda Agraria de ASAJA-Palencia incluye las <strong>fechas <\/strong>m\u00e1s importantes para el sector, tanto las relativas a los <strong>plazos de los seguros agrarios<\/strong> como las de tipo <strong>fiscal, laboral, juntas agropecuarias locales, caza, santoral, festividades y d\u00edas comnemorativos<\/strong>&#8230;  <\/p>\n\n\n\n<p>Todo ese contenido aumenta su valor pr\u00e1ctico con respecto a una agenda que s\u00f3lo incorpore el calendario, lo que explica la buena acogida que nuestros asociados brindan cada campa\u00f1a a este servicio que presta nuestra organizaci\u00f3n.<\/p>\n\n\n\n<p><strong>GRATITUD Y GRATUIDAD.&nbsp;<\/strong>ASAJA-Palencia agradece esa acogida, as\u00ed como la participaci\u00f3n y la fidelidad como patrocinadores de cinco empresas y entidades colaboradoras:&nbsp;<a href=\"https:\/\/www.caser.es\/\">Caser Seguros<\/a>,&nbsp;<a href=\"https:\/\/www.florimond-desprez.com\/es\/es\/es\/\">Florimond-Desprez<\/a>,&nbsp;<a href=\"https:\/\/aislamientosjavier.com\/\" target=\"_blank\" rel=\"noreferrer noopener\">Aislamientos Javier<\/a>,&nbsp;<a href=\"https:\/\/www.tallerescasares.net\/\" target=\"_blank\" rel=\"noreferrer noopener\">Talleres Casares<\/a>&nbsp;y&nbsp;<a href=\"https:\/\/grupopalausa.com\/\" target=\"_blank\" rel=\"noreferrer noopener\">Grupo Palausa<\/a>.<\/p>\n\n\n\n<p>Su apoyo y su confianza han posibilitado editar y distribuir esta publicaci\u00f3n, con una tirada de unos tres mil ejemplares, sin coste alguno para nuestros asociados. Asimismo, agradecemos un a\u00f1o m\u00e1s a la empresa palentina&nbsp;<a href=\"http:\/\/www.graficaszamart.com\/imprenta\/\" target=\"_blank\" rel=\"noreferrer noopener\">Gr\u00e1ficas Zamart<\/a>&nbsp;la profesionalidad y la calidad en la elaboraci\u00f3n de este producto editorial.<strong>\/<\/strong><\/p>\n","protected":false},"excerpt":{"rendered":"<p>Las personas asociadas a ASAJA-Palencia ya pueden retirar en nuestras oficinas su ejemplar gratuito de la Agenda Agraria 2025-2026, publicaci\u00f3n de mucha utilidad para el profesional del sector agroganadero de nuestra provincia. Nuestra organizaci\u00f3n, que edita por s\u00e9ptimo a\u00f1o consecutivo esta agenda, agradece el patrocinio de las empresas colaboradoras de la publicaci\u00f3n, que ampl\u00eda su [&hellip;]<\/p>\n","protected":false},"author":9,"featured_media":20816,"comment_status":"open","ping_status":"open","sticky":false,"template":"","format":"standard","meta":{"footnotes":""},"categories":[9,31,38,28,13],"tags":[58,351,77],"yoast_head":"<!-- This site is optimized with the Yoast SEO plugin v24.5 - https:\/\/yoast.com\/wordpress\/plugins\/seo\/ -->\n<title>La Agenda Agraria 2025-2026, a disposici\u00f3n de las personas asociadas de ASAJA-Palencia - ASAJA Palencia<\/title>\n<meta name=\"description\" content=\"Las personas asociadas a ASAJA-Palencia ya pueden retirar en nuestras oficinas su ejemplar gratuito de la Agenda Agraria 2025-2026, publicaci\u00f3n de mucha\" \/>\n<meta name=\"robots\" content=\"index, follow, max-snippet:-1, max-image-preview:large, max-video-preview:-1\" \/>\n<link rel=\"canonical\" href=\"https:\/\/www.asajacyl.com\/palencia\/asaja-palencia-informa\/la-agenda-agraria-2025-2026-a-disposicion-de-las-personas-asociadas-de-asaja-palencia\" \/>\n<meta property=\"og:locale\" content=\"es_ES\" \/>\n<meta property=\"og:type\" content=\"article\" \/>\n<meta property=\"og:title\" content=\"La Agenda Agraria 2025-2026, a disposici\u00f3n de las personas asociadas de ASAJA-Palencia - ASAJA Palencia\" \/>\n<meta property=\"og:description\" content=\"Las personas asociadas a ASAJA-Palencia ya pueden retirar en nuestras oficinas su ejemplar gratuito de la Agenda Agraria 2025-2026, publicaci\u00f3n de mucha\" \/>\n<meta property=\"og:url\" content=\"https:\/\/www.asajacyl.com\/palencia\/asaja-palencia-informa\/la-agenda-agraria-2025-2026-a-disposicion-de-las-personas-asociadas-de-asaja-palencia\" \/>\n<meta property=\"og:site_name\" content=\"ASAJA Palencia\" \/>\n<meta property=\"article:published_time\" content=\"2025-09-07T06:00:00+00:00\" \/>\n<meta property=\"og:image\" content=\"https:\/\/www.asajacyl.com\/palencia\/wp-content\/uploads\/sites\/3\/2025\/09\/Agenda-2025-2026-web.jpg\" \/>\n\t<meta property=\"og:image:width\" content=\"1890\" \/>\n\t<meta property=\"og:image:height\" content=\"1654\" \/>\n\t<meta property=\"og:image:type\" content=\"image\/jpeg\" \/>\n<meta name=\"author\" content=\"Administrador\" \/>\n<meta name=\"twitter:card\" content=\"summary_large_image\" \/>\n<meta name=\"twitter:label1\" content=\"Escrito por\" \/>\n\t<meta name=\"twitter:data1\" content=\"Administrador\" \/>\n\t<meta name=\"twitter:label2\" content=\"Tiempo de lectura\" \/>\n\t<meta name=\"twitter:data2\" content=\"2 minutos\" \/>\n<script type=\"application\/ld+json\" class=\"yoast-schema-graph\">{\"@context\":\"https:\/\/schema.org\",\"@graph\":[{\"@type\":\"WebPage\",\"@id\":\"https:\/\/www.asajacyl.com\/palencia\/asaja-palencia-informa\/la-agenda-agraria-2025-2026-a-disposicion-de-las-personas-asociadas-de-asaja-palencia\",\"url\":\"https:\/\/www.asajacyl.com\/palencia\/asaja-palencia-informa\/la-agenda-agraria-2025-2026-a-disposicion-de-las-personas-asociadas-de-asaja-palencia\",\"name\":\"La Agenda Agraria 2025-2026, a disposici\u00f3n de las personas asociadas de ASAJA-Palencia - ASAJA Palencia\",\"isPartOf\":{\"@id\":\"https:\/\/www.asajacyl.com\/palencia\/#website\"},\"primaryImageOfPage\":{\"@id\":\"https:\/\/www.asajacyl.com\/palencia\/asaja-palencia-informa\/la-agenda-agraria-2025-2026-a-disposicion-de-las-personas-asociadas-de-asaja-palencia#primaryimage\"},\"image\":{\"@id\":\"https:\/\/www.asajacyl.com\/palencia\/asaja-palencia-informa\/la-agenda-agraria-2025-2026-a-disposicion-de-las-personas-asociadas-de-asaja-palencia#primaryimage\"},\"thumbnailUrl\":\"https:\/\/www.asajacyl.com\/palencia\/wp-content\/uploads\/sites\/3\/2025\/09\/Agenda-2025-2026-web.jpg\",\"datePublished\":\"2025-09-07T06:00:00+00:00\",\"author\":{\"@id\":\"https:\/\/www.asajacyl.com\/palencia\/#\/schema\/person\/3ab17aeb03527485c317557fae64aab1\"},\"description\":\"Las personas asociadas a ASAJA-Palencia ya pueden retirar en nuestras oficinas su ejemplar gratuito de la Agenda Agraria 2025-2026, publicaci\u00f3n de mucha\",\"breadcrumb\":{\"@id\":\"https:\/\/www.asajacyl.com\/palencia\/asaja-palencia-informa\/la-agenda-agraria-2025-2026-a-disposicion-de-las-personas-asociadas-de-asaja-palencia#breadcrumb\"},\"inLanguage\":\"es\",\"potentialAction\":[{\"@type\":\"ReadAction\",\"target\":[\"https:\/\/www.asajacyl.com\/palencia\/asaja-palencia-informa\/la-agenda-agraria-2025-2026-a-disposicion-de-las-personas-asociadas-de-asaja-palencia\"]}]},{\"@type\":\"ImageObject\",\"inLanguage\":\"es\",\"@id\":\"https:\/\/www.asajacyl.com\/palencia\/asaja-palencia-informa\/la-agenda-agraria-2025-2026-a-disposicion-de-las-personas-asociadas-de-asaja-palencia#primaryimage\",\"url\":\"https:\/\/www.asajacyl.com\/palencia\/wp-content\/uploads\/sites\/3\/2025\/09\/Agenda-2025-2026-web.jpg\",\"contentUrl\":\"https:\/\/www.asajacyl.com\/palencia\/wp-content\/uploads\/sites\/3\/2025\/09\/Agenda-2025-2026-web.jpg\",\"width\":1890,\"height\":1654},{\"@type\":\"BreadcrumbList\",\"@id\":\"https:\/\/www.asajacyl.com\/palencia\/asaja-palencia-informa\/la-agenda-agraria-2025-2026-a-disposicion-de-las-personas-asociadas-de-asaja-palencia#breadcrumb\",\"itemListElement\":[{\"@type\":\"ListItem\",\"position\":1,\"name\":\"Portada\",\"item\":\"https:\/\/www.asajacyl.com\/palencia\/\"},{\"@type\":\"ListItem\",\"position\":2,\"name\":\"La Agenda Agraria 2025-2026, a disposici\u00f3n de las personas asociadas de ASAJA-Palencia\"}]},{\"@type\":\"WebSite\",\"@id\":\"https:\/\/www.asajacyl.com\/palencia\/#website\",\"url\":\"https:\/\/www.asajacyl.com\/palencia\/\",\"name\":\"ASAJA Palencia\",\"description\":\"Otro sitio m\u00e1s de Provincias ASAJA Castilla y Le\u00f3n\",\"potentialAction\":[{\"@type\":\"SearchAction\",\"target\":{\"@type\":\"EntryPoint\",\"urlTemplate\":\"https:\/\/www.asajacyl.com\/palencia\/?s={search_term_string}\"},\"query-input\":{\"@type\":\"PropertyValueSpecification\",\"valueRequired\":true,\"valueName\":\"search_term_string\"}}],\"inLanguage\":\"es\"},{\"@type\":\"Person\",\"@id\":\"https:\/\/www.asajacyl.com\/palencia\/#\/schema\/person\/3ab17aeb03527485c317557fae64aab1\",\"name\":\"Administrador\",\"image\":{\"@type\":\"ImageObject\",\"inLanguage\":\"es\",\"@id\":\"https:\/\/www.asajacyl.com\/palencia\/#\/schema\/person\/image\/\",\"url\":\"https:\/\/secure.gravatar.com\/avatar\/517384810d242ca9e38c180f3c9fb973?s=96&d=mm&r=g\",\"contentUrl\":\"https:\/\/secure.gravatar.com\/avatar\/517384810d242ca9e38c180f3c9fb973?s=96&d=mm&r=g\",\"caption\":\"Administrador\"},\"url\":\"https:\/\/www.asajacyl.com\/palencia\/author\/carlosrm\"}]}<\/script>\n<!-- \/ Yoast SEO plugin. -->","yoast_head_json":{"title":"La Agenda Agraria 2025-2026, a disposici\u00f3n de las personas asociadas de ASAJA-Palencia - ASAJA Palencia","description":"Las personas asociadas a ASAJA-Palencia ya pueden retirar en nuestras oficinas su ejemplar gratuito de la Agenda Agraria 2025-2026, publicaci\u00f3n de mucha","robots":{"index":"index","follow":"follow","max-snippet":"max-snippet:-1","max-image-preview":"max-image-preview:large","max-video-preview":"max-video-preview:-1"},"canonical":"https:\/\/www.asajacyl.com\/palencia\/asaja-palencia-informa\/la-agenda-agraria-2025-2026-a-disposicion-de-las-personas-asociadas-de-asaja-palencia","og_locale":"es_ES","og_type":"article","og_title":"La Agenda Agraria 2025-2026, a disposici\u00f3n de las personas asociadas de ASAJA-Palencia - ASAJA Palencia","og_description":"Las personas asociadas a ASAJA-Palencia ya pueden retirar en nuestras oficinas su ejemplar gratuito de la Agenda Agraria 2025-2026, publicaci\u00f3n de mucha","og_url":"https:\/\/www.asajacyl.com\/palencia\/asaja-palencia-informa\/la-agenda-agraria-2025-2026-a-disposicion-de-las-personas-asociadas-de-asaja-palencia","og_site_name":"ASAJA Palencia","article_published_time":"2025-09-07T06:00:00+00:00","og_image":[{"width":1890,"height":1654,"url":"https:\/\/www.asajacyl.com\/palencia\/wp-content\/uploads\/sites\/3\/2025\/09\/Agenda-2025-2026-web.jpg","type":"image\/jpeg"}],"author":"Administrador","twitter_card":"summary_large_image","twitter_misc":{"Escrito por":"Administrador","Tiempo de lectura":"2 minutos"},"schema":{"@context":"https:\/\/schema.org","@graph":[{"@type":"WebPage","@id":"https:\/\/www.asajacyl.com\/palencia\/asaja-palencia-informa\/la-agenda-agraria-2025-2026-a-disposicion-de-las-personas-asociadas-de-asaja-palencia","url":"https:\/\/www.asajacyl.com\/palencia\/asaja-palencia-informa\/la-agenda-agraria-2025-2026-a-disposicion-de-las-personas-asociadas-de-asaja-palencia","name":"La Agenda Agraria 2025-2026, a disposici\u00f3n de las personas asociadas de ASAJA-Palencia - ASAJA Palencia","isPartOf":{"@id":"https:\/\/www.asajacyl.com\/palencia\/#website"},"primaryImageOfPage":{"@id":"https:\/\/www.asajacyl.com\/palencia\/asaja-palencia-informa\/la-agenda-agraria-2025-2026-a-disposicion-de-las-personas-asociadas-de-asaja-palencia#primaryimage"},"image":{"@id":"https:\/\/www.asajacyl.com\/palencia\/asaja-palencia-informa\/la-agenda-agraria-2025-2026-a-disposicion-de-las-personas-asociadas-de-asaja-palencia#primaryimage"},"thumbnailUrl":"https:\/\/www.asajacyl.com\/palencia\/wp-content\/uploads\/sites\/3\/2025\/09\/Agenda-2025-2026-web.jpg","datePublished":"2025-09-07T06:00:00+00:00","author":{"@id":"https:\/\/www.asajacyl.com\/palencia\/#\/schema\/person\/3ab17aeb03527485c317557fae64aab1"},"description":"Las personas asociadas a ASAJA-Palencia ya pueden retirar en nuestras oficinas su ejemplar gratuito de la Agenda Agraria 2025-2026, publicaci\u00f3n de mucha","breadcrumb":{"@id":"https:\/\/www.asajacyl.com\/palencia\/asaja-palencia-informa\/la-agenda-agraria-2025-2026-a-disposicion-de-las-personas-asociadas-de-asaja-palencia#breadcrumb"},"inLanguage":"es","potentialAction":[{"@type":"ReadAction","target":["https:\/\/www.asajacyl.com\/palencia\/asaja-palencia-informa\/la-agenda-agraria-2025-2026-a-disposicion-de-las-personas-asociadas-de-asaja-palencia"]}]},{"@type":"ImageObject","inLanguage":"es","@id":"https:\/\/www.asajacyl.com\/palencia\/asaja-palencia-informa\/la-agenda-agraria-2025-2026-a-disposicion-de-las-personas-asociadas-de-asaja-palencia#primaryimage","url":"https:\/\/www.asajacyl.com\/palencia\/wp-content\/uploads\/sites\/3\/2025\/09\/Agenda-2025-2026-web.jpg","contentUrl":"https:\/\/www.asajacyl.com\/palencia\/wp-content\/uploads\/sites\/3\/2025\/09\/Agenda-2025-2026-web.jpg","width":1890,"height":1654},{"@type":"BreadcrumbList","@id":"https:\/\/www.asajacyl.com\/palencia\/asaja-palencia-informa\/la-agenda-agraria-2025-2026-a-disposicion-de-las-personas-asociadas-de-asaja-palencia#breadcrumb","itemListElement":[{"@type":"ListItem","position":1,"name":"Portada","item":"https:\/\/www.asajacyl.com\/palencia\/"},{"@type":"ListItem","position":2,"name":"La Agenda Agraria 2025-2026, a disposici\u00f3n de las personas asociadas de ASAJA-Palencia"}]},{"@type":"WebSite","@id":"https:\/\/www.asajacyl.com\/palencia\/#website","url":"https:\/\/www.asajacyl.com\/palencia\/","name":"ASAJA Palencia","description":"Otro sitio m\u00e1s de Provincias ASAJA Castilla y Le\u00f3n","potentialAction":[{"@type":"SearchAction","target":{"@type":"EntryPoint","urlTemplate":"https:\/\/www.asajacyl.com\/palencia\/?s={search_term_string}"},"query-input":{"@type":"PropertyValueSpecification","valueRequired":true,"valueName":"search_term_string"}}],"inLanguage":"es"},{"@type":"Person","@id":"https:\/\/www.asajacyl.com\/palencia\/#\/schema\/person\/3ab17aeb03527485c317557fae64aab1","name":"Administrador","image":{"@type":"ImageObject","inLanguage":"es","@id":"https:\/\/www.asajacyl.com\/palencia\/#\/schema\/person\/image\/","url":"https:\/\/secure.gravatar.com\/avatar\/517384810d242ca9e38c180f3c9fb973?s=96&d=mm&r=g","contentUrl":"https:\/\/secure.gravatar.com\/avatar\/517384810d242ca9e38c180f3c9fb973?s=96&d=mm&r=g","caption":"Administrador"},"url":"https:\/\/www.asajacyl.com\/palencia\/author\/carlosrm"}]}},"_links":{"self":[{"href":"https:\/\/www.asajacyl.com\/palencia\/wp-json\/wp\/v2\/posts\/20815"}],"collection":[{"href":"https:\/\/www.asajacyl.com\/palencia\/wp-json\/wp\/v2\/posts"}],"about":[{"href":"https:\/\/www.asajacyl.com\/palencia\/wp-json\/wp\/v2\/types\/post"}],"author":[{"embeddable":true,"href":"https:\/\/www.asajacyl.com\/palencia\/wp-json\/wp\/v2\/users\/9"}],"replies":[{"embeddable":true,"href":"https:\/\/www.asajacyl.com\/palencia\/wp-json\/wp\/v2\/comments?post=20815"}],"version-history":[{"count":3,"href":"https:\/\/www.asajacyl.com\/palencia\/wp-json\/wp\/v2\/posts\/20815\/revisions"}],"predecessor-version":[{"id":20822,"href":"https:\/\/www.asajacyl.com\/palencia\/wp-json\/wp\/v2\/posts\/20815\/revisions\/20822"}],"wp:featuredmedia":[{"embeddable":true,"href":"https:\/\/www.asajacyl.com\/palencia\/wp-json\/wp\/v2\/media\/20816"}],"wp:attachment":[{"href":"https:\/\/www.asajacyl.com\/palencia\/wp-json\/wp\/v2\/media?parent=20815"}],"wp:term":[{"taxonomy":"category","embeddable":true,"href":"https:\/\/www.asajacyl.com\/palencia\/wp-json\/wp\/v2\/categories?post=20815"},{"taxonomy":"post_tag","embeddable":true,"href":"https:\/\/www.asajacyl.com\/palencia\/wp-json\/wp\/v2\/tags?post=20815"}],"curies":[{"name":"wp","href":"https:\/\/api.w.org\/{rel}","templated":true}]}}