{"id":20823,"date":"2025-09-08T10:09:24","date_gmt":"2025-09-08T08:09:24","guid":{"rendered":"https:\/\/www.asajacyl.com\/palencia\/?p=20823"},"modified":"2025-09-08T10:09:27","modified_gmt":"2025-09-08T08:09:27","slug":"el-xi-congreso-el-futuro-del-cereal-se-celebra-este-miercoles-10-en-magaz-de-pisuerga","status":"publish","type":"post","link":"https:\/\/www.asajacyl.com\/palencia\/asaja-palencia-informa\/el-xi-congreso-el-futuro-del-cereal-se-celebra-este-miercoles-10-en-magaz-de-pisuerga","title":{"rendered":"El XI Congreso &#8216;El Futuro del Cereal&#8217; se celebra este mi\u00e9rcoles 10 en Magaz de Pisuerga"},"content":{"rendered":"\n<h2 class=\"wp-block-heading\">El XI Congreso &#8216;El Futuro del Cereal&#8217; se celebra este mi\u00e9rcoles, 10 de septiembre, en Magaz de Pisuerga, interesante encuentro de profesionales de este sector agroalimentario que, en esta edici\u00f3n, tendr\u00e1 como hilo conductor el papel de la tecnolog\u00eda en la producci\u00f3n rentable y sostenible. El congreso est\u00e1 organizado por el Grupo Interempresas y su revista del sector primario, <em>Tierras Agricultura<\/em>, con la colaboraci\u00f3n de Agropal Grupo Alimentario, cooperativa con sede social en Palencia a la que pertenecen m\u00e1s de ocho mil socios agricultores y ganaderos de Castilla y Le\u00f3n y Cantabria. <\/h2>\n\n\n\n<p>Pese a su paulatina p\u00e9rdida de peso en el conjunto de la agricultura de la provincia, cada vez m\u00e1s diversificada, los cereales siguen siendo la columna vertebral del campo palentino. <\/p>\n\n\n\n<p>Baste recordar que, seg\u00fan las declaraciones de la PAC 2025, se cultivaron esta \u00faltima campa\u00f1a m\u00e1s de 136 000 hect\u00e1reas de trigo, alrededor de 107 000 hect\u00e1reas de cebada, cerca de 29 000 hect\u00e1reas de avena y unas 13 500 de centeno. De ma\u00edz y otros cereales se han cultivado en torno a 13 000 hect\u00e1reas. <\/p>\n\n\n\n<p><strong>CASI EL 60 % DE LA SUPERFICIE PAC. <\/strong>Hablamos, pues, de casi 300 000 hect\u00e1reas de cereal cultivadas por los agricultores palentinos, lo que representa el 57,4 % de la superficie PAC 2025 de la provincia, que ronda las 520 000 hect\u00e1reas, incluidos barbechos (31 600 ha) y pastos (61 200 ha).<\/p>\n\n\n\n<p>El momento complejo que vive el sector del cereal para los agricultores espa\u00f1oles, debido a la baja rentabilidad por unos costes de producci\u00f3n elevados y unos precios baj\u00edsimos, a\u00f1ade inter\u00e9s a este congreso, en la medida en que hay que calibrar al m\u00e1ximo cada decisi\u00f3n que se adopta sobre estos cultivos.<\/p>\n\n\n\n<p>El congreso, que dar\u00e1 comienzo a las nueve de la ma\u00f1ana, se prolongar\u00e1 a lo largo de toda la ma\u00f1ana en el hotel Europa Centro de Magaz. Se puede asistir en directo o por su emisi\u00f3n en directo por internet. En este enlace puede efectuarse la inscripci\u00f3n y consultar el programa completo: <a href=\"https:\/\/jornadas.interempresas.net\/Cereal2025\/\" target=\"_blank\" rel=\"noreferrer noopener\">https:\/\/jornadas.interempresas.net\/Cereal2025\/<\/a><\/p>\n\n\n\n<p>Una docena de voces expertas, profesionales del sector y t\u00e9cnicos de empresas destacadas a nivel nacional ofrecer\u00e1n su conocimiento y experiencia en las dos mesas de debate \u2014que versar\u00e1n sobre nuevas herramientas para el cultivo eficiente del cereal y aplicaci\u00f3n de tecnolog\u00eda en la producci\u00f3n de cereales\u2014, as\u00ed como en las intervenciones programadas sobre <\/p>\n\n\n\n<ul>\n<li>el futuro de la avena alimentaria espa\u00f1ola, <\/li>\n\n\n\n<li>las semillas certificadas, <\/li>\n\n\n\n<li>las legumbres como cultivo tradicional alternativo, <\/li>\n\n\n\n<li>la mejora gen\u00e9tica del trigo blando para adaptarse al cambio clim\u00e1tico y para optimizar producci\u00f3n, <\/li>\n\n\n\n<li>y el actual mercado del cereal y las tendencias para la campa\u00f1a 2025-2026 que est\u00e1 a punto de empezar.<strong>\/<\/strong><\/li>\n<\/ul>\n","protected":false},"excerpt":{"rendered":"<p>El XI Congreso &#8216;El Futuro del Cereal&#8217; se celebra este mi\u00e9rcoles, 10 de septiembre, en Magaz de Pisuerga, interesante encuentro de profesionales de este sector agroalimentario que, en esta edici\u00f3n, tendr\u00e1 como hilo conductor el papel de la tecnolog\u00eda en la producci\u00f3n rentable y sostenible. El congreso est\u00e1 organizado por el Grupo Interempresas y su [&hellip;]<\/p>\n","protected":false},"author":9,"featured_media":20825,"comment_status":"open","ping_status":"open","sticky":false,"template":"","format":"standard","meta":{"footnotes":""},"categories":[9,31,39,29,28,13],"tags":[58,290,118,221,289,46,107,77,219,98,154,220],"yoast_head":"<!-- This site is optimized with the Yoast SEO plugin v24.5 - https:\/\/yoast.com\/wordpress\/plugins\/seo\/ -->\n<title>El XI Congreso &#039;El Futuro del Cereal&#039; se celebra este mi\u00e9rcoles 10 en Magaz de Pisuerga - ASAJA Palencia<\/title>\n<meta name=\"description\" content=\"El XI Congreso &#039;El Futuro del Cereal&#039; se celebra este mi\u00e9rcoles, 10 de septiembre, en Magaz de Pisuerga, interesante encuentro de profesionales de este\" \/>\n<meta name=\"robots\" content=\"index, follow, max-snippet:-1, max-image-preview:large, max-video-preview:-1\" \/>\n<link rel=\"canonical\" href=\"https:\/\/www.asajacyl.com\/palencia\/asaja-palencia-informa\/el-xi-congreso-el-futuro-del-cereal-se-celebra-este-miercoles-10-en-magaz-de-pisuerga\" \/>\n<meta property=\"og:locale\" content=\"es_ES\" \/>\n<meta property=\"og:type\" content=\"article\" \/>\n<meta property=\"og:title\" content=\"El XI Congreso &#039;El Futuro del Cereal&#039; se celebra este mi\u00e9rcoles 10 en Magaz de Pisuerga - ASAJA Palencia\" \/>\n<meta property=\"og:description\" content=\"El XI Congreso &#039;El Futuro del Cereal&#039; se celebra este mi\u00e9rcoles, 10 de septiembre, en Magaz de Pisuerga, interesante encuentro de profesionales de este\" \/>\n<meta property=\"og:url\" content=\"https:\/\/www.asajacyl.com\/palencia\/asaja-palencia-informa\/el-xi-congreso-el-futuro-del-cereal-se-celebra-este-miercoles-10-en-magaz-de-pisuerga\" \/>\n<meta property=\"og:site_name\" content=\"ASAJA Palencia\" \/>\n<meta property=\"article:published_time\" content=\"2025-09-08T08:09:24+00:00\" \/>\n<meta property=\"article:modified_time\" content=\"2025-09-08T08:09:27+00:00\" \/>\n<meta property=\"og:image\" content=\"https:\/\/www.asajacyl.com\/palencia\/wp-content\/uploads\/sites\/3\/2025\/09\/Cosecha-cereal-web-1024x896.jpg\" \/>\n\t<meta property=\"og:image:width\" content=\"1024\" \/>\n\t<meta property=\"og:image:height\" content=\"896\" \/>\n\t<meta property=\"og:image:type\" content=\"image\/jpeg\" \/>\n<meta name=\"author\" content=\"Administrador\" \/>\n<meta name=\"twitter:card\" content=\"summary_large_image\" \/>\n<meta name=\"twitter:label1\" content=\"Escrito por\" \/>\n\t<meta name=\"twitter:data1\" content=\"Administrador\" \/>\n\t<meta name=\"twitter:label2\" content=\"Tiempo de lectura\" \/>\n\t<meta name=\"twitter:data2\" content=\"3 minutos\" \/>\n<script type=\"application\/ld+json\" class=\"yoast-schema-graph\">{\"@context\":\"https:\/\/schema.org\",\"@graph\":[{\"@type\":\"WebPage\",\"@id\":\"https:\/\/www.asajacyl.com\/palencia\/asaja-palencia-informa\/el-xi-congreso-el-futuro-del-cereal-se-celebra-este-miercoles-10-en-magaz-de-pisuerga\",\"url\":\"https:\/\/www.asajacyl.com\/palencia\/asaja-palencia-informa\/el-xi-congreso-el-futuro-del-cereal-se-celebra-este-miercoles-10-en-magaz-de-pisuerga\",\"name\":\"El XI Congreso 'El Futuro del Cereal' se celebra este mi\u00e9rcoles 10 en Magaz de Pisuerga - ASAJA Palencia\",\"isPartOf\":{\"@id\":\"https:\/\/www.asajacyl.com\/palencia\/#website\"},\"primaryImageOfPage\":{\"@id\":\"https:\/\/www.asajacyl.com\/palencia\/asaja-palencia-informa\/el-xi-congreso-el-futuro-del-cereal-se-celebra-este-miercoles-10-en-magaz-de-pisuerga#primaryimage\"},\"image\":{\"@id\":\"https:\/\/www.asajacyl.com\/palencia\/asaja-palencia-informa\/el-xi-congreso-el-futuro-del-cereal-se-celebra-este-miercoles-10-en-magaz-de-pisuerga#primaryimage\"},\"thumbnailUrl\":\"https:\/\/www.asajacyl.com\/palencia\/wp-content\/uploads\/sites\/3\/2025\/09\/Cosecha-cereal-web.jpg\",\"datePublished\":\"2025-09-08T08:09:24+00:00\",\"dateModified\":\"2025-09-08T08:09:27+00:00\",\"author\":{\"@id\":\"https:\/\/www.asajacyl.com\/palencia\/#\/schema\/person\/3ab17aeb03527485c317557fae64aab1\"},\"description\":\"El XI Congreso 'El Futuro del Cereal' se celebra este mi\u00e9rcoles, 10 de septiembre, en Magaz de Pisuerga, interesante encuentro de profesionales de este\",\"breadcrumb\":{\"@id\":\"https:\/\/www.asajacyl.com\/palencia\/asaja-palencia-informa\/el-xi-congreso-el-futuro-del-cereal-se-celebra-este-miercoles-10-en-magaz-de-pisuerga#breadcrumb\"},\"inLanguage\":\"es\",\"potentialAction\":[{\"@type\":\"ReadAction\",\"target\":[\"https:\/\/www.asajacyl.com\/palencia\/asaja-palencia-informa\/el-xi-congreso-el-futuro-del-cereal-se-celebra-este-miercoles-10-en-magaz-de-pisuerga\"]}]},{\"@type\":\"ImageObject\",\"inLanguage\":\"es\",\"@id\":\"https:\/\/www.asajacyl.com\/palencia\/asaja-palencia-informa\/el-xi-congreso-el-futuro-del-cereal-se-celebra-este-miercoles-10-en-magaz-de-pisuerga#primaryimage\",\"url\":\"https:\/\/www.asajacyl.com\/palencia\/wp-content\/uploads\/sites\/3\/2025\/09\/Cosecha-cereal-web.jpg\",\"contentUrl\":\"https:\/\/www.asajacyl.com\/palencia\/wp-content\/uploads\/sites\/3\/2025\/09\/Cosecha-cereal-web.jpg\",\"width\":1890,\"height\":1654},{\"@type\":\"BreadcrumbList\",\"@id\":\"https:\/\/www.asajacyl.com\/palencia\/asaja-palencia-informa\/el-xi-congreso-el-futuro-del-cereal-se-celebra-este-miercoles-10-en-magaz-de-pisuerga#breadcrumb\",\"itemListElement\":[{\"@type\":\"ListItem\",\"position\":1,\"name\":\"Portada\",\"item\":\"https:\/\/www.asajacyl.com\/palencia\/\"},{\"@type\":\"ListItem\",\"position\":2,\"name\":\"El XI Congreso &#8216;El Futuro del Cereal&#8217; se celebra este mi\u00e9rcoles 10 en Magaz de Pisuerga\"}]},{\"@type\":\"WebSite\",\"@id\":\"https:\/\/www.asajacyl.com\/palencia\/#website\",\"url\":\"https:\/\/www.asajacyl.com\/palencia\/\",\"name\":\"ASAJA Palencia\",\"description\":\"Otro sitio m\u00e1s de Provincias ASAJA Castilla y Le\u00f3n\",\"potentialAction\":[{\"@type\":\"SearchAction\",\"target\":{\"@type\":\"EntryPoint\",\"urlTemplate\":\"https:\/\/www.asajacyl.com\/palencia\/?s={search_term_string}\"},\"query-input\":{\"@type\":\"PropertyValueSpecification\",\"valueRequired\":true,\"valueName\":\"search_term_string\"}}],\"inLanguage\":\"es\"},{\"@type\":\"Person\",\"@id\":\"https:\/\/www.asajacyl.com\/palencia\/#\/schema\/person\/3ab17aeb03527485c317557fae64aab1\",\"name\":\"Administrador\",\"image\":{\"@type\":\"ImageObject\",\"inLanguage\":\"es\",\"@id\":\"https:\/\/www.asajacyl.com\/palencia\/#\/schema\/person\/image\/\",\"url\":\"https:\/\/secure.gravatar.com\/avatar\/517384810d242ca9e38c180f3c9fb973?s=96&d=mm&r=g\",\"contentUrl\":\"https:\/\/secure.gravatar.com\/avatar\/517384810d242ca9e38c180f3c9fb973?s=96&d=mm&r=g\",\"caption\":\"Administrador\"},\"url\":\"https:\/\/www.asajacyl.com\/palencia\/author\/carlosrm\"}]}<\/script>\n<!-- \/ Yoast SEO plugin. -->","yoast_head_json":{"title":"El XI Congreso 'El Futuro del Cereal' se celebra este mi\u00e9rcoles 10 en Magaz de Pisuerga - ASAJA Palencia","description":"El XI Congreso 'El Futuro del Cereal' se celebra este mi\u00e9rcoles, 10 de septiembre, en Magaz de Pisuerga, interesante encuentro de profesionales de este","robots":{"index":"index","follow":"follow","max-snippet":"max-snippet:-1","max-image-preview":"max-image-preview:large","max-video-preview":"max-video-preview:-1"},"canonical":"https:\/\/www.asajacyl.com\/palencia\/asaja-palencia-informa\/el-xi-congreso-el-futuro-del-cereal-se-celebra-este-miercoles-10-en-magaz-de-pisuerga","og_locale":"es_ES","og_type":"article","og_title":"El XI Congreso 'El Futuro del Cereal' se celebra este mi\u00e9rcoles 10 en Magaz de Pisuerga - ASAJA Palencia","og_description":"El XI Congreso 'El Futuro del Cereal' se celebra este mi\u00e9rcoles, 10 de septiembre, en Magaz de Pisuerga, interesante encuentro de profesionales de este","og_url":"https:\/\/www.asajacyl.com\/palencia\/asaja-palencia-informa\/el-xi-congreso-el-futuro-del-cereal-se-celebra-este-miercoles-10-en-magaz-de-pisuerga","og_site_name":"ASAJA Palencia","article_published_time":"2025-09-08T08:09:24+00:00","article_modified_time":"2025-09-08T08:09:27+00:00","og_image":[{"width":1024,"height":896,"url":"https:\/\/www.asajacyl.com\/palencia\/wp-content\/uploads\/sites\/3\/2025\/09\/Cosecha-cereal-web-1024x896.jpg","type":"image\/jpeg"}],"author":"Administrador","twitter_card":"summary_large_image","twitter_misc":{"Escrito por":"Administrador","Tiempo de lectura":"3 minutos"},"schema":{"@context":"https:\/\/schema.org","@graph":[{"@type":"WebPage","@id":"https:\/\/www.asajacyl.com\/palencia\/asaja-palencia-informa\/el-xi-congreso-el-futuro-del-cereal-se-celebra-este-miercoles-10-en-magaz-de-pisuerga","url":"https:\/\/www.asajacyl.com\/palencia\/asaja-palencia-informa\/el-xi-congreso-el-futuro-del-cereal-se-celebra-este-miercoles-10-en-magaz-de-pisuerga","name":"El XI Congreso 'El Futuro del Cereal' se celebra este mi\u00e9rcoles 10 en Magaz de Pisuerga - ASAJA Palencia","isPartOf":{"@id":"https:\/\/www.asajacyl.com\/palencia\/#website"},"primaryImageOfPage":{"@id":"https:\/\/www.asajacyl.com\/palencia\/asaja-palencia-informa\/el-xi-congreso-el-futuro-del-cereal-se-celebra-este-miercoles-10-en-magaz-de-pisuerga#primaryimage"},"image":{"@id":"https:\/\/www.asajacyl.com\/palencia\/asaja-palencia-informa\/el-xi-congreso-el-futuro-del-cereal-se-celebra-este-miercoles-10-en-magaz-de-pisuerga#primaryimage"},"thumbnailUrl":"https:\/\/www.asajacyl.com\/palencia\/wp-content\/uploads\/sites\/3\/2025\/09\/Cosecha-cereal-web.jpg","datePublished":"2025-09-08T08:09:24+00:00","dateModified":"2025-09-08T08:09:27+00:00","author":{"@id":"https:\/\/www.asajacyl.com\/palencia\/#\/schema\/person\/3ab17aeb03527485c317557fae64aab1"},"description":"El XI Congreso 'El Futuro del Cereal' se celebra este mi\u00e9rcoles, 10 de septiembre, en Magaz de Pisuerga, interesante encuentro de profesionales de este","breadcrumb":{"@id":"https:\/\/www.asajacyl.com\/palencia\/asaja-palencia-informa\/el-xi-congreso-el-futuro-del-cereal-se-celebra-este-miercoles-10-en-magaz-de-pisuerga#breadcrumb"},"inLanguage":"es","potentialAction":[{"@type":"ReadAction","target":["https:\/\/www.asajacyl.com\/palencia\/asaja-palencia-informa\/el-xi-congreso-el-futuro-del-cereal-se-celebra-este-miercoles-10-en-magaz-de-pisuerga"]}]},{"@type":"ImageObject","inLanguage":"es","@id":"https:\/\/www.asajacyl.com\/palencia\/asaja-palencia-informa\/el-xi-congreso-el-futuro-del-cereal-se-celebra-este-miercoles-10-en-magaz-de-pisuerga#primaryimage","url":"https:\/\/www.asajacyl.com\/palencia\/wp-content\/uploads\/sites\/3\/2025\/09\/Cosecha-cereal-web.jpg","contentUrl":"https:\/\/www.asajacyl.com\/palencia\/wp-content\/uploads\/sites\/3\/2025\/09\/Cosecha-cereal-web.jpg","width":1890,"height":1654},{"@type":"BreadcrumbList","@id":"https:\/\/www.asajacyl.com\/palencia\/asaja-palencia-informa\/el-xi-congreso-el-futuro-del-cereal-se-celebra-este-miercoles-10-en-magaz-de-pisuerga#breadcrumb","itemListElement":[{"@type":"ListItem","position":1,"name":"Portada","item":"https:\/\/www.asajacyl.com\/palencia\/"},{"@type":"ListItem","position":2,"name":"El XI Congreso &#8216;El Futuro del Cereal&#8217; se celebra este mi\u00e9rcoles 10 en Magaz de Pisuerga"}]},{"@type":"WebSite","@id":"https:\/\/www.asajacyl.com\/palencia\/#website","url":"https:\/\/www.asajacyl.com\/palencia\/","name":"ASAJA Palencia","description":"Otro sitio m\u00e1s de Provincias ASAJA Castilla y Le\u00f3n","potentialAction":[{"@type":"SearchAction","target":{"@type":"EntryPoint","urlTemplate":"https:\/\/www.asajacyl.com\/palencia\/?s={search_term_string}"},"query-input":{"@type":"PropertyValueSpecification","valueRequired":true,"valueName":"search_term_string"}}],"inLanguage":"es"},{"@type":"Person","@id":"https:\/\/www.asajacyl.com\/palencia\/#\/schema\/person\/3ab17aeb03527485c317557fae64aab1","name":"Administrador","image":{"@type":"ImageObject","inLanguage":"es","@id":"https:\/\/www.asajacyl.com\/palencia\/#\/schema\/person\/image\/","url":"https:\/\/secure.gravatar.com\/avatar\/517384810d242ca9e38c180f3c9fb973?s=96&d=mm&r=g","contentUrl":"https:\/\/secure.gravatar.com\/avatar\/517384810d242ca9e38c180f3c9fb973?s=96&d=mm&r=g","caption":"Administrador"},"url":"https:\/\/www.asajacyl.com\/palencia\/author\/carlosrm"}]}},"_links":{"self":[{"href":"https:\/\/www.asajacyl.com\/palencia\/wp-json\/wp\/v2\/posts\/20823"}],"collection":[{"href":"https:\/\/www.asajacyl.com\/palencia\/wp-json\/wp\/v2\/posts"}],"about":[{"href":"https:\/\/www.asajacyl.com\/palencia\/wp-json\/wp\/v2\/types\/post"}],"author":[{"embeddable":true,"href":"https:\/\/www.asajacyl.com\/palencia\/wp-json\/wp\/v2\/users\/9"}],"replies":[{"embeddable":true,"href":"https:\/\/www.asajacyl.com\/palencia\/wp-json\/wp\/v2\/comments?post=20823"}],"version-history":[{"count":2,"href":"https:\/\/www.asajacyl.com\/palencia\/wp-json\/wp\/v2\/posts\/20823\/revisions"}],"predecessor-version":[{"id":20826,"href":"https:\/\/www.asajacyl.com\/palencia\/wp-json\/wp\/v2\/posts\/20823\/revisions\/20826"}],"wp:featuredmedia":[{"embeddable":true,"href":"https:\/\/www.asajacyl.com\/palencia\/wp-json\/wp\/v2\/media\/20825"}],"wp:attachment":[{"href":"https:\/\/www.asajacyl.com\/palencia\/wp-json\/wp\/v2\/media?parent=20823"}],"wp:term":[{"taxonomy":"category","embeddable":true,"href":"https:\/\/www.asajacyl.com\/palencia\/wp-json\/wp\/v2\/categories?post=20823"},{"taxonomy":"post_tag","embeddable":true,"href":"https:\/\/www.asajacyl.com\/palencia\/wp-json\/wp\/v2\/tags?post=20823"}],"curies":[{"name":"wp","href":"https:\/\/api.w.org\/{rel}","templated":true}]}}