{"id":20846,"date":"2025-09-09T14:10:46","date_gmt":"2025-09-09T12:10:46","guid":{"rendered":"https:\/\/www.asajacyl.com\/palencia\/?p=20846"},"modified":"2025-09-12T12:50:14","modified_gmt":"2025-09-12T10:50:14","slug":"asaja-palencia-programa-sesiones-formativas-para-iniciarse-en-el-manejo-del-cuaderno-digital","status":"publish","type":"post","link":"https:\/\/www.asajacyl.com\/palencia\/asaja-palencia-informa\/asaja-palencia-programa-sesiones-formativas-para-iniciarse-en-el-manejo-del-cuaderno-digital","title":{"rendered":"ASAJA-Palencia programa sesiones formativas para iniciarse en el manejo del cuaderno digital"},"content":{"rendered":"\n<h2 class=\"wp-block-heading\">ASAJA-Palencia ha programado un ciclo de sesiones formativas para iniciar en el manejo del cuaderno digital al asociado que ya dispone de kit digital. Los socios interesados deben telefonear (979 752 344  \u00b7  979 752 336) para inscribirse en la fecha y el lugar de su conveniencia, a fin de ir completando grupos reducidos, lo que facilitar\u00e1 el aprendizaje y el planteamiento de dudas. La jornada, de aproximadamente noventa minutos de duraci\u00f3n, se ofrecer\u00e1 tanto en las aulas de formaci\u00f3n de Palencia como en las oficinas de Aguilar de Campoo y Salda\u00f1a.<\/h2>\n\n\n\n<p>Mediante este ciclo, los t\u00e9cnicos de ASAJA-Palencia van a ayudar a los cientos de socios de nuestra organizaci\u00f3n que ya disponen de un kit digital para que se inicien en el manejo del cuaderno digital, y especialmente en una funci\u00f3n que pronto empezar\u00e1 a ser obligatoria, como la anotaci\u00f3n electr\u00f3nica del uso de fitosanitarios.<\/p>\n\n\n\n<p><strong>A partir del 1 de enero de 2026, es obligatorio el registro digital de todos los tratamientos fitosanitarios en Espa\u00f1a<\/strong> (<span style=\"text-decoration: underline\">independientemente del tama\u00f1o o tipo de explotaci\u00f3n<\/span>), seg\u00fan el Reglamento de Ejecuci\u00f3n de la UE 2023\/564, modificado por el Real Decreto 34\/2025. Desde esa fecha, el registro de productos fitosanitarios consumidos deber\u00e1 realizarse electr\u00f3nicamente, si bien el cuaderno digital de explotaci\u00f3n de momento es de car\u00e1cter voluntario.<\/p>\n\n\n<div class=\"wp-block-image\">\n<figure class=\"alignright size-large is-resized\"><img loading=\"lazy\" decoding=\"async\" width=\"819\" height=\"1024\" src=\"https:\/\/www.asajacyl.com\/palencia\/wp-content\/uploads\/sites\/3\/2025\/09\/Sesiones-cuaderno-digital-819x1024.jpg\" alt=\"\" class=\"wp-image-20847\" style=\"width:684px;height:auto\" srcset=\"https:\/\/www.asajacyl.com\/palencia\/wp-content\/uploads\/sites\/3\/2025\/09\/Sesiones-cuaderno-digital-819x1024.jpg 819w, https:\/\/www.asajacyl.com\/palencia\/wp-content\/uploads\/sites\/3\/2025\/09\/Sesiones-cuaderno-digital-240x300.jpg 240w, https:\/\/www.asajacyl.com\/palencia\/wp-content\/uploads\/sites\/3\/2025\/09\/Sesiones-cuaderno-digital-768x960.jpg 768w, https:\/\/www.asajacyl.com\/palencia\/wp-content\/uploads\/sites\/3\/2025\/09\/Sesiones-cuaderno-digital-336x420.jpg 336w, https:\/\/www.asajacyl.com\/palencia\/wp-content\/uploads\/sites\/3\/2025\/09\/Sesiones-cuaderno-digital-696x870.jpg 696w, https:\/\/www.asajacyl.com\/palencia\/wp-content\/uploads\/sites\/3\/2025\/09\/Sesiones-cuaderno-digital-1068x1335.jpg 1068w, https:\/\/www.asajacyl.com\/palencia\/wp-content\/uploads\/sites\/3\/2025\/09\/Sesiones-cuaderno-digital.jpg 1080w\" sizes=\"(max-width: 819px) 100vw, 819px\" \/><\/figure><\/div>\n\n\n<p>En Palencia las sesiones se celebrar\u00e1n desde el lunes 15 de septiembre en las aulas de formaci\u00f3n de ASAJA (Plaza Bigar) a las 9:00 horas todos los d\u00edas laborables, de lunes a viernes, hasta cubrir la demanda de formaci\u00f3n por parte de los socios. <\/p>\n\n\n\n<p>Asimismo, desde la primera semana de octubre se programar\u00e1n sesiones en Aguilar de Campoo y Salda\u00f1a (quiz\u00e1 tambi\u00e9n se programen en la oficina de Cervera de Pisuerga si se forma grupo para ello, inter\u00e9s que deber\u00e1n comunicar los socios cuando telefoneen para inscribirse en esta acci\u00f3n formativa). <\/p>\n\n\n\n<p>En Aguilar se impartir\u00e1 la sesi\u00f3n los lunes, desde el 6 de octubre, y en Salda\u00f1a los martes, desde el 7 de octubre. En ambas localidades se dar\u00e1 opci\u00f3n con dos turnos, a las 10:00 y a las 12:00 horas, con el fin de facilitar el desplazamiento desde los pueblos del entorno. <\/p>\n\n\n\n<p><strong>MOVILIZACI\u00d3N Y MORATORIA. <\/strong>Gracias a la movilizaci\u00f3n del sector agrario que lider\u00f3 ASAJA en todo el pa\u00eds, se logr\u00f3 aplazar la obligatoriedad del cuaderno digital, inicialmente prevista para el 1 de septiembre de 2024 con una entrada en vigor escalonada, que dejaba exentas a las explotaciones de menor tama\u00f1o.<\/p>\n\n\n\n<p>ASAJA viene reclamando al Gobierno de Espa\u00f1a, y en concreto al Ministerio de Agricultura, que presione en la Uni\u00f3n Europea para que los reglamentos comunitarios sea coherentes con los tiempos generales para implantar de forma paulatina y voluntaria el cuaderno digital. De lo contrario, la moratoria y la voluntariedad son papel mojado, como ha sucedido con el registro de los fitosanitarios.<\/p>\n\n\n\n<p>Salvo que en la tramitaci\u00f3n de la futura PAC se logre modificar lo ya establecido, una vez extinguida la actual del periodo 2023-2027, el cuaderno digital ya ser\u00e1 de obligado cumplimiento en las explotaciones que cumplan uno de estos requisitos (lo que incluye a la gran mayor\u00eda de nuestras explotaciones agrarias):<\/p>\n\n\n\n<ul>\n<li>tener mas de treinta hect\u00e1reas, entre cultivos permanentes y tierras de cultivo, y excluidos los pastos temporales<\/li>\n\n\n\n<li>tener m\u00e1s de cinco hect\u00e1reas de regad\u00edo sobre el total de su superficie de cultivos permanentes y tierras de cultivos, excluidos los pastos temporales;<\/li>\n\n\n\n<li>disponer de invernaderos con superficie total bajo cubierta superior a 0,1 hect\u00e1reas (en caso de no cumplir ninguna de las condiciones apartados anteriores, s\u00f3lo la parte de superficie agraria con invernadero deber\u00e1 estar sujeta al cuaderno digital).<strong>\/<\/strong><\/li>\n<\/ul>\n","protected":false},"excerpt":{"rendered":"<p>ASAJA-Palencia ha programado un ciclo de sesiones formativas para iniciar en el manejo del cuaderno digital al asociado que ya dispone de kit digital. Los socios interesados deben telefonear (979 752 344 \u00b7 979 752 336) para inscribirse en la fecha y el lugar de su conveniencia, a fin de ir completando grupos reducidos, lo [&hellip;]<\/p>\n","protected":false},"author":9,"featured_media":20850,"comment_status":"open","ping_status":"open","sticky":false,"template":"","format":"standard","meta":{"footnotes":""},"categories":[9,31,38,28,13],"tags":[58,1139,1062,351,77,86,450,110,45,458,1188,334,531],"yoast_head":"<!-- This site is optimized with the Yoast SEO plugin v24.5 - https:\/\/yoast.com\/wordpress\/plugins\/seo\/ -->\n<title>ASAJA-Palencia programa sesiones formativas para iniciarse en el manejo del cuaderno digital - ASAJA Palencia<\/title>\n<meta name=\"description\" content=\"ASAJA-Palencia ha programado un ciclo de sesiones formativas para iniciar en el manejo del cuaderno digital al asociado que ya dispone de kit digital. Los\" \/>\n<meta name=\"robots\" content=\"index, follow, max-snippet:-1, max-image-preview:large, max-video-preview:-1\" \/>\n<link rel=\"canonical\" href=\"https:\/\/www.asajacyl.com\/palencia\/asaja-palencia-informa\/asaja-palencia-programa-sesiones-formativas-para-iniciarse-en-el-manejo-del-cuaderno-digital\" \/>\n<meta property=\"og:locale\" content=\"es_ES\" \/>\n<meta property=\"og:type\" content=\"article\" \/>\n<meta property=\"og:title\" content=\"ASAJA-Palencia programa sesiones formativas para iniciarse en el manejo del cuaderno digital - ASAJA Palencia\" \/>\n<meta property=\"og:description\" content=\"ASAJA-Palencia ha programado un ciclo de sesiones formativas para iniciar en el manejo del cuaderno digital al asociado que ya dispone de kit digital. Los\" \/>\n<meta property=\"og:url\" content=\"https:\/\/www.asajacyl.com\/palencia\/asaja-palencia-informa\/asaja-palencia-programa-sesiones-formativas-para-iniciarse-en-el-manejo-del-cuaderno-digital\" \/>\n<meta property=\"og:site_name\" content=\"ASAJA Palencia\" \/>\n<meta property=\"article:published_time\" content=\"2025-09-09T12:10:46+00:00\" \/>\n<meta property=\"article:modified_time\" content=\"2025-09-12T10:50:14+00:00\" \/>\n<meta property=\"og:image\" content=\"https:\/\/www.asajacyl.com\/palencia\/wp-content\/uploads\/sites\/3\/2025\/09\/Sesiones-cuaderno-digital-web.jpg\" \/>\n\t<meta property=\"og:image:width\" content=\"1890\" \/>\n\t<meta property=\"og:image:height\" content=\"1654\" \/>\n\t<meta property=\"og:image:type\" content=\"image\/jpeg\" \/>\n<meta name=\"author\" content=\"Administrador\" \/>\n<meta name=\"twitter:card\" content=\"summary_large_image\" \/>\n<meta name=\"twitter:label1\" content=\"Escrito por\" \/>\n\t<meta name=\"twitter:data1\" content=\"Administrador\" \/>\n\t<meta name=\"twitter:label2\" content=\"Tiempo de lectura\" \/>\n\t<meta name=\"twitter:data2\" content=\"4 minutos\" \/>\n<script type=\"application\/ld+json\" class=\"yoast-schema-graph\">{\"@context\":\"https:\/\/schema.org\",\"@graph\":[{\"@type\":\"WebPage\",\"@id\":\"https:\/\/www.asajacyl.com\/palencia\/asaja-palencia-informa\/asaja-palencia-programa-sesiones-formativas-para-iniciarse-en-el-manejo-del-cuaderno-digital\",\"url\":\"https:\/\/www.asajacyl.com\/palencia\/asaja-palencia-informa\/asaja-palencia-programa-sesiones-formativas-para-iniciarse-en-el-manejo-del-cuaderno-digital\",\"name\":\"ASAJA-Palencia programa sesiones formativas para iniciarse en el manejo del cuaderno digital - ASAJA Palencia\",\"isPartOf\":{\"@id\":\"https:\/\/www.asajacyl.com\/palencia\/#website\"},\"primaryImageOfPage\":{\"@id\":\"https:\/\/www.asajacyl.com\/palencia\/asaja-palencia-informa\/asaja-palencia-programa-sesiones-formativas-para-iniciarse-en-el-manejo-del-cuaderno-digital#primaryimage\"},\"image\":{\"@id\":\"https:\/\/www.asajacyl.com\/palencia\/asaja-palencia-informa\/asaja-palencia-programa-sesiones-formativas-para-iniciarse-en-el-manejo-del-cuaderno-digital#primaryimage\"},\"thumbnailUrl\":\"https:\/\/www.asajacyl.com\/palencia\/wp-content\/uploads\/sites\/3\/2025\/09\/Sesiones-cuaderno-digital-web.jpg\",\"datePublished\":\"2025-09-09T12:10:46+00:00\",\"dateModified\":\"2025-09-12T10:50:14+00:00\",\"author\":{\"@id\":\"https:\/\/www.asajacyl.com\/palencia\/#\/schema\/person\/3ab17aeb03527485c317557fae64aab1\"},\"description\":\"ASAJA-Palencia ha programado un ciclo de sesiones formativas para iniciar en el manejo del cuaderno digital al asociado que ya dispone de kit digital. Los\",\"breadcrumb\":{\"@id\":\"https:\/\/www.asajacyl.com\/palencia\/asaja-palencia-informa\/asaja-palencia-programa-sesiones-formativas-para-iniciarse-en-el-manejo-del-cuaderno-digital#breadcrumb\"},\"inLanguage\":\"es\",\"potentialAction\":[{\"@type\":\"ReadAction\",\"target\":[\"https:\/\/www.asajacyl.com\/palencia\/asaja-palencia-informa\/asaja-palencia-programa-sesiones-formativas-para-iniciarse-en-el-manejo-del-cuaderno-digital\"]}]},{\"@type\":\"ImageObject\",\"inLanguage\":\"es\",\"@id\":\"https:\/\/www.asajacyl.com\/palencia\/asaja-palencia-informa\/asaja-palencia-programa-sesiones-formativas-para-iniciarse-en-el-manejo-del-cuaderno-digital#primaryimage\",\"url\":\"https:\/\/www.asajacyl.com\/palencia\/wp-content\/uploads\/sites\/3\/2025\/09\/Sesiones-cuaderno-digital-web.jpg\",\"contentUrl\":\"https:\/\/www.asajacyl.com\/palencia\/wp-content\/uploads\/sites\/3\/2025\/09\/Sesiones-cuaderno-digital-web.jpg\",\"width\":1890,\"height\":1654},{\"@type\":\"BreadcrumbList\",\"@id\":\"https:\/\/www.asajacyl.com\/palencia\/asaja-palencia-informa\/asaja-palencia-programa-sesiones-formativas-para-iniciarse-en-el-manejo-del-cuaderno-digital#breadcrumb\",\"itemListElement\":[{\"@type\":\"ListItem\",\"position\":1,\"name\":\"Portada\",\"item\":\"https:\/\/www.asajacyl.com\/palencia\/\"},{\"@type\":\"ListItem\",\"position\":2,\"name\":\"ASAJA-Palencia programa sesiones formativas para iniciarse en el manejo del cuaderno digital\"}]},{\"@type\":\"WebSite\",\"@id\":\"https:\/\/www.asajacyl.com\/palencia\/#website\",\"url\":\"https:\/\/www.asajacyl.com\/palencia\/\",\"name\":\"ASAJA Palencia\",\"description\":\"Otro sitio m\u00e1s de Provincias ASAJA Castilla y Le\u00f3n\",\"potentialAction\":[{\"@type\":\"SearchAction\",\"target\":{\"@type\":\"EntryPoint\",\"urlTemplate\":\"https:\/\/www.asajacyl.com\/palencia\/?s={search_term_string}\"},\"query-input\":{\"@type\":\"PropertyValueSpecification\",\"valueRequired\":true,\"valueName\":\"search_term_string\"}}],\"inLanguage\":\"es\"},{\"@type\":\"Person\",\"@id\":\"https:\/\/www.asajacyl.com\/palencia\/#\/schema\/person\/3ab17aeb03527485c317557fae64aab1\",\"name\":\"Administrador\",\"image\":{\"@type\":\"ImageObject\",\"inLanguage\":\"es\",\"@id\":\"https:\/\/www.asajacyl.com\/palencia\/#\/schema\/person\/image\/\",\"url\":\"https:\/\/secure.gravatar.com\/avatar\/517384810d242ca9e38c180f3c9fb973?s=96&d=mm&r=g\",\"contentUrl\":\"https:\/\/secure.gravatar.com\/avatar\/517384810d242ca9e38c180f3c9fb973?s=96&d=mm&r=g\",\"caption\":\"Administrador\"},\"url\":\"https:\/\/www.asajacyl.com\/palencia\/author\/carlosrm\"}]}<\/script>\n<!-- \/ Yoast SEO plugin. -->","yoast_head_json":{"title":"ASAJA-Palencia programa sesiones formativas para iniciarse en el manejo del cuaderno digital - ASAJA Palencia","description":"ASAJA-Palencia ha programado un ciclo de sesiones formativas para iniciar en el manejo del cuaderno digital al asociado que ya dispone de kit digital. Los","robots":{"index":"index","follow":"follow","max-snippet":"max-snippet:-1","max-image-preview":"max-image-preview:large","max-video-preview":"max-video-preview:-1"},"canonical":"https:\/\/www.asajacyl.com\/palencia\/asaja-palencia-informa\/asaja-palencia-programa-sesiones-formativas-para-iniciarse-en-el-manejo-del-cuaderno-digital","og_locale":"es_ES","og_type":"article","og_title":"ASAJA-Palencia programa sesiones formativas para iniciarse en el manejo del cuaderno digital - ASAJA Palencia","og_description":"ASAJA-Palencia ha programado un ciclo de sesiones formativas para iniciar en el manejo del cuaderno digital al asociado que ya dispone de kit digital. Los","og_url":"https:\/\/www.asajacyl.com\/palencia\/asaja-palencia-informa\/asaja-palencia-programa-sesiones-formativas-para-iniciarse-en-el-manejo-del-cuaderno-digital","og_site_name":"ASAJA Palencia","article_published_time":"2025-09-09T12:10:46+00:00","article_modified_time":"2025-09-12T10:50:14+00:00","og_image":[{"width":1890,"height":1654,"url":"https:\/\/www.asajacyl.com\/palencia\/wp-content\/uploads\/sites\/3\/2025\/09\/Sesiones-cuaderno-digital-web.jpg","type":"image\/jpeg"}],"author":"Administrador","twitter_card":"summary_large_image","twitter_misc":{"Escrito por":"Administrador","Tiempo de lectura":"4 minutos"},"schema":{"@context":"https:\/\/schema.org","@graph":[{"@type":"WebPage","@id":"https:\/\/www.asajacyl.com\/palencia\/asaja-palencia-informa\/asaja-palencia-programa-sesiones-formativas-para-iniciarse-en-el-manejo-del-cuaderno-digital","url":"https:\/\/www.asajacyl.com\/palencia\/asaja-palencia-informa\/asaja-palencia-programa-sesiones-formativas-para-iniciarse-en-el-manejo-del-cuaderno-digital","name":"ASAJA-Palencia programa sesiones formativas para iniciarse en el manejo del cuaderno digital - ASAJA Palencia","isPartOf":{"@id":"https:\/\/www.asajacyl.com\/palencia\/#website"},"primaryImageOfPage":{"@id":"https:\/\/www.asajacyl.com\/palencia\/asaja-palencia-informa\/asaja-palencia-programa-sesiones-formativas-para-iniciarse-en-el-manejo-del-cuaderno-digital#primaryimage"},"image":{"@id":"https:\/\/www.asajacyl.com\/palencia\/asaja-palencia-informa\/asaja-palencia-programa-sesiones-formativas-para-iniciarse-en-el-manejo-del-cuaderno-digital#primaryimage"},"thumbnailUrl":"https:\/\/www.asajacyl.com\/palencia\/wp-content\/uploads\/sites\/3\/2025\/09\/Sesiones-cuaderno-digital-web.jpg","datePublished":"2025-09-09T12:10:46+00:00","dateModified":"2025-09-12T10:50:14+00:00","author":{"@id":"https:\/\/www.asajacyl.com\/palencia\/#\/schema\/person\/3ab17aeb03527485c317557fae64aab1"},"description":"ASAJA-Palencia ha programado un ciclo de sesiones formativas para iniciar en el manejo del cuaderno digital al asociado que ya dispone de kit digital. Los","breadcrumb":{"@id":"https:\/\/www.asajacyl.com\/palencia\/asaja-palencia-informa\/asaja-palencia-programa-sesiones-formativas-para-iniciarse-en-el-manejo-del-cuaderno-digital#breadcrumb"},"inLanguage":"es","potentialAction":[{"@type":"ReadAction","target":["https:\/\/www.asajacyl.com\/palencia\/asaja-palencia-informa\/asaja-palencia-programa-sesiones-formativas-para-iniciarse-en-el-manejo-del-cuaderno-digital"]}]},{"@type":"ImageObject","inLanguage":"es","@id":"https:\/\/www.asajacyl.com\/palencia\/asaja-palencia-informa\/asaja-palencia-programa-sesiones-formativas-para-iniciarse-en-el-manejo-del-cuaderno-digital#primaryimage","url":"https:\/\/www.asajacyl.com\/palencia\/wp-content\/uploads\/sites\/3\/2025\/09\/Sesiones-cuaderno-digital-web.jpg","contentUrl":"https:\/\/www.asajacyl.com\/palencia\/wp-content\/uploads\/sites\/3\/2025\/09\/Sesiones-cuaderno-digital-web.jpg","width":1890,"height":1654},{"@type":"BreadcrumbList","@id":"https:\/\/www.asajacyl.com\/palencia\/asaja-palencia-informa\/asaja-palencia-programa-sesiones-formativas-para-iniciarse-en-el-manejo-del-cuaderno-digital#breadcrumb","itemListElement":[{"@type":"ListItem","position":1,"name":"Portada","item":"https:\/\/www.asajacyl.com\/palencia\/"},{"@type":"ListItem","position":2,"name":"ASAJA-Palencia programa sesiones formativas para iniciarse en el manejo del cuaderno digital"}]},{"@type":"WebSite","@id":"https:\/\/www.asajacyl.com\/palencia\/#website","url":"https:\/\/www.asajacyl.com\/palencia\/","name":"ASAJA Palencia","description":"Otro sitio m\u00e1s de Provincias ASAJA Castilla y Le\u00f3n","potentialAction":[{"@type":"SearchAction","target":{"@type":"EntryPoint","urlTemplate":"https:\/\/www.asajacyl.com\/palencia\/?s={search_term_string}"},"query-input":{"@type":"PropertyValueSpecification","valueRequired":true,"valueName":"search_term_string"}}],"inLanguage":"es"},{"@type":"Person","@id":"https:\/\/www.asajacyl.com\/palencia\/#\/schema\/person\/3ab17aeb03527485c317557fae64aab1","name":"Administrador","image":{"@type":"ImageObject","inLanguage":"es","@id":"https:\/\/www.asajacyl.com\/palencia\/#\/schema\/person\/image\/","url":"https:\/\/secure.gravatar.com\/avatar\/517384810d242ca9e38c180f3c9fb973?s=96&d=mm&r=g","contentUrl":"https:\/\/secure.gravatar.com\/avatar\/517384810d242ca9e38c180f3c9fb973?s=96&d=mm&r=g","caption":"Administrador"},"url":"https:\/\/www.asajacyl.com\/palencia\/author\/carlosrm"}]}},"_links":{"self":[{"href":"https:\/\/www.asajacyl.com\/palencia\/wp-json\/wp\/v2\/posts\/20846"}],"collection":[{"href":"https:\/\/www.asajacyl.com\/palencia\/wp-json\/wp\/v2\/posts"}],"about":[{"href":"https:\/\/www.asajacyl.com\/palencia\/wp-json\/wp\/v2\/types\/post"}],"author":[{"embeddable":true,"href":"https:\/\/www.asajacyl.com\/palencia\/wp-json\/wp\/v2\/users\/9"}],"replies":[{"embeddable":true,"href":"https:\/\/www.asajacyl.com\/palencia\/wp-json\/wp\/v2\/comments?post=20846"}],"version-history":[{"count":4,"href":"https:\/\/www.asajacyl.com\/palencia\/wp-json\/wp\/v2\/posts\/20846\/revisions"}],"predecessor-version":[{"id":20910,"href":"https:\/\/www.asajacyl.com\/palencia\/wp-json\/wp\/v2\/posts\/20846\/revisions\/20910"}],"wp:featuredmedia":[{"embeddable":true,"href":"https:\/\/www.asajacyl.com\/palencia\/wp-json\/wp\/v2\/media\/20850"}],"wp:attachment":[{"href":"https:\/\/www.asajacyl.com\/palencia\/wp-json\/wp\/v2\/media?parent=20846"}],"wp:term":[{"taxonomy":"category","embeddable":true,"href":"https:\/\/www.asajacyl.com\/palencia\/wp-json\/wp\/v2\/categories?post=20846"},{"taxonomy":"post_tag","embeddable":true,"href":"https:\/\/www.asajacyl.com\/palencia\/wp-json\/wp\/v2\/tags?post=20846"}],"curies":[{"name":"wp","href":"https:\/\/api.w.org\/{rel}","templated":true}]}}