{"id":20852,"date":"2025-09-10T10:59:36","date_gmt":"2025-09-10T08:59:36","guid":{"rendered":"https:\/\/www.asajacyl.com\/palencia\/?p=20852"},"modified":"2025-09-10T10:59:39","modified_gmt":"2025-09-10T08:59:39","slug":"nuevos-casos-en-palencia-de-lengua-azul-presente-ya-en-toda-castilla-y-leon-excepto-en-valladolid","status":"publish","type":"post","link":"https:\/\/www.asajacyl.com\/palencia\/asaja-palencia-informa\/nuevos-casos-en-palencia-de-lengua-azul-presente-ya-en-toda-castilla-y-leon-excepto-en-valladolid","title":{"rendered":"Nuevos casos en Palencia de lengua azul, presente ya en toda Castilla y Le\u00f3n, excepto en Valladolid"},"content":{"rendered":"\n<h2 class=\"wp-block-heading\">El Ministerio de Agricultura, Pesca y Alimentaci\u00f3n ha confirmado en su \u00faltimo informe, fechado este martes, 9 de septiembre, m\u00e1s casos de lengua azul en la provincia de Palencia, donde ya se hab\u00eda detectado por primera vez la enfermedad en la anterior actualizaci\u00f3n, hace una semana. Asimismo, ya hay casos en Segovia, por lo que la lengua azul se encuentra presente en todas las provincias de Castilla y Le\u00f3n, salvo en Valladolid. ASAJA-Palencia insiste en recomendar a los ganaderos de ovino, bovino y caprino la vacunaci\u00f3n de los animales.<\/h2>\n\n\n\n<p>La lengua azul es una enfermedad v\u00edrica que transmiten ciertos mosquitos y que afecta a los rumiantes, tanto dom\u00e9sticos como salvajes (afecta principalmente a ovinos, adem\u00e1s de bovinos, caprinos, buf\u00e1lidos, ant\u00edlopes, c\u00e9rvidos y cam\u00e9lidos, entre otros). <span style=\"text-decoration: underline\">No se contagia al ser humano<\/span>. La gravedad de la enfermedad var\u00eda seg\u00fan la especie y serotipo.<\/p>\n\n\n\n<p>Con respecto a la semana anterior, en la provincia de Palencia se ha constatado y confirmado otra ganader\u00eda con el serotipo 3, que es el m\u00e1s extendido en Espa\u00f1a: est\u00e1 <strong>presente ya en treinta y cuatro provincias<\/strong>, en la mayor\u00eda de ellas conviviendo con el serotipo 8 y, en el caso de Ciudad Real, tambi\u00e9n con el serotipo 1.<\/p>\n\n\n<div class=\"wp-block-image\">\n<figure class=\"alignright size-large is-resized\"><img loading=\"lazy\" decoding=\"async\" width=\"1024\" height=\"896\" src=\"https:\/\/www.asajacyl.com\/palencia\/wp-content\/uploads\/sites\/3\/2025\/09\/Mapa-lengua-azul-9sep2025-web-1024x896.jpg\" alt=\"\" class=\"wp-image-20853\" style=\"width:614px;height:auto\" srcset=\"https:\/\/www.asajacyl.com\/palencia\/wp-content\/uploads\/sites\/3\/2025\/09\/Mapa-lengua-azul-9sep2025-web-1024x896.jpg 1024w, https:\/\/www.asajacyl.com\/palencia\/wp-content\/uploads\/sites\/3\/2025\/09\/Mapa-lengua-azul-9sep2025-web-300x263.jpg 300w, https:\/\/www.asajacyl.com\/palencia\/wp-content\/uploads\/sites\/3\/2025\/09\/Mapa-lengua-azul-9sep2025-web-768x672.jpg 768w, https:\/\/www.asajacyl.com\/palencia\/wp-content\/uploads\/sites\/3\/2025\/09\/Mapa-lengua-azul-9sep2025-web-1536x1344.jpg 1536w, https:\/\/www.asajacyl.com\/palencia\/wp-content\/uploads\/sites\/3\/2025\/09\/Mapa-lengua-azul-9sep2025-web-480x420.jpg 480w, https:\/\/www.asajacyl.com\/palencia\/wp-content\/uploads\/sites\/3\/2025\/09\/Mapa-lengua-azul-9sep2025-web-696x609.jpg 696w, https:\/\/www.asajacyl.com\/palencia\/wp-content\/uploads\/sites\/3\/2025\/09\/Mapa-lengua-azul-9sep2025-web-1068x935.jpg 1068w, https:\/\/www.asajacyl.com\/palencia\/wp-content\/uploads\/sites\/3\/2025\/09\/Mapa-lengua-azul-9sep2025-web.jpg 1890w\" sizes=\"(max-width: 1024px) 100vw, 1024px\" \/><figcaption class=\"wp-element-caption\">Presencia del virus de la lengua azul a fecha 9 de septiembre de 2025. Fuente: Ministerio de Agricultura.<\/figcaption><\/figure><\/div>\n\n\n<p><strong>VACUNACI\u00d3N. <\/strong>Para estos tres serotipos existe vacuna, por lo que ASAJA-Palencia secunda la recomendaci\u00f3n de las administraciones p\u00fablicas de proceder a la vacunaci\u00f3n en las explotaciones ganaderas, con el fin de prevenir la aparici\u00f3n de la enfermedad y de amortiguar sus efectos.<\/p>\n\n\n\n<p>El mapa adjunto del Ministerio, correspondiente al informe de este martes 9, muestra c\u00f3mo la lengua azul avanza por toda la Espa\u00f1a peninsular, y s\u00f3lo hay tres comunidades del territorio peninsular que, de momento, se hallan libres de la enfermedad: Arag\u00f3n, Catalu\u00f1a y Comunidad Valenciana. Debajo se muestra el mapa de la enfermedad de fecha 18 de julio; es decir, en dos meses se ha producido una notable propagaci\u00f3n del virus.<\/p>\n\n\n<div class=\"wp-block-image\">\n<figure class=\"alignright size-large is-resized\"><img loading=\"lazy\" decoding=\"async\" width=\"1024\" height=\"896\" src=\"https:\/\/www.asajacyl.com\/palencia\/wp-content\/uploads\/sites\/3\/2025\/09\/Lengua-azul-18jul2025-1024x896.jpg\" alt=\"\" class=\"wp-image-20854\" style=\"width:621px;height:auto\" srcset=\"https:\/\/www.asajacyl.com\/palencia\/wp-content\/uploads\/sites\/3\/2025\/09\/Lengua-azul-18jul2025-1024x896.jpg 1024w, https:\/\/www.asajacyl.com\/palencia\/wp-content\/uploads\/sites\/3\/2025\/09\/Lengua-azul-18jul2025-300x263.jpg 300w, https:\/\/www.asajacyl.com\/palencia\/wp-content\/uploads\/sites\/3\/2025\/09\/Lengua-azul-18jul2025-768x672.jpg 768w, https:\/\/www.asajacyl.com\/palencia\/wp-content\/uploads\/sites\/3\/2025\/09\/Lengua-azul-18jul2025-1536x1344.jpg 1536w, https:\/\/www.asajacyl.com\/palencia\/wp-content\/uploads\/sites\/3\/2025\/09\/Lengua-azul-18jul2025-480x420.jpg 480w, https:\/\/www.asajacyl.com\/palencia\/wp-content\/uploads\/sites\/3\/2025\/09\/Lengua-azul-18jul2025-696x609.jpg 696w, https:\/\/www.asajacyl.com\/palencia\/wp-content\/uploads\/sites\/3\/2025\/09\/Lengua-azul-18jul2025-1068x935.jpg 1068w, https:\/\/www.asajacyl.com\/palencia\/wp-content\/uploads\/sites\/3\/2025\/09\/Lengua-azul-18jul2025.jpg 1890w\" sizes=\"(max-width: 1024px) 100vw, 1024px\" \/><figcaption class=\"wp-element-caption\"><br><em>Presencia del virus de la lengua azul a fecha 18 de julio de 2025. Fuente: Ministerio de Agricultura.<\/em><\/figcaption><\/figure><\/div>\n\n\n<p><strong>SIN ESTATUS SANITARIO. <\/strong>El Ministerio subraya que este mapa representa la situaci\u00f3n epidemiol\u00f3gica y recuerda que todo el pa\u00eds se encuentra sin estatus sanitario, al no contar en la actualidad con programa de control y erradicaci\u00f3n, a excepci\u00f3n de las Baleares que cuenta con programa de control y erradicaci\u00f3n, y las Canarias, que tienen estatus de libre de la enfermedad.<\/p>\n\n\n\n<p>Por ello, no hay restricciones a los movimientos y, seg\u00fan viene advirtiendo el Ministerio desde que en junio apareci\u00f3 en la provincia de M\u00e1laga el primer foco de lengua azul en la presente temporada de actividad vectorial 2025-2026, la actividad del vector aumentar\u00e1 durante los pr\u00f3ximos meses. De ah\u00ed la importancia de vacunar a los animales para reducir impacto en caso de verse afectados, con especial importancia en el sector ovino, que es la especie m\u00e1s susceptible a la enfermedad cl\u00ednica.<\/p>\n\n\n\n<p><strong>PERJUICIO AL GANADERO. <\/strong>La lengua azul va a ser uno de los asuntos de preocupaci\u00f3n m\u00e1xima que la directiva de ASAJA trasladar\u00e1 hoy al ministro de Agricultura, Luis Planas, en la reuni\u00f3n prevista esta tarde en Madrid. Nuestra organizaci\u00f3n viene denunciando el\u00a0grave perjuicio sanitario y econ\u00f3mico\u00a0que esta enfermedad causando al sector ganadero, especialmente en explotaciones de\u00a0ovino y bovino. <\/p>\n\n\n\n<p>Asimismo, ASAJA ha reclamado que se impulsen de inmediato los trabajos de investigaci\u00f3n y desarrollo de vacunas, de manera que pueda vacunarse de una vez de todos los serotipos circulantes, y que se defina la forma m\u00e1s eficaz de aplicaci\u00f3n de las futuras dosis.<\/p>\n\n\n\n<p>Durante la presente temporada de actividad vectorial, desde el 1 de abril de 2025, los laboratorios regionales de sanidad animal y el Laboratorio Central de Veterinaria (LCV) de Algete, laboratorio nacional de referencia para esta enfermedad, han confirmado la<br>presencia de la enfermedad en las comunidades aut\u00f3nomas de Andaluc\u00eda, Asturias, Cantabria, Castilla y Le\u00f3n, Castilla La Mancha, Extremadura, Galicia, La Rioja, Madrid, Murcia, Navarra y Pa\u00eds Vasco.<strong>\/<\/strong><\/p>\n","protected":false},"excerpt":{"rendered":"<p>El Ministerio de Agricultura, Pesca y Alimentaci\u00f3n ha confirmado en su \u00faltimo informe, fechado este martes, 9 de septiembre, m\u00e1s casos de lengua azul en la provincia de Palencia, donde ya se hab\u00eda detectado por primera vez la enfermedad en la anterior actualizaci\u00f3n, hace una semana. Asimismo, ya hay casos en Segovia, por lo que [&hellip;]<\/p>\n","protected":false},"author":9,"featured_media":20856,"comment_status":"open","ping_status":"open","sticky":false,"template":"","format":"standard","meta":{"footnotes":""},"categories":[9,31,38,28,13],"tags":[234,183,142,351,77,66,361,110,143,571,365],"yoast_head":"<!-- This site is optimized with the Yoast SEO plugin v24.5 - https:\/\/yoast.com\/wordpress\/plugins\/seo\/ -->\n<title>Nuevos casos en Palencia de lengua azul, presente ya en toda Castilla y Le\u00f3n, excepto en Valladolid - ASAJA Palencia<\/title>\n<meta name=\"description\" content=\"El Ministerio de Agricultura, Pesca y Alimentaci\u00f3n ha confirmado en su \u00faltimo informe, fechado este martes, 9 de septiembre, m\u00e1s casos de lengua azul en\" \/>\n<meta name=\"robots\" content=\"index, follow, max-snippet:-1, max-image-preview:large, max-video-preview:-1\" \/>\n<link rel=\"canonical\" href=\"https:\/\/www.asajacyl.com\/palencia\/asaja-palencia-informa\/nuevos-casos-en-palencia-de-lengua-azul-presente-ya-en-toda-castilla-y-leon-excepto-en-valladolid\" \/>\n<meta property=\"og:locale\" content=\"es_ES\" \/>\n<meta property=\"og:type\" content=\"article\" \/>\n<meta property=\"og:title\" content=\"Nuevos casos en Palencia de lengua azul, presente ya en toda Castilla y Le\u00f3n, excepto en Valladolid - ASAJA Palencia\" \/>\n<meta property=\"og:description\" content=\"El Ministerio de Agricultura, Pesca y Alimentaci\u00f3n ha confirmado en su \u00faltimo informe, fechado este martes, 9 de septiembre, m\u00e1s casos de lengua azul en\" \/>\n<meta property=\"og:url\" content=\"https:\/\/www.asajacyl.com\/palencia\/asaja-palencia-informa\/nuevos-casos-en-palencia-de-lengua-azul-presente-ya-en-toda-castilla-y-leon-excepto-en-valladolid\" \/>\n<meta property=\"og:site_name\" content=\"ASAJA Palencia\" \/>\n<meta property=\"article:published_time\" content=\"2025-09-10T08:59:36+00:00\" \/>\n<meta property=\"article:modified_time\" content=\"2025-09-10T08:59:39+00:00\" \/>\n<meta property=\"og:image\" content=\"https:\/\/www.asajacyl.com\/palencia\/wp-content\/uploads\/sites\/3\/2025\/09\/Oveja-lengua-azul-c-MAPA.jpg-web.jpg\" \/>\n\t<meta property=\"og:image:width\" content=\"1890\" \/>\n\t<meta property=\"og:image:height\" content=\"1654\" \/>\n\t<meta property=\"og:image:type\" content=\"image\/jpeg\" \/>\n<meta name=\"author\" content=\"Administrador\" \/>\n<meta name=\"twitter:card\" content=\"summary_large_image\" \/>\n<meta name=\"twitter:label1\" content=\"Escrito por\" \/>\n\t<meta name=\"twitter:data1\" content=\"Administrador\" \/>\n\t<meta name=\"twitter:label2\" content=\"Tiempo de lectura\" \/>\n\t<meta name=\"twitter:data2\" content=\"4 minutos\" \/>\n<script type=\"application\/ld+json\" class=\"yoast-schema-graph\">{\"@context\":\"https:\/\/schema.org\",\"@graph\":[{\"@type\":\"WebPage\",\"@id\":\"https:\/\/www.asajacyl.com\/palencia\/asaja-palencia-informa\/nuevos-casos-en-palencia-de-lengua-azul-presente-ya-en-toda-castilla-y-leon-excepto-en-valladolid\",\"url\":\"https:\/\/www.asajacyl.com\/palencia\/asaja-palencia-informa\/nuevos-casos-en-palencia-de-lengua-azul-presente-ya-en-toda-castilla-y-leon-excepto-en-valladolid\",\"name\":\"Nuevos casos en Palencia de lengua azul, presente ya en toda Castilla y Le\u00f3n, excepto en Valladolid - ASAJA Palencia\",\"isPartOf\":{\"@id\":\"https:\/\/www.asajacyl.com\/palencia\/#website\"},\"primaryImageOfPage\":{\"@id\":\"https:\/\/www.asajacyl.com\/palencia\/asaja-palencia-informa\/nuevos-casos-en-palencia-de-lengua-azul-presente-ya-en-toda-castilla-y-leon-excepto-en-valladolid#primaryimage\"},\"image\":{\"@id\":\"https:\/\/www.asajacyl.com\/palencia\/asaja-palencia-informa\/nuevos-casos-en-palencia-de-lengua-azul-presente-ya-en-toda-castilla-y-leon-excepto-en-valladolid#primaryimage\"},\"thumbnailUrl\":\"https:\/\/www.asajacyl.com\/palencia\/wp-content\/uploads\/sites\/3\/2025\/09\/Oveja-lengua-azul-c-MAPA.jpg-web.jpg\",\"datePublished\":\"2025-09-10T08:59:36+00:00\",\"dateModified\":\"2025-09-10T08:59:39+00:00\",\"author\":{\"@id\":\"https:\/\/www.asajacyl.com\/palencia\/#\/schema\/person\/3ab17aeb03527485c317557fae64aab1\"},\"description\":\"El Ministerio de Agricultura, Pesca y Alimentaci\u00f3n ha confirmado en su \u00faltimo informe, fechado este martes, 9 de septiembre, m\u00e1s casos de lengua azul en\",\"breadcrumb\":{\"@id\":\"https:\/\/www.asajacyl.com\/palencia\/asaja-palencia-informa\/nuevos-casos-en-palencia-de-lengua-azul-presente-ya-en-toda-castilla-y-leon-excepto-en-valladolid#breadcrumb\"},\"inLanguage\":\"es\",\"potentialAction\":[{\"@type\":\"ReadAction\",\"target\":[\"https:\/\/www.asajacyl.com\/palencia\/asaja-palencia-informa\/nuevos-casos-en-palencia-de-lengua-azul-presente-ya-en-toda-castilla-y-leon-excepto-en-valladolid\"]}]},{\"@type\":\"ImageObject\",\"inLanguage\":\"es\",\"@id\":\"https:\/\/www.asajacyl.com\/palencia\/asaja-palencia-informa\/nuevos-casos-en-palencia-de-lengua-azul-presente-ya-en-toda-castilla-y-leon-excepto-en-valladolid#primaryimage\",\"url\":\"https:\/\/www.asajacyl.com\/palencia\/wp-content\/uploads\/sites\/3\/2025\/09\/Oveja-lengua-azul-c-MAPA.jpg-web.jpg\",\"contentUrl\":\"https:\/\/www.asajacyl.com\/palencia\/wp-content\/uploads\/sites\/3\/2025\/09\/Oveja-lengua-azul-c-MAPA.jpg-web.jpg\",\"width\":1890,\"height\":1654},{\"@type\":\"BreadcrumbList\",\"@id\":\"https:\/\/www.asajacyl.com\/palencia\/asaja-palencia-informa\/nuevos-casos-en-palencia-de-lengua-azul-presente-ya-en-toda-castilla-y-leon-excepto-en-valladolid#breadcrumb\",\"itemListElement\":[{\"@type\":\"ListItem\",\"position\":1,\"name\":\"Portada\",\"item\":\"https:\/\/www.asajacyl.com\/palencia\/\"},{\"@type\":\"ListItem\",\"position\":2,\"name\":\"Nuevos casos en Palencia de lengua azul, presente ya en toda Castilla y Le\u00f3n, excepto en Valladolid\"}]},{\"@type\":\"WebSite\",\"@id\":\"https:\/\/www.asajacyl.com\/palencia\/#website\",\"url\":\"https:\/\/www.asajacyl.com\/palencia\/\",\"name\":\"ASAJA Palencia\",\"description\":\"Otro sitio m\u00e1s de Provincias ASAJA Castilla y Le\u00f3n\",\"potentialAction\":[{\"@type\":\"SearchAction\",\"target\":{\"@type\":\"EntryPoint\",\"urlTemplate\":\"https:\/\/www.asajacyl.com\/palencia\/?s={search_term_string}\"},\"query-input\":{\"@type\":\"PropertyValueSpecification\",\"valueRequired\":true,\"valueName\":\"search_term_string\"}}],\"inLanguage\":\"es\"},{\"@type\":\"Person\",\"@id\":\"https:\/\/www.asajacyl.com\/palencia\/#\/schema\/person\/3ab17aeb03527485c317557fae64aab1\",\"name\":\"Administrador\",\"image\":{\"@type\":\"ImageObject\",\"inLanguage\":\"es\",\"@id\":\"https:\/\/www.asajacyl.com\/palencia\/#\/schema\/person\/image\/\",\"url\":\"https:\/\/secure.gravatar.com\/avatar\/517384810d242ca9e38c180f3c9fb973?s=96&d=mm&r=g\",\"contentUrl\":\"https:\/\/secure.gravatar.com\/avatar\/517384810d242ca9e38c180f3c9fb973?s=96&d=mm&r=g\",\"caption\":\"Administrador\"},\"url\":\"https:\/\/www.asajacyl.com\/palencia\/author\/carlosrm\"}]}<\/script>\n<!-- \/ Yoast SEO plugin. -->","yoast_head_json":{"title":"Nuevos casos en Palencia de lengua azul, presente ya en toda Castilla y Le\u00f3n, excepto en Valladolid - ASAJA Palencia","description":"El Ministerio de Agricultura, Pesca y Alimentaci\u00f3n ha confirmado en su \u00faltimo informe, fechado este martes, 9 de septiembre, m\u00e1s casos de lengua azul en","robots":{"index":"index","follow":"follow","max-snippet":"max-snippet:-1","max-image-preview":"max-image-preview:large","max-video-preview":"max-video-preview:-1"},"canonical":"https:\/\/www.asajacyl.com\/palencia\/asaja-palencia-informa\/nuevos-casos-en-palencia-de-lengua-azul-presente-ya-en-toda-castilla-y-leon-excepto-en-valladolid","og_locale":"es_ES","og_type":"article","og_title":"Nuevos casos en Palencia de lengua azul, presente ya en toda Castilla y Le\u00f3n, excepto en Valladolid - ASAJA Palencia","og_description":"El Ministerio de Agricultura, Pesca y Alimentaci\u00f3n ha confirmado en su \u00faltimo informe, fechado este martes, 9 de septiembre, m\u00e1s casos de lengua azul en","og_url":"https:\/\/www.asajacyl.com\/palencia\/asaja-palencia-informa\/nuevos-casos-en-palencia-de-lengua-azul-presente-ya-en-toda-castilla-y-leon-excepto-en-valladolid","og_site_name":"ASAJA Palencia","article_published_time":"2025-09-10T08:59:36+00:00","article_modified_time":"2025-09-10T08:59:39+00:00","og_image":[{"width":1890,"height":1654,"url":"https:\/\/www.asajacyl.com\/palencia\/wp-content\/uploads\/sites\/3\/2025\/09\/Oveja-lengua-azul-c-MAPA.jpg-web.jpg","type":"image\/jpeg"}],"author":"Administrador","twitter_card":"summary_large_image","twitter_misc":{"Escrito por":"Administrador","Tiempo de lectura":"4 minutos"},"schema":{"@context":"https:\/\/schema.org","@graph":[{"@type":"WebPage","@id":"https:\/\/www.asajacyl.com\/palencia\/asaja-palencia-informa\/nuevos-casos-en-palencia-de-lengua-azul-presente-ya-en-toda-castilla-y-leon-excepto-en-valladolid","url":"https:\/\/www.asajacyl.com\/palencia\/asaja-palencia-informa\/nuevos-casos-en-palencia-de-lengua-azul-presente-ya-en-toda-castilla-y-leon-excepto-en-valladolid","name":"Nuevos casos en Palencia de lengua azul, presente ya en toda Castilla y Le\u00f3n, excepto en Valladolid - ASAJA Palencia","isPartOf":{"@id":"https:\/\/www.asajacyl.com\/palencia\/#website"},"primaryImageOfPage":{"@id":"https:\/\/www.asajacyl.com\/palencia\/asaja-palencia-informa\/nuevos-casos-en-palencia-de-lengua-azul-presente-ya-en-toda-castilla-y-leon-excepto-en-valladolid#primaryimage"},"image":{"@id":"https:\/\/www.asajacyl.com\/palencia\/asaja-palencia-informa\/nuevos-casos-en-palencia-de-lengua-azul-presente-ya-en-toda-castilla-y-leon-excepto-en-valladolid#primaryimage"},"thumbnailUrl":"https:\/\/www.asajacyl.com\/palencia\/wp-content\/uploads\/sites\/3\/2025\/09\/Oveja-lengua-azul-c-MAPA.jpg-web.jpg","datePublished":"2025-09-10T08:59:36+00:00","dateModified":"2025-09-10T08:59:39+00:00","author":{"@id":"https:\/\/www.asajacyl.com\/palencia\/#\/schema\/person\/3ab17aeb03527485c317557fae64aab1"},"description":"El Ministerio de Agricultura, Pesca y Alimentaci\u00f3n ha confirmado en su \u00faltimo informe, fechado este martes, 9 de septiembre, m\u00e1s casos de lengua azul en","breadcrumb":{"@id":"https:\/\/www.asajacyl.com\/palencia\/asaja-palencia-informa\/nuevos-casos-en-palencia-de-lengua-azul-presente-ya-en-toda-castilla-y-leon-excepto-en-valladolid#breadcrumb"},"inLanguage":"es","potentialAction":[{"@type":"ReadAction","target":["https:\/\/www.asajacyl.com\/palencia\/asaja-palencia-informa\/nuevos-casos-en-palencia-de-lengua-azul-presente-ya-en-toda-castilla-y-leon-excepto-en-valladolid"]}]},{"@type":"ImageObject","inLanguage":"es","@id":"https:\/\/www.asajacyl.com\/palencia\/asaja-palencia-informa\/nuevos-casos-en-palencia-de-lengua-azul-presente-ya-en-toda-castilla-y-leon-excepto-en-valladolid#primaryimage","url":"https:\/\/www.asajacyl.com\/palencia\/wp-content\/uploads\/sites\/3\/2025\/09\/Oveja-lengua-azul-c-MAPA.jpg-web.jpg","contentUrl":"https:\/\/www.asajacyl.com\/palencia\/wp-content\/uploads\/sites\/3\/2025\/09\/Oveja-lengua-azul-c-MAPA.jpg-web.jpg","width":1890,"height":1654},{"@type":"BreadcrumbList","@id":"https:\/\/www.asajacyl.com\/palencia\/asaja-palencia-informa\/nuevos-casos-en-palencia-de-lengua-azul-presente-ya-en-toda-castilla-y-leon-excepto-en-valladolid#breadcrumb","itemListElement":[{"@type":"ListItem","position":1,"name":"Portada","item":"https:\/\/www.asajacyl.com\/palencia\/"},{"@type":"ListItem","position":2,"name":"Nuevos casos en Palencia de lengua azul, presente ya en toda Castilla y Le\u00f3n, excepto en Valladolid"}]},{"@type":"WebSite","@id":"https:\/\/www.asajacyl.com\/palencia\/#website","url":"https:\/\/www.asajacyl.com\/palencia\/","name":"ASAJA Palencia","description":"Otro sitio m\u00e1s de Provincias ASAJA Castilla y Le\u00f3n","potentialAction":[{"@type":"SearchAction","target":{"@type":"EntryPoint","urlTemplate":"https:\/\/www.asajacyl.com\/palencia\/?s={search_term_string}"},"query-input":{"@type":"PropertyValueSpecification","valueRequired":true,"valueName":"search_term_string"}}],"inLanguage":"es"},{"@type":"Person","@id":"https:\/\/www.asajacyl.com\/palencia\/#\/schema\/person\/3ab17aeb03527485c317557fae64aab1","name":"Administrador","image":{"@type":"ImageObject","inLanguage":"es","@id":"https:\/\/www.asajacyl.com\/palencia\/#\/schema\/person\/image\/","url":"https:\/\/secure.gravatar.com\/avatar\/517384810d242ca9e38c180f3c9fb973?s=96&d=mm&r=g","contentUrl":"https:\/\/secure.gravatar.com\/avatar\/517384810d242ca9e38c180f3c9fb973?s=96&d=mm&r=g","caption":"Administrador"},"url":"https:\/\/www.asajacyl.com\/palencia\/author\/carlosrm"}]}},"_links":{"self":[{"href":"https:\/\/www.asajacyl.com\/palencia\/wp-json\/wp\/v2\/posts\/20852"}],"collection":[{"href":"https:\/\/www.asajacyl.com\/palencia\/wp-json\/wp\/v2\/posts"}],"about":[{"href":"https:\/\/www.asajacyl.com\/palencia\/wp-json\/wp\/v2\/types\/post"}],"author":[{"embeddable":true,"href":"https:\/\/www.asajacyl.com\/palencia\/wp-json\/wp\/v2\/users\/9"}],"replies":[{"embeddable":true,"href":"https:\/\/www.asajacyl.com\/palencia\/wp-json\/wp\/v2\/comments?post=20852"}],"version-history":[{"count":2,"href":"https:\/\/www.asajacyl.com\/palencia\/wp-json\/wp\/v2\/posts\/20852\/revisions"}],"predecessor-version":[{"id":20857,"href":"https:\/\/www.asajacyl.com\/palencia\/wp-json\/wp\/v2\/posts\/20852\/revisions\/20857"}],"wp:featuredmedia":[{"embeddable":true,"href":"https:\/\/www.asajacyl.com\/palencia\/wp-json\/wp\/v2\/media\/20856"}],"wp:attachment":[{"href":"https:\/\/www.asajacyl.com\/palencia\/wp-json\/wp\/v2\/media?parent=20852"}],"wp:term":[{"taxonomy":"category","embeddable":true,"href":"https:\/\/www.asajacyl.com\/palencia\/wp-json\/wp\/v2\/categories?post=20852"},{"taxonomy":"post_tag","embeddable":true,"href":"https:\/\/www.asajacyl.com\/palencia\/wp-json\/wp\/v2\/tags?post=20852"}],"curies":[{"name":"wp","href":"https:\/\/api.w.org\/{rel}","templated":true}]}}