{"id":20858,"date":"2025-09-10T12:22:50","date_gmt":"2025-09-10T10:22:50","guid":{"rendered":"https:\/\/www.asajacyl.com\/palencia\/?p=20858"},"modified":"2025-09-11T13:34:35","modified_gmt":"2025-09-11T11:34:35","slug":"carrion-de-los-condes-acoge-el-martes-16-una-jornada-sobre-tecnologia-en-el-cereal-y-el-forraje","status":"publish","type":"post","link":"https:\/\/www.asajacyl.com\/palencia\/asaja-palencia-informa\/carrion-de-los-condes-acoge-el-martes-16-una-jornada-sobre-tecnologia-en-el-cereal-y-el-forraje","title":{"rendered":"Carri\u00f3n de los Condes acoge el martes 16 una jornada sobre tecnolog\u00eda en el cereal y el forraje"},"content":{"rendered":"\n<h2 class=\"wp-block-heading\">Carri\u00f3n de los Condes acoge el pr\u00f3ximo martes, 16 de septiembre, una jornada sobre la tecnolog\u00eda aplicada a los cultivos de cereal y forraje, dirigida a agricultores y profesionales y t\u00e9cnicos del sector agrario. A efectos de una mejor organizaci\u00f3n, las personas interesadas en asistir deben remitir un correo electr\u00f3nico a jamcomunicacion@yahoo.com \u2014o bien enviar un mensaje de WhatsApp o telefonear a la empresa coorganizadora JAM Comunicaci\u00f3n (605 535 256)\u2014, indicando nombre, correo electr\u00f3nico y tel\u00e9fono de contacto. La jornada est\u00e1 coorganizada tambi\u00e9n por la Cooperativa Agr\u00edcola Regional (CAR) y la Junta Central de Usuarios del Bajo Carri\u00f3n.<\/h2>\n\n\n<div class=\"wp-block-image\">\n<figure class=\"alignright size-large is-resized\"><img loading=\"lazy\" decoding=\"async\" width=\"576\" height=\"1024\" src=\"https:\/\/www.asajacyl.com\/palencia\/wp-content\/uploads\/sites\/3\/2025\/09\/Jornada-Carrion-16sep2025-1-576x1024.jpeg\" alt=\"\" class=\"wp-image-20891\" style=\"width:677px;height:auto\" srcset=\"https:\/\/www.asajacyl.com\/palencia\/wp-content\/uploads\/sites\/3\/2025\/09\/Jornada-Carrion-16sep2025-1-576x1024.jpeg 576w, https:\/\/www.asajacyl.com\/palencia\/wp-content\/uploads\/sites\/3\/2025\/09\/Jornada-Carrion-16sep2025-1-169x300.jpeg 169w, https:\/\/www.asajacyl.com\/palencia\/wp-content\/uploads\/sites\/3\/2025\/09\/Jornada-Carrion-16sep2025-1-768x1365.jpeg 768w, https:\/\/www.asajacyl.com\/palencia\/wp-content\/uploads\/sites\/3\/2025\/09\/Jornada-Carrion-16sep2025-1-864x1536.jpeg 864w, https:\/\/www.asajacyl.com\/palencia\/wp-content\/uploads\/sites\/3\/2025\/09\/Jornada-Carrion-16sep2025-1-236x420.jpeg 236w, https:\/\/www.asajacyl.com\/palencia\/wp-content\/uploads\/sites\/3\/2025\/09\/Jornada-Carrion-16sep2025-1-696x1237.jpeg 696w, https:\/\/www.asajacyl.com\/palencia\/wp-content\/uploads\/sites\/3\/2025\/09\/Jornada-Carrion-16sep2025-1.jpeg 900w\" sizes=\"(max-width: 576px) 100vw, 576px\" \/><\/figure><\/div>\n\n\n<p>La apertura de puertas en la sede de la jornada, el Teatro Sarabia (Plaza del Marqu\u00e9s de Santillana, 6), para recepci\u00f3n e inscripci\u00f3n de asistentes empezar\u00e1 a las 9:00 horas. <\/p>\n\n\n\n<p>El evento se desarrollar\u00e1 desde las diez de la ma\u00f1ana, y est\u00e1 patrocinado por Repsol y CajaViva Caja Rural, y colaboran el Ayuntamiento de Carri\u00f3n de los Condes y las empresas Fertinagro, Rocalba, la Bodega Remigio Salas (DO Cigales) de Due\u00f1as, y Cultivdron.<\/p>\n\n\n\n<p><strong>INCERTIDUMBRES.<\/strong> Las novedades de la PAC y incierto futuro de la PAC a ra\u00edz de la propuesta de la Comisi\u00f3n Europea, el inestable mercado actual de los cereales y los forrajes, y las novedades del programa Sativum del ITACyL (Instituto Tecnol\u00f3gico Agrario de Castilla y Le\u00f3n) son algunos de los asuntos que se abordar\u00e1n. <\/p>\n\n\n\n<p>Asimismo, la eliminaci\u00f3n de malas hierbas con gas licuado de petr\u00f3leo, el uso de drones en la agricultura de precisi\u00f3n y los productos financieros de CajaViva Caja Rural protagonizar\u00e1n otras intervenciones.<\/p>\n\n\n\n<p>La imagen adjunta muestra el programa con el horario de la jornada, que se cerrar\u00e1 con un vino espa\u00f1ol, donde los asistentes podr\u00e1n conversar y compartir experiencias.<\/p>\n\n\n\n<p>La primer intervenci\u00f3n, sobre el futuro de la PAC a partir de 2028, correr\u00e1 a cargo del director general de la PAC de la Junta de Castilla y Le\u00f3n, Angel Mar\u00eda G\u00f3mez. <\/p>\n\n\n\n<p>Posteriormente, Ra\u00fal Pinto, director de la nueva oficina en Salda\u00f1a de CajaViva Caja Rural, hablar\u00e1 sobre los servicios y productos financieros se su entidad para el agricultor. <\/p>\n\n\n\n<p>Acto seguido, se desarrollar\u00e1 una mesa redonda sobre el mercado de los cereales y los forrajes, con la intervenci\u00f3n de Blas Donis, presidente de la Junta Central de Usuarios del Bajo Carri\u00f3n; Sandra Araujo, gerente de la CAR; e <span style=\"text-decoration: underline\">Iv\u00e1n \u00c1lvarez, de la consultora Asegrain, agricultor y socio de ASAJA<\/span>. <\/p>\n\n\n\n<p>Tras la pausa del caf\u00e9, un experto de Repsol informar\u00e1 sobre la eliminaci\u00f3n de malas hierbas con gas licuado petrol\u00edfero; y Luis Carlos Fern\u00e1ndez, t\u00e9cnico del ITACyL, explicar\u00e1 las novedades del programa Sativum; al que seguir\u00e1 una conferencia sobre el uso de drones en la agricultura de precisi\u00f3n por parte de Cultivdron, que se completar\u00e1 con la exhibici\u00f3n pr\u00e1ctica en el campo.<strong>\/<\/strong><\/p>\n","protected":false},"excerpt":{"rendered":"<p>Carri\u00f3n de los Condes acoge el pr\u00f3ximo martes, 16 de septiembre, una jornada sobre la tecnolog\u00eda aplicada a los cultivos de cereal y forraje, dirigida a agricultores y profesionales y t\u00e9cnicos del sector agrario. A efectos de una mejor organizaci\u00f3n, las personas interesadas en asistir deben remitir un correo electr\u00f3nico a jamcomunicacion@yahoo.com \u2014o bien enviar [&hellip;]<\/p>\n","protected":false},"author":9,"featured_media":20861,"comment_status":"open","ping_status":"open","sticky":false,"template":"","format":"standard","meta":{"footnotes":""},"categories":[9,39,29,28,13],"tags":[58,46,142,1237,190,99,1568,1567,86,66,889,45,935,154,1003],"yoast_head":"<!-- This site is optimized with the Yoast SEO plugin v24.5 - https:\/\/yoast.com\/wordpress\/plugins\/seo\/ -->\n<title>Carri\u00f3n de los Condes acoge el martes 16 una jornada sobre tecnolog\u00eda en el cereal y el forraje - ASAJA Palencia<\/title>\n<meta name=\"description\" content=\"Carri\u00f3n de los Condes acoge el pr\u00f3ximo martes, 16 de septiembre, una jornada sobre la tecnolog\u00eda aplicada a los cultivos de cereal y forraje, dirigida a\" \/>\n<meta name=\"robots\" content=\"index, follow, max-snippet:-1, max-image-preview:large, max-video-preview:-1\" \/>\n<link rel=\"canonical\" href=\"https:\/\/www.asajacyl.com\/palencia\/asaja-palencia-informa\/carrion-de-los-condes-acoge-el-martes-16-una-jornada-sobre-tecnologia-en-el-cereal-y-el-forraje\" \/>\n<meta property=\"og:locale\" content=\"es_ES\" \/>\n<meta property=\"og:type\" content=\"article\" \/>\n<meta property=\"og:title\" content=\"Carri\u00f3n de los Condes acoge el martes 16 una jornada sobre tecnolog\u00eda en el cereal y el forraje - ASAJA Palencia\" \/>\n<meta property=\"og:description\" content=\"Carri\u00f3n de los Condes acoge el pr\u00f3ximo martes, 16 de septiembre, una jornada sobre la tecnolog\u00eda aplicada a los cultivos de cereal y forraje, dirigida a\" \/>\n<meta property=\"og:url\" content=\"https:\/\/www.asajacyl.com\/palencia\/asaja-palencia-informa\/carrion-de-los-condes-acoge-el-martes-16-una-jornada-sobre-tecnologia-en-el-cereal-y-el-forraje\" \/>\n<meta property=\"og:site_name\" content=\"ASAJA Palencia\" \/>\n<meta property=\"article:published_time\" content=\"2025-09-10T10:22:50+00:00\" \/>\n<meta property=\"article:modified_time\" content=\"2025-09-11T11:34:35+00:00\" \/>\n<meta property=\"og:image\" content=\"https:\/\/www.asajacyl.com\/palencia\/wp-content\/uploads\/sites\/3\/2025\/09\/Agricultura-de-precision-modernizacion-web.jpg\" \/>\n\t<meta property=\"og:image:width\" content=\"1890\" \/>\n\t<meta property=\"og:image:height\" content=\"1654\" \/>\n\t<meta property=\"og:image:type\" content=\"image\/jpeg\" \/>\n<meta name=\"author\" content=\"Administrador\" \/>\n<meta name=\"twitter:card\" content=\"summary_large_image\" \/>\n<meta name=\"twitter:label1\" content=\"Escrito por\" \/>\n\t<meta name=\"twitter:data1\" content=\"Administrador\" \/>\n\t<meta name=\"twitter:label2\" content=\"Tiempo de lectura\" \/>\n\t<meta name=\"twitter:data2\" content=\"3 minutos\" \/>\n<script type=\"application\/ld+json\" class=\"yoast-schema-graph\">{\"@context\":\"https:\/\/schema.org\",\"@graph\":[{\"@type\":\"WebPage\",\"@id\":\"https:\/\/www.asajacyl.com\/palencia\/asaja-palencia-informa\/carrion-de-los-condes-acoge-el-martes-16-una-jornada-sobre-tecnologia-en-el-cereal-y-el-forraje\",\"url\":\"https:\/\/www.asajacyl.com\/palencia\/asaja-palencia-informa\/carrion-de-los-condes-acoge-el-martes-16-una-jornada-sobre-tecnologia-en-el-cereal-y-el-forraje\",\"name\":\"Carri\u00f3n de los Condes acoge el martes 16 una jornada sobre tecnolog\u00eda en el cereal y el forraje - ASAJA Palencia\",\"isPartOf\":{\"@id\":\"https:\/\/www.asajacyl.com\/palencia\/#website\"},\"primaryImageOfPage\":{\"@id\":\"https:\/\/www.asajacyl.com\/palencia\/asaja-palencia-informa\/carrion-de-los-condes-acoge-el-martes-16-una-jornada-sobre-tecnologia-en-el-cereal-y-el-forraje#primaryimage\"},\"image\":{\"@id\":\"https:\/\/www.asajacyl.com\/palencia\/asaja-palencia-informa\/carrion-de-los-condes-acoge-el-martes-16-una-jornada-sobre-tecnologia-en-el-cereal-y-el-forraje#primaryimage\"},\"thumbnailUrl\":\"https:\/\/www.asajacyl.com\/palencia\/wp-content\/uploads\/sites\/3\/2025\/09\/Agricultura-de-precision-modernizacion-web.jpg\",\"datePublished\":\"2025-09-10T10:22:50+00:00\",\"dateModified\":\"2025-09-11T11:34:35+00:00\",\"author\":{\"@id\":\"https:\/\/www.asajacyl.com\/palencia\/#\/schema\/person\/3ab17aeb03527485c317557fae64aab1\"},\"description\":\"Carri\u00f3n de los Condes acoge el pr\u00f3ximo martes, 16 de septiembre, una jornada sobre la tecnolog\u00eda aplicada a los cultivos de cereal y forraje, dirigida a\",\"breadcrumb\":{\"@id\":\"https:\/\/www.asajacyl.com\/palencia\/asaja-palencia-informa\/carrion-de-los-condes-acoge-el-martes-16-una-jornada-sobre-tecnologia-en-el-cereal-y-el-forraje#breadcrumb\"},\"inLanguage\":\"es\",\"potentialAction\":[{\"@type\":\"ReadAction\",\"target\":[\"https:\/\/www.asajacyl.com\/palencia\/asaja-palencia-informa\/carrion-de-los-condes-acoge-el-martes-16-una-jornada-sobre-tecnologia-en-el-cereal-y-el-forraje\"]}]},{\"@type\":\"ImageObject\",\"inLanguage\":\"es\",\"@id\":\"https:\/\/www.asajacyl.com\/palencia\/asaja-palencia-informa\/carrion-de-los-condes-acoge-el-martes-16-una-jornada-sobre-tecnologia-en-el-cereal-y-el-forraje#primaryimage\",\"url\":\"https:\/\/www.asajacyl.com\/palencia\/wp-content\/uploads\/sites\/3\/2025\/09\/Agricultura-de-precision-modernizacion-web.jpg\",\"contentUrl\":\"https:\/\/www.asajacyl.com\/palencia\/wp-content\/uploads\/sites\/3\/2025\/09\/Agricultura-de-precision-modernizacion-web.jpg\",\"width\":1890,\"height\":1654},{\"@type\":\"BreadcrumbList\",\"@id\":\"https:\/\/www.asajacyl.com\/palencia\/asaja-palencia-informa\/carrion-de-los-condes-acoge-el-martes-16-una-jornada-sobre-tecnologia-en-el-cereal-y-el-forraje#breadcrumb\",\"itemListElement\":[{\"@type\":\"ListItem\",\"position\":1,\"name\":\"Portada\",\"item\":\"https:\/\/www.asajacyl.com\/palencia\/\"},{\"@type\":\"ListItem\",\"position\":2,\"name\":\"Carri\u00f3n de los Condes acoge el martes 16 una jornada sobre tecnolog\u00eda en el cereal y el forraje\"}]},{\"@type\":\"WebSite\",\"@id\":\"https:\/\/www.asajacyl.com\/palencia\/#website\",\"url\":\"https:\/\/www.asajacyl.com\/palencia\/\",\"name\":\"ASAJA Palencia\",\"description\":\"Otro sitio m\u00e1s de Provincias ASAJA Castilla y Le\u00f3n\",\"potentialAction\":[{\"@type\":\"SearchAction\",\"target\":{\"@type\":\"EntryPoint\",\"urlTemplate\":\"https:\/\/www.asajacyl.com\/palencia\/?s={search_term_string}\"},\"query-input\":{\"@type\":\"PropertyValueSpecification\",\"valueRequired\":true,\"valueName\":\"search_term_string\"}}],\"inLanguage\":\"es\"},{\"@type\":\"Person\",\"@id\":\"https:\/\/www.asajacyl.com\/palencia\/#\/schema\/person\/3ab17aeb03527485c317557fae64aab1\",\"name\":\"Administrador\",\"image\":{\"@type\":\"ImageObject\",\"inLanguage\":\"es\",\"@id\":\"https:\/\/www.asajacyl.com\/palencia\/#\/schema\/person\/image\/\",\"url\":\"https:\/\/secure.gravatar.com\/avatar\/517384810d242ca9e38c180f3c9fb973?s=96&d=mm&r=g\",\"contentUrl\":\"https:\/\/secure.gravatar.com\/avatar\/517384810d242ca9e38c180f3c9fb973?s=96&d=mm&r=g\",\"caption\":\"Administrador\"},\"url\":\"https:\/\/www.asajacyl.com\/palencia\/author\/carlosrm\"}]}<\/script>\n<!-- \/ Yoast SEO plugin. -->","yoast_head_json":{"title":"Carri\u00f3n de los Condes acoge el martes 16 una jornada sobre tecnolog\u00eda en el cereal y el forraje - ASAJA Palencia","description":"Carri\u00f3n de los Condes acoge el pr\u00f3ximo martes, 16 de septiembre, una jornada sobre la tecnolog\u00eda aplicada a los cultivos de cereal y forraje, dirigida a","robots":{"index":"index","follow":"follow","max-snippet":"max-snippet:-1","max-image-preview":"max-image-preview:large","max-video-preview":"max-video-preview:-1"},"canonical":"https:\/\/www.asajacyl.com\/palencia\/asaja-palencia-informa\/carrion-de-los-condes-acoge-el-martes-16-una-jornada-sobre-tecnologia-en-el-cereal-y-el-forraje","og_locale":"es_ES","og_type":"article","og_title":"Carri\u00f3n de los Condes acoge el martes 16 una jornada sobre tecnolog\u00eda en el cereal y el forraje - ASAJA Palencia","og_description":"Carri\u00f3n de los Condes acoge el pr\u00f3ximo martes, 16 de septiembre, una jornada sobre la tecnolog\u00eda aplicada a los cultivos de cereal y forraje, dirigida a","og_url":"https:\/\/www.asajacyl.com\/palencia\/asaja-palencia-informa\/carrion-de-los-condes-acoge-el-martes-16-una-jornada-sobre-tecnologia-en-el-cereal-y-el-forraje","og_site_name":"ASAJA Palencia","article_published_time":"2025-09-10T10:22:50+00:00","article_modified_time":"2025-09-11T11:34:35+00:00","og_image":[{"width":1890,"height":1654,"url":"https:\/\/www.asajacyl.com\/palencia\/wp-content\/uploads\/sites\/3\/2025\/09\/Agricultura-de-precision-modernizacion-web.jpg","type":"image\/jpeg"}],"author":"Administrador","twitter_card":"summary_large_image","twitter_misc":{"Escrito por":"Administrador","Tiempo de lectura":"3 minutos"},"schema":{"@context":"https:\/\/schema.org","@graph":[{"@type":"WebPage","@id":"https:\/\/www.asajacyl.com\/palencia\/asaja-palencia-informa\/carrion-de-los-condes-acoge-el-martes-16-una-jornada-sobre-tecnologia-en-el-cereal-y-el-forraje","url":"https:\/\/www.asajacyl.com\/palencia\/asaja-palencia-informa\/carrion-de-los-condes-acoge-el-martes-16-una-jornada-sobre-tecnologia-en-el-cereal-y-el-forraje","name":"Carri\u00f3n de los Condes acoge el martes 16 una jornada sobre tecnolog\u00eda en el cereal y el forraje - ASAJA Palencia","isPartOf":{"@id":"https:\/\/www.asajacyl.com\/palencia\/#website"},"primaryImageOfPage":{"@id":"https:\/\/www.asajacyl.com\/palencia\/asaja-palencia-informa\/carrion-de-los-condes-acoge-el-martes-16-una-jornada-sobre-tecnologia-en-el-cereal-y-el-forraje#primaryimage"},"image":{"@id":"https:\/\/www.asajacyl.com\/palencia\/asaja-palencia-informa\/carrion-de-los-condes-acoge-el-martes-16-una-jornada-sobre-tecnologia-en-el-cereal-y-el-forraje#primaryimage"},"thumbnailUrl":"https:\/\/www.asajacyl.com\/palencia\/wp-content\/uploads\/sites\/3\/2025\/09\/Agricultura-de-precision-modernizacion-web.jpg","datePublished":"2025-09-10T10:22:50+00:00","dateModified":"2025-09-11T11:34:35+00:00","author":{"@id":"https:\/\/www.asajacyl.com\/palencia\/#\/schema\/person\/3ab17aeb03527485c317557fae64aab1"},"description":"Carri\u00f3n de los Condes acoge el pr\u00f3ximo martes, 16 de septiembre, una jornada sobre la tecnolog\u00eda aplicada a los cultivos de cereal y forraje, dirigida a","breadcrumb":{"@id":"https:\/\/www.asajacyl.com\/palencia\/asaja-palencia-informa\/carrion-de-los-condes-acoge-el-martes-16-una-jornada-sobre-tecnologia-en-el-cereal-y-el-forraje#breadcrumb"},"inLanguage":"es","potentialAction":[{"@type":"ReadAction","target":["https:\/\/www.asajacyl.com\/palencia\/asaja-palencia-informa\/carrion-de-los-condes-acoge-el-martes-16-una-jornada-sobre-tecnologia-en-el-cereal-y-el-forraje"]}]},{"@type":"ImageObject","inLanguage":"es","@id":"https:\/\/www.asajacyl.com\/palencia\/asaja-palencia-informa\/carrion-de-los-condes-acoge-el-martes-16-una-jornada-sobre-tecnologia-en-el-cereal-y-el-forraje#primaryimage","url":"https:\/\/www.asajacyl.com\/palencia\/wp-content\/uploads\/sites\/3\/2025\/09\/Agricultura-de-precision-modernizacion-web.jpg","contentUrl":"https:\/\/www.asajacyl.com\/palencia\/wp-content\/uploads\/sites\/3\/2025\/09\/Agricultura-de-precision-modernizacion-web.jpg","width":1890,"height":1654},{"@type":"BreadcrumbList","@id":"https:\/\/www.asajacyl.com\/palencia\/asaja-palencia-informa\/carrion-de-los-condes-acoge-el-martes-16-una-jornada-sobre-tecnologia-en-el-cereal-y-el-forraje#breadcrumb","itemListElement":[{"@type":"ListItem","position":1,"name":"Portada","item":"https:\/\/www.asajacyl.com\/palencia\/"},{"@type":"ListItem","position":2,"name":"Carri\u00f3n de los Condes acoge el martes 16 una jornada sobre tecnolog\u00eda en el cereal y el forraje"}]},{"@type":"WebSite","@id":"https:\/\/www.asajacyl.com\/palencia\/#website","url":"https:\/\/www.asajacyl.com\/palencia\/","name":"ASAJA Palencia","description":"Otro sitio m\u00e1s de Provincias ASAJA Castilla y Le\u00f3n","potentialAction":[{"@type":"SearchAction","target":{"@type":"EntryPoint","urlTemplate":"https:\/\/www.asajacyl.com\/palencia\/?s={search_term_string}"},"query-input":{"@type":"PropertyValueSpecification","valueRequired":true,"valueName":"search_term_string"}}],"inLanguage":"es"},{"@type":"Person","@id":"https:\/\/www.asajacyl.com\/palencia\/#\/schema\/person\/3ab17aeb03527485c317557fae64aab1","name":"Administrador","image":{"@type":"ImageObject","inLanguage":"es","@id":"https:\/\/www.asajacyl.com\/palencia\/#\/schema\/person\/image\/","url":"https:\/\/secure.gravatar.com\/avatar\/517384810d242ca9e38c180f3c9fb973?s=96&d=mm&r=g","contentUrl":"https:\/\/secure.gravatar.com\/avatar\/517384810d242ca9e38c180f3c9fb973?s=96&d=mm&r=g","caption":"Administrador"},"url":"https:\/\/www.asajacyl.com\/palencia\/author\/carlosrm"}]}},"_links":{"self":[{"href":"https:\/\/www.asajacyl.com\/palencia\/wp-json\/wp\/v2\/posts\/20858"}],"collection":[{"href":"https:\/\/www.asajacyl.com\/palencia\/wp-json\/wp\/v2\/posts"}],"about":[{"href":"https:\/\/www.asajacyl.com\/palencia\/wp-json\/wp\/v2\/types\/post"}],"author":[{"embeddable":true,"href":"https:\/\/www.asajacyl.com\/palencia\/wp-json\/wp\/v2\/users\/9"}],"replies":[{"embeddable":true,"href":"https:\/\/www.asajacyl.com\/palencia\/wp-json\/wp\/v2\/comments?post=20858"}],"version-history":[{"count":6,"href":"https:\/\/www.asajacyl.com\/palencia\/wp-json\/wp\/v2\/posts\/20858\/revisions"}],"predecessor-version":[{"id":20892,"href":"https:\/\/www.asajacyl.com\/palencia\/wp-json\/wp\/v2\/posts\/20858\/revisions\/20892"}],"wp:featuredmedia":[{"embeddable":true,"href":"https:\/\/www.asajacyl.com\/palencia\/wp-json\/wp\/v2\/media\/20861"}],"wp:attachment":[{"href":"https:\/\/www.asajacyl.com\/palencia\/wp-json\/wp\/v2\/media?parent=20858"}],"wp:term":[{"taxonomy":"category","embeddable":true,"href":"https:\/\/www.asajacyl.com\/palencia\/wp-json\/wp\/v2\/categories?post=20858"},{"taxonomy":"post_tag","embeddable":true,"href":"https:\/\/www.asajacyl.com\/palencia\/wp-json\/wp\/v2\/tags?post=20858"}],"curies":[{"name":"wp","href":"https:\/\/api.w.org\/{rel}","templated":true}]}}