{"id":20867,"date":"2025-09-11T07:30:00","date_gmt":"2025-09-11T05:30:00","guid":{"rendered":"https:\/\/www.asajacyl.com\/palencia\/?p=20867"},"modified":"2025-09-10T14:37:54","modified_gmt":"2025-09-10T12:37:54","slug":"la-cotizacion-de-los-cereales-continua-estable-y-no-se-despega-del-subsuelo","status":"publish","type":"post","link":"https:\/\/www.asajacyl.com\/palencia\/asaja-palencia-informa\/la-cotizacion-de-los-cereales-continua-estable-y-no-se-despega-del-subsuelo","title":{"rendered":"La cotizaci\u00f3n de los cereales contin\u00faa estable y no se despega del subsuelo"},"content":{"rendered":"\n<h2 class=\"wp-block-heading\">La Lonja de Le\u00f3n de esta semana ha constatado el inmovilismo en los precios de los cereales, con cotizaciones subterr\u00e1neas. Desde el mercado leon\u00e9s apuntan que se est\u00e1 a la espera del informe del Departamento de Agricultura de Estados Unidos (USDA) de este mes, donde se recoger\u00e1n las previsiones de rendimiento del ma\u00edz, que en el anterior se estim\u00f3 en m\u00e1ximos hist\u00f3ricos, lo que tampoco ayudar\u00e1 a recuperar precio.<\/h2>\n\n\n\n<p>La devaluaci\u00f3n del d\u00f3lar frente al euro tambi\u00e9n es otro factor que frusta la posibilidad de que remonte la cotizaci\u00f3n del cereal en los mercados europeos. La Lonja de Le\u00f3n avanza en su comunicado tras la celebraci\u00f3n de la mesa del cereal de este mi\u00e9rcoles, 10 de septiembre, que \u00ablas nuevas tensiones geopol\u00edticas pueden tener consecuencias significativas en este sector\u00bb.<\/p>\n\n\n\n<p>Asimismo, no tardar\u00e1n en darse los primeros precios a los que operar\u00e1 el girasol esta campa\u00f1a de 2025, ya que agron\u00f3micamente se ha adelantado debido a las altas temperaturas y la falta de precipitaciones en los meses de julio y agosto. El pasado mes fue el m\u00e1s c\u00e1lido de la serie hist\u00f3rica en Castilla y Le\u00f3n, seg\u00fan la delegaci\u00f3n regional de la Agencia Estatal de Meteoroolog\u00eda (AEMET), con un promedio de anomal\u00edas positivas t\u00e9rmicas de +3,1 \u00baC en las diurnas y de +2,6 \u00baC en las medias, mientras las nocturnas sobrepasaron en unos dos grados cent\u00edgrados los valores de referenica del periodo 1991-2020.<\/p>\n\n\n\n<p>En cuanto a las precipitaciones, Palencia y otras zonas del centro de la regi\u00f3n presentaron en agosto precipitaciones inferiores a un litro por metro cuadrado. Los agricultores palentinos que apostaron por el girasol en secano habr\u00e1n enviados los m\u00e1s de veinte litros que se han recogido en agosto en el este de Soria y el norte de Burgos, esos chaparrones agostizos que se han echado de menos en las \u00faltimas semanas en nuestra provincia para conseguir que grane bien la oleaginosa.  <\/p>\n\n\n\n<p>La lonja leonesa ofreci\u00f3 el pasado 2024 una primera cotizaci\u00f3n el 25 de septiembre (415 euros\/tonelada el alto oleico, con un 80 % m\u00ednimo de \u00e1cido oleico; y 400 euros\/tonelada el convencional en calidad tipo 9-2-44). Estos precios operaron hasta mediado octubre, pero despu\u00e9s fueron subiendo hasta acabar la campa\u00f1a a finales de noviembre en 470 \u20ac\/t y 445 \u20ac\/t, respectivamente.<strong>\/<\/strong><\/p>\n\n\n\n<figure class=\"wp-block-image size-large is-resized\"><img loading=\"lazy\" decoding=\"async\" width=\"1024\" height=\"768\" src=\"https:\/\/www.asajacyl.com\/palencia\/wp-content\/uploads\/sites\/3\/2025\/09\/Precios-agricultura-10sep2025-1024x768.jpg\" alt=\"\" class=\"wp-image-20868\" style=\"width:1068px;height:auto\" srcset=\"https:\/\/www.asajacyl.com\/palencia\/wp-content\/uploads\/sites\/3\/2025\/09\/Precios-agricultura-10sep2025-1024x768.jpg 1024w, https:\/\/www.asajacyl.com\/palencia\/wp-content\/uploads\/sites\/3\/2025\/09\/Precios-agricultura-10sep2025-300x225.jpg 300w, https:\/\/www.asajacyl.com\/palencia\/wp-content\/uploads\/sites\/3\/2025\/09\/Precios-agricultura-10sep2025-768x576.jpg 768w, https:\/\/www.asajacyl.com\/palencia\/wp-content\/uploads\/sites\/3\/2025\/09\/Precios-agricultura-10sep2025-1536x1152.jpg 1536w, https:\/\/www.asajacyl.com\/palencia\/wp-content\/uploads\/sites\/3\/2025\/09\/Precios-agricultura-10sep2025-2048x1536.jpg 2048w, https:\/\/www.asajacyl.com\/palencia\/wp-content\/uploads\/sites\/3\/2025\/09\/Precios-agricultura-10sep2025-560x420.jpg 560w, https:\/\/www.asajacyl.com\/palencia\/wp-content\/uploads\/sites\/3\/2025\/09\/Precios-agricultura-10sep2025-80x60.jpg 80w, https:\/\/www.asajacyl.com\/palencia\/wp-content\/uploads\/sites\/3\/2025\/09\/Precios-agricultura-10sep2025-696x522.jpg 696w, https:\/\/www.asajacyl.com\/palencia\/wp-content\/uploads\/sites\/3\/2025\/09\/Precios-agricultura-10sep2025-1068x801.jpg 1068w, https:\/\/www.asajacyl.com\/palencia\/wp-content\/uploads\/sites\/3\/2025\/09\/Precios-agricultura-10sep2025-1920x1440.jpg 1920w\" sizes=\"(max-width: 1024px) 100vw, 1024px\" \/><\/figure>\n","protected":false},"excerpt":{"rendered":"<p>La Lonja de Le\u00f3n de esta semana ha constatado el inmovilismo en los precios de los cereales, con cotizaciones subterr\u00e1neas. Desde el mercado leon\u00e9s apuntan que se est\u00e1 a la espera del informe del Departamento de Agricultura de Estados Unidos (USDA) de este mes, donde se recoger\u00e1n las previsiones de rendimiento del ma\u00edz, que en [&hellip;]<\/p>\n","protected":false},"author":9,"featured_media":14808,"comment_status":"open","ping_status":"open","sticky":false,"template":"","format":"standard","meta":{"footnotes":""},"categories":[9,29,36,28,13],"tags":[58,290,221,46,145,219,92,93,220],"yoast_head":"<!-- This site is optimized with the Yoast SEO plugin v24.5 - https:\/\/yoast.com\/wordpress\/plugins\/seo\/ -->\n<title>La cotizaci\u00f3n de los cereales contin\u00faa estable y no se despega del subsuelo - ASAJA Palencia<\/title>\n<meta name=\"description\" content=\"La Lonja de Le\u00f3n de esta semana ha constatado el inmovilismo en los precios de los cereales, con cotizaciones subterr\u00e1neas. Desde el mercado leon\u00e9s\" \/>\n<meta name=\"robots\" content=\"index, follow, max-snippet:-1, max-image-preview:large, max-video-preview:-1\" \/>\n<link rel=\"canonical\" href=\"https:\/\/www.asajacyl.com\/palencia\/asaja-palencia-informa\/la-cotizacion-de-los-cereales-continua-estable-y-no-se-despega-del-subsuelo\" \/>\n<meta property=\"og:locale\" content=\"es_ES\" \/>\n<meta property=\"og:type\" content=\"article\" \/>\n<meta property=\"og:title\" content=\"La cotizaci\u00f3n de los cereales contin\u00faa estable y no se despega del subsuelo - ASAJA Palencia\" \/>\n<meta property=\"og:description\" content=\"La Lonja de Le\u00f3n de esta semana ha constatado el inmovilismo en los precios de los cereales, con cotizaciones subterr\u00e1neas. Desde el mercado leon\u00e9s\" \/>\n<meta property=\"og:url\" content=\"https:\/\/www.asajacyl.com\/palencia\/asaja-palencia-informa\/la-cotizacion-de-los-cereales-continua-estable-y-no-se-despega-del-subsuelo\" \/>\n<meta property=\"og:site_name\" content=\"ASAJA Palencia\" \/>\n<meta property=\"article:published_time\" content=\"2025-09-11T05:30:00+00:00\" \/>\n<meta property=\"og:image\" content=\"https:\/\/www.asajacyl.com\/palencia\/wp-content\/uploads\/sites\/3\/2023\/11\/Trigo-detalle-1024x896.jpg\" \/>\n\t<meta property=\"og:image:width\" content=\"1024\" \/>\n\t<meta property=\"og:image:height\" content=\"896\" \/>\n\t<meta property=\"og:image:type\" content=\"image\/jpeg\" \/>\n<meta name=\"author\" content=\"Administrador\" \/>\n<meta name=\"twitter:card\" content=\"summary_large_image\" \/>\n<meta name=\"twitter:label1\" content=\"Escrito por\" \/>\n\t<meta name=\"twitter:data1\" content=\"Administrador\" \/>\n\t<meta name=\"twitter:label2\" content=\"Tiempo de lectura\" \/>\n\t<meta name=\"twitter:data2\" content=\"3 minutos\" \/>\n<script type=\"application\/ld+json\" class=\"yoast-schema-graph\">{\"@context\":\"https:\/\/schema.org\",\"@graph\":[{\"@type\":\"WebPage\",\"@id\":\"https:\/\/www.asajacyl.com\/palencia\/asaja-palencia-informa\/la-cotizacion-de-los-cereales-continua-estable-y-no-se-despega-del-subsuelo\",\"url\":\"https:\/\/www.asajacyl.com\/palencia\/asaja-palencia-informa\/la-cotizacion-de-los-cereales-continua-estable-y-no-se-despega-del-subsuelo\",\"name\":\"La cotizaci\u00f3n de los cereales contin\u00faa estable y no se despega del subsuelo - ASAJA Palencia\",\"isPartOf\":{\"@id\":\"https:\/\/www.asajacyl.com\/palencia\/#website\"},\"primaryImageOfPage\":{\"@id\":\"https:\/\/www.asajacyl.com\/palencia\/asaja-palencia-informa\/la-cotizacion-de-los-cereales-continua-estable-y-no-se-despega-del-subsuelo#primaryimage\"},\"image\":{\"@id\":\"https:\/\/www.asajacyl.com\/palencia\/asaja-palencia-informa\/la-cotizacion-de-los-cereales-continua-estable-y-no-se-despega-del-subsuelo#primaryimage\"},\"thumbnailUrl\":\"https:\/\/www.asajacyl.com\/palencia\/wp-content\/uploads\/sites\/3\/2023\/11\/Trigo-detalle.jpg\",\"datePublished\":\"2025-09-11T05:30:00+00:00\",\"author\":{\"@id\":\"https:\/\/www.asajacyl.com\/palencia\/#\/schema\/person\/3ab17aeb03527485c317557fae64aab1\"},\"description\":\"La Lonja de Le\u00f3n de esta semana ha constatado el inmovilismo en los precios de los cereales, con cotizaciones subterr\u00e1neas. Desde el mercado leon\u00e9s\",\"breadcrumb\":{\"@id\":\"https:\/\/www.asajacyl.com\/palencia\/asaja-palencia-informa\/la-cotizacion-de-los-cereales-continua-estable-y-no-se-despega-del-subsuelo#breadcrumb\"},\"inLanguage\":\"es\",\"potentialAction\":[{\"@type\":\"ReadAction\",\"target\":[\"https:\/\/www.asajacyl.com\/palencia\/asaja-palencia-informa\/la-cotizacion-de-los-cereales-continua-estable-y-no-se-despega-del-subsuelo\"]}]},{\"@type\":\"ImageObject\",\"inLanguage\":\"es\",\"@id\":\"https:\/\/www.asajacyl.com\/palencia\/asaja-palencia-informa\/la-cotizacion-de-los-cereales-continua-estable-y-no-se-despega-del-subsuelo#primaryimage\",\"url\":\"https:\/\/www.asajacyl.com\/palencia\/wp-content\/uploads\/sites\/3\/2023\/11\/Trigo-detalle.jpg\",\"contentUrl\":\"https:\/\/www.asajacyl.com\/palencia\/wp-content\/uploads\/sites\/3\/2023\/11\/Trigo-detalle.jpg\",\"width\":1890,\"height\":1654},{\"@type\":\"BreadcrumbList\",\"@id\":\"https:\/\/www.asajacyl.com\/palencia\/asaja-palencia-informa\/la-cotizacion-de-los-cereales-continua-estable-y-no-se-despega-del-subsuelo#breadcrumb\",\"itemListElement\":[{\"@type\":\"ListItem\",\"position\":1,\"name\":\"Portada\",\"item\":\"https:\/\/www.asajacyl.com\/palencia\/\"},{\"@type\":\"ListItem\",\"position\":2,\"name\":\"La cotizaci\u00f3n de los cereales contin\u00faa estable y no se despega del subsuelo\"}]},{\"@type\":\"WebSite\",\"@id\":\"https:\/\/www.asajacyl.com\/palencia\/#website\",\"url\":\"https:\/\/www.asajacyl.com\/palencia\/\",\"name\":\"ASAJA Palencia\",\"description\":\"Otro sitio m\u00e1s de Provincias ASAJA Castilla y Le\u00f3n\",\"potentialAction\":[{\"@type\":\"SearchAction\",\"target\":{\"@type\":\"EntryPoint\",\"urlTemplate\":\"https:\/\/www.asajacyl.com\/palencia\/?s={search_term_string}\"},\"query-input\":{\"@type\":\"PropertyValueSpecification\",\"valueRequired\":true,\"valueName\":\"search_term_string\"}}],\"inLanguage\":\"es\"},{\"@type\":\"Person\",\"@id\":\"https:\/\/www.asajacyl.com\/palencia\/#\/schema\/person\/3ab17aeb03527485c317557fae64aab1\",\"name\":\"Administrador\",\"image\":{\"@type\":\"ImageObject\",\"inLanguage\":\"es\",\"@id\":\"https:\/\/www.asajacyl.com\/palencia\/#\/schema\/person\/image\/\",\"url\":\"https:\/\/secure.gravatar.com\/avatar\/517384810d242ca9e38c180f3c9fb973?s=96&d=mm&r=g\",\"contentUrl\":\"https:\/\/secure.gravatar.com\/avatar\/517384810d242ca9e38c180f3c9fb973?s=96&d=mm&r=g\",\"caption\":\"Administrador\"},\"url\":\"https:\/\/www.asajacyl.com\/palencia\/author\/carlosrm\"}]}<\/script>\n<!-- \/ Yoast SEO plugin. -->","yoast_head_json":{"title":"La cotizaci\u00f3n de los cereales contin\u00faa estable y no se despega del subsuelo - ASAJA Palencia","description":"La Lonja de Le\u00f3n de esta semana ha constatado el inmovilismo en los precios de los cereales, con cotizaciones subterr\u00e1neas. Desde el mercado leon\u00e9s","robots":{"index":"index","follow":"follow","max-snippet":"max-snippet:-1","max-image-preview":"max-image-preview:large","max-video-preview":"max-video-preview:-1"},"canonical":"https:\/\/www.asajacyl.com\/palencia\/asaja-palencia-informa\/la-cotizacion-de-los-cereales-continua-estable-y-no-se-despega-del-subsuelo","og_locale":"es_ES","og_type":"article","og_title":"La cotizaci\u00f3n de los cereales contin\u00faa estable y no se despega del subsuelo - ASAJA Palencia","og_description":"La Lonja de Le\u00f3n de esta semana ha constatado el inmovilismo en los precios de los cereales, con cotizaciones subterr\u00e1neas. Desde el mercado leon\u00e9s","og_url":"https:\/\/www.asajacyl.com\/palencia\/asaja-palencia-informa\/la-cotizacion-de-los-cereales-continua-estable-y-no-se-despega-del-subsuelo","og_site_name":"ASAJA Palencia","article_published_time":"2025-09-11T05:30:00+00:00","og_image":[{"width":1024,"height":896,"url":"https:\/\/www.asajacyl.com\/palencia\/wp-content\/uploads\/sites\/3\/2023\/11\/Trigo-detalle-1024x896.jpg","type":"image\/jpeg"}],"author":"Administrador","twitter_card":"summary_large_image","twitter_misc":{"Escrito por":"Administrador","Tiempo de lectura":"3 minutos"},"schema":{"@context":"https:\/\/schema.org","@graph":[{"@type":"WebPage","@id":"https:\/\/www.asajacyl.com\/palencia\/asaja-palencia-informa\/la-cotizacion-de-los-cereales-continua-estable-y-no-se-despega-del-subsuelo","url":"https:\/\/www.asajacyl.com\/palencia\/asaja-palencia-informa\/la-cotizacion-de-los-cereales-continua-estable-y-no-se-despega-del-subsuelo","name":"La cotizaci\u00f3n de los cereales contin\u00faa estable y no se despega del subsuelo - ASAJA Palencia","isPartOf":{"@id":"https:\/\/www.asajacyl.com\/palencia\/#website"},"primaryImageOfPage":{"@id":"https:\/\/www.asajacyl.com\/palencia\/asaja-palencia-informa\/la-cotizacion-de-los-cereales-continua-estable-y-no-se-despega-del-subsuelo#primaryimage"},"image":{"@id":"https:\/\/www.asajacyl.com\/palencia\/asaja-palencia-informa\/la-cotizacion-de-los-cereales-continua-estable-y-no-se-despega-del-subsuelo#primaryimage"},"thumbnailUrl":"https:\/\/www.asajacyl.com\/palencia\/wp-content\/uploads\/sites\/3\/2023\/11\/Trigo-detalle.jpg","datePublished":"2025-09-11T05:30:00+00:00","author":{"@id":"https:\/\/www.asajacyl.com\/palencia\/#\/schema\/person\/3ab17aeb03527485c317557fae64aab1"},"description":"La Lonja de Le\u00f3n de esta semana ha constatado el inmovilismo en los precios de los cereales, con cotizaciones subterr\u00e1neas. Desde el mercado leon\u00e9s","breadcrumb":{"@id":"https:\/\/www.asajacyl.com\/palencia\/asaja-palencia-informa\/la-cotizacion-de-los-cereales-continua-estable-y-no-se-despega-del-subsuelo#breadcrumb"},"inLanguage":"es","potentialAction":[{"@type":"ReadAction","target":["https:\/\/www.asajacyl.com\/palencia\/asaja-palencia-informa\/la-cotizacion-de-los-cereales-continua-estable-y-no-se-despega-del-subsuelo"]}]},{"@type":"ImageObject","inLanguage":"es","@id":"https:\/\/www.asajacyl.com\/palencia\/asaja-palencia-informa\/la-cotizacion-de-los-cereales-continua-estable-y-no-se-despega-del-subsuelo#primaryimage","url":"https:\/\/www.asajacyl.com\/palencia\/wp-content\/uploads\/sites\/3\/2023\/11\/Trigo-detalle.jpg","contentUrl":"https:\/\/www.asajacyl.com\/palencia\/wp-content\/uploads\/sites\/3\/2023\/11\/Trigo-detalle.jpg","width":1890,"height":1654},{"@type":"BreadcrumbList","@id":"https:\/\/www.asajacyl.com\/palencia\/asaja-palencia-informa\/la-cotizacion-de-los-cereales-continua-estable-y-no-se-despega-del-subsuelo#breadcrumb","itemListElement":[{"@type":"ListItem","position":1,"name":"Portada","item":"https:\/\/www.asajacyl.com\/palencia\/"},{"@type":"ListItem","position":2,"name":"La cotizaci\u00f3n de los cereales contin\u00faa estable y no se despega del subsuelo"}]},{"@type":"WebSite","@id":"https:\/\/www.asajacyl.com\/palencia\/#website","url":"https:\/\/www.asajacyl.com\/palencia\/","name":"ASAJA Palencia","description":"Otro sitio m\u00e1s de Provincias ASAJA Castilla y Le\u00f3n","potentialAction":[{"@type":"SearchAction","target":{"@type":"EntryPoint","urlTemplate":"https:\/\/www.asajacyl.com\/palencia\/?s={search_term_string}"},"query-input":{"@type":"PropertyValueSpecification","valueRequired":true,"valueName":"search_term_string"}}],"inLanguage":"es"},{"@type":"Person","@id":"https:\/\/www.asajacyl.com\/palencia\/#\/schema\/person\/3ab17aeb03527485c317557fae64aab1","name":"Administrador","image":{"@type":"ImageObject","inLanguage":"es","@id":"https:\/\/www.asajacyl.com\/palencia\/#\/schema\/person\/image\/","url":"https:\/\/secure.gravatar.com\/avatar\/517384810d242ca9e38c180f3c9fb973?s=96&d=mm&r=g","contentUrl":"https:\/\/secure.gravatar.com\/avatar\/517384810d242ca9e38c180f3c9fb973?s=96&d=mm&r=g","caption":"Administrador"},"url":"https:\/\/www.asajacyl.com\/palencia\/author\/carlosrm"}]}},"_links":{"self":[{"href":"https:\/\/www.asajacyl.com\/palencia\/wp-json\/wp\/v2\/posts\/20867"}],"collection":[{"href":"https:\/\/www.asajacyl.com\/palencia\/wp-json\/wp\/v2\/posts"}],"about":[{"href":"https:\/\/www.asajacyl.com\/palencia\/wp-json\/wp\/v2\/types\/post"}],"author":[{"embeddable":true,"href":"https:\/\/www.asajacyl.com\/palencia\/wp-json\/wp\/v2\/users\/9"}],"replies":[{"embeddable":true,"href":"https:\/\/www.asajacyl.com\/palencia\/wp-json\/wp\/v2\/comments?post=20867"}],"version-history":[{"count":1,"href":"https:\/\/www.asajacyl.com\/palencia\/wp-json\/wp\/v2\/posts\/20867\/revisions"}],"predecessor-version":[{"id":20869,"href":"https:\/\/www.asajacyl.com\/palencia\/wp-json\/wp\/v2\/posts\/20867\/revisions\/20869"}],"wp:featuredmedia":[{"embeddable":true,"href":"https:\/\/www.asajacyl.com\/palencia\/wp-json\/wp\/v2\/media\/14808"}],"wp:attachment":[{"href":"https:\/\/www.asajacyl.com\/palencia\/wp-json\/wp\/v2\/media?parent=20867"}],"wp:term":[{"taxonomy":"category","embeddable":true,"href":"https:\/\/www.asajacyl.com\/palencia\/wp-json\/wp\/v2\/categories?post=20867"},{"taxonomy":"post_tag","embeddable":true,"href":"https:\/\/www.asajacyl.com\/palencia\/wp-json\/wp\/v2\/tags?post=20867"}],"curies":[{"name":"wp","href":"https:\/\/api.w.org\/{rel}","templated":true}]}}