{"id":20871,"date":"2025-09-12T07:30:41","date_gmt":"2025-09-12T05:30:41","guid":{"rendered":"https:\/\/www.asajacyl.com\/palencia\/?p=20871"},"modified":"2025-09-11T14:22:46","modified_gmt":"2025-09-11T12:22:46","slug":"asaja-traslada-al-ministerio-que-los-profesionales-del-campo-viven-un-momento-de-maxima-tension","status":"publish","type":"post","link":"https:\/\/www.asajacyl.com\/palencia\/asaja-palencia-informa\/asaja-traslada-al-ministerio-que-los-profesionales-del-campo-viven-un-momento-de-maxima-tension","title":{"rendered":"ASAJA traslada al Ministerio que los profesionales del campo sufren un momento de m\u00e1xima tensi\u00f3n"},"content":{"rendered":"\n<h2 class=\"wp-block-heading\">El&nbsp;Comit\u00e9 Ejecutivo de ASAJA, encabezado por su presidente&nbsp;Pedro Barato, se ha reunido esta semana con el ministro de Agricultura, Pesca y Alimentaci\u00f3n,&nbsp;Luis Planas, para trasladarle las principales preocupaciones del campo espa\u00f1ol en un momento de&nbsp;m\u00e1xima tensi\u00f3n para agricultores y ganaderos: incendios, dise\u00f1o de una PAC desvirtuada, sectores en crisis de rentabilidad, acuerdos comerciales de la UE lesivos para nuestro sector agroganadero&#8230;<\/h2>\n\n\n<div class=\"wp-block-image\">\n<figure class=\"alignright size-large is-resized\"><img loading=\"lazy\" decoding=\"async\" width=\"1024\" height=\"580\" src=\"https:\/\/www.asajacyl.com\/palencia\/wp-content\/uploads\/sites\/3\/2025\/09\/Asaja-en-Ministerio2-10sep2025-web-1024x580.jpg\" alt=\"\" class=\"wp-image-20875\" style=\"width:818px;height:auto\" srcset=\"https:\/\/www.asajacyl.com\/palencia\/wp-content\/uploads\/sites\/3\/2025\/09\/Asaja-en-Ministerio2-10sep2025-web-1024x580.jpg 1024w, https:\/\/www.asajacyl.com\/palencia\/wp-content\/uploads\/sites\/3\/2025\/09\/Asaja-en-Ministerio2-10sep2025-web-300x170.jpg 300w, https:\/\/www.asajacyl.com\/palencia\/wp-content\/uploads\/sites\/3\/2025\/09\/Asaja-en-Ministerio2-10sep2025-web-768x435.jpg 768w, https:\/\/www.asajacyl.com\/palencia\/wp-content\/uploads\/sites\/3\/2025\/09\/Asaja-en-Ministerio2-10sep2025-web-1536x869.jpg 1536w, https:\/\/www.asajacyl.com\/palencia\/wp-content\/uploads\/sites\/3\/2025\/09\/Asaja-en-Ministerio2-10sep2025-web-2048x1159.jpg 2048w, https:\/\/www.asajacyl.com\/palencia\/wp-content\/uploads\/sites\/3\/2025\/09\/Asaja-en-Ministerio2-10sep2025-web-742x420.jpg 742w, https:\/\/www.asajacyl.com\/palencia\/wp-content\/uploads\/sites\/3\/2025\/09\/Asaja-en-Ministerio2-10sep2025-web-696x394.jpg 696w, https:\/\/www.asajacyl.com\/palencia\/wp-content\/uploads\/sites\/3\/2025\/09\/Asaja-en-Ministerio2-10sep2025-web-1068x604.jpg 1068w, https:\/\/www.asajacyl.com\/palencia\/wp-content\/uploads\/sites\/3\/2025\/09\/Asaja-en-Ministerio2-10sep2025-web-1920x1087.jpg 1920w\" sizes=\"(max-width: 1024px) 100vw, 1024px\" \/><figcaption class=\"wp-element-caption\">Un momento de la reuni\u00f3n de este mi\u00e9rcoles 10 de septiembre entre los m\u00e1ximos responsables de ASAJA y del Ministerio de Agricultura, Pesca y Alimentaci\u00f3n.<\/figcaption><\/figure><\/div>\n\n\n<p>En la agenda del encuentro, desarrollado en la tarde del mi\u00e9rcoles 10 de septiembre, han destacado cuestiones urgentes como la declaraci\u00f3n de&nbsp;zona catastr\u00f3fica para las \u00e1reas afectadas por los <strong>incendios forestales<\/strong> de este verano, as\u00ed como la reclamaci\u00f3n de ayudas directas y fiscales&nbsp;para los damnificados.<\/p>\n\n\n\n<p>Otro de los ejes de la reuni\u00f3n ha sido la&nbsp;reforma de la <strong>Pol\u00edtica Agraria Com\u00fan<\/strong> (PAC)&nbsp;y del&nbsp;Marco Financiero Plurianual que ha planteado la Comisi\u00f3n Europea para el periodo 2028-2034. ASAJA rechaza de plano las propuestas de Bruselas al considerar que suponen una&nbsp;renacionalizaci\u00f3n encubierta, m\u00e1s recortes y mayor burocracia. <\/p>\n\n\n\n<p>Nuestra organizaci\u00f3n rechaza el recorte presupuestario y reclama que se mantengan los <strong>dos pilares <\/strong>de la PAC, consolidados desde hace m\u00e1s de una d\u00e9cada en este programa europeo: el primer pilar, que financia <strong>las ayudas directas y las medidas de mercado<\/strong>, con cargo al Fondo Europeo Agr\u00edcola de Garant\u00eda (FEAGA); y el segundo pilar en favor del <strong>desarrollo rural<\/strong> en r\u00e9gimen de cofinanciaci\u00f3n por las administraciones central y auton\u00f3mica de cada pa\u00eds (FEADER).<\/p>\n\n\n\n<p>Cara a perfilar esa nueva PAC, ASAJA ha insistido ante el ministro Planas en reforzar los <strong>apoyos a la actividad productiva<\/strong> de los agricultores y ganaderos profesionales, que se ve penalizada con el mecanismo de pagos regresivos. Asimismo, reclamamos <strong>simplificar la condicionalidad<\/strong>, que a menudo acarrea cortapisas a esa producci\u00f3n, por motivos pol\u00edticos y sin una base cient\u00edfica, lo que adem\u00e1s  genera una sobrecarga burocr\u00e1tica. <\/p>\n\n\n\n<p><strong>ASAJA valora positivamente que el Ministerio, con su titular a la cabeza, se oponga a la actual propuesta <\/strong>del Marco Financiero Plurianual, que seg\u00fan c\u00e1lculos oficiales podr\u00eda suponer un recorte del 20 % (m\u00e1s porcentaje si tenemos en cuenta la inflaci\u00f3n de los \u00faltimos a\u00f1os) y de la futura PAC, cuestionada tanto en forma como en contenido.<\/p>\n\n\n\n<p>En cuanto a sectores concretos, Pedro Barato plante\u00f3 al Ministerio la necesidad de medidas espec\u00edficas para la <strong>ganader\u00eda<\/strong>, el <strong>vino <\/strong>y la <strong>agricultura continental<\/strong> \u2014que es la predominante en la provincia de Palencia\u2014 mucho m\u00e1s castigada que la agricultura mediterr\u00e1nea por el actual contexto de bajos precios e incremento de costes de producci\u00f3n, lo que est\u00e1 minando su rentabilidad y su viabilidad econ\u00f3mica a corto y medio plazo.<\/p>\n\n\n\n<p>ASAJA reclam\u00f3 la puesta en marcha de un <strong>plan de choque que amortig\u00fce el impacto inflacionario<\/strong> de la subida del salario m\u00ednimo interprofesional, la energ\u00eda, los fertilizantes y la maquinaria, factores que asfixian las cuentas de las explotaciones.<\/p>\n\n\n\n<p>En el cap\u00edtulo internacional tambi\u00e9n hizo especial hincapi\u00e9 ASAJA en su&nbsp;<strong>rechazo a los acuerdos comerciales de la UE con Mercosur, Estados Unidos, Ucrania y Moldavia<\/strong>. Nuestra organizaci\u00f3n considera que suponen una&nbsp;<strong>competencia desleal<\/strong>&nbsp;por la llegada de producciones que incumplen los est\u00e1ndares europeos. <\/p>\n\n\n\n<p>Por ello, se exigi\u00f3 en la reuni\u00f3n ministerial reciprocidad real y m\u00e1s controles en frontera\u00a0para proteger no s\u00f3lo la renta de los agricultores y ganaderos, sino un bien superior y general parar toda la sociedad europea, incluida la espa\u00f1ola: nuestra seguridad y soberan\u00eda alimentarias.<\/p>\n\n\n\n<p>Nuestra organizaci\u00f3n pidi\u00f3 una apuesta pol\u00edtica firme por <strong>nuevas infraestructuras hidr\u00e1ulicas<\/strong>, el impulso al <strong>regad\u00edo <\/strong>y el desarrollo de una estrategia de resiliencia h\u00eddrica que garantice suministro en periodos de sequ\u00eda. Asimismo, ASAJA subray\u00f3 la necesidad de facilitar el <strong>relevo generacional<\/strong> con mayores apoyos econ\u00f3micos, garantizar el acceso a <strong>fitosanitarios eficaces<\/strong> y avanzar en el desarrollo de <strong>nuevas t\u00e9cnicas gen\u00f3micas<\/strong> (NTG).<\/p>\n\n\n\n<p>La directiva de ASAJA record\u00f3 que seguir\u00e1 <strong>defendiendo con firmeza a los agricultores y ganaderos espa\u00f1oles en todos los foros<\/strong>, exigiendo que las pol\u00edticas p\u00fablicas se adapten a la realidad del campo y garanticen la viabilidad de las explotaciones. <\/p>\n\n\n\n<p>Nuestra organizaci\u00f3n remarc\u00f3 que est\u00e1 al servicio de sus asociados para proteger sus intereses, impulsar el relevo generacional y asegurar un futuro competitivo y sostenible para la agricultura y la ganader\u00eda de nuestro pa\u00eds.<strong>\/<\/strong><\/p>\n","protected":false},"excerpt":{"rendered":"<p>El&nbsp;Comit\u00e9 Ejecutivo de ASAJA, encabezado por su presidente&nbsp;Pedro Barato, se ha reunido esta semana con el ministro de Agricultura, Pesca y Alimentaci\u00f3n,&nbsp;Luis Planas, para trasladarle las principales preocupaciones del campo espa\u00f1ol en un momento de&nbsp;m\u00e1xima tensi\u00f3n para agricultores y ganaderos: incendios, dise\u00f1o de una PAC desvirtuada, sectores en crisis de rentabilidad, acuerdos comerciales de la [&hellip;]<\/p>\n","protected":false},"author":9,"featured_media":20874,"comment_status":"open","ping_status":"open","sticky":false,"template":"","format":"standard","meta":{"footnotes":""},"categories":[9,28,13],"tags":[1563,1172,1201,1536,1308,58,677,59,46,1537,351,370,49,801,77,588,110,1572,1333,1142,1188,286,317,335,338],"yoast_head":"<!-- This site is optimized with the Yoast SEO plugin v24.5 - https:\/\/yoast.com\/wordpress\/plugins\/seo\/ -->\n<title>ASAJA traslada al Ministerio que los profesionales del campo sufren un momento de m\u00e1xima tensi\u00f3n - ASAJA Palencia<\/title>\n<meta name=\"description\" content=\"El&nbsp;Comit\u00e9 Ejecutivo de ASAJA, encabezado por su presidente&nbsp;Pedro Barato, se ha reunido esta semana con el ministro de Agricultura, Pesca y\" \/>\n<meta name=\"robots\" content=\"index, follow, max-snippet:-1, max-image-preview:large, max-video-preview:-1\" \/>\n<link rel=\"canonical\" href=\"https:\/\/www.asajacyl.com\/palencia\/asaja-palencia-informa\/asaja-traslada-al-ministerio-que-los-profesionales-del-campo-viven-un-momento-de-maxima-tension\" \/>\n<meta property=\"og:locale\" content=\"es_ES\" \/>\n<meta property=\"og:type\" content=\"article\" \/>\n<meta property=\"og:title\" content=\"ASAJA traslada al Ministerio que los profesionales del campo sufren un momento de m\u00e1xima tensi\u00f3n - ASAJA Palencia\" \/>\n<meta property=\"og:description\" content=\"El&nbsp;Comit\u00e9 Ejecutivo de ASAJA, encabezado por su presidente&nbsp;Pedro Barato, se ha reunido esta semana con el ministro de Agricultura, Pesca y\" \/>\n<meta property=\"og:url\" content=\"https:\/\/www.asajacyl.com\/palencia\/asaja-palencia-informa\/asaja-traslada-al-ministerio-que-los-profesionales-del-campo-viven-un-momento-de-maxima-tension\" \/>\n<meta property=\"og:site_name\" content=\"ASAJA Palencia\" \/>\n<meta property=\"article:published_time\" content=\"2025-09-12T05:30:41+00:00\" \/>\n<meta property=\"og:image\" content=\"https:\/\/www.asajacyl.com\/palencia\/wp-content\/uploads\/sites\/3\/2025\/09\/Asaja-en-Ministerio-10sep2025-web.jpg\" \/>\n\t<meta property=\"og:image:width\" content=\"1890\" \/>\n\t<meta property=\"og:image:height\" content=\"1654\" \/>\n\t<meta property=\"og:image:type\" content=\"image\/jpeg\" \/>\n<meta name=\"author\" content=\"Administrador\" \/>\n<meta name=\"twitter:card\" content=\"summary_large_image\" \/>\n<meta name=\"twitter:label1\" content=\"Escrito por\" \/>\n\t<meta name=\"twitter:data1\" content=\"Administrador\" \/>\n\t<meta name=\"twitter:label2\" content=\"Tiempo de lectura\" \/>\n\t<meta name=\"twitter:data2\" content=\"4 minutos\" \/>\n<script type=\"application\/ld+json\" class=\"yoast-schema-graph\">{\"@context\":\"https:\/\/schema.org\",\"@graph\":[{\"@type\":\"WebPage\",\"@id\":\"https:\/\/www.asajacyl.com\/palencia\/asaja-palencia-informa\/asaja-traslada-al-ministerio-que-los-profesionales-del-campo-viven-un-momento-de-maxima-tension\",\"url\":\"https:\/\/www.asajacyl.com\/palencia\/asaja-palencia-informa\/asaja-traslada-al-ministerio-que-los-profesionales-del-campo-viven-un-momento-de-maxima-tension\",\"name\":\"ASAJA traslada al Ministerio que los profesionales del campo sufren un momento de m\u00e1xima tensi\u00f3n - ASAJA Palencia\",\"isPartOf\":{\"@id\":\"https:\/\/www.asajacyl.com\/palencia\/#website\"},\"primaryImageOfPage\":{\"@id\":\"https:\/\/www.asajacyl.com\/palencia\/asaja-palencia-informa\/asaja-traslada-al-ministerio-que-los-profesionales-del-campo-viven-un-momento-de-maxima-tension#primaryimage\"},\"image\":{\"@id\":\"https:\/\/www.asajacyl.com\/palencia\/asaja-palencia-informa\/asaja-traslada-al-ministerio-que-los-profesionales-del-campo-viven-un-momento-de-maxima-tension#primaryimage\"},\"thumbnailUrl\":\"https:\/\/www.asajacyl.com\/palencia\/wp-content\/uploads\/sites\/3\/2025\/09\/Asaja-en-Ministerio-10sep2025-web.jpg\",\"datePublished\":\"2025-09-12T05:30:41+00:00\",\"author\":{\"@id\":\"https:\/\/www.asajacyl.com\/palencia\/#\/schema\/person\/3ab17aeb03527485c317557fae64aab1\"},\"description\":\"El&nbsp;Comit\u00e9 Ejecutivo de ASAJA, encabezado por su presidente&nbsp;Pedro Barato, se ha reunido esta semana con el ministro de Agricultura, Pesca y\",\"breadcrumb\":{\"@id\":\"https:\/\/www.asajacyl.com\/palencia\/asaja-palencia-informa\/asaja-traslada-al-ministerio-que-los-profesionales-del-campo-viven-un-momento-de-maxima-tension#breadcrumb\"},\"inLanguage\":\"es\",\"potentialAction\":[{\"@type\":\"ReadAction\",\"target\":[\"https:\/\/www.asajacyl.com\/palencia\/asaja-palencia-informa\/asaja-traslada-al-ministerio-que-los-profesionales-del-campo-viven-un-momento-de-maxima-tension\"]}]},{\"@type\":\"ImageObject\",\"inLanguage\":\"es\",\"@id\":\"https:\/\/www.asajacyl.com\/palencia\/asaja-palencia-informa\/asaja-traslada-al-ministerio-que-los-profesionales-del-campo-viven-un-momento-de-maxima-tension#primaryimage\",\"url\":\"https:\/\/www.asajacyl.com\/palencia\/wp-content\/uploads\/sites\/3\/2025\/09\/Asaja-en-Ministerio-10sep2025-web.jpg\",\"contentUrl\":\"https:\/\/www.asajacyl.com\/palencia\/wp-content\/uploads\/sites\/3\/2025\/09\/Asaja-en-Ministerio-10sep2025-web.jpg\",\"width\":1890,\"height\":1654},{\"@type\":\"BreadcrumbList\",\"@id\":\"https:\/\/www.asajacyl.com\/palencia\/asaja-palencia-informa\/asaja-traslada-al-ministerio-que-los-profesionales-del-campo-viven-un-momento-de-maxima-tension#breadcrumb\",\"itemListElement\":[{\"@type\":\"ListItem\",\"position\":1,\"name\":\"Portada\",\"item\":\"https:\/\/www.asajacyl.com\/palencia\/\"},{\"@type\":\"ListItem\",\"position\":2,\"name\":\"ASAJA traslada al Ministerio que los profesionales del campo sufren un momento de m\u00e1xima tensi\u00f3n\"}]},{\"@type\":\"WebSite\",\"@id\":\"https:\/\/www.asajacyl.com\/palencia\/#website\",\"url\":\"https:\/\/www.asajacyl.com\/palencia\/\",\"name\":\"ASAJA Palencia\",\"description\":\"Otro sitio m\u00e1s de Provincias ASAJA Castilla y Le\u00f3n\",\"potentialAction\":[{\"@type\":\"SearchAction\",\"target\":{\"@type\":\"EntryPoint\",\"urlTemplate\":\"https:\/\/www.asajacyl.com\/palencia\/?s={search_term_string}\"},\"query-input\":{\"@type\":\"PropertyValueSpecification\",\"valueRequired\":true,\"valueName\":\"search_term_string\"}}],\"inLanguage\":\"es\"},{\"@type\":\"Person\",\"@id\":\"https:\/\/www.asajacyl.com\/palencia\/#\/schema\/person\/3ab17aeb03527485c317557fae64aab1\",\"name\":\"Administrador\",\"image\":{\"@type\":\"ImageObject\",\"inLanguage\":\"es\",\"@id\":\"https:\/\/www.asajacyl.com\/palencia\/#\/schema\/person\/image\/\",\"url\":\"https:\/\/secure.gravatar.com\/avatar\/517384810d242ca9e38c180f3c9fb973?s=96&d=mm&r=g\",\"contentUrl\":\"https:\/\/secure.gravatar.com\/avatar\/517384810d242ca9e38c180f3c9fb973?s=96&d=mm&r=g\",\"caption\":\"Administrador\"},\"url\":\"https:\/\/www.asajacyl.com\/palencia\/author\/carlosrm\"}]}<\/script>\n<!-- \/ Yoast SEO plugin. -->","yoast_head_json":{"title":"ASAJA traslada al Ministerio que los profesionales del campo sufren un momento de m\u00e1xima tensi\u00f3n - ASAJA Palencia","description":"El&nbsp;Comit\u00e9 Ejecutivo de ASAJA, encabezado por su presidente&nbsp;Pedro Barato, se ha reunido esta semana con el ministro de Agricultura, Pesca y","robots":{"index":"index","follow":"follow","max-snippet":"max-snippet:-1","max-image-preview":"max-image-preview:large","max-video-preview":"max-video-preview:-1"},"canonical":"https:\/\/www.asajacyl.com\/palencia\/asaja-palencia-informa\/asaja-traslada-al-ministerio-que-los-profesionales-del-campo-viven-un-momento-de-maxima-tension","og_locale":"es_ES","og_type":"article","og_title":"ASAJA traslada al Ministerio que los profesionales del campo sufren un momento de m\u00e1xima tensi\u00f3n - ASAJA Palencia","og_description":"El&nbsp;Comit\u00e9 Ejecutivo de ASAJA, encabezado por su presidente&nbsp;Pedro Barato, se ha reunido esta semana con el ministro de Agricultura, Pesca y","og_url":"https:\/\/www.asajacyl.com\/palencia\/asaja-palencia-informa\/asaja-traslada-al-ministerio-que-los-profesionales-del-campo-viven-un-momento-de-maxima-tension","og_site_name":"ASAJA Palencia","article_published_time":"2025-09-12T05:30:41+00:00","og_image":[{"width":1890,"height":1654,"url":"https:\/\/www.asajacyl.com\/palencia\/wp-content\/uploads\/sites\/3\/2025\/09\/Asaja-en-Ministerio-10sep2025-web.jpg","type":"image\/jpeg"}],"author":"Administrador","twitter_card":"summary_large_image","twitter_misc":{"Escrito por":"Administrador","Tiempo de lectura":"4 minutos"},"schema":{"@context":"https:\/\/schema.org","@graph":[{"@type":"WebPage","@id":"https:\/\/www.asajacyl.com\/palencia\/asaja-palencia-informa\/asaja-traslada-al-ministerio-que-los-profesionales-del-campo-viven-un-momento-de-maxima-tension","url":"https:\/\/www.asajacyl.com\/palencia\/asaja-palencia-informa\/asaja-traslada-al-ministerio-que-los-profesionales-del-campo-viven-un-momento-de-maxima-tension","name":"ASAJA traslada al Ministerio que los profesionales del campo sufren un momento de m\u00e1xima tensi\u00f3n - ASAJA Palencia","isPartOf":{"@id":"https:\/\/www.asajacyl.com\/palencia\/#website"},"primaryImageOfPage":{"@id":"https:\/\/www.asajacyl.com\/palencia\/asaja-palencia-informa\/asaja-traslada-al-ministerio-que-los-profesionales-del-campo-viven-un-momento-de-maxima-tension#primaryimage"},"image":{"@id":"https:\/\/www.asajacyl.com\/palencia\/asaja-palencia-informa\/asaja-traslada-al-ministerio-que-los-profesionales-del-campo-viven-un-momento-de-maxima-tension#primaryimage"},"thumbnailUrl":"https:\/\/www.asajacyl.com\/palencia\/wp-content\/uploads\/sites\/3\/2025\/09\/Asaja-en-Ministerio-10sep2025-web.jpg","datePublished":"2025-09-12T05:30:41+00:00","author":{"@id":"https:\/\/www.asajacyl.com\/palencia\/#\/schema\/person\/3ab17aeb03527485c317557fae64aab1"},"description":"El&nbsp;Comit\u00e9 Ejecutivo de ASAJA, encabezado por su presidente&nbsp;Pedro Barato, se ha reunido esta semana con el ministro de Agricultura, Pesca y","breadcrumb":{"@id":"https:\/\/www.asajacyl.com\/palencia\/asaja-palencia-informa\/asaja-traslada-al-ministerio-que-los-profesionales-del-campo-viven-un-momento-de-maxima-tension#breadcrumb"},"inLanguage":"es","potentialAction":[{"@type":"ReadAction","target":["https:\/\/www.asajacyl.com\/palencia\/asaja-palencia-informa\/asaja-traslada-al-ministerio-que-los-profesionales-del-campo-viven-un-momento-de-maxima-tension"]}]},{"@type":"ImageObject","inLanguage":"es","@id":"https:\/\/www.asajacyl.com\/palencia\/asaja-palencia-informa\/asaja-traslada-al-ministerio-que-los-profesionales-del-campo-viven-un-momento-de-maxima-tension#primaryimage","url":"https:\/\/www.asajacyl.com\/palencia\/wp-content\/uploads\/sites\/3\/2025\/09\/Asaja-en-Ministerio-10sep2025-web.jpg","contentUrl":"https:\/\/www.asajacyl.com\/palencia\/wp-content\/uploads\/sites\/3\/2025\/09\/Asaja-en-Ministerio-10sep2025-web.jpg","width":1890,"height":1654},{"@type":"BreadcrumbList","@id":"https:\/\/www.asajacyl.com\/palencia\/asaja-palencia-informa\/asaja-traslada-al-ministerio-que-los-profesionales-del-campo-viven-un-momento-de-maxima-tension#breadcrumb","itemListElement":[{"@type":"ListItem","position":1,"name":"Portada","item":"https:\/\/www.asajacyl.com\/palencia\/"},{"@type":"ListItem","position":2,"name":"ASAJA traslada al Ministerio que los profesionales del campo sufren un momento de m\u00e1xima tensi\u00f3n"}]},{"@type":"WebSite","@id":"https:\/\/www.asajacyl.com\/palencia\/#website","url":"https:\/\/www.asajacyl.com\/palencia\/","name":"ASAJA Palencia","description":"Otro sitio m\u00e1s de Provincias ASAJA Castilla y Le\u00f3n","potentialAction":[{"@type":"SearchAction","target":{"@type":"EntryPoint","urlTemplate":"https:\/\/www.asajacyl.com\/palencia\/?s={search_term_string}"},"query-input":{"@type":"PropertyValueSpecification","valueRequired":true,"valueName":"search_term_string"}}],"inLanguage":"es"},{"@type":"Person","@id":"https:\/\/www.asajacyl.com\/palencia\/#\/schema\/person\/3ab17aeb03527485c317557fae64aab1","name":"Administrador","image":{"@type":"ImageObject","inLanguage":"es","@id":"https:\/\/www.asajacyl.com\/palencia\/#\/schema\/person\/image\/","url":"https:\/\/secure.gravatar.com\/avatar\/517384810d242ca9e38c180f3c9fb973?s=96&d=mm&r=g","contentUrl":"https:\/\/secure.gravatar.com\/avatar\/517384810d242ca9e38c180f3c9fb973?s=96&d=mm&r=g","caption":"Administrador"},"url":"https:\/\/www.asajacyl.com\/palencia\/author\/carlosrm"}]}},"_links":{"self":[{"href":"https:\/\/www.asajacyl.com\/palencia\/wp-json\/wp\/v2\/posts\/20871"}],"collection":[{"href":"https:\/\/www.asajacyl.com\/palencia\/wp-json\/wp\/v2\/posts"}],"about":[{"href":"https:\/\/www.asajacyl.com\/palencia\/wp-json\/wp\/v2\/types\/post"}],"author":[{"embeddable":true,"href":"https:\/\/www.asajacyl.com\/palencia\/wp-json\/wp\/v2\/users\/9"}],"replies":[{"embeddable":true,"href":"https:\/\/www.asajacyl.com\/palencia\/wp-json\/wp\/v2\/comments?post=20871"}],"version-history":[{"count":11,"href":"https:\/\/www.asajacyl.com\/palencia\/wp-json\/wp\/v2\/posts\/20871\/revisions"}],"predecessor-version":[{"id":20894,"href":"https:\/\/www.asajacyl.com\/palencia\/wp-json\/wp\/v2\/posts\/20871\/revisions\/20894"}],"wp:featuredmedia":[{"embeddable":true,"href":"https:\/\/www.asajacyl.com\/palencia\/wp-json\/wp\/v2\/media\/20874"}],"wp:attachment":[{"href":"https:\/\/www.asajacyl.com\/palencia\/wp-json\/wp\/v2\/media?parent=20871"}],"wp:term":[{"taxonomy":"category","embeddable":true,"href":"https:\/\/www.asajacyl.com\/palencia\/wp-json\/wp\/v2\/categories?post=20871"},{"taxonomy":"post_tag","embeddable":true,"href":"https:\/\/www.asajacyl.com\/palencia\/wp-json\/wp\/v2\/tags?post=20871"}],"curies":[{"name":"wp","href":"https:\/\/api.w.org\/{rel}","templated":true}]}}