{"id":20899,"date":"2025-09-14T09:19:23","date_gmt":"2025-09-14T07:19:23","guid":{"rendered":"https:\/\/www.asajacyl.com\/palencia\/?p=20899"},"modified":"2025-09-12T09:35:13","modified_gmt":"2025-09-12T07:35:13","slug":"martes-16-fecha-tope-para-pedir-la-ayuda-regional-a-nuevos-autonomos-dados-de-alta-en-2022-y-2023","status":"publish","type":"post","link":"https:\/\/www.asajacyl.com\/palencia\/asaja-palencia-informa\/martes-16-fecha-tope-para-pedir-la-ayuda-regional-a-nuevos-autonomos-dados-de-alta-en-2022-y-2023","title":{"rendered":"Martes 16, fecha tope para pedir la ayuda regional a los nuevos aut\u00f3nomos dados de alta en 2022 y 2023"},"content":{"rendered":"\n<h2 class=\"wp-block-heading\">ASAJA-Palencia recuerda a sus asociados que este martes, 16 de septiembre, acaba el plazo para solicitar las ayudas de la Consejer\u00eda de Industria, Comercio y Empleo de la Junta de Castilla y Le\u00f3n para consolidar el autoempleo, aliviando la carga del gasto que suponen las cotizaciones a la seguridad social durante las etapas iniciales de la actividad de los nuevos aut\u00f3nomos. <\/h2>\n\n\n\n<p>Esta convocatoria sustituye a la anteriormente conocida como Tarifa 0 Total y financia las cotizaciones sociales durante los primeros dieciocho meses de actividad. Pueden acogerse diversos supuestos de altas producidas en 2022 y 2023.<\/p>\n\n\n\n<p>Mediante esta l\u00ednea de ayudas, dotada con un presupuesto inicial de 850 000 euros, que podr\u00e1n duplicarse en caso necesario, la Junta de Castilla y Le\u00f3n financiar\u00e1 a los aut\u00f3nomos las cuotas abonadas a la seguridad social con dos opciones:<\/p>\n\n\n\n<p>\u00b7&nbsp;&nbsp; durante dieciocho meses cuando&nbsp;se hayan dado de alta m\u00e1s tarde del 1 de enero del 2023<\/p>\n\n\n\n<p>\u00b7&nbsp;&nbsp; durante veinticuatro o treinta meses si se han dado de alta con<br>anterioridad&nbsp;a esa fecha acogi\u00e9ndose a la&nbsp;antigua tarifa plana estatal.<\/p>\n\n\n\n<p>Igualmente, se financiar\u00e1n las cuotas de las trabajadoras que, tras interrumpir su actividad por <strong>maternidad <\/strong>se reincorporen al autoempleo dentro de los dos a\u00f1os siguientes al cese. Asimismo, se conceden a <strong>menores de 35 a\u00f1os, personas con discapacidad y personas en riesgo o situaci\u00f3n de exclusi\u00f3n social <\/strong>cuyas altas se hayan producido en el ejercicio de 2023.<\/p>\n\n\n\n<p><strong>HASTA TRES MIL EUROS.&nbsp;<\/strong>La subvenci\u00f3n se corresponder\u00e1 con el importe de las cuotas abonadas a la Seguridad Social en el periodo subvencionable, por una cuant\u00eda de entre 1440 y 3000 euros.<\/p>\n\n\n\n<p>La concesi\u00f3n de estas subvenciones se realizar\u00e1 en r\u00e9gimen de concesi\u00f3n directa, y las solicitudes se resolver\u00e1n\u00a0por riguroso orden de entrada\u00a0una vez que el expediente est\u00e9 completo, con el fin de dotar de mayor agilidad en el proceso.<strong>\/<\/strong><\/p>\n","protected":false},"excerpt":{"rendered":"<p>ASAJA-Palencia recuerda a sus asociados que este martes, 16 de septiembre, acaba el plazo para solicitar las ayudas de la Consejer\u00eda de Industria, Comercio y Empleo de la Junta de Castilla y Le\u00f3n para consolidar el autoempleo, aliviando la carga del gasto que suponen las cotizaciones a la seguridad social durante las etapas iniciales de [&hellip;]<\/p>\n","protected":false},"author":9,"featured_media":20900,"comment_status":"open","ping_status":"open","sticky":false,"template":"","format":"standard","meta":{"footnotes":""},"categories":[9,31,28,35,13],"tags":[58,994,59,1501,992,128,77,66,1502],"yoast_head":"<!-- This site is optimized with the Yoast SEO plugin v24.5 - https:\/\/yoast.com\/wordpress\/plugins\/seo\/ -->\n<title>Martes 16, fecha tope para pedir la ayuda regional a los nuevos aut\u00f3nomos dados de alta en 2022 y 2023 - ASAJA Palencia<\/title>\n<meta name=\"description\" content=\"ASAJA-Palencia recuerda a sus asociados que este martes, 16 de septiembre, acaba el plazo para solicitar las ayudas de la Consejer\u00eda de Industria,\" \/>\n<meta name=\"robots\" content=\"index, follow, max-snippet:-1, max-image-preview:large, max-video-preview:-1\" \/>\n<link rel=\"canonical\" href=\"https:\/\/www.asajacyl.com\/palencia\/asaja-palencia-informa\/martes-16-fecha-tope-para-pedir-la-ayuda-regional-a-nuevos-autonomos-dados-de-alta-en-2022-y-2023\" \/>\n<meta property=\"og:locale\" content=\"es_ES\" \/>\n<meta property=\"og:type\" content=\"article\" \/>\n<meta property=\"og:title\" content=\"Martes 16, fecha tope para pedir la ayuda regional a los nuevos aut\u00f3nomos dados de alta en 2022 y 2023 - ASAJA Palencia\" \/>\n<meta property=\"og:description\" content=\"ASAJA-Palencia recuerda a sus asociados que este martes, 16 de septiembre, acaba el plazo para solicitar las ayudas de la Consejer\u00eda de Industria,\" \/>\n<meta property=\"og:url\" content=\"https:\/\/www.asajacyl.com\/palencia\/asaja-palencia-informa\/martes-16-fecha-tope-para-pedir-la-ayuda-regional-a-nuevos-autonomos-dados-de-alta-en-2022-y-2023\" \/>\n<meta property=\"og:site_name\" content=\"ASAJA Palencia\" \/>\n<meta property=\"article:published_time\" content=\"2025-09-14T07:19:23+00:00\" \/>\n<meta property=\"og:image\" content=\"https:\/\/www.asajacyl.com\/palencia\/wp-content\/uploads\/sites\/3\/2025\/09\/Pareja-en-el-campo.jpg\" \/>\n\t<meta property=\"og:image:width\" content=\"1890\" \/>\n\t<meta property=\"og:image:height\" content=\"1654\" \/>\n\t<meta property=\"og:image:type\" content=\"image\/jpeg\" \/>\n<meta name=\"author\" content=\"Administrador\" \/>\n<meta name=\"twitter:card\" content=\"summary_large_image\" \/>\n<meta name=\"twitter:label1\" content=\"Escrito por\" \/>\n\t<meta name=\"twitter:data1\" content=\"Administrador\" \/>\n\t<meta name=\"twitter:label2\" content=\"Tiempo de lectura\" \/>\n\t<meta name=\"twitter:data2\" content=\"2 minutos\" \/>\n<script type=\"application\/ld+json\" class=\"yoast-schema-graph\">{\"@context\":\"https:\/\/schema.org\",\"@graph\":[{\"@type\":\"WebPage\",\"@id\":\"https:\/\/www.asajacyl.com\/palencia\/asaja-palencia-informa\/martes-16-fecha-tope-para-pedir-la-ayuda-regional-a-nuevos-autonomos-dados-de-alta-en-2022-y-2023\",\"url\":\"https:\/\/www.asajacyl.com\/palencia\/asaja-palencia-informa\/martes-16-fecha-tope-para-pedir-la-ayuda-regional-a-nuevos-autonomos-dados-de-alta-en-2022-y-2023\",\"name\":\"Martes 16, fecha tope para pedir la ayuda regional a los nuevos aut\u00f3nomos dados de alta en 2022 y 2023 - ASAJA Palencia\",\"isPartOf\":{\"@id\":\"https:\/\/www.asajacyl.com\/palencia\/#website\"},\"primaryImageOfPage\":{\"@id\":\"https:\/\/www.asajacyl.com\/palencia\/asaja-palencia-informa\/martes-16-fecha-tope-para-pedir-la-ayuda-regional-a-nuevos-autonomos-dados-de-alta-en-2022-y-2023#primaryimage\"},\"image\":{\"@id\":\"https:\/\/www.asajacyl.com\/palencia\/asaja-palencia-informa\/martes-16-fecha-tope-para-pedir-la-ayuda-regional-a-nuevos-autonomos-dados-de-alta-en-2022-y-2023#primaryimage\"},\"thumbnailUrl\":\"https:\/\/www.asajacyl.com\/palencia\/wp-content\/uploads\/sites\/3\/2025\/09\/Pareja-en-el-campo.jpg\",\"datePublished\":\"2025-09-14T07:19:23+00:00\",\"author\":{\"@id\":\"https:\/\/www.asajacyl.com\/palencia\/#\/schema\/person\/3ab17aeb03527485c317557fae64aab1\"},\"description\":\"ASAJA-Palencia recuerda a sus asociados que este martes, 16 de septiembre, acaba el plazo para solicitar las ayudas de la Consejer\u00eda de Industria,\",\"breadcrumb\":{\"@id\":\"https:\/\/www.asajacyl.com\/palencia\/asaja-palencia-informa\/martes-16-fecha-tope-para-pedir-la-ayuda-regional-a-nuevos-autonomos-dados-de-alta-en-2022-y-2023#breadcrumb\"},\"inLanguage\":\"es\",\"potentialAction\":[{\"@type\":\"ReadAction\",\"target\":[\"https:\/\/www.asajacyl.com\/palencia\/asaja-palencia-informa\/martes-16-fecha-tope-para-pedir-la-ayuda-regional-a-nuevos-autonomos-dados-de-alta-en-2022-y-2023\"]}]},{\"@type\":\"ImageObject\",\"inLanguage\":\"es\",\"@id\":\"https:\/\/www.asajacyl.com\/palencia\/asaja-palencia-informa\/martes-16-fecha-tope-para-pedir-la-ayuda-regional-a-nuevos-autonomos-dados-de-alta-en-2022-y-2023#primaryimage\",\"url\":\"https:\/\/www.asajacyl.com\/palencia\/wp-content\/uploads\/sites\/3\/2025\/09\/Pareja-en-el-campo.jpg\",\"contentUrl\":\"https:\/\/www.asajacyl.com\/palencia\/wp-content\/uploads\/sites\/3\/2025\/09\/Pareja-en-el-campo.jpg\",\"width\":1890,\"height\":1654},{\"@type\":\"BreadcrumbList\",\"@id\":\"https:\/\/www.asajacyl.com\/palencia\/asaja-palencia-informa\/martes-16-fecha-tope-para-pedir-la-ayuda-regional-a-nuevos-autonomos-dados-de-alta-en-2022-y-2023#breadcrumb\",\"itemListElement\":[{\"@type\":\"ListItem\",\"position\":1,\"name\":\"Portada\",\"item\":\"https:\/\/www.asajacyl.com\/palencia\/\"},{\"@type\":\"ListItem\",\"position\":2,\"name\":\"Martes 16, fecha tope para pedir la ayuda regional a los nuevos aut\u00f3nomos dados de alta en 2022 y 2023\"}]},{\"@type\":\"WebSite\",\"@id\":\"https:\/\/www.asajacyl.com\/palencia\/#website\",\"url\":\"https:\/\/www.asajacyl.com\/palencia\/\",\"name\":\"ASAJA Palencia\",\"description\":\"Otro sitio m\u00e1s de Provincias ASAJA Castilla y Le\u00f3n\",\"potentialAction\":[{\"@type\":\"SearchAction\",\"target\":{\"@type\":\"EntryPoint\",\"urlTemplate\":\"https:\/\/www.asajacyl.com\/palencia\/?s={search_term_string}\"},\"query-input\":{\"@type\":\"PropertyValueSpecification\",\"valueRequired\":true,\"valueName\":\"search_term_string\"}}],\"inLanguage\":\"es\"},{\"@type\":\"Person\",\"@id\":\"https:\/\/www.asajacyl.com\/palencia\/#\/schema\/person\/3ab17aeb03527485c317557fae64aab1\",\"name\":\"Administrador\",\"image\":{\"@type\":\"ImageObject\",\"inLanguage\":\"es\",\"@id\":\"https:\/\/www.asajacyl.com\/palencia\/#\/schema\/person\/image\/\",\"url\":\"https:\/\/secure.gravatar.com\/avatar\/517384810d242ca9e38c180f3c9fb973?s=96&d=mm&r=g\",\"contentUrl\":\"https:\/\/secure.gravatar.com\/avatar\/517384810d242ca9e38c180f3c9fb973?s=96&d=mm&r=g\",\"caption\":\"Administrador\"},\"url\":\"https:\/\/www.asajacyl.com\/palencia\/author\/carlosrm\"}]}<\/script>\n<!-- \/ Yoast SEO plugin. -->","yoast_head_json":{"title":"Martes 16, fecha tope para pedir la ayuda regional a los nuevos aut\u00f3nomos dados de alta en 2022 y 2023 - ASAJA Palencia","description":"ASAJA-Palencia recuerda a sus asociados que este martes, 16 de septiembre, acaba el plazo para solicitar las ayudas de la Consejer\u00eda de Industria,","robots":{"index":"index","follow":"follow","max-snippet":"max-snippet:-1","max-image-preview":"max-image-preview:large","max-video-preview":"max-video-preview:-1"},"canonical":"https:\/\/www.asajacyl.com\/palencia\/asaja-palencia-informa\/martes-16-fecha-tope-para-pedir-la-ayuda-regional-a-nuevos-autonomos-dados-de-alta-en-2022-y-2023","og_locale":"es_ES","og_type":"article","og_title":"Martes 16, fecha tope para pedir la ayuda regional a los nuevos aut\u00f3nomos dados de alta en 2022 y 2023 - ASAJA Palencia","og_description":"ASAJA-Palencia recuerda a sus asociados que este martes, 16 de septiembre, acaba el plazo para solicitar las ayudas de la Consejer\u00eda de Industria,","og_url":"https:\/\/www.asajacyl.com\/palencia\/asaja-palencia-informa\/martes-16-fecha-tope-para-pedir-la-ayuda-regional-a-nuevos-autonomos-dados-de-alta-en-2022-y-2023","og_site_name":"ASAJA Palencia","article_published_time":"2025-09-14T07:19:23+00:00","og_image":[{"width":1890,"height":1654,"url":"https:\/\/www.asajacyl.com\/palencia\/wp-content\/uploads\/sites\/3\/2025\/09\/Pareja-en-el-campo.jpg","type":"image\/jpeg"}],"author":"Administrador","twitter_card":"summary_large_image","twitter_misc":{"Escrito por":"Administrador","Tiempo de lectura":"2 minutos"},"schema":{"@context":"https:\/\/schema.org","@graph":[{"@type":"WebPage","@id":"https:\/\/www.asajacyl.com\/palencia\/asaja-palencia-informa\/martes-16-fecha-tope-para-pedir-la-ayuda-regional-a-nuevos-autonomos-dados-de-alta-en-2022-y-2023","url":"https:\/\/www.asajacyl.com\/palencia\/asaja-palencia-informa\/martes-16-fecha-tope-para-pedir-la-ayuda-regional-a-nuevos-autonomos-dados-de-alta-en-2022-y-2023","name":"Martes 16, fecha tope para pedir la ayuda regional a los nuevos aut\u00f3nomos dados de alta en 2022 y 2023 - ASAJA Palencia","isPartOf":{"@id":"https:\/\/www.asajacyl.com\/palencia\/#website"},"primaryImageOfPage":{"@id":"https:\/\/www.asajacyl.com\/palencia\/asaja-palencia-informa\/martes-16-fecha-tope-para-pedir-la-ayuda-regional-a-nuevos-autonomos-dados-de-alta-en-2022-y-2023#primaryimage"},"image":{"@id":"https:\/\/www.asajacyl.com\/palencia\/asaja-palencia-informa\/martes-16-fecha-tope-para-pedir-la-ayuda-regional-a-nuevos-autonomos-dados-de-alta-en-2022-y-2023#primaryimage"},"thumbnailUrl":"https:\/\/www.asajacyl.com\/palencia\/wp-content\/uploads\/sites\/3\/2025\/09\/Pareja-en-el-campo.jpg","datePublished":"2025-09-14T07:19:23+00:00","author":{"@id":"https:\/\/www.asajacyl.com\/palencia\/#\/schema\/person\/3ab17aeb03527485c317557fae64aab1"},"description":"ASAJA-Palencia recuerda a sus asociados que este martes, 16 de septiembre, acaba el plazo para solicitar las ayudas de la Consejer\u00eda de Industria,","breadcrumb":{"@id":"https:\/\/www.asajacyl.com\/palencia\/asaja-palencia-informa\/martes-16-fecha-tope-para-pedir-la-ayuda-regional-a-nuevos-autonomos-dados-de-alta-en-2022-y-2023#breadcrumb"},"inLanguage":"es","potentialAction":[{"@type":"ReadAction","target":["https:\/\/www.asajacyl.com\/palencia\/asaja-palencia-informa\/martes-16-fecha-tope-para-pedir-la-ayuda-regional-a-nuevos-autonomos-dados-de-alta-en-2022-y-2023"]}]},{"@type":"ImageObject","inLanguage":"es","@id":"https:\/\/www.asajacyl.com\/palencia\/asaja-palencia-informa\/martes-16-fecha-tope-para-pedir-la-ayuda-regional-a-nuevos-autonomos-dados-de-alta-en-2022-y-2023#primaryimage","url":"https:\/\/www.asajacyl.com\/palencia\/wp-content\/uploads\/sites\/3\/2025\/09\/Pareja-en-el-campo.jpg","contentUrl":"https:\/\/www.asajacyl.com\/palencia\/wp-content\/uploads\/sites\/3\/2025\/09\/Pareja-en-el-campo.jpg","width":1890,"height":1654},{"@type":"BreadcrumbList","@id":"https:\/\/www.asajacyl.com\/palencia\/asaja-palencia-informa\/martes-16-fecha-tope-para-pedir-la-ayuda-regional-a-nuevos-autonomos-dados-de-alta-en-2022-y-2023#breadcrumb","itemListElement":[{"@type":"ListItem","position":1,"name":"Portada","item":"https:\/\/www.asajacyl.com\/palencia\/"},{"@type":"ListItem","position":2,"name":"Martes 16, fecha tope para pedir la ayuda regional a los nuevos aut\u00f3nomos dados de alta en 2022 y 2023"}]},{"@type":"WebSite","@id":"https:\/\/www.asajacyl.com\/palencia\/#website","url":"https:\/\/www.asajacyl.com\/palencia\/","name":"ASAJA Palencia","description":"Otro sitio m\u00e1s de Provincias ASAJA Castilla y Le\u00f3n","potentialAction":[{"@type":"SearchAction","target":{"@type":"EntryPoint","urlTemplate":"https:\/\/www.asajacyl.com\/palencia\/?s={search_term_string}"},"query-input":{"@type":"PropertyValueSpecification","valueRequired":true,"valueName":"search_term_string"}}],"inLanguage":"es"},{"@type":"Person","@id":"https:\/\/www.asajacyl.com\/palencia\/#\/schema\/person\/3ab17aeb03527485c317557fae64aab1","name":"Administrador","image":{"@type":"ImageObject","inLanguage":"es","@id":"https:\/\/www.asajacyl.com\/palencia\/#\/schema\/person\/image\/","url":"https:\/\/secure.gravatar.com\/avatar\/517384810d242ca9e38c180f3c9fb973?s=96&d=mm&r=g","contentUrl":"https:\/\/secure.gravatar.com\/avatar\/517384810d242ca9e38c180f3c9fb973?s=96&d=mm&r=g","caption":"Administrador"},"url":"https:\/\/www.asajacyl.com\/palencia\/author\/carlosrm"}]}},"_links":{"self":[{"href":"https:\/\/www.asajacyl.com\/palencia\/wp-json\/wp\/v2\/posts\/20899"}],"collection":[{"href":"https:\/\/www.asajacyl.com\/palencia\/wp-json\/wp\/v2\/posts"}],"about":[{"href":"https:\/\/www.asajacyl.com\/palencia\/wp-json\/wp\/v2\/types\/post"}],"author":[{"embeddable":true,"href":"https:\/\/www.asajacyl.com\/palencia\/wp-json\/wp\/v2\/users\/9"}],"replies":[{"embeddable":true,"href":"https:\/\/www.asajacyl.com\/palencia\/wp-json\/wp\/v2\/comments?post=20899"}],"version-history":[{"count":2,"href":"https:\/\/www.asajacyl.com\/palencia\/wp-json\/wp\/v2\/posts\/20899\/revisions"}],"predecessor-version":[{"id":20902,"href":"https:\/\/www.asajacyl.com\/palencia\/wp-json\/wp\/v2\/posts\/20899\/revisions\/20902"}],"wp:featuredmedia":[{"embeddable":true,"href":"https:\/\/www.asajacyl.com\/palencia\/wp-json\/wp\/v2\/media\/20900"}],"wp:attachment":[{"href":"https:\/\/www.asajacyl.com\/palencia\/wp-json\/wp\/v2\/media?parent=20899"}],"wp:term":[{"taxonomy":"category","embeddable":true,"href":"https:\/\/www.asajacyl.com\/palencia\/wp-json\/wp\/v2\/categories?post=20899"},{"taxonomy":"post_tag","embeddable":true,"href":"https:\/\/www.asajacyl.com\/palencia\/wp-json\/wp\/v2\/tags?post=20899"}],"curies":[{"name":"wp","href":"https:\/\/api.w.org\/{rel}","templated":true}]}}