{"id":20903,"date":"2025-09-12T12:43:24","date_gmt":"2025-09-12T10:43:24","guid":{"rendered":"https:\/\/www.asajacyl.com\/palencia\/?p=20903"},"modified":"2025-09-17T12:42:13","modified_gmt":"2025-09-17T10:42:13","slug":"recomendaciones-del-comite-nacional-veterinario-ante-el-avance-la-de-lengua-azul-y-la-influenza-aviar","status":"publish","type":"post","link":"https:\/\/www.asajacyl.com\/palencia\/asaja-palencia-informa\/recomendaciones-del-comite-nacional-veterinario-ante-el-avance-la-de-lengua-azul-y-la-influenza-aviar","title":{"rendered":"Recomendaciones del comit\u00e9 nacional veterinario ante el avance la de lengua azul y la influenza aviar"},"content":{"rendered":"\n<h2 class=\"wp-block-heading\">El comit\u00e9 de la Red de Alerta Sanitaria Veterinaria de Espa\u00f1a (RASVE) ha mantenido esta semana una reuni\u00f3n para intercambiar informaci\u00f3n y evaluar las medidas para afrontar las enfermedades que en el \u00faltimo mes afectan de manera especial al territorio espa\u00f1ol, en particular la lengua azul, en los animales rumiantes, y la influenza aviar. En cuanto a la lengua azul, el comit\u00e9 RASVE reunido el mi\u00e9rcoles, 10 de septiembre, se ha mostrado <span style=\"text-decoration: underline\">preocupado por la baja cobertura de vacunaci\u00f3n<\/span> y ha considerado la importancia de&nbsp;continuar con la labor de sensibilizaci\u00f3n del <span style=\"text-decoration: underline\">riesgo de infecci\u00f3n en toda la pen\u00ednsula<\/span>, ya que no hay restricciones a los movimientos, y <span style=\"text-decoration: underline\">es previsible que la actividad del vector aumente durante los pr\u00f3ximos meses<\/span> (el periodo septiembre-noviembre es el que suele presentar mayor incidencia); y la necesidad de <span style=\"text-decoration: underline\">aumentar la vacunaci\u00f3n en las explotaciones ganaderas de ovino y bovino<\/span>. Sobre la gripe aviar, el comit\u00e9 aconseja medidas de bioseguridad en las <span style=\"text-decoration: underline\">explotaciones av\u00edcolas<\/span> para <span style=\"text-decoration: underline\">evitar el contacto directo o indirecto con aves silvestres<\/span>.<\/h2>\n\n\n\n<p>El comit\u00e9 RASVE es un \u00f3rgano colegiado creado en 2001, que establece el sistema de alerta sanitaria veterinaria y coordinaci\u00f3n en materia de sanidad animal. Se encarga de estudiar la situaci\u00f3n y evoluci\u00f3n de las enfermedades animales, as\u00ed como de aprobar las medidas necesarias para hacerlas frente. Forman parte del comit\u00e9 los directores generales con competencia en sanidad animal de las comunidades aut\u00f3nomas y, en representaci\u00f3n del Ministerio de Agricultura, Pesca y Alimentaci\u00f3n, est\u00e1 presidido por el director general de Sanidad de la Producci\u00f3n Agroalimentaria y de Bienestar Animal.<\/p>\n\n\n<div class=\"wp-block-image\">\n<figure class=\"alignright size-large is-resized\"><img loading=\"lazy\" decoding=\"async\" width=\"1024\" height=\"896\" src=\"https:\/\/www.asajacyl.com\/palencia\/wp-content\/uploads\/sites\/3\/2025\/09\/Mapa-lengua-azul-9sep2025-web-1024x896.jpg\" alt=\"\" class=\"wp-image-20853\" style=\"width:653px;height:auto\" srcset=\"https:\/\/www.asajacyl.com\/palencia\/wp-content\/uploads\/sites\/3\/2025\/09\/Mapa-lengua-azul-9sep2025-web-1024x896.jpg 1024w, https:\/\/www.asajacyl.com\/palencia\/wp-content\/uploads\/sites\/3\/2025\/09\/Mapa-lengua-azul-9sep2025-web-300x263.jpg 300w, https:\/\/www.asajacyl.com\/palencia\/wp-content\/uploads\/sites\/3\/2025\/09\/Mapa-lengua-azul-9sep2025-web-768x672.jpg 768w, https:\/\/www.asajacyl.com\/palencia\/wp-content\/uploads\/sites\/3\/2025\/09\/Mapa-lengua-azul-9sep2025-web-1536x1344.jpg 1536w, https:\/\/www.asajacyl.com\/palencia\/wp-content\/uploads\/sites\/3\/2025\/09\/Mapa-lengua-azul-9sep2025-web-480x420.jpg 480w, https:\/\/www.asajacyl.com\/palencia\/wp-content\/uploads\/sites\/3\/2025\/09\/Mapa-lengua-azul-9sep2025-web-696x609.jpg 696w, https:\/\/www.asajacyl.com\/palencia\/wp-content\/uploads\/sites\/3\/2025\/09\/Mapa-lengua-azul-9sep2025-web-1068x935.jpg 1068w, https:\/\/www.asajacyl.com\/palencia\/wp-content\/uploads\/sites\/3\/2025\/09\/Mapa-lengua-azul-9sep2025-web.jpg 1890w\" sizes=\"(max-width: 1024px) 100vw, 1024px\" \/><figcaption class=\"wp-element-caption\">Situaci\u00f3n de los diferentes serotipos de la lengua azul a fecha del pasado 9 de septiembre. Fuente: Ministerio de Agricultura, Pesca y Alimentaci\u00f3n (MAPA).<\/figcaption><\/figure><\/div>\n\n\n<p>En su reciente reuni\u00f3n, el comit\u00e9 ha recomendado <strong>vacunar lo antes posible frente a los serotipos m\u00e1s virulentos y con especial \u00e9nfasis en ovino, pero tambi\u00e9n en bovino<\/strong>, dado que los serotipos 3 y 8 presentan s\u00edntomas cl\u00ednicos, y de esa forma se ayuda a controlar mejor la circulaci\u00f3n, lo que al mismo tiempo facilitar\u00e1 los movimientos de animales.<\/p>\n\n\n\n<p>El comit\u00e9 recomienda tambi\u00e9n <strong>revacunar frente al serotipo 3<\/strong>, aunque no haya transcurrido un a\u00f1o desde la \u00faltima dosis administrada, para disminuir los problemas que se han detectado en explotaciones ya vacunadas.<\/p>\n\n\n\n<p>El comit\u00e9 RASVE ha revisado los datos y la situaci\u00f3n epidemiol\u00f3gica de la lengua azul en Espa\u00f1a desde la aplicaci\u00f3n de la Orden APA\/229\/2025, que estableci\u00f3 un cambio significativo de estrategia en el programa nacional. <\/p>\n\n\n\n<p><strong>CAMBIO DE SISTEMA: DE CONTROL A VIGILANCIA. <\/strong>Este cambio fue aprobado por el comit\u00e9 RASVE tras constatar, a partir de septiembre de 2024, hasta cuatro serotipos diferentes de la enfermedad (1, 3, 4 y 8) y sopesar las dificultades que exist\u00edan en esas fechas en el necesario desarrollo de vacunas, especialmente frente al serotipo 3, para su aplicaci\u00f3n, y las implicaciones en el comercio interior de los animales.<\/p>\n\n\n\n<p>B\u00e1sicamente, se pas\u00f3 de un programa de control y erradicaci\u00f3n (m\u00e1s restrictivo) a uno basado en la vigilancia, que ha permitido el movimiento libre de los animales en todo el territorio peninsular, con la recomendaci\u00f3n del uso de vacunaci\u00f3n, pero sin ser obligatoria.<\/p>\n\n\n\n<p>Tambi\u00e9n estableci\u00f3 un sistema de notificaci\u00f3n de focos m\u00e1s simplificado. <strong>El comit\u00e9 se ha reafirmado en que se mantendr\u00e1 la situaci\u00f3n actual \u2014sistema de vigilancia\u2014 porque otorga flexibilidad a las producciones y a los movimientos animales<\/strong>.<\/p>\n\n\n\n<p>Los datos disponibles revelan que, en esta temporada de actividad vectorial, desde el pasado mes de abril, los serotipos 3 y 8 pr\u00e1cticamente circulan por toda la mitad oeste peninsular. Hasta el momento \u00fanicamente no se ha detectado circulaci\u00f3n v\u00edrica en Arag\u00f3n, Catalu\u00f1a, Comunidad Valenciana, y las provincias de Valladolid, Guadalajara, C\u00e1ceres y Cuenca.<\/p>\n\n\n\n<p>El comit\u00e9 RASVE ha determinado que adem\u00e1s de los movimientos libres de animales y la propia actividad del mosquito vector, <strong>el factor m\u00e1s decisivo de expansi\u00f3n del virus ha sido la baja cobertura de vacunaci\u00f3n en la caba\u00f1a<\/strong>, a pesar del esfuerzo realizado por la mayor\u00eda de las comunidades aut\u00f3nomas en facilitar la dispensaci\u00f3n. Aunque existen diferencias de porcentajes de cobertura vacunal entre territorios y especies, en ning\u00fan caso se alcanza una cobertura \u00f3ptima que los expertos situar\u00edan en m\u00e1s del 80 %.<\/p>\n\n\n\n<p><strong>GRIPE AVIAR. <\/strong>El comit\u00e9 RASVE tambi\u00e9n analiz\u00f3 en su reuni\u00f3n la situaci\u00f3n epidemiol\u00f3gica de los \u00faltimos focos de influenza aviar. En lo que va de a\u00f1o se han detectado en Espa\u00f1a los siguientes focos:<\/p>\n\n\n<div class=\"wp-block-image\">\n<figure class=\"alignright size-large is-resized\"><img loading=\"lazy\" decoding=\"async\" width=\"1024\" height=\"896\" src=\"https:\/\/www.asajacyl.com\/palencia\/wp-content\/uploads\/sites\/3\/2025\/09\/Gripe-aviar-a-10-septiembre2025-1024x896.jpg\" alt=\"\" class=\"wp-image-20906\" style=\"width:653px;height:auto\" srcset=\"https:\/\/www.asajacyl.com\/palencia\/wp-content\/uploads\/sites\/3\/2025\/09\/Gripe-aviar-a-10-septiembre2025-1024x896.jpg 1024w, https:\/\/www.asajacyl.com\/palencia\/wp-content\/uploads\/sites\/3\/2025\/09\/Gripe-aviar-a-10-septiembre2025-300x263.jpg 300w, https:\/\/www.asajacyl.com\/palencia\/wp-content\/uploads\/sites\/3\/2025\/09\/Gripe-aviar-a-10-septiembre2025-768x672.jpg 768w, https:\/\/www.asajacyl.com\/palencia\/wp-content\/uploads\/sites\/3\/2025\/09\/Gripe-aviar-a-10-septiembre2025-1536x1344.jpg 1536w, https:\/\/www.asajacyl.com\/palencia\/wp-content\/uploads\/sites\/3\/2025\/09\/Gripe-aviar-a-10-septiembre2025-480x420.jpg 480w, https:\/\/www.asajacyl.com\/palencia\/wp-content\/uploads\/sites\/3\/2025\/09\/Gripe-aviar-a-10-septiembre2025-696x609.jpg 696w, https:\/\/www.asajacyl.com\/palencia\/wp-content\/uploads\/sites\/3\/2025\/09\/Gripe-aviar-a-10-septiembre2025-1068x935.jpg 1068w, https:\/\/www.asajacyl.com\/palencia\/wp-content\/uploads\/sites\/3\/2025\/09\/Gripe-aviar-a-10-septiembre2025.jpg 1890w\" sizes=\"(max-width: 1024px) 100vw, 1024px\" \/><figcaption class=\"wp-element-caption\">Localizaci\u00f3n de focos de influenza aviar en aves silvestres, cautivas y de corral notificados en Espa\u00f1a en 2025. Fuente: Ministerio de Agricultrura, Pesca y Alimentaci\u00f3n<\/figcaption><\/figure><\/div>\n\n\n<ul>\n<li>cuatro focos en aves de corral (dos en Castilla-La Mancha, uno en Extremadura y otro en Andaluc\u00eda)<\/li>\n\n\n\n<li>un foco en aves cautivas en el Pa\u00eds Vasco, y <\/li>\n\n\n\n<li>una treintena de casos en aves silvestres en Extremadura, Castilla y Le\u00f3n, Galicia, Asturias, Pa\u00eds Vasco, Catalu\u00f1a y Andaluc\u00eda.<\/li>\n<\/ul>\n\n\n\n<p>Debido al aumento de casos en aves silvestres, <strong>la probabilidad de que aparezcan nuevos focos en aves de corral es mayor<\/strong>, por lo que el comit\u00e9 RASVE recomienda <strong>reforzar las condiciones de bioseguridad en las explotaciones, especialmente en las zonas consideradas de riesgo<\/strong>.<\/p>\n\n\n\n<p>Se recuerda la necesidad de mantener y reforzar las adecuadas <strong>medidas de bioseguridad en las explotaciones av\u00edcolas para evitar el contacto directo o indirecto con aves silvestres<\/strong>, as\u00ed como <strong>reforzar la vigilancia pasiva tanto en aves silvestres, como en explotaciones av\u00edcolas<\/strong>, notificando a los servicios veterinarios oficiales cualquier sospecha de enfermedad, en particular, en el caso de aves dom\u00e9sticas por detecci\u00f3n de ca\u00eddas de consumo de agua o pienso, reducci\u00f3n de puesta de huevos, presencia de mortalidad anormalmente elevada, u observaci\u00f3n de otros s\u00edntomas cl\u00ednicos compatibles con la enfermedad.<\/p>\n\n\n\n<p>Se recuerda que <strong>este virus no puede ser transmitido al hombre a trav\u00e9s de carne de ave cocinada, huevos o productos procesados derivados de ellos<\/strong>, pero, en cualquier caso, se recomienda minimizar el contacto innecesario con las aves que muestren s\u00edntomas cl\u00ednicos o se hallen muertos en el campo.<\/p>\n\n\n\n<p>El comit\u00e9 RASVE ha destacado la importancia de que los ciudadanos observen las recomendaciones de la\u00a0gu\u00eda de actuaciones en fauna silvestre, por tratarse de una enfermedad con implicaciones de salud p\u00fablica. <\/p>\n\n\n\n<p>En\u00a0<a href=\"https:\/\/www.mapa.gob.es\/dam\/mapa\/contenido\/ganaderia\/temas\/sanidad-animal-e-higiene-ganadera\/sanidad-animal\/enfermedades\/fauna-silvestre\/guiavigilanciasanitariafaunasilvestre.pdf\">este enlace<\/a>\u00a0hay disponible una gu\u00eda con informaci\u00f3n y recomendaciones sobre la gripe aviar.<\/p>\n\n\n\n<p>A continuaci\u00f3n, recogemos de la p\u00e1gina del Ministerio la <strong>ficha de la enfermedad<\/strong> y un listado de<strong> productos desinfectantes con eficacia <\/strong>probada frente al virus de la influenza aviar. <\/p>\n\n\n\n<div data-wp-interactive=\"core\/file\" class=\"wp-block-file\"><object data-wp-bind--hidden=\"!state.hasPdfPreview\"  class=\"wp-block-file__embed\" data=\"https:\/\/www.asajacyl.com\/palencia\/wp-content\/uploads\/sites\/3\/2025\/09\/influenzaaviarfichatecnica.pdf\" type=\"application\/pdf\" style=\"width:100%;height:600px\" aria-label=\"Incrustado de influenzaaviarfichatecnica.\"><\/object><a id=\"wp-block-file--media-ca68cbc7-5b04-47d2-82a4-6852a8f2c3d0\" href=\"https:\/\/www.asajacyl.com\/palencia\/wp-content\/uploads\/sites\/3\/2025\/09\/influenzaaviarfichatecnica.pdf\">influenzaaviarfichatecnica<\/a><a href=\"https:\/\/www.asajacyl.com\/palencia\/wp-content\/uploads\/sites\/3\/2025\/09\/influenzaaviarfichatecnica.pdf\" class=\"wp-block-file__button wp-element-button\" download aria-describedby=\"wp-block-file--media-ca68cbc7-5b04-47d2-82a4-6852a8f2c3d0\">Descarga<\/a><\/div>\n\n\n\n<div data-wp-interactive=\"core\/file\" class=\"wp-block-file\"><object data-wp-bind--hidden=\"!state.hasPdfPreview\"  class=\"wp-block-file__embed\" data=\"https:\/\/www.asajacyl.com\/palencia\/wp-content\/uploads\/sites\/3\/2025\/09\/listadeproductosdeeficaciaprobadafrentealvirusiaabril2024.pdf\" type=\"application\/pdf\" style=\"width:100%;height:600px\" aria-label=\"Incrustado de listadeproductosdeeficaciaprobadafrentealvirusiaabril2024.\"><\/object><a id=\"wp-block-file--media-e5a516b1-5c40-4e08-bbf9-57aaff5e99d0\" href=\"https:\/\/www.asajacyl.com\/palencia\/wp-content\/uploads\/sites\/3\/2025\/09\/listadeproductosdeeficaciaprobadafrentealvirusiaabril2024.pdf\">listadeproductosdeeficaciaprobadafrentealvirusiaabril2024<\/a><a href=\"https:\/\/www.asajacyl.com\/palencia\/wp-content\/uploads\/sites\/3\/2025\/09\/listadeproductosdeeficaciaprobadafrentealvirusiaabril2024.pdf\" class=\"wp-block-file__button wp-element-button\" download aria-describedby=\"wp-block-file--media-e5a516b1-5c40-4e08-bbf9-57aaff5e99d0\">Descarga<\/a><\/div>\n","protected":false},"excerpt":{"rendered":"<p>El comit\u00e9 de la Red de Alerta Sanitaria Veterinaria de Espa\u00f1a (RASVE) ha mantenido esta semana una reuni\u00f3n para intercambiar informaci\u00f3n y evaluar las medidas para afrontar las enfermedades que en el \u00faltimo mes afectan de manera especial al territorio espa\u00f1ol, en particular la lengua azul, en los animales rumiantes, y la influenza aviar. En [&hellip;]<\/p>\n","protected":false},"author":9,"featured_media":20906,"comment_status":"open","ping_status":"open","sticky":false,"template":"","format":"standard","meta":{"footnotes":""},"categories":[9,38,28,13],"tags":[158,234,183,142,351,77,1253,1577,66,361,110,143,571,1578,365,168,1579,1522],"yoast_head":"<!-- This site is optimized with the Yoast SEO plugin v24.5 - https:\/\/yoast.com\/wordpress\/plugins\/seo\/ -->\n<title>Recomendaciones del comit\u00e9 nacional veterinario ante el avance la de lengua azul y la influenza aviar - ASAJA Palencia<\/title>\n<meta name=\"description\" content=\"El comit\u00e9 de la Red de Alerta Sanitaria Veterinaria de Espa\u00f1a (RASVE) ha mantenido esta semana una reuni\u00f3n para intercambiar informaci\u00f3n y evaluar las\" \/>\n<meta name=\"robots\" content=\"index, follow, max-snippet:-1, max-image-preview:large, max-video-preview:-1\" \/>\n<link rel=\"canonical\" href=\"https:\/\/www.asajacyl.com\/palencia\/asaja-palencia-informa\/recomendaciones-del-comite-nacional-veterinario-ante-el-avance-la-de-lengua-azul-y-la-influenza-aviar\" \/>\n<meta property=\"og:locale\" content=\"es_ES\" \/>\n<meta property=\"og:type\" content=\"article\" \/>\n<meta property=\"og:title\" content=\"Recomendaciones del comit\u00e9 nacional veterinario ante el avance la de lengua azul y la influenza aviar - ASAJA Palencia\" \/>\n<meta property=\"og:description\" content=\"El comit\u00e9 de la Red de Alerta Sanitaria Veterinaria de Espa\u00f1a (RASVE) ha mantenido esta semana una reuni\u00f3n para intercambiar informaci\u00f3n y evaluar las\" \/>\n<meta property=\"og:url\" content=\"https:\/\/www.asajacyl.com\/palencia\/asaja-palencia-informa\/recomendaciones-del-comite-nacional-veterinario-ante-el-avance-la-de-lengua-azul-y-la-influenza-aviar\" \/>\n<meta property=\"og:site_name\" content=\"ASAJA Palencia\" \/>\n<meta property=\"article:published_time\" content=\"2025-09-12T10:43:24+00:00\" \/>\n<meta property=\"article:modified_time\" content=\"2025-09-17T10:42:13+00:00\" \/>\n<meta property=\"og:image\" content=\"https:\/\/www.asajacyl.com\/palencia\/wp-content\/uploads\/sites\/3\/2025\/09\/Gripe-aviar-a-10-septiembre2025.jpg\" \/>\n\t<meta property=\"og:image:width\" content=\"1890\" \/>\n\t<meta property=\"og:image:height\" content=\"1654\" \/>\n\t<meta property=\"og:image:type\" content=\"image\/jpeg\" \/>\n<meta name=\"author\" content=\"Administrador\" \/>\n<meta name=\"twitter:card\" content=\"summary_large_image\" \/>\n<meta name=\"twitter:label1\" content=\"Escrito por\" \/>\n\t<meta name=\"twitter:data1\" content=\"Administrador\" \/>\n\t<meta name=\"twitter:label2\" content=\"Tiempo de lectura\" \/>\n\t<meta name=\"twitter:data2\" content=\"6 minutos\" \/>\n<script type=\"application\/ld+json\" class=\"yoast-schema-graph\">{\"@context\":\"https:\/\/schema.org\",\"@graph\":[{\"@type\":\"WebPage\",\"@id\":\"https:\/\/www.asajacyl.com\/palencia\/asaja-palencia-informa\/recomendaciones-del-comite-nacional-veterinario-ante-el-avance-la-de-lengua-azul-y-la-influenza-aviar\",\"url\":\"https:\/\/www.asajacyl.com\/palencia\/asaja-palencia-informa\/recomendaciones-del-comite-nacional-veterinario-ante-el-avance-la-de-lengua-azul-y-la-influenza-aviar\",\"name\":\"Recomendaciones del comit\u00e9 nacional veterinario ante el avance la de lengua azul y la influenza aviar - ASAJA Palencia\",\"isPartOf\":{\"@id\":\"https:\/\/www.asajacyl.com\/palencia\/#website\"},\"primaryImageOfPage\":{\"@id\":\"https:\/\/www.asajacyl.com\/palencia\/asaja-palencia-informa\/recomendaciones-del-comite-nacional-veterinario-ante-el-avance-la-de-lengua-azul-y-la-influenza-aviar#primaryimage\"},\"image\":{\"@id\":\"https:\/\/www.asajacyl.com\/palencia\/asaja-palencia-informa\/recomendaciones-del-comite-nacional-veterinario-ante-el-avance-la-de-lengua-azul-y-la-influenza-aviar#primaryimage\"},\"thumbnailUrl\":\"https:\/\/www.asajacyl.com\/palencia\/wp-content\/uploads\/sites\/3\/2025\/09\/Gripe-aviar-a-10-septiembre2025.jpg\",\"datePublished\":\"2025-09-12T10:43:24+00:00\",\"dateModified\":\"2025-09-17T10:42:13+00:00\",\"author\":{\"@id\":\"https:\/\/www.asajacyl.com\/palencia\/#\/schema\/person\/3ab17aeb03527485c317557fae64aab1\"},\"description\":\"El comit\u00e9 de la Red de Alerta Sanitaria Veterinaria de Espa\u00f1a (RASVE) ha mantenido esta semana una reuni\u00f3n para intercambiar informaci\u00f3n y evaluar las\",\"breadcrumb\":{\"@id\":\"https:\/\/www.asajacyl.com\/palencia\/asaja-palencia-informa\/recomendaciones-del-comite-nacional-veterinario-ante-el-avance-la-de-lengua-azul-y-la-influenza-aviar#breadcrumb\"},\"inLanguage\":\"es\",\"potentialAction\":[{\"@type\":\"ReadAction\",\"target\":[\"https:\/\/www.asajacyl.com\/palencia\/asaja-palencia-informa\/recomendaciones-del-comite-nacional-veterinario-ante-el-avance-la-de-lengua-azul-y-la-influenza-aviar\"]}]},{\"@type\":\"ImageObject\",\"inLanguage\":\"es\",\"@id\":\"https:\/\/www.asajacyl.com\/palencia\/asaja-palencia-informa\/recomendaciones-del-comite-nacional-veterinario-ante-el-avance-la-de-lengua-azul-y-la-influenza-aviar#primaryimage\",\"url\":\"https:\/\/www.asajacyl.com\/palencia\/wp-content\/uploads\/sites\/3\/2025\/09\/Gripe-aviar-a-10-septiembre2025.jpg\",\"contentUrl\":\"https:\/\/www.asajacyl.com\/palencia\/wp-content\/uploads\/sites\/3\/2025\/09\/Gripe-aviar-a-10-septiembre2025.jpg\",\"width\":1890,\"height\":1654},{\"@type\":\"BreadcrumbList\",\"@id\":\"https:\/\/www.asajacyl.com\/palencia\/asaja-palencia-informa\/recomendaciones-del-comite-nacional-veterinario-ante-el-avance-la-de-lengua-azul-y-la-influenza-aviar#breadcrumb\",\"itemListElement\":[{\"@type\":\"ListItem\",\"position\":1,\"name\":\"Portada\",\"item\":\"https:\/\/www.asajacyl.com\/palencia\/\"},{\"@type\":\"ListItem\",\"position\":2,\"name\":\"Recomendaciones del comit\u00e9 nacional veterinario ante el avance la de lengua azul y la influenza aviar\"}]},{\"@type\":\"WebSite\",\"@id\":\"https:\/\/www.asajacyl.com\/palencia\/#website\",\"url\":\"https:\/\/www.asajacyl.com\/palencia\/\",\"name\":\"ASAJA Palencia\",\"description\":\"Otro sitio m\u00e1s de Provincias ASAJA Castilla y Le\u00f3n\",\"potentialAction\":[{\"@type\":\"SearchAction\",\"target\":{\"@type\":\"EntryPoint\",\"urlTemplate\":\"https:\/\/www.asajacyl.com\/palencia\/?s={search_term_string}\"},\"query-input\":{\"@type\":\"PropertyValueSpecification\",\"valueRequired\":true,\"valueName\":\"search_term_string\"}}],\"inLanguage\":\"es\"},{\"@type\":\"Person\",\"@id\":\"https:\/\/www.asajacyl.com\/palencia\/#\/schema\/person\/3ab17aeb03527485c317557fae64aab1\",\"name\":\"Administrador\",\"image\":{\"@type\":\"ImageObject\",\"inLanguage\":\"es\",\"@id\":\"https:\/\/www.asajacyl.com\/palencia\/#\/schema\/person\/image\/\",\"url\":\"https:\/\/secure.gravatar.com\/avatar\/517384810d242ca9e38c180f3c9fb973?s=96&d=mm&r=g\",\"contentUrl\":\"https:\/\/secure.gravatar.com\/avatar\/517384810d242ca9e38c180f3c9fb973?s=96&d=mm&r=g\",\"caption\":\"Administrador\"},\"url\":\"https:\/\/www.asajacyl.com\/palencia\/author\/carlosrm\"}]}<\/script>\n<!-- \/ Yoast SEO plugin. -->","yoast_head_json":{"title":"Recomendaciones del comit\u00e9 nacional veterinario ante el avance la de lengua azul y la influenza aviar - ASAJA Palencia","description":"El comit\u00e9 de la Red de Alerta Sanitaria Veterinaria de Espa\u00f1a (RASVE) ha mantenido esta semana una reuni\u00f3n para intercambiar informaci\u00f3n y evaluar las","robots":{"index":"index","follow":"follow","max-snippet":"max-snippet:-1","max-image-preview":"max-image-preview:large","max-video-preview":"max-video-preview:-1"},"canonical":"https:\/\/www.asajacyl.com\/palencia\/asaja-palencia-informa\/recomendaciones-del-comite-nacional-veterinario-ante-el-avance-la-de-lengua-azul-y-la-influenza-aviar","og_locale":"es_ES","og_type":"article","og_title":"Recomendaciones del comit\u00e9 nacional veterinario ante el avance la de lengua azul y la influenza aviar - ASAJA Palencia","og_description":"El comit\u00e9 de la Red de Alerta Sanitaria Veterinaria de Espa\u00f1a (RASVE) ha mantenido esta semana una reuni\u00f3n para intercambiar informaci\u00f3n y evaluar las","og_url":"https:\/\/www.asajacyl.com\/palencia\/asaja-palencia-informa\/recomendaciones-del-comite-nacional-veterinario-ante-el-avance-la-de-lengua-azul-y-la-influenza-aviar","og_site_name":"ASAJA Palencia","article_published_time":"2025-09-12T10:43:24+00:00","article_modified_time":"2025-09-17T10:42:13+00:00","og_image":[{"width":1890,"height":1654,"url":"https:\/\/www.asajacyl.com\/palencia\/wp-content\/uploads\/sites\/3\/2025\/09\/Gripe-aviar-a-10-septiembre2025.jpg","type":"image\/jpeg"}],"author":"Administrador","twitter_card":"summary_large_image","twitter_misc":{"Escrito por":"Administrador","Tiempo de lectura":"6 minutos"},"schema":{"@context":"https:\/\/schema.org","@graph":[{"@type":"WebPage","@id":"https:\/\/www.asajacyl.com\/palencia\/asaja-palencia-informa\/recomendaciones-del-comite-nacional-veterinario-ante-el-avance-la-de-lengua-azul-y-la-influenza-aviar","url":"https:\/\/www.asajacyl.com\/palencia\/asaja-palencia-informa\/recomendaciones-del-comite-nacional-veterinario-ante-el-avance-la-de-lengua-azul-y-la-influenza-aviar","name":"Recomendaciones del comit\u00e9 nacional veterinario ante el avance la de lengua azul y la influenza aviar - ASAJA Palencia","isPartOf":{"@id":"https:\/\/www.asajacyl.com\/palencia\/#website"},"primaryImageOfPage":{"@id":"https:\/\/www.asajacyl.com\/palencia\/asaja-palencia-informa\/recomendaciones-del-comite-nacional-veterinario-ante-el-avance-la-de-lengua-azul-y-la-influenza-aviar#primaryimage"},"image":{"@id":"https:\/\/www.asajacyl.com\/palencia\/asaja-palencia-informa\/recomendaciones-del-comite-nacional-veterinario-ante-el-avance-la-de-lengua-azul-y-la-influenza-aviar#primaryimage"},"thumbnailUrl":"https:\/\/www.asajacyl.com\/palencia\/wp-content\/uploads\/sites\/3\/2025\/09\/Gripe-aviar-a-10-septiembre2025.jpg","datePublished":"2025-09-12T10:43:24+00:00","dateModified":"2025-09-17T10:42:13+00:00","author":{"@id":"https:\/\/www.asajacyl.com\/palencia\/#\/schema\/person\/3ab17aeb03527485c317557fae64aab1"},"description":"El comit\u00e9 de la Red de Alerta Sanitaria Veterinaria de Espa\u00f1a (RASVE) ha mantenido esta semana una reuni\u00f3n para intercambiar informaci\u00f3n y evaluar las","breadcrumb":{"@id":"https:\/\/www.asajacyl.com\/palencia\/asaja-palencia-informa\/recomendaciones-del-comite-nacional-veterinario-ante-el-avance-la-de-lengua-azul-y-la-influenza-aviar#breadcrumb"},"inLanguage":"es","potentialAction":[{"@type":"ReadAction","target":["https:\/\/www.asajacyl.com\/palencia\/asaja-palencia-informa\/recomendaciones-del-comite-nacional-veterinario-ante-el-avance-la-de-lengua-azul-y-la-influenza-aviar"]}]},{"@type":"ImageObject","inLanguage":"es","@id":"https:\/\/www.asajacyl.com\/palencia\/asaja-palencia-informa\/recomendaciones-del-comite-nacional-veterinario-ante-el-avance-la-de-lengua-azul-y-la-influenza-aviar#primaryimage","url":"https:\/\/www.asajacyl.com\/palencia\/wp-content\/uploads\/sites\/3\/2025\/09\/Gripe-aviar-a-10-septiembre2025.jpg","contentUrl":"https:\/\/www.asajacyl.com\/palencia\/wp-content\/uploads\/sites\/3\/2025\/09\/Gripe-aviar-a-10-septiembre2025.jpg","width":1890,"height":1654},{"@type":"BreadcrumbList","@id":"https:\/\/www.asajacyl.com\/palencia\/asaja-palencia-informa\/recomendaciones-del-comite-nacional-veterinario-ante-el-avance-la-de-lengua-azul-y-la-influenza-aviar#breadcrumb","itemListElement":[{"@type":"ListItem","position":1,"name":"Portada","item":"https:\/\/www.asajacyl.com\/palencia\/"},{"@type":"ListItem","position":2,"name":"Recomendaciones del comit\u00e9 nacional veterinario ante el avance la de lengua azul y la influenza aviar"}]},{"@type":"WebSite","@id":"https:\/\/www.asajacyl.com\/palencia\/#website","url":"https:\/\/www.asajacyl.com\/palencia\/","name":"ASAJA Palencia","description":"Otro sitio m\u00e1s de Provincias ASAJA Castilla y Le\u00f3n","potentialAction":[{"@type":"SearchAction","target":{"@type":"EntryPoint","urlTemplate":"https:\/\/www.asajacyl.com\/palencia\/?s={search_term_string}"},"query-input":{"@type":"PropertyValueSpecification","valueRequired":true,"valueName":"search_term_string"}}],"inLanguage":"es"},{"@type":"Person","@id":"https:\/\/www.asajacyl.com\/palencia\/#\/schema\/person\/3ab17aeb03527485c317557fae64aab1","name":"Administrador","image":{"@type":"ImageObject","inLanguage":"es","@id":"https:\/\/www.asajacyl.com\/palencia\/#\/schema\/person\/image\/","url":"https:\/\/secure.gravatar.com\/avatar\/517384810d242ca9e38c180f3c9fb973?s=96&d=mm&r=g","contentUrl":"https:\/\/secure.gravatar.com\/avatar\/517384810d242ca9e38c180f3c9fb973?s=96&d=mm&r=g","caption":"Administrador"},"url":"https:\/\/www.asajacyl.com\/palencia\/author\/carlosrm"}]}},"_links":{"self":[{"href":"https:\/\/www.asajacyl.com\/palencia\/wp-json\/wp\/v2\/posts\/20903"}],"collection":[{"href":"https:\/\/www.asajacyl.com\/palencia\/wp-json\/wp\/v2\/posts"}],"about":[{"href":"https:\/\/www.asajacyl.com\/palencia\/wp-json\/wp\/v2\/types\/post"}],"author":[{"embeddable":true,"href":"https:\/\/www.asajacyl.com\/palencia\/wp-json\/wp\/v2\/users\/9"}],"replies":[{"embeddable":true,"href":"https:\/\/www.asajacyl.com\/palencia\/wp-json\/wp\/v2\/comments?post=20903"}],"version-history":[{"count":5,"href":"https:\/\/www.asajacyl.com\/palencia\/wp-json\/wp\/v2\/posts\/20903\/revisions"}],"predecessor-version":[{"id":20947,"href":"https:\/\/www.asajacyl.com\/palencia\/wp-json\/wp\/v2\/posts\/20903\/revisions\/20947"}],"wp:featuredmedia":[{"embeddable":true,"href":"https:\/\/www.asajacyl.com\/palencia\/wp-json\/wp\/v2\/media\/20906"}],"wp:attachment":[{"href":"https:\/\/www.asajacyl.com\/palencia\/wp-json\/wp\/v2\/media?parent=20903"}],"wp:term":[{"taxonomy":"category","embeddable":true,"href":"https:\/\/www.asajacyl.com\/palencia\/wp-json\/wp\/v2\/categories?post=20903"},{"taxonomy":"post_tag","embeddable":true,"href":"https:\/\/www.asajacyl.com\/palencia\/wp-json\/wp\/v2\/tags?post=20903"}],"curies":[{"name":"wp","href":"https:\/\/api.w.org\/{rel}","templated":true}]}}