{"id":20917,"date":"2025-09-15T07:30:00","date_gmt":"2025-09-15T05:30:00","guid":{"rendered":"https:\/\/www.asajacyl.com\/palencia\/?p=20917"},"modified":"2025-09-12T13:59:56","modified_gmt":"2025-09-12T11:59:56","slug":"las-candidaturas-al-xi-premio-nacional-joven-agricultor-pueden-presentarse-hasta-el-15-de-octubre","status":"publish","type":"post","link":"https:\/\/www.asajacyl.com\/palencia\/sin-categoria\/las-candidaturas-al-xi-premio-nacional-joven-agricultor-pueden-presentarse-hasta-el-15-de-octubre","title":{"rendered":"Las candidaturas al XI Premio Nacional Joven Agricultor pueden presentarse hasta el 15 de octubre\u00a0"},"content":{"rendered":"\n<h2 class=\"wp-block-heading\">Con el objetivo de promocionar y visibilizar el talento, la innovaci\u00f3n y el compromiso de los j\u00f3venes agricultores y ganaderos espa\u00f1oles, ASAJA convoca el XI Premio Nacional Joven Agricultor, en el marco de los Galardones Europeos a la Innovaci\u00f3n y la Sostenibilidad en el Sector Agrario, que organiza el Parlamento Europeo.<\/h2>\n\n\n\n<p>Esta und\u00e9cima edici\u00f3n del premio que convoca nuestra organizaci\u00f3n, correspondiente al a\u00f1o 2025, cuenta con la colaboraci\u00f3n institucional de la eurodiputada Carmen Crespo, embajadora de la iniciativa.<\/p>\n\n\n\n<p>Los ganadores representar\u00e1n el presente y el futuro del campo espa\u00f1ol en el XI Congreso Europeo de J\u00f3venes Agricultores, que se celebrar\u00e1 el 19 de noviembre de 2025 en Bruselas, en la sede del Parlamento Europeo.<\/p>\n\n\n\n<p>BASES DE PARTICIPACI\u00d3N<\/p>\n\n\n\n<p><strong>1. Requisitos de participaci\u00f3n<\/strong><\/p>\n\n\n\n<p>Podr\u00e1n presentarse todos los j\u00f3venes agricultores y ganaderos menores de 40 a\u00f1os con nacionalidad espa\u00f1ola, o cuya explotaci\u00f3n est\u00e9 ubicada en territorio espa\u00f1ol.<\/p>\n\n\n\n<p><strong>2. Documentaci\u00f3n<\/strong><\/p>\n\n\n\n<p>Cada candidato deber\u00e1 enviar:<\/p>\n\n\n\n<p>a. Una descripci\u00f3n del proyecto innovador (m\u00e1x. 2 folios, en castellano).<\/p>\n\n\n\n<p>b. Material audiovisual complementario.<\/p>\n\n\n\n<p>c. El formulario de inscripci\u00f3n debidamente cumplimentado.<\/p>\n\n\n\n<p>En caso de ser seleccionado para representar a Espa\u00f1a en Europa, el candidato deber\u00e1 presentar:<\/p>\n\n\n\n<p>d. Un resumen del proyecto en ingl\u00e9s (m\u00e1x. 2 folios).<\/p>\n\n\n\n<p>e. Un v\u00eddeo de presentaci\u00f3n en ingl\u00e9s o subtitulado en ingl\u00e9s.<\/p>\n\n\n\n<p><strong>3. Formato y env\u00edo de candidaturas<\/strong><\/p>\n\n\n\n<p>La documentaci\u00f3n completa deber\u00e1 enviarse:<\/p>\n\n\n\n<p>a. Por correo electr\u00f3nico a: info@asaja.com<\/p>\n\n\n\n<p>b. O por correo postal a: ASAJA Nacional \u2013 calle Agust\u00edn de Bethancourt, 17 | 28003 Madrid<\/p>\n\n\n\n<p><strong>4. Fecha l\u00edmite<\/strong><\/p>\n\n\n\n<p>El plazo de presentaci\u00f3n finaliza el 15 de octubre de 2025 (incluido). ASAJA se reserva el derecho de ampliar el plazo si lo considera oportuno.<\/p>\n\n\n\n<p><strong>5. Categor\u00edas y premios<\/strong><\/p>\n\n\n\n<p>El jurado nacional seleccionar\u00e1 tres proyectos ganadores, que recibir\u00e1n cada uno un cheque de 500 euros y ser\u00e1n reconocidos en las siguientes categor\u00edas:<\/p>\n\n\n\n<p>a. Mejor proyecto digital<\/p>\n\n\n\n<p>b. Mejor proyecto de eficiencia energ\u00e9tica<\/p>\n\n\n\n<p>c. Mejor proyecto de compromiso social<\/p>\n\n\n\n<p>d. Premio Mejor Joven Agricultor del A\u00f1o<\/p>\n\n\n\n<p>De entre ellos se elegir\u00e1 al ganador absoluto:<\/p>\n\n\n\n<p>Premio Nacional Joven Agricultor 2025. El galardonado recibir\u00e1 un cheque adicional de 1000 euros, adem\u00e1s de un viaje con acompa\u00f1ante, (valorado en m\u00e1s de 1000 euros por persona) para asistir al XI Congreso Europeo de J\u00f3venes Agricultores, que tendr\u00e1 lugar el 19 de noviembre de 2025, donde participar\u00e1 como representante oficial de Espa\u00f1a.<\/p>\n\n\n\n<p><strong>Entrega de premios<\/strong><\/p>\n\n\n\n<p>Los galardones se entregar\u00e1n en un acto p\u00fablico organizado por ASAJA que tendr\u00e1 lugar en Madrid en la \u00faltima quincena de octubre o la primera de noviembre, siempre antes del 19 de noviembre, fecha en la que se celebrar\u00e1 el Premio Europeo Joven Agricultor.<\/p>\n\n\n\n<p><strong>6. Criterios de valoraci\u00f3n<\/strong><\/p>\n\n\n\n<p>Los proyectos ser\u00e1n evaluados por un jurado independiente seg\u00fan los siguientes criterios:<\/p>\n\n\n\n<p>a. Mejor proyecto digital<\/p>\n\n\n\n<p>Se valorar\u00e1 la incorporaci\u00f3n de tecnolog\u00edas que mejoren el trabajo diario en el campo: uso de sensores, gesti\u00f3n de datos, automatizaci\u00f3n, apps agr\u00edcolas o cualquier herramienta que aporte eficiencia y control a la explotaci\u00f3n.<\/p>\n\n\n\n<p>b. Mejor proyecto de eficiencia energ\u00e9tica<\/p>\n\n\n\n<p>Se premiar\u00e1n las iniciativas que reduzcan el consumo de energ\u00eda o apuesten por fuentes renovables (placas solares, biomasa, etc.), mejorando la sostenibilidad y reduciendo costes en la explotaci\u00f3n.<\/p>\n\n\n\n<p>c. Mejor proyecto de compromiso social<\/p>\n\n\n\n<p>Se reconocer\u00e1n proyectos con impacto positivo en su entorno rural: integraci\u00f3n de j\u00f3venes, generaci\u00f3n de empleo, servicios al pueblo, recuperaci\u00f3n de cultivos tradicionales o acciones que fortalezcan la comunidad.<\/p>\n\n\n\n<p>d. Premio Mejor Joven Agricultor del A\u00f1o<\/p>\n\n\n\n<p>El jurado elegir\u00e1 entre los tres ganadores al representante de Espa\u00f1a en el certamen europeo. Se tendr\u00e1 en cuenta el car\u00e1cter innovador, la viabilidad del proyecto, su impacto real y el compromiso del joven con el futuro del campo.<\/p>\n\n\n\n<p><strong>7. Finalistas al Congreso Europeo<\/strong><\/p>\n\n\n\n<p>Adem\u00e1s de los tres ganadores, el jurado podr\u00e1 seleccionar hasta siete finalistas adicionales para asistir al XI Congreso Europeo de J\u00f3venes Agricultores en Bruselas el 19 de noviembre.<\/p>\n\n\n\n<p><strong>8. Premio europeo y representaci\u00f3n<\/strong><\/p>\n\n\n\n<p>El ganador del Premio Nacional Joven Agricultor 2025 representar\u00e1 a Espa\u00f1a en Bruselas ante eurodiputados, instituciones europeas y j\u00f3venes agricultores de los 27 Estados miembro. El viaje, el alojamiento y la acreditaci\u00f3n estar\u00e1n cubiertos por la organizaci\u00f3n.<\/p>\n\n\n\n<p><strong>9. Derechos y difusi\u00f3n<\/strong><\/p>\n\n\n\n<p>ASAJA y los patrocinadores podr\u00e1n utilizar el material audiovisual e im\u00e1genes de los proyectos ganadores para su promoci\u00f3n p\u00fablica, sin compensaci\u00f3n econ\u00f3mica adicional, siempre respetando los derechos de autor y el reconocimiento al autor del proyecto.<\/p>\n\n\n\n<p><strong>10. Consultas y contacto<\/strong><\/p>\n\n\n\n<p>Todas las consultas deben dirigirse a: info@asaja.com | 915 336 764 | 638 160677<\/p>\n\n\n\n<div class=\"wp-block-file\"><a id=\"wp-block-file--media-43081884-7eda-4254-a6ad-0051f37efcc6\" href=\"https:\/\/www.asajacyl.com\/palencia\/wp-content\/uploads\/sites\/3\/2025\/09\/Formulario-de-participacion-XIPremio2025.docx\">Formulario-de-participacion-XIPremio2025<\/a><a href=\"https:\/\/www.asajacyl.com\/palencia\/wp-content\/uploads\/sites\/3\/2025\/09\/Formulario-de-participacion-XIPremio2025.docx\" class=\"wp-block-file__button wp-element-button\" download aria-describedby=\"wp-block-file--media-43081884-7eda-4254-a6ad-0051f37efcc6\">Descarga<\/a><\/div>\n\n\n<div class=\"wp-block-image\">\n<figure class=\"aligncenter\"><img decoding=\"async\" src=\"https:\/\/www.asaja.com\/wp-content\/uploads\/2025\/09\/PLANTILLA-WEB-7-1.png\" alt=\"\" \/><\/figure><\/div>","protected":false},"excerpt":{"rendered":"<p>Con el objetivo de promocionar y visibilizar el talento, la innovaci\u00f3n y el compromiso de los j\u00f3venes agricultores y ganaderos espa\u00f1oles, ASAJA convoca el XI Premio Nacional Joven Agricultor, en el marco de los Galardones Europeos a la Innovaci\u00f3n y la Sostenibilidad en el Sector Agrario, que organiza el Parlamento Europeo. Esta und\u00e9cima edici\u00f3n del [&hellip;]<\/p>\n","protected":false},"author":9,"featured_media":20921,"comment_status":"open","ping_status":"open","sticky":false,"template":"","format":"standard","meta":{"footnotes":""},"categories":[9,38,29,28,13,1],"tags":[58,351,550,77,491,296,232],"yoast_head":"<!-- This site is optimized with the Yoast SEO plugin v24.5 - https:\/\/yoast.com\/wordpress\/plugins\/seo\/ -->\n<title>Las candidaturas al XI Premio Nacional Joven Agricultor pueden presentarse hasta el 15 de octubre\u00a0 - ASAJA Palencia<\/title>\n<meta name=\"description\" content=\"Con el objetivo de promocionar y visibilizar el talento, la innovaci\u00f3n y el compromiso de los j\u00f3venes agricultores y ganaderos espa\u00f1oles, ASAJA convoca el\" \/>\n<meta name=\"robots\" content=\"index, follow, max-snippet:-1, max-image-preview:large, max-video-preview:-1\" \/>\n<link rel=\"canonical\" href=\"https:\/\/www.asajacyl.com\/palencia\/sin-categoria\/las-candidaturas-al-xi-premio-nacional-joven-agricultor-pueden-presentarse-hasta-el-15-de-octubre\" \/>\n<meta property=\"og:locale\" content=\"es_ES\" \/>\n<meta property=\"og:type\" content=\"article\" \/>\n<meta property=\"og:title\" content=\"Las candidaturas al XI Premio Nacional Joven Agricultor pueden presentarse hasta el 15 de octubre\u00a0 - ASAJA Palencia\" \/>\n<meta property=\"og:description\" content=\"Con el objetivo de promocionar y visibilizar el talento, la innovaci\u00f3n y el compromiso de los j\u00f3venes agricultores y ganaderos espa\u00f1oles, ASAJA convoca el\" \/>\n<meta property=\"og:url\" content=\"https:\/\/www.asajacyl.com\/palencia\/sin-categoria\/las-candidaturas-al-xi-premio-nacional-joven-agricultor-pueden-presentarse-hasta-el-15-de-octubre\" \/>\n<meta property=\"og:site_name\" content=\"ASAJA Palencia\" \/>\n<meta property=\"article:published_time\" content=\"2025-09-15T05:30:00+00:00\" \/>\n<meta property=\"og:image\" content=\"https:\/\/www.asajacyl.com\/palencia\/wp-content\/uploads\/sites\/3\/2025\/09\/Joven-ganadera-ASAJA-Valencia-1024x896.jpg\" \/>\n\t<meta property=\"og:image:width\" content=\"1024\" \/>\n\t<meta property=\"og:image:height\" content=\"896\" \/>\n\t<meta property=\"og:image:type\" content=\"image\/jpeg\" \/>\n<meta name=\"author\" content=\"Administrador\" \/>\n<meta name=\"twitter:card\" content=\"summary_large_image\" \/>\n<meta name=\"twitter:label1\" content=\"Escrito por\" \/>\n\t<meta name=\"twitter:data1\" content=\"Administrador\" \/>\n\t<meta name=\"twitter:label2\" content=\"Tiempo de lectura\" \/>\n\t<meta name=\"twitter:data2\" content=\"4 minutos\" \/>\n<script type=\"application\/ld+json\" class=\"yoast-schema-graph\">{\"@context\":\"https:\/\/schema.org\",\"@graph\":[{\"@type\":\"WebPage\",\"@id\":\"https:\/\/www.asajacyl.com\/palencia\/sin-categoria\/las-candidaturas-al-xi-premio-nacional-joven-agricultor-pueden-presentarse-hasta-el-15-de-octubre\",\"url\":\"https:\/\/www.asajacyl.com\/palencia\/sin-categoria\/las-candidaturas-al-xi-premio-nacional-joven-agricultor-pueden-presentarse-hasta-el-15-de-octubre\",\"name\":\"Las candidaturas al XI Premio Nacional Joven Agricultor pueden presentarse hasta el 15 de octubre\u00a0 - ASAJA Palencia\",\"isPartOf\":{\"@id\":\"https:\/\/www.asajacyl.com\/palencia\/#website\"},\"primaryImageOfPage\":{\"@id\":\"https:\/\/www.asajacyl.com\/palencia\/sin-categoria\/las-candidaturas-al-xi-premio-nacional-joven-agricultor-pueden-presentarse-hasta-el-15-de-octubre#primaryimage\"},\"image\":{\"@id\":\"https:\/\/www.asajacyl.com\/palencia\/sin-categoria\/las-candidaturas-al-xi-premio-nacional-joven-agricultor-pueden-presentarse-hasta-el-15-de-octubre#primaryimage\"},\"thumbnailUrl\":\"https:\/\/www.asajacyl.com\/palencia\/wp-content\/uploads\/sites\/3\/2025\/09\/Joven-ganadera-ASAJA-Valencia.jpg\",\"datePublished\":\"2025-09-15T05:30:00+00:00\",\"author\":{\"@id\":\"https:\/\/www.asajacyl.com\/palencia\/#\/schema\/person\/3ab17aeb03527485c317557fae64aab1\"},\"description\":\"Con el objetivo de promocionar y visibilizar el talento, la innovaci\u00f3n y el compromiso de los j\u00f3venes agricultores y ganaderos espa\u00f1oles, ASAJA convoca el\",\"breadcrumb\":{\"@id\":\"https:\/\/www.asajacyl.com\/palencia\/sin-categoria\/las-candidaturas-al-xi-premio-nacional-joven-agricultor-pueden-presentarse-hasta-el-15-de-octubre#breadcrumb\"},\"inLanguage\":\"es\",\"potentialAction\":[{\"@type\":\"ReadAction\",\"target\":[\"https:\/\/www.asajacyl.com\/palencia\/sin-categoria\/las-candidaturas-al-xi-premio-nacional-joven-agricultor-pueden-presentarse-hasta-el-15-de-octubre\"]}]},{\"@type\":\"ImageObject\",\"inLanguage\":\"es\",\"@id\":\"https:\/\/www.asajacyl.com\/palencia\/sin-categoria\/las-candidaturas-al-xi-premio-nacional-joven-agricultor-pueden-presentarse-hasta-el-15-de-octubre#primaryimage\",\"url\":\"https:\/\/www.asajacyl.com\/palencia\/wp-content\/uploads\/sites\/3\/2025\/09\/Joven-ganadera-ASAJA-Valencia.jpg\",\"contentUrl\":\"https:\/\/www.asajacyl.com\/palencia\/wp-content\/uploads\/sites\/3\/2025\/09\/Joven-ganadera-ASAJA-Valencia.jpg\",\"width\":1890,\"height\":1654},{\"@type\":\"BreadcrumbList\",\"@id\":\"https:\/\/www.asajacyl.com\/palencia\/sin-categoria\/las-candidaturas-al-xi-premio-nacional-joven-agricultor-pueden-presentarse-hasta-el-15-de-octubre#breadcrumb\",\"itemListElement\":[{\"@type\":\"ListItem\",\"position\":1,\"name\":\"Portada\",\"item\":\"https:\/\/www.asajacyl.com\/palencia\/\"},{\"@type\":\"ListItem\",\"position\":2,\"name\":\"Las candidaturas al XI Premio Nacional Joven Agricultor pueden presentarse hasta el 15 de octubre\u00a0\"}]},{\"@type\":\"WebSite\",\"@id\":\"https:\/\/www.asajacyl.com\/palencia\/#website\",\"url\":\"https:\/\/www.asajacyl.com\/palencia\/\",\"name\":\"ASAJA Palencia\",\"description\":\"Otro sitio m\u00e1s de Provincias ASAJA Castilla y Le\u00f3n\",\"potentialAction\":[{\"@type\":\"SearchAction\",\"target\":{\"@type\":\"EntryPoint\",\"urlTemplate\":\"https:\/\/www.asajacyl.com\/palencia\/?s={search_term_string}\"},\"query-input\":{\"@type\":\"PropertyValueSpecification\",\"valueRequired\":true,\"valueName\":\"search_term_string\"}}],\"inLanguage\":\"es\"},{\"@type\":\"Person\",\"@id\":\"https:\/\/www.asajacyl.com\/palencia\/#\/schema\/person\/3ab17aeb03527485c317557fae64aab1\",\"name\":\"Administrador\",\"image\":{\"@type\":\"ImageObject\",\"inLanguage\":\"es\",\"@id\":\"https:\/\/www.asajacyl.com\/palencia\/#\/schema\/person\/image\/\",\"url\":\"https:\/\/secure.gravatar.com\/avatar\/517384810d242ca9e38c180f3c9fb973?s=96&d=mm&r=g\",\"contentUrl\":\"https:\/\/secure.gravatar.com\/avatar\/517384810d242ca9e38c180f3c9fb973?s=96&d=mm&r=g\",\"caption\":\"Administrador\"},\"url\":\"https:\/\/www.asajacyl.com\/palencia\/author\/carlosrm\"}]}<\/script>\n<!-- \/ Yoast SEO plugin. -->","yoast_head_json":{"title":"Las candidaturas al XI Premio Nacional Joven Agricultor pueden presentarse hasta el 15 de octubre\u00a0 - ASAJA Palencia","description":"Con el objetivo de promocionar y visibilizar el talento, la innovaci\u00f3n y el compromiso de los j\u00f3venes agricultores y ganaderos espa\u00f1oles, ASAJA convoca el","robots":{"index":"index","follow":"follow","max-snippet":"max-snippet:-1","max-image-preview":"max-image-preview:large","max-video-preview":"max-video-preview:-1"},"canonical":"https:\/\/www.asajacyl.com\/palencia\/sin-categoria\/las-candidaturas-al-xi-premio-nacional-joven-agricultor-pueden-presentarse-hasta-el-15-de-octubre","og_locale":"es_ES","og_type":"article","og_title":"Las candidaturas al XI Premio Nacional Joven Agricultor pueden presentarse hasta el 15 de octubre\u00a0 - ASAJA Palencia","og_description":"Con el objetivo de promocionar y visibilizar el talento, la innovaci\u00f3n y el compromiso de los j\u00f3venes agricultores y ganaderos espa\u00f1oles, ASAJA convoca el","og_url":"https:\/\/www.asajacyl.com\/palencia\/sin-categoria\/las-candidaturas-al-xi-premio-nacional-joven-agricultor-pueden-presentarse-hasta-el-15-de-octubre","og_site_name":"ASAJA Palencia","article_published_time":"2025-09-15T05:30:00+00:00","og_image":[{"width":1024,"height":896,"url":"https:\/\/www.asajacyl.com\/palencia\/wp-content\/uploads\/sites\/3\/2025\/09\/Joven-ganadera-ASAJA-Valencia-1024x896.jpg","type":"image\/jpeg"}],"author":"Administrador","twitter_card":"summary_large_image","twitter_misc":{"Escrito por":"Administrador","Tiempo de lectura":"4 minutos"},"schema":{"@context":"https:\/\/schema.org","@graph":[{"@type":"WebPage","@id":"https:\/\/www.asajacyl.com\/palencia\/sin-categoria\/las-candidaturas-al-xi-premio-nacional-joven-agricultor-pueden-presentarse-hasta-el-15-de-octubre","url":"https:\/\/www.asajacyl.com\/palencia\/sin-categoria\/las-candidaturas-al-xi-premio-nacional-joven-agricultor-pueden-presentarse-hasta-el-15-de-octubre","name":"Las candidaturas al XI Premio Nacional Joven Agricultor pueden presentarse hasta el 15 de octubre\u00a0 - ASAJA Palencia","isPartOf":{"@id":"https:\/\/www.asajacyl.com\/palencia\/#website"},"primaryImageOfPage":{"@id":"https:\/\/www.asajacyl.com\/palencia\/sin-categoria\/las-candidaturas-al-xi-premio-nacional-joven-agricultor-pueden-presentarse-hasta-el-15-de-octubre#primaryimage"},"image":{"@id":"https:\/\/www.asajacyl.com\/palencia\/sin-categoria\/las-candidaturas-al-xi-premio-nacional-joven-agricultor-pueden-presentarse-hasta-el-15-de-octubre#primaryimage"},"thumbnailUrl":"https:\/\/www.asajacyl.com\/palencia\/wp-content\/uploads\/sites\/3\/2025\/09\/Joven-ganadera-ASAJA-Valencia.jpg","datePublished":"2025-09-15T05:30:00+00:00","author":{"@id":"https:\/\/www.asajacyl.com\/palencia\/#\/schema\/person\/3ab17aeb03527485c317557fae64aab1"},"description":"Con el objetivo de promocionar y visibilizar el talento, la innovaci\u00f3n y el compromiso de los j\u00f3venes agricultores y ganaderos espa\u00f1oles, ASAJA convoca el","breadcrumb":{"@id":"https:\/\/www.asajacyl.com\/palencia\/sin-categoria\/las-candidaturas-al-xi-premio-nacional-joven-agricultor-pueden-presentarse-hasta-el-15-de-octubre#breadcrumb"},"inLanguage":"es","potentialAction":[{"@type":"ReadAction","target":["https:\/\/www.asajacyl.com\/palencia\/sin-categoria\/las-candidaturas-al-xi-premio-nacional-joven-agricultor-pueden-presentarse-hasta-el-15-de-octubre"]}]},{"@type":"ImageObject","inLanguage":"es","@id":"https:\/\/www.asajacyl.com\/palencia\/sin-categoria\/las-candidaturas-al-xi-premio-nacional-joven-agricultor-pueden-presentarse-hasta-el-15-de-octubre#primaryimage","url":"https:\/\/www.asajacyl.com\/palencia\/wp-content\/uploads\/sites\/3\/2025\/09\/Joven-ganadera-ASAJA-Valencia.jpg","contentUrl":"https:\/\/www.asajacyl.com\/palencia\/wp-content\/uploads\/sites\/3\/2025\/09\/Joven-ganadera-ASAJA-Valencia.jpg","width":1890,"height":1654},{"@type":"BreadcrumbList","@id":"https:\/\/www.asajacyl.com\/palencia\/sin-categoria\/las-candidaturas-al-xi-premio-nacional-joven-agricultor-pueden-presentarse-hasta-el-15-de-octubre#breadcrumb","itemListElement":[{"@type":"ListItem","position":1,"name":"Portada","item":"https:\/\/www.asajacyl.com\/palencia\/"},{"@type":"ListItem","position":2,"name":"Las candidaturas al XI Premio Nacional Joven Agricultor pueden presentarse hasta el 15 de octubre\u00a0"}]},{"@type":"WebSite","@id":"https:\/\/www.asajacyl.com\/palencia\/#website","url":"https:\/\/www.asajacyl.com\/palencia\/","name":"ASAJA Palencia","description":"Otro sitio m\u00e1s de Provincias ASAJA Castilla y Le\u00f3n","potentialAction":[{"@type":"SearchAction","target":{"@type":"EntryPoint","urlTemplate":"https:\/\/www.asajacyl.com\/palencia\/?s={search_term_string}"},"query-input":{"@type":"PropertyValueSpecification","valueRequired":true,"valueName":"search_term_string"}}],"inLanguage":"es"},{"@type":"Person","@id":"https:\/\/www.asajacyl.com\/palencia\/#\/schema\/person\/3ab17aeb03527485c317557fae64aab1","name":"Administrador","image":{"@type":"ImageObject","inLanguage":"es","@id":"https:\/\/www.asajacyl.com\/palencia\/#\/schema\/person\/image\/","url":"https:\/\/secure.gravatar.com\/avatar\/517384810d242ca9e38c180f3c9fb973?s=96&d=mm&r=g","contentUrl":"https:\/\/secure.gravatar.com\/avatar\/517384810d242ca9e38c180f3c9fb973?s=96&d=mm&r=g","caption":"Administrador"},"url":"https:\/\/www.asajacyl.com\/palencia\/author\/carlosrm"}]}},"_links":{"self":[{"href":"https:\/\/www.asajacyl.com\/palencia\/wp-json\/wp\/v2\/posts\/20917"}],"collection":[{"href":"https:\/\/www.asajacyl.com\/palencia\/wp-json\/wp\/v2\/posts"}],"about":[{"href":"https:\/\/www.asajacyl.com\/palencia\/wp-json\/wp\/v2\/types\/post"}],"author":[{"embeddable":true,"href":"https:\/\/www.asajacyl.com\/palencia\/wp-json\/wp\/v2\/users\/9"}],"replies":[{"embeddable":true,"href":"https:\/\/www.asajacyl.com\/palencia\/wp-json\/wp\/v2\/comments?post=20917"}],"version-history":[{"count":2,"href":"https:\/\/www.asajacyl.com\/palencia\/wp-json\/wp\/v2\/posts\/20917\/revisions"}],"predecessor-version":[{"id":20922,"href":"https:\/\/www.asajacyl.com\/palencia\/wp-json\/wp\/v2\/posts\/20917\/revisions\/20922"}],"wp:featuredmedia":[{"embeddable":true,"href":"https:\/\/www.asajacyl.com\/palencia\/wp-json\/wp\/v2\/media\/20921"}],"wp:attachment":[{"href":"https:\/\/www.asajacyl.com\/palencia\/wp-json\/wp\/v2\/media?parent=20917"}],"wp:term":[{"taxonomy":"category","embeddable":true,"href":"https:\/\/www.asajacyl.com\/palencia\/wp-json\/wp\/v2\/categories?post=20917"},{"taxonomy":"post_tag","embeddable":true,"href":"https:\/\/www.asajacyl.com\/palencia\/wp-json\/wp\/v2\/tags?post=20917"}],"curies":[{"name":"wp","href":"https:\/\/api.w.org\/{rel}","templated":true}]}}