{"id":20928,"date":"2025-09-16T07:30:00","date_gmt":"2025-09-16T05:30:00","guid":{"rendered":"https:\/\/www.asajacyl.com\/palencia\/?p=20928"},"modified":"2025-09-16T08:47:49","modified_gmt":"2025-09-16T06:47:49","slug":"los-ganaderos-de-bovino-de-carne-afirman-que-los-precios-de-lonja-se-hallan-por-debajo-del-mercado-real","status":"publish","type":"post","link":"https:\/\/www.asajacyl.com\/palencia\/asaja-palencia-informa\/noticias\/los-ganaderos-de-bovino-de-carne-afirman-que-los-precios-de-lonja-se-hallan-por-debajo-del-mercado-real","title":{"rendered":"Los ganaderos de bovino de carne afirman que los precios de lonja se hallan por debajo del mercado real"},"content":{"rendered":"\n<h2 class=\"wp-block-heading\">Pese a los paulatinos ajustes al alza desde finales de julio, los ganaderos de bovino de carne afirman que los precios de lonja no reflejan las operaciones reales de mercado, donde las compraventas se cierran por cantidades muy superiores. Los productores han denunciado ese desfase esta semana en la Lonja de Salamanca y reclamaron regularizar los precios con una subida general de cuarenta c\u00e9ntimos por kilo en las canales, para que las tablillas recojan esa realidad.<\/h2>\n\n\n\n<p>La raz\u00f3n del desfase radica en otro desajuste: el que media entre una oferta de animales baja \u2014\u00abm\u00ednima\u00bb, seg\u00fan expresaron algunos ganaderos en la mesa de la lonja salmantina\u2014 y una demanda que sigue muy activada.<\/p>\n\n\n\n<p>Por su parte, los compradores rechazaron en esta sesi\u00f3n del lunes, 15 de septiembre, esa regularizaci\u00f3n, aun reconociendo que la oferta de bovino para sacrificio se encuentra en niveles baj\u00edsimos. <\/p>\n\n\n\n<p>Llegados a la fase de cotizaci\u00f3n, los ganaderos pidieron veinte c\u00e9ntimos m\u00e1s por kilo, en tanto los tratantes abogaron inicialmente por tres c\u00e9ntimos. Al final, la presidencia ha dictaminado una subida de diez c\u00e9ntimos por kilo en todas las categor\u00edas. <\/p>\n\n\n\n<p>Los ganaderos tambi\u00e9n han sostenido que en el\u00a0vacuno de vida las cotizaciones de la lonja est\u00e1n infravaloradas con respecto al mercado real, por id\u00e9ntica escasez de oferta y una demanda que se mantiene alta. Los productores aseguran gr\u00e1ficamente que \u00ablos terneros se venden como rosquillas\u00bb, por lo que solicitaron quince c\u00e9ntimos de subida por kilo. La presidencia, tras escuchar a los compradores, que ped\u00edan subir tres, lo ha dejado en seis c\u00e9ntimos por kilo en las hembras, y cinco c\u00e9ntimos m\u00e1s por kilo en los machos.<\/p>\n\n\n\n<p>En la mesa de ovino, la lonja salmantina constat\u00f3 la revalorizaci\u00f3n de diez c\u00e9ntimos por kilo tanto de los lechazos como de los corderos m\u00e1s grandes (a partir de 25,5 kilos), y de veinte c\u00e9ntimos en los corderos de menos peso (15-25,5 kg) por una revitalizaci\u00f3n de la demanda desde el exterior.<strong>\/<\/strong><\/p>\n\n\n\n<figure class=\"wp-block-image size-large is-resized\"><img loading=\"lazy\" decoding=\"async\" width=\"1024\" height=\"768\" src=\"https:\/\/www.asajacyl.com\/palencia\/wp-content\/uploads\/sites\/3\/2025\/09\/Tabla-precios-ganaderia-15septiembre2025-1024x768.png\" alt=\"\" class=\"wp-image-20929\" style=\"width:1060px;height:auto\" srcset=\"https:\/\/www.asajacyl.com\/palencia\/wp-content\/uploads\/sites\/3\/2025\/09\/Tabla-precios-ganaderia-15septiembre2025-1024x768.png 1024w, https:\/\/www.asajacyl.com\/palencia\/wp-content\/uploads\/sites\/3\/2025\/09\/Tabla-precios-ganaderia-15septiembre2025-300x225.png 300w, https:\/\/www.asajacyl.com\/palencia\/wp-content\/uploads\/sites\/3\/2025\/09\/Tabla-precios-ganaderia-15septiembre2025-768x576.png 768w, https:\/\/www.asajacyl.com\/palencia\/wp-content\/uploads\/sites\/3\/2025\/09\/Tabla-precios-ganaderia-15septiembre2025-1536x1152.png 1536w, https:\/\/www.asajacyl.com\/palencia\/wp-content\/uploads\/sites\/3\/2025\/09\/Tabla-precios-ganaderia-15septiembre2025-2048x1536.png 2048w, https:\/\/www.asajacyl.com\/palencia\/wp-content\/uploads\/sites\/3\/2025\/09\/Tabla-precios-ganaderia-15septiembre2025-560x420.png 560w, https:\/\/www.asajacyl.com\/palencia\/wp-content\/uploads\/sites\/3\/2025\/09\/Tabla-precios-ganaderia-15septiembre2025-80x60.png 80w, https:\/\/www.asajacyl.com\/palencia\/wp-content\/uploads\/sites\/3\/2025\/09\/Tabla-precios-ganaderia-15septiembre2025-696x522.png 696w, https:\/\/www.asajacyl.com\/palencia\/wp-content\/uploads\/sites\/3\/2025\/09\/Tabla-precios-ganaderia-15septiembre2025-1068x801.png 1068w, https:\/\/www.asajacyl.com\/palencia\/wp-content\/uploads\/sites\/3\/2025\/09\/Tabla-precios-ganaderia-15septiembre2025-1920x1440.png 1920w\" sizes=\"(max-width: 1024px) 100vw, 1024px\" \/><\/figure>\n","protected":false},"excerpt":{"rendered":"<p>Pese a los paulatinos ajustes al alza desde finales de julio, los ganaderos de bovino de carne afirman que los precios de lonja no reflejan las operaciones reales de mercado, donde las compraventas se cierran por cantidades muy superiores. Los productores han denunciado ese desfase esta semana en la Lonja de Salamanca y reclamaron regularizar [&hellip;]<\/p>\n","protected":false},"author":9,"featured_media":14507,"comment_status":"open","ping_status":"open","sticky":false,"template":"","format":"standard","meta":{"footnotes":""},"categories":[29,36,28,13],"tags":[234,478,166,77,477,467,510,143,311,631,144,294],"yoast_head":"<!-- This site is optimized with the Yoast SEO plugin v24.5 - https:\/\/yoast.com\/wordpress\/plugins\/seo\/ -->\n<title>Los ganaderos de bovino de carne afirman que los precios de lonja se hallan por debajo del mercado real - ASAJA Palencia<\/title>\n<meta name=\"description\" content=\"Pese a los paulatinos ajustes al alza desde finales de julio, los ganaderos de bovino de carne afirman que los precios de lonja no reflejan las\" \/>\n<meta name=\"robots\" content=\"index, follow, max-snippet:-1, max-image-preview:large, max-video-preview:-1\" \/>\n<link rel=\"canonical\" href=\"https:\/\/www.asajacyl.com\/palencia\/asaja-palencia-informa\/noticias\/los-ganaderos-de-bovino-de-carne-afirman-que-los-precios-de-lonja-se-hallan-por-debajo-del-mercado-real\" \/>\n<meta property=\"og:locale\" content=\"es_ES\" \/>\n<meta property=\"og:type\" content=\"article\" \/>\n<meta property=\"og:title\" content=\"Los ganaderos de bovino de carne afirman que los precios de lonja se hallan por debajo del mercado real - ASAJA Palencia\" \/>\n<meta property=\"og:description\" content=\"Pese a los paulatinos ajustes al alza desde finales de julio, los ganaderos de bovino de carne afirman que los precios de lonja no reflejan las\" \/>\n<meta property=\"og:url\" content=\"https:\/\/www.asajacyl.com\/palencia\/asaja-palencia-informa\/noticias\/los-ganaderos-de-bovino-de-carne-afirman-que-los-precios-de-lonja-se-hallan-por-debajo-del-mercado-real\" \/>\n<meta property=\"og:site_name\" content=\"ASAJA Palencia\" \/>\n<meta property=\"article:published_time\" content=\"2025-09-16T05:30:00+00:00\" \/>\n<meta property=\"article:modified_time\" content=\"2025-09-16T06:47:49+00:00\" \/>\n<meta property=\"og:image\" content=\"https:\/\/www.asajacyl.com\/palencia\/wp-content\/uploads\/sites\/3\/2023\/10\/Vacuno-MontanaPal-Tania4-1024x896.jpg\" \/>\n\t<meta property=\"og:image:width\" content=\"1024\" \/>\n\t<meta property=\"og:image:height\" content=\"896\" \/>\n\t<meta property=\"og:image:type\" content=\"image\/jpeg\" \/>\n<meta name=\"author\" content=\"Administrador\" \/>\n<meta name=\"twitter:card\" content=\"summary_large_image\" \/>\n<meta name=\"twitter:label1\" content=\"Escrito por\" \/>\n\t<meta name=\"twitter:data1\" content=\"Administrador\" \/>\n\t<meta name=\"twitter:label2\" content=\"Tiempo de lectura\" \/>\n\t<meta name=\"twitter:data2\" content=\"2 minutos\" \/>\n<script type=\"application\/ld+json\" class=\"yoast-schema-graph\">{\"@context\":\"https:\/\/schema.org\",\"@graph\":[{\"@type\":\"WebPage\",\"@id\":\"https:\/\/www.asajacyl.com\/palencia\/asaja-palencia-informa\/noticias\/los-ganaderos-de-bovino-de-carne-afirman-que-los-precios-de-lonja-se-hallan-por-debajo-del-mercado-real\",\"url\":\"https:\/\/www.asajacyl.com\/palencia\/asaja-palencia-informa\/noticias\/los-ganaderos-de-bovino-de-carne-afirman-que-los-precios-de-lonja-se-hallan-por-debajo-del-mercado-real\",\"name\":\"Los ganaderos de bovino de carne afirman que los precios de lonja se hallan por debajo del mercado real - ASAJA Palencia\",\"isPartOf\":{\"@id\":\"https:\/\/www.asajacyl.com\/palencia\/#website\"},\"primaryImageOfPage\":{\"@id\":\"https:\/\/www.asajacyl.com\/palencia\/asaja-palencia-informa\/noticias\/los-ganaderos-de-bovino-de-carne-afirman-que-los-precios-de-lonja-se-hallan-por-debajo-del-mercado-real#primaryimage\"},\"image\":{\"@id\":\"https:\/\/www.asajacyl.com\/palencia\/asaja-palencia-informa\/noticias\/los-ganaderos-de-bovino-de-carne-afirman-que-los-precios-de-lonja-se-hallan-por-debajo-del-mercado-real#primaryimage\"},\"thumbnailUrl\":\"https:\/\/www.asajacyl.com\/palencia\/wp-content\/uploads\/sites\/3\/2023\/10\/Vacuno-MontanaPal-Tania4.jpg\",\"datePublished\":\"2025-09-16T05:30:00+00:00\",\"dateModified\":\"2025-09-16T06:47:49+00:00\",\"author\":{\"@id\":\"https:\/\/www.asajacyl.com\/palencia\/#\/schema\/person\/3ab17aeb03527485c317557fae64aab1\"},\"description\":\"Pese a los paulatinos ajustes al alza desde finales de julio, los ganaderos de bovino de carne afirman que los precios de lonja no reflejan las\",\"breadcrumb\":{\"@id\":\"https:\/\/www.asajacyl.com\/palencia\/asaja-palencia-informa\/noticias\/los-ganaderos-de-bovino-de-carne-afirman-que-los-precios-de-lonja-se-hallan-por-debajo-del-mercado-real#breadcrumb\"},\"inLanguage\":\"es\",\"potentialAction\":[{\"@type\":\"ReadAction\",\"target\":[\"https:\/\/www.asajacyl.com\/palencia\/asaja-palencia-informa\/noticias\/los-ganaderos-de-bovino-de-carne-afirman-que-los-precios-de-lonja-se-hallan-por-debajo-del-mercado-real\"]}]},{\"@type\":\"ImageObject\",\"inLanguage\":\"es\",\"@id\":\"https:\/\/www.asajacyl.com\/palencia\/asaja-palencia-informa\/noticias\/los-ganaderos-de-bovino-de-carne-afirman-que-los-precios-de-lonja-se-hallan-por-debajo-del-mercado-real#primaryimage\",\"url\":\"https:\/\/www.asajacyl.com\/palencia\/wp-content\/uploads\/sites\/3\/2023\/10\/Vacuno-MontanaPal-Tania4.jpg\",\"contentUrl\":\"https:\/\/www.asajacyl.com\/palencia\/wp-content\/uploads\/sites\/3\/2023\/10\/Vacuno-MontanaPal-Tania4.jpg\",\"width\":1890,\"height\":1654},{\"@type\":\"BreadcrumbList\",\"@id\":\"https:\/\/www.asajacyl.com\/palencia\/asaja-palencia-informa\/noticias\/los-ganaderos-de-bovino-de-carne-afirman-que-los-precios-de-lonja-se-hallan-por-debajo-del-mercado-real#breadcrumb\",\"itemListElement\":[{\"@type\":\"ListItem\",\"position\":1,\"name\":\"Portada\",\"item\":\"https:\/\/www.asajacyl.com\/palencia\/\"},{\"@type\":\"ListItem\",\"position\":2,\"name\":\"Los ganaderos de bovino de carne afirman que los precios de lonja se hallan por debajo del mercado real\"}]},{\"@type\":\"WebSite\",\"@id\":\"https:\/\/www.asajacyl.com\/palencia\/#website\",\"url\":\"https:\/\/www.asajacyl.com\/palencia\/\",\"name\":\"ASAJA Palencia\",\"description\":\"Otro sitio m\u00e1s de Provincias ASAJA Castilla y Le\u00f3n\",\"potentialAction\":[{\"@type\":\"SearchAction\",\"target\":{\"@type\":\"EntryPoint\",\"urlTemplate\":\"https:\/\/www.asajacyl.com\/palencia\/?s={search_term_string}\"},\"query-input\":{\"@type\":\"PropertyValueSpecification\",\"valueRequired\":true,\"valueName\":\"search_term_string\"}}],\"inLanguage\":\"es\"},{\"@type\":\"Person\",\"@id\":\"https:\/\/www.asajacyl.com\/palencia\/#\/schema\/person\/3ab17aeb03527485c317557fae64aab1\",\"name\":\"Administrador\",\"image\":{\"@type\":\"ImageObject\",\"inLanguage\":\"es\",\"@id\":\"https:\/\/www.asajacyl.com\/palencia\/#\/schema\/person\/image\/\",\"url\":\"https:\/\/secure.gravatar.com\/avatar\/517384810d242ca9e38c180f3c9fb973?s=96&d=mm&r=g\",\"contentUrl\":\"https:\/\/secure.gravatar.com\/avatar\/517384810d242ca9e38c180f3c9fb973?s=96&d=mm&r=g\",\"caption\":\"Administrador\"},\"url\":\"https:\/\/www.asajacyl.com\/palencia\/author\/carlosrm\"}]}<\/script>\n<!-- \/ Yoast SEO plugin. -->","yoast_head_json":{"title":"Los ganaderos de bovino de carne afirman que los precios de lonja se hallan por debajo del mercado real - ASAJA Palencia","description":"Pese a los paulatinos ajustes al alza desde finales de julio, los ganaderos de bovino de carne afirman que los precios de lonja no reflejan las","robots":{"index":"index","follow":"follow","max-snippet":"max-snippet:-1","max-image-preview":"max-image-preview:large","max-video-preview":"max-video-preview:-1"},"canonical":"https:\/\/www.asajacyl.com\/palencia\/asaja-palencia-informa\/noticias\/los-ganaderos-de-bovino-de-carne-afirman-que-los-precios-de-lonja-se-hallan-por-debajo-del-mercado-real","og_locale":"es_ES","og_type":"article","og_title":"Los ganaderos de bovino de carne afirman que los precios de lonja se hallan por debajo del mercado real - ASAJA Palencia","og_description":"Pese a los paulatinos ajustes al alza desde finales de julio, los ganaderos de bovino de carne afirman que los precios de lonja no reflejan las","og_url":"https:\/\/www.asajacyl.com\/palencia\/asaja-palencia-informa\/noticias\/los-ganaderos-de-bovino-de-carne-afirman-que-los-precios-de-lonja-se-hallan-por-debajo-del-mercado-real","og_site_name":"ASAJA Palencia","article_published_time":"2025-09-16T05:30:00+00:00","article_modified_time":"2025-09-16T06:47:49+00:00","og_image":[{"width":1024,"height":896,"url":"https:\/\/www.asajacyl.com\/palencia\/wp-content\/uploads\/sites\/3\/2023\/10\/Vacuno-MontanaPal-Tania4-1024x896.jpg","type":"image\/jpeg"}],"author":"Administrador","twitter_card":"summary_large_image","twitter_misc":{"Escrito por":"Administrador","Tiempo de lectura":"2 minutos"},"schema":{"@context":"https:\/\/schema.org","@graph":[{"@type":"WebPage","@id":"https:\/\/www.asajacyl.com\/palencia\/asaja-palencia-informa\/noticias\/los-ganaderos-de-bovino-de-carne-afirman-que-los-precios-de-lonja-se-hallan-por-debajo-del-mercado-real","url":"https:\/\/www.asajacyl.com\/palencia\/asaja-palencia-informa\/noticias\/los-ganaderos-de-bovino-de-carne-afirman-que-los-precios-de-lonja-se-hallan-por-debajo-del-mercado-real","name":"Los ganaderos de bovino de carne afirman que los precios de lonja se hallan por debajo del mercado real - ASAJA Palencia","isPartOf":{"@id":"https:\/\/www.asajacyl.com\/palencia\/#website"},"primaryImageOfPage":{"@id":"https:\/\/www.asajacyl.com\/palencia\/asaja-palencia-informa\/noticias\/los-ganaderos-de-bovino-de-carne-afirman-que-los-precios-de-lonja-se-hallan-por-debajo-del-mercado-real#primaryimage"},"image":{"@id":"https:\/\/www.asajacyl.com\/palencia\/asaja-palencia-informa\/noticias\/los-ganaderos-de-bovino-de-carne-afirman-que-los-precios-de-lonja-se-hallan-por-debajo-del-mercado-real#primaryimage"},"thumbnailUrl":"https:\/\/www.asajacyl.com\/palencia\/wp-content\/uploads\/sites\/3\/2023\/10\/Vacuno-MontanaPal-Tania4.jpg","datePublished":"2025-09-16T05:30:00+00:00","dateModified":"2025-09-16T06:47:49+00:00","author":{"@id":"https:\/\/www.asajacyl.com\/palencia\/#\/schema\/person\/3ab17aeb03527485c317557fae64aab1"},"description":"Pese a los paulatinos ajustes al alza desde finales de julio, los ganaderos de bovino de carne afirman que los precios de lonja no reflejan las","breadcrumb":{"@id":"https:\/\/www.asajacyl.com\/palencia\/asaja-palencia-informa\/noticias\/los-ganaderos-de-bovino-de-carne-afirman-que-los-precios-de-lonja-se-hallan-por-debajo-del-mercado-real#breadcrumb"},"inLanguage":"es","potentialAction":[{"@type":"ReadAction","target":["https:\/\/www.asajacyl.com\/palencia\/asaja-palencia-informa\/noticias\/los-ganaderos-de-bovino-de-carne-afirman-que-los-precios-de-lonja-se-hallan-por-debajo-del-mercado-real"]}]},{"@type":"ImageObject","inLanguage":"es","@id":"https:\/\/www.asajacyl.com\/palencia\/asaja-palencia-informa\/noticias\/los-ganaderos-de-bovino-de-carne-afirman-que-los-precios-de-lonja-se-hallan-por-debajo-del-mercado-real#primaryimage","url":"https:\/\/www.asajacyl.com\/palencia\/wp-content\/uploads\/sites\/3\/2023\/10\/Vacuno-MontanaPal-Tania4.jpg","contentUrl":"https:\/\/www.asajacyl.com\/palencia\/wp-content\/uploads\/sites\/3\/2023\/10\/Vacuno-MontanaPal-Tania4.jpg","width":1890,"height":1654},{"@type":"BreadcrumbList","@id":"https:\/\/www.asajacyl.com\/palencia\/asaja-palencia-informa\/noticias\/los-ganaderos-de-bovino-de-carne-afirman-que-los-precios-de-lonja-se-hallan-por-debajo-del-mercado-real#breadcrumb","itemListElement":[{"@type":"ListItem","position":1,"name":"Portada","item":"https:\/\/www.asajacyl.com\/palencia\/"},{"@type":"ListItem","position":2,"name":"Los ganaderos de bovino de carne afirman que los precios de lonja se hallan por debajo del mercado real"}]},{"@type":"WebSite","@id":"https:\/\/www.asajacyl.com\/palencia\/#website","url":"https:\/\/www.asajacyl.com\/palencia\/","name":"ASAJA Palencia","description":"Otro sitio m\u00e1s de Provincias ASAJA Castilla y Le\u00f3n","potentialAction":[{"@type":"SearchAction","target":{"@type":"EntryPoint","urlTemplate":"https:\/\/www.asajacyl.com\/palencia\/?s={search_term_string}"},"query-input":{"@type":"PropertyValueSpecification","valueRequired":true,"valueName":"search_term_string"}}],"inLanguage":"es"},{"@type":"Person","@id":"https:\/\/www.asajacyl.com\/palencia\/#\/schema\/person\/3ab17aeb03527485c317557fae64aab1","name":"Administrador","image":{"@type":"ImageObject","inLanguage":"es","@id":"https:\/\/www.asajacyl.com\/palencia\/#\/schema\/person\/image\/","url":"https:\/\/secure.gravatar.com\/avatar\/517384810d242ca9e38c180f3c9fb973?s=96&d=mm&r=g","contentUrl":"https:\/\/secure.gravatar.com\/avatar\/517384810d242ca9e38c180f3c9fb973?s=96&d=mm&r=g","caption":"Administrador"},"url":"https:\/\/www.asajacyl.com\/palencia\/author\/carlosrm"}]}},"_links":{"self":[{"href":"https:\/\/www.asajacyl.com\/palencia\/wp-json\/wp\/v2\/posts\/20928"}],"collection":[{"href":"https:\/\/www.asajacyl.com\/palencia\/wp-json\/wp\/v2\/posts"}],"about":[{"href":"https:\/\/www.asajacyl.com\/palencia\/wp-json\/wp\/v2\/types\/post"}],"author":[{"embeddable":true,"href":"https:\/\/www.asajacyl.com\/palencia\/wp-json\/wp\/v2\/users\/9"}],"replies":[{"embeddable":true,"href":"https:\/\/www.asajacyl.com\/palencia\/wp-json\/wp\/v2\/comments?post=20928"}],"version-history":[{"count":2,"href":"https:\/\/www.asajacyl.com\/palencia\/wp-json\/wp\/v2\/posts\/20928\/revisions"}],"predecessor-version":[{"id":20931,"href":"https:\/\/www.asajacyl.com\/palencia\/wp-json\/wp\/v2\/posts\/20928\/revisions\/20931"}],"wp:featuredmedia":[{"embeddable":true,"href":"https:\/\/www.asajacyl.com\/palencia\/wp-json\/wp\/v2\/media\/14507"}],"wp:attachment":[{"href":"https:\/\/www.asajacyl.com\/palencia\/wp-json\/wp\/v2\/media?parent=20928"}],"wp:term":[{"taxonomy":"category","embeddable":true,"href":"https:\/\/www.asajacyl.com\/palencia\/wp-json\/wp\/v2\/categories?post=20928"},{"taxonomy":"post_tag","embeddable":true,"href":"https:\/\/www.asajacyl.com\/palencia\/wp-json\/wp\/v2\/tags?post=20928"}],"curies":[{"name":"wp","href":"https:\/\/api.w.org\/{rel}","templated":true}]}}