{"id":20939,"date":"2025-09-17T11:13:52","date_gmt":"2025-09-17T09:13:52","guid":{"rendered":"https:\/\/www.asajacyl.com\/palencia\/?p=20939"},"modified":"2025-09-17T11:13:55","modified_gmt":"2025-09-17T09:13:55","slug":"declaracion-responsable-de-las-ayudas-para-reponer-los-vallados-ganaderos-danados-por-los-incendios","status":"publish","type":"post","link":"https:\/\/www.asajacyl.com\/palencia\/sin-categoria\/declaracion-responsable-de-las-ayudas-para-reponer-los-vallados-ganaderos-danados-por-los-incendios","title":{"rendered":"Declaraci\u00f3n responsable de las ayudas para reponer los vallados ganaderos da\u00f1ados por los incendios"},"content":{"rendered":"\n<h2 class=\"wp-block-heading\">La Junta de Castilla y Le\u00f3n ha publicado el formulario de declaraci\u00f3n responsable para acceder a la ayuda regional para la reposici\u00f3n de vallados ganaderos da\u00f1ados por los incendios de este verano. Podr\u00e1n presentarse hasta el 15 de octubre por parte de los titulares p\u00fablicos o privados de los vallados. Los declarantes deben aportar un plano con la localizaci\u00f3n de los da\u00f1os y conservar im\u00e1genes de ellos con la referencia geogr\u00e1fica. Por otro lado, la Consejer\u00eda de Medio Ambiente ha declarado la situaci\u00f3n de alerta por riesgo meteorol\u00f3gico de incendios en toda Castilla y Le\u00f3n desde este mi\u00e9rcoles 17 hasta el viernes 19 de septiembre incluido. <\/h2>\n\n\n\n<p>Sin perjuicio de la llamada a la precauci\u00f3n que siempre hace ASAJA-Palencia, recordamos que esta situaci\u00f3n <strong>no limita las labores agr\u00edcolas<\/strong> que siguen efectu\u00e1ndose a\u00fan en numerosos puntos de la provincia (cosecha, empacado), si bien en estas situaciones de \u00abalerta\u00bb sigue rigiendo \u2014como durante toda la \u00e9poca de alto riesgo de incendios (12 de junio-12 de octubre)\u2014 tan <span style=\"text-decoration: underline\">s\u00f3lo para zonas de monte y la franja perimetral de esas zonas hasta 400 metros<\/span>, la prohibici\u00f3n de efectuar labores agr\u00edcolas <span style=\"text-decoration: underline\">si coinciden estas dos circunstancias meteorol\u00f3gicas<\/span>: m\u00e1s de 30 \u00baC de temperatura y viento superior a 30 kil\u00f3metros por hora.<\/p>\n\n\n\n<p>Tal como hab\u00eda anunciado d\u00edas atr\u00e1s la Junta a las organizaciones profesionales agrarias, se ha publicado el formulario de declaraci\u00f3n responsable para poder acceder a la ayuda para la reposici\u00f3n de cercados o vallados ganaderos y perimetrales da\u00f1ados por los incendios, de acuerdo con la medida n\u00famero diez del plan de recuperaci\u00f3n que impulsa la administraci\u00f3n auton\u00f3mica. El modelo est\u00e1 disponible en el siguiente enlace:\u00a0\u00a0<a href=\"https:\/\/www.tramitacastillayleon.jcyl.es\/web\/jcyl\/AdministracionElectronica\/es\/Plantilla100Detalle\/1251181050732\/Ayuda012\/1285557033067\/Propuesta\">Declaraci\u00f3n responsable vallados<\/a><\/p>\n\n\n\n<p>Las declaraciones pueden presentarse hasta el 15 de octubre por parte de los titulares p\u00fablicos (entidades locales), privados y perceptores de la solicitud \u00fanica de ayudas de la PAC 2025, para la reposici\u00f3n de vallados que hayan sufrido da\u00f1os por los incendios y que est\u00e9n incluidos en la relaci\u00f3n oficial de municipios afectados. <\/p>\n\n\n\n<p>En la provincia de Palencia son los siguientes:<\/p>\n\n\n\n<ul>\n<li>T\u00c9RMINO MUNICIPAL \/ <strong>LOCALIDAD<\/strong><\/li>\n\n\n\n<li>Cervera de Pisuerga \/ <strong>Resoba<\/strong><\/li>\n\n\n\n<li>Fresno del R\u00edo \/ <strong>Fresno del R\u00edo<\/strong><\/li>\n\n\n\n<li>Guardo \/ <strong>San Pedro de Cansoles<\/strong><\/li>\n\n\n\n<li>La Pern\u00eda \/ <strong>Abad\u00eda de Lebanza<\/strong><\/li>\n\n\n\n<li>La Pern\u00eda \/ <strong>El Campo<\/strong><\/li>\n\n\n\n<li>La Pern\u00eda \/ <strong>Lebanza<\/strong><\/li>\n\n\n\n<li>La Pern\u00eda \/ <strong>Lores<\/strong><\/li>\n\n\n\n<li>Mantinos \/ <strong>Mantinos<\/strong><\/li>\n\n\n\n<li>Polentinos \/ <strong>Polentinos<\/strong><\/li>\n\n\n\n<li>Velilla del R\u00edo Carri\u00f3n \/ <strong>Carda\u00f1o de Arriba<\/strong><\/li>\n\n\n\n<li>Villalba de Guardo \/ <strong>Villalba de Guardo<\/strong><\/li>\n<\/ul>\n\n\n\n<p>La Consejer\u00eda de Agricultura, Ganader\u00eda y Desarrollo Rural se\u00f1ala que realizar\u00e1 los controles oportunos para verificar las declaraciones responsables presentadas. ASAJA-Palencia insiste en recordar el requisito de conservar fotos georreferenciadas.<\/p>\n\n\n\n<p>Este formulario se suma al modelo de declaraci\u00f3n responsable ya disponible para compensar las p\u00e9rdidas de producci\u00f3n agr\u00edcola y ganadera, muerte de ganado o la p\u00e9rdida de colmenas con baremos objetivos por hect\u00e1rea, cabeza y colmena, de acuerdo con la medida n\u00famero 8 del citado plan de recuperaci\u00f3n.<strong>\/<\/strong><\/p>\n","protected":false},"excerpt":{"rendered":"<p>La Junta de Castilla y Le\u00f3n ha publicado el formulario de declaraci\u00f3n responsable para acceder a la ayuda regional para la reposici\u00f3n de vallados ganaderos da\u00f1ados por los incendios de este verano. Podr\u00e1n presentarse hasta el 15 de octubre por parte de los titulares p\u00fablicos o privados de los vallados. Los declarantes deben aportar un [&hellip;]<\/p>\n","protected":false},"author":9,"featured_media":20941,"comment_status":"open","ping_status":"open","sticky":false,"template":"","format":"standard","meta":{"footnotes":""},"categories":[31,28,35,13,1],"tags":[58,59,142,917,248,351,1581,77,1136,94,1485,735,66,92,82,1580],"yoast_head":"<!-- This site is optimized with the Yoast SEO plugin v24.5 - https:\/\/yoast.com\/wordpress\/plugins\/seo\/ -->\n<title>Declaraci\u00f3n responsable de las ayudas para reponer los vallados ganaderos da\u00f1ados por los incendios - ASAJA Palencia<\/title>\n<meta name=\"description\" content=\"La Junta de Castilla y Le\u00f3n ha publicado el formulario de declaraci\u00f3n responsable para acceder a la ayuda regional para la reposici\u00f3n de vallados\" \/>\n<meta name=\"robots\" content=\"index, follow, max-snippet:-1, max-image-preview:large, max-video-preview:-1\" \/>\n<link rel=\"canonical\" href=\"https:\/\/www.asajacyl.com\/palencia\/sin-categoria\/declaracion-responsable-de-las-ayudas-para-reponer-los-vallados-ganaderos-danados-por-los-incendios\" \/>\n<meta property=\"og:locale\" content=\"es_ES\" \/>\n<meta property=\"og:type\" content=\"article\" \/>\n<meta property=\"og:title\" content=\"Declaraci\u00f3n responsable de las ayudas para reponer los vallados ganaderos da\u00f1ados por los incendios - ASAJA Palencia\" \/>\n<meta property=\"og:description\" content=\"La Junta de Castilla y Le\u00f3n ha publicado el formulario de declaraci\u00f3n responsable para acceder a la ayuda regional para la reposici\u00f3n de vallados\" \/>\n<meta property=\"og:url\" content=\"https:\/\/www.asajacyl.com\/palencia\/sin-categoria\/declaracion-responsable-de-las-ayudas-para-reponer-los-vallados-ganaderos-danados-por-los-incendios\" \/>\n<meta property=\"og:site_name\" content=\"ASAJA Palencia\" \/>\n<meta property=\"article:published_time\" content=\"2025-09-17T09:13:52+00:00\" \/>\n<meta property=\"article:modified_time\" content=\"2025-09-17T09:13:55+00:00\" \/>\n<meta property=\"og:image\" content=\"https:\/\/www.asajacyl.com\/palencia\/wp-content\/uploads\/sites\/3\/2025\/09\/Danos-vallado-La-Pernia.jpg\" \/>\n\t<meta property=\"og:image:width\" content=\"1890\" \/>\n\t<meta property=\"og:image:height\" content=\"1654\" \/>\n\t<meta property=\"og:image:type\" content=\"image\/jpeg\" \/>\n<meta name=\"author\" content=\"Administrador\" \/>\n<meta name=\"twitter:card\" content=\"summary_large_image\" \/>\n<meta name=\"twitter:label1\" content=\"Escrito por\" \/>\n\t<meta name=\"twitter:data1\" content=\"Administrador\" \/>\n\t<meta name=\"twitter:label2\" content=\"Tiempo de lectura\" \/>\n\t<meta name=\"twitter:data2\" content=\"3 minutos\" \/>\n<script type=\"application\/ld+json\" class=\"yoast-schema-graph\">{\"@context\":\"https:\/\/schema.org\",\"@graph\":[{\"@type\":\"WebPage\",\"@id\":\"https:\/\/www.asajacyl.com\/palencia\/sin-categoria\/declaracion-responsable-de-las-ayudas-para-reponer-los-vallados-ganaderos-danados-por-los-incendios\",\"url\":\"https:\/\/www.asajacyl.com\/palencia\/sin-categoria\/declaracion-responsable-de-las-ayudas-para-reponer-los-vallados-ganaderos-danados-por-los-incendios\",\"name\":\"Declaraci\u00f3n responsable de las ayudas para reponer los vallados ganaderos da\u00f1ados por los incendios - ASAJA Palencia\",\"isPartOf\":{\"@id\":\"https:\/\/www.asajacyl.com\/palencia\/#website\"},\"primaryImageOfPage\":{\"@id\":\"https:\/\/www.asajacyl.com\/palencia\/sin-categoria\/declaracion-responsable-de-las-ayudas-para-reponer-los-vallados-ganaderos-danados-por-los-incendios#primaryimage\"},\"image\":{\"@id\":\"https:\/\/www.asajacyl.com\/palencia\/sin-categoria\/declaracion-responsable-de-las-ayudas-para-reponer-los-vallados-ganaderos-danados-por-los-incendios#primaryimage\"},\"thumbnailUrl\":\"https:\/\/www.asajacyl.com\/palencia\/wp-content\/uploads\/sites\/3\/2025\/09\/Danos-vallado-La-Pernia.jpg\",\"datePublished\":\"2025-09-17T09:13:52+00:00\",\"dateModified\":\"2025-09-17T09:13:55+00:00\",\"author\":{\"@id\":\"https:\/\/www.asajacyl.com\/palencia\/#\/schema\/person\/3ab17aeb03527485c317557fae64aab1\"},\"description\":\"La Junta de Castilla y Le\u00f3n ha publicado el formulario de declaraci\u00f3n responsable para acceder a la ayuda regional para la reposici\u00f3n de vallados\",\"breadcrumb\":{\"@id\":\"https:\/\/www.asajacyl.com\/palencia\/sin-categoria\/declaracion-responsable-de-las-ayudas-para-reponer-los-vallados-ganaderos-danados-por-los-incendios#breadcrumb\"},\"inLanguage\":\"es\",\"potentialAction\":[{\"@type\":\"ReadAction\",\"target\":[\"https:\/\/www.asajacyl.com\/palencia\/sin-categoria\/declaracion-responsable-de-las-ayudas-para-reponer-los-vallados-ganaderos-danados-por-los-incendios\"]}]},{\"@type\":\"ImageObject\",\"inLanguage\":\"es\",\"@id\":\"https:\/\/www.asajacyl.com\/palencia\/sin-categoria\/declaracion-responsable-de-las-ayudas-para-reponer-los-vallados-ganaderos-danados-por-los-incendios#primaryimage\",\"url\":\"https:\/\/www.asajacyl.com\/palencia\/wp-content\/uploads\/sites\/3\/2025\/09\/Danos-vallado-La-Pernia.jpg\",\"contentUrl\":\"https:\/\/www.asajacyl.com\/palencia\/wp-content\/uploads\/sites\/3\/2025\/09\/Danos-vallado-La-Pernia.jpg\",\"width\":1890,\"height\":1654},{\"@type\":\"BreadcrumbList\",\"@id\":\"https:\/\/www.asajacyl.com\/palencia\/sin-categoria\/declaracion-responsable-de-las-ayudas-para-reponer-los-vallados-ganaderos-danados-por-los-incendios#breadcrumb\",\"itemListElement\":[{\"@type\":\"ListItem\",\"position\":1,\"name\":\"Portada\",\"item\":\"https:\/\/www.asajacyl.com\/palencia\/\"},{\"@type\":\"ListItem\",\"position\":2,\"name\":\"Declaraci\u00f3n responsable de las ayudas para reponer los vallados ganaderos da\u00f1ados por los incendios\"}]},{\"@type\":\"WebSite\",\"@id\":\"https:\/\/www.asajacyl.com\/palencia\/#website\",\"url\":\"https:\/\/www.asajacyl.com\/palencia\/\",\"name\":\"ASAJA Palencia\",\"description\":\"Otro sitio m\u00e1s de Provincias ASAJA Castilla y Le\u00f3n\",\"potentialAction\":[{\"@type\":\"SearchAction\",\"target\":{\"@type\":\"EntryPoint\",\"urlTemplate\":\"https:\/\/www.asajacyl.com\/palencia\/?s={search_term_string}\"},\"query-input\":{\"@type\":\"PropertyValueSpecification\",\"valueRequired\":true,\"valueName\":\"search_term_string\"}}],\"inLanguage\":\"es\"},{\"@type\":\"Person\",\"@id\":\"https:\/\/www.asajacyl.com\/palencia\/#\/schema\/person\/3ab17aeb03527485c317557fae64aab1\",\"name\":\"Administrador\",\"image\":{\"@type\":\"ImageObject\",\"inLanguage\":\"es\",\"@id\":\"https:\/\/www.asajacyl.com\/palencia\/#\/schema\/person\/image\/\",\"url\":\"https:\/\/secure.gravatar.com\/avatar\/517384810d242ca9e38c180f3c9fb973?s=96&d=mm&r=g\",\"contentUrl\":\"https:\/\/secure.gravatar.com\/avatar\/517384810d242ca9e38c180f3c9fb973?s=96&d=mm&r=g\",\"caption\":\"Administrador\"},\"url\":\"https:\/\/www.asajacyl.com\/palencia\/author\/carlosrm\"}]}<\/script>\n<!-- \/ Yoast SEO plugin. -->","yoast_head_json":{"title":"Declaraci\u00f3n responsable de las ayudas para reponer los vallados ganaderos da\u00f1ados por los incendios - ASAJA Palencia","description":"La Junta de Castilla y Le\u00f3n ha publicado el formulario de declaraci\u00f3n responsable para acceder a la ayuda regional para la reposici\u00f3n de vallados","robots":{"index":"index","follow":"follow","max-snippet":"max-snippet:-1","max-image-preview":"max-image-preview:large","max-video-preview":"max-video-preview:-1"},"canonical":"https:\/\/www.asajacyl.com\/palencia\/sin-categoria\/declaracion-responsable-de-las-ayudas-para-reponer-los-vallados-ganaderos-danados-por-los-incendios","og_locale":"es_ES","og_type":"article","og_title":"Declaraci\u00f3n responsable de las ayudas para reponer los vallados ganaderos da\u00f1ados por los incendios - ASAJA Palencia","og_description":"La Junta de Castilla y Le\u00f3n ha publicado el formulario de declaraci\u00f3n responsable para acceder a la ayuda regional para la reposici\u00f3n de vallados","og_url":"https:\/\/www.asajacyl.com\/palencia\/sin-categoria\/declaracion-responsable-de-las-ayudas-para-reponer-los-vallados-ganaderos-danados-por-los-incendios","og_site_name":"ASAJA Palencia","article_published_time":"2025-09-17T09:13:52+00:00","article_modified_time":"2025-09-17T09:13:55+00:00","og_image":[{"width":1890,"height":1654,"url":"https:\/\/www.asajacyl.com\/palencia\/wp-content\/uploads\/sites\/3\/2025\/09\/Danos-vallado-La-Pernia.jpg","type":"image\/jpeg"}],"author":"Administrador","twitter_card":"summary_large_image","twitter_misc":{"Escrito por":"Administrador","Tiempo de lectura":"3 minutos"},"schema":{"@context":"https:\/\/schema.org","@graph":[{"@type":"WebPage","@id":"https:\/\/www.asajacyl.com\/palencia\/sin-categoria\/declaracion-responsable-de-las-ayudas-para-reponer-los-vallados-ganaderos-danados-por-los-incendios","url":"https:\/\/www.asajacyl.com\/palencia\/sin-categoria\/declaracion-responsable-de-las-ayudas-para-reponer-los-vallados-ganaderos-danados-por-los-incendios","name":"Declaraci\u00f3n responsable de las ayudas para reponer los vallados ganaderos da\u00f1ados por los incendios - ASAJA Palencia","isPartOf":{"@id":"https:\/\/www.asajacyl.com\/palencia\/#website"},"primaryImageOfPage":{"@id":"https:\/\/www.asajacyl.com\/palencia\/sin-categoria\/declaracion-responsable-de-las-ayudas-para-reponer-los-vallados-ganaderos-danados-por-los-incendios#primaryimage"},"image":{"@id":"https:\/\/www.asajacyl.com\/palencia\/sin-categoria\/declaracion-responsable-de-las-ayudas-para-reponer-los-vallados-ganaderos-danados-por-los-incendios#primaryimage"},"thumbnailUrl":"https:\/\/www.asajacyl.com\/palencia\/wp-content\/uploads\/sites\/3\/2025\/09\/Danos-vallado-La-Pernia.jpg","datePublished":"2025-09-17T09:13:52+00:00","dateModified":"2025-09-17T09:13:55+00:00","author":{"@id":"https:\/\/www.asajacyl.com\/palencia\/#\/schema\/person\/3ab17aeb03527485c317557fae64aab1"},"description":"La Junta de Castilla y Le\u00f3n ha publicado el formulario de declaraci\u00f3n responsable para acceder a la ayuda regional para la reposici\u00f3n de vallados","breadcrumb":{"@id":"https:\/\/www.asajacyl.com\/palencia\/sin-categoria\/declaracion-responsable-de-las-ayudas-para-reponer-los-vallados-ganaderos-danados-por-los-incendios#breadcrumb"},"inLanguage":"es","potentialAction":[{"@type":"ReadAction","target":["https:\/\/www.asajacyl.com\/palencia\/sin-categoria\/declaracion-responsable-de-las-ayudas-para-reponer-los-vallados-ganaderos-danados-por-los-incendios"]}]},{"@type":"ImageObject","inLanguage":"es","@id":"https:\/\/www.asajacyl.com\/palencia\/sin-categoria\/declaracion-responsable-de-las-ayudas-para-reponer-los-vallados-ganaderos-danados-por-los-incendios#primaryimage","url":"https:\/\/www.asajacyl.com\/palencia\/wp-content\/uploads\/sites\/3\/2025\/09\/Danos-vallado-La-Pernia.jpg","contentUrl":"https:\/\/www.asajacyl.com\/palencia\/wp-content\/uploads\/sites\/3\/2025\/09\/Danos-vallado-La-Pernia.jpg","width":1890,"height":1654},{"@type":"BreadcrumbList","@id":"https:\/\/www.asajacyl.com\/palencia\/sin-categoria\/declaracion-responsable-de-las-ayudas-para-reponer-los-vallados-ganaderos-danados-por-los-incendios#breadcrumb","itemListElement":[{"@type":"ListItem","position":1,"name":"Portada","item":"https:\/\/www.asajacyl.com\/palencia\/"},{"@type":"ListItem","position":2,"name":"Declaraci\u00f3n responsable de las ayudas para reponer los vallados ganaderos da\u00f1ados por los incendios"}]},{"@type":"WebSite","@id":"https:\/\/www.asajacyl.com\/palencia\/#website","url":"https:\/\/www.asajacyl.com\/palencia\/","name":"ASAJA Palencia","description":"Otro sitio m\u00e1s de Provincias ASAJA Castilla y Le\u00f3n","potentialAction":[{"@type":"SearchAction","target":{"@type":"EntryPoint","urlTemplate":"https:\/\/www.asajacyl.com\/palencia\/?s={search_term_string}"},"query-input":{"@type":"PropertyValueSpecification","valueRequired":true,"valueName":"search_term_string"}}],"inLanguage":"es"},{"@type":"Person","@id":"https:\/\/www.asajacyl.com\/palencia\/#\/schema\/person\/3ab17aeb03527485c317557fae64aab1","name":"Administrador","image":{"@type":"ImageObject","inLanguage":"es","@id":"https:\/\/www.asajacyl.com\/palencia\/#\/schema\/person\/image\/","url":"https:\/\/secure.gravatar.com\/avatar\/517384810d242ca9e38c180f3c9fb973?s=96&d=mm&r=g","contentUrl":"https:\/\/secure.gravatar.com\/avatar\/517384810d242ca9e38c180f3c9fb973?s=96&d=mm&r=g","caption":"Administrador"},"url":"https:\/\/www.asajacyl.com\/palencia\/author\/carlosrm"}]}},"_links":{"self":[{"href":"https:\/\/www.asajacyl.com\/palencia\/wp-json\/wp\/v2\/posts\/20939"}],"collection":[{"href":"https:\/\/www.asajacyl.com\/palencia\/wp-json\/wp\/v2\/posts"}],"about":[{"href":"https:\/\/www.asajacyl.com\/palencia\/wp-json\/wp\/v2\/types\/post"}],"author":[{"embeddable":true,"href":"https:\/\/www.asajacyl.com\/palencia\/wp-json\/wp\/v2\/users\/9"}],"replies":[{"embeddable":true,"href":"https:\/\/www.asajacyl.com\/palencia\/wp-json\/wp\/v2\/comments?post=20939"}],"version-history":[{"count":2,"href":"https:\/\/www.asajacyl.com\/palencia\/wp-json\/wp\/v2\/posts\/20939\/revisions"}],"predecessor-version":[{"id":20942,"href":"https:\/\/www.asajacyl.com\/palencia\/wp-json\/wp\/v2\/posts\/20939\/revisions\/20942"}],"wp:featuredmedia":[{"embeddable":true,"href":"https:\/\/www.asajacyl.com\/palencia\/wp-json\/wp\/v2\/media\/20941"}],"wp:attachment":[{"href":"https:\/\/www.asajacyl.com\/palencia\/wp-json\/wp\/v2\/media?parent=20939"}],"wp:term":[{"taxonomy":"category","embeddable":true,"href":"https:\/\/www.asajacyl.com\/palencia\/wp-json\/wp\/v2\/categories?post=20939"},{"taxonomy":"post_tag","embeddable":true,"href":"https:\/\/www.asajacyl.com\/palencia\/wp-json\/wp\/v2\/tags?post=20939"}],"curies":[{"name":"wp","href":"https:\/\/api.w.org\/{rel}","templated":true}]}}