{"id":20948,"date":"2025-09-18T07:45:00","date_gmt":"2025-09-18T05:45:00","guid":{"rendered":"https:\/\/www.asajacyl.com\/palencia\/?p=20948"},"modified":"2025-09-17T14:38:51","modified_gmt":"2025-09-17T12:38:51","slug":"torquemada-celebra-este-sabado-20-de-septiembre-la-xxxi-feria-del-pimiento","status":"publish","type":"post","link":"https:\/\/www.asajacyl.com\/palencia\/asaja-palencia-informa\/torquemada-celebra-este-sabado-20-de-septiembre-la-xxxi-feria-del-pimiento","title":{"rendered":"Torquemada promociona su agroalimentaci\u00f3n este pr\u00f3ximo s\u00e1bado 20 en la XXXI Feria del Pimiento"},"content":{"rendered":"\n<h2 class=\"wp-block-heading\">Torquemada espera recibir miles de visitantes este pr\u00f3ximo s\u00e1bado con motivo de la XXXI Feria del Pimiento, una cita anual para promocionar este producto de calidad de este municipio palentino, que tambi\u00e9n se cultiva en otras localidades de la provincia. Entre las novedades de esta convocatoria de 2025, figura la entrega del primer Pimiento de Honor, concedido al periodista C\u00e9sar Lumbreras por sus m\u00e1s de cuatro d\u00e9cadas de ejercicio profesional, centrado en la informaci\u00f3n del sector agroganadero y del mundo rural. Su programa radiof\u00f3nico <em>Agropopular <\/em>(Cadena Cope) se emitir\u00e1 en directo el s\u00e1bado desde Torquemada, de 8:30 a 10:00 horas de la ma\u00f1ana.<\/h2>\n\n\n<div class=\"wp-block-image\">\n<figure class=\"alignright size-full is-resized\"><img loading=\"lazy\" decoding=\"async\" width=\"720\" height=\"720\" src=\"https:\/\/www.asajacyl.com\/palencia\/wp-content\/uploads\/sites\/3\/2025\/09\/Cartel-degustaciones-Torquemada.jpg\" alt=\"\" class=\"wp-image-20954\" style=\"width:694px;height:auto\" srcset=\"https:\/\/www.asajacyl.com\/palencia\/wp-content\/uploads\/sites\/3\/2025\/09\/Cartel-degustaciones-Torquemada.jpg 720w, https:\/\/www.asajacyl.com\/palencia\/wp-content\/uploads\/sites\/3\/2025\/09\/Cartel-degustaciones-Torquemada-300x300.jpg 300w, https:\/\/www.asajacyl.com\/palencia\/wp-content\/uploads\/sites\/3\/2025\/09\/Cartel-degustaciones-Torquemada-150x150.jpg 150w, https:\/\/www.asajacyl.com\/palencia\/wp-content\/uploads\/sites\/3\/2025\/09\/Cartel-degustaciones-Torquemada-420x420.jpg 420w, https:\/\/www.asajacyl.com\/palencia\/wp-content\/uploads\/sites\/3\/2025\/09\/Cartel-degustaciones-Torquemada-696x696.jpg 696w\" sizes=\"(max-width: 720px) 100vw, 720px\" \/><\/figure><\/div>\n\n\n<p>Otra novedad de la XXXI Feria del Pimiento de Torquemada ser\u00e1 la participaci\u00f3n de productores hort\u00edcolas de Palenzuela, as\u00ed como la creaci\u00f3n de un escaparate digital con c\u00f3digos QR con el que promocionar durante todo el a\u00f1o a los cincuenta y tres expositores que acudir\u00e1n a esta cita agroalimentaria.<\/p>\n\n\n\n<p>Durante la presentaci\u00f3n de la feria, el alcalde de Torquemada, Jorge Mart\u00ednez, destac\u00f3 la creaci\u00f3n del premio, as\u00ed como la incorporaci\u00f3n a los expositores de Hortalizas Mauri, explotaci\u00f3n que dirige Sergio Delgado, joven y emprendedor agricultor asociado a ASAJA-Palencia.<\/p>\n\n\n\n<p>Forma parte ya de la cuarta generaci\u00f3n de esta empresa en crecimiento, que surgi\u00f3 en 1940 de manera humilde (como era habitual en una Espa\u00f1a reci\u00e9n salida de la guerra civil), y que actualmente vende pr\u00e1cticamente todo el a\u00f1o un amplio y variado cat\u00e1logo de productos hort\u00edcolas por toda Espa\u00f1a, cultivados en su mayor parte en la explotaci\u00f3n de Palenzuela.<\/p>\n\n\n<div class=\"wp-block-image\">\n<figure class=\"alignright size-full is-resized\"><img loading=\"lazy\" decoding=\"async\" width=\"720\" height=\"860\" src=\"https:\/\/www.asajacyl.com\/palencia\/wp-content\/uploads\/sites\/3\/2025\/09\/Cartel-jornadas-gastronomicas-Torquemada.jpg\" alt=\"\" class=\"wp-image-20953\" style=\"width:690px;height:auto\" srcset=\"https:\/\/www.asajacyl.com\/palencia\/wp-content\/uploads\/sites\/3\/2025\/09\/Cartel-jornadas-gastronomicas-Torquemada.jpg 720w, https:\/\/www.asajacyl.com\/palencia\/wp-content\/uploads\/sites\/3\/2025\/09\/Cartel-jornadas-gastronomicas-Torquemada-251x300.jpg 251w, https:\/\/www.asajacyl.com\/palencia\/wp-content\/uploads\/sites\/3\/2025\/09\/Cartel-jornadas-gastronomicas-Torquemada-352x420.jpg 352w, https:\/\/www.asajacyl.com\/palencia\/wp-content\/uploads\/sites\/3\/2025\/09\/Cartel-jornadas-gastronomicas-Torquemada-696x831.jpg 696w\" sizes=\"(max-width: 720px) 100vw, 720px\" \/><\/figure><\/div>\n\n\n<p><strong>VALOR GASTRON\u00d3MICO. <\/strong>Su caso constrasta con la limitada dedicaci\u00f3n de los productores al pimiento. De hecho, el alcalde mostr\u00f3 su preocupaci\u00f3n por la escasez de agricultores que apuestan por esta hortaliza de calidad en este municipio y su entorno, por lo que considera un reto mantener este producto, muy apreciado por su valor gastron\u00f3mico.<\/p>\n\n\n\n<p>El regidor agradeci\u00f3 el apoyo de la Diputaci\u00f3n de Palencia por su respaldo a los productos agroalimentarios de la provincia y, en concreto, al Ayuntamiento para celebrar esta fiesta en torno al pimiento de Torquemada, que ha conseguido este a\u00f1o producciones algo mejores que en 2024, gracias a un verano c\u00e1lido y seco que ha favorecido su maduraci\u00f3n. Este producto de temporada se halla ahora en plena recolecci\u00f3n, que se prolongar\u00e1 a\u00fan hasta mediados de octubre aproximadamente.<\/p>\n\n\n\n<p>Con motivo de la feria se celebra, en el <strong>Centro Sociocultural El Silo<\/strong> (a partir de las <strong>13:30 horas<\/strong>) las <strong>XXI Jornadas de Promoci\u00f3n y Difusi\u00f3n de Productos Alimentarios de Torquemada<\/strong> (vinos, cervezas, pimientos&#8230;). Tambi\u00e9n habr\u00e1 por la tarde degustaci\u00f3n de pimiento asado al horno de le\u00f1a. <\/p>\n\n\n\n<p>Tambi\u00e9n del 20 al 28 de septiembre se desarrollan las <strong>XXI Jornadas Gastron\u00f3micas del Pimiento de Torquemada<\/strong> (adjuntamos cartel con los establecimientos hosteleros participantes, tanto de esta localidad como de otros puntos de la provincia de Palencia). Habr\u00e1 sorteos de cenas en restaurantes participantes y de paseos narrados por los barrios de bodegas, declarados Bien de Inter\u00e9s Cultural, para fomentar el enoturismo.<strong>\/<\/strong><\/p>\n\n\n\n<p> <\/p>\n\n\n\n<p> <\/p>\n\n\n\n<p> <\/p>\n","protected":false},"excerpt":{"rendered":"<p>Torquemada espera recibir miles de visitantes este pr\u00f3ximo s\u00e1bado con motivo de la XXXI Feria del Pimiento, una cita anual para promocionar este producto de calidad de este municipio palentino, que tambi\u00e9n se cultiva en otras localidades de la provincia. Entre las novedades de esta convocatoria de 2025, figura la entrega del primer Pimiento de [&hellip;]<\/p>\n","protected":false},"author":9,"featured_media":20957,"comment_status":"open","ping_status":"open","sticky":false,"template":"","format":"standard","meta":{"footnotes":""},"categories":[9,31,29,28,13],"tags":[58,208,194,79,1582,824,401],"yoast_head":"<!-- This site is optimized with the Yoast SEO plugin v24.5 - https:\/\/yoast.com\/wordpress\/plugins\/seo\/ -->\n<title>Torquemada promociona su agroalimentaci\u00f3n este pr\u00f3ximo s\u00e1bado 20 en la XXXI Feria del Pimiento - ASAJA Palencia<\/title>\n<meta name=\"description\" content=\"Torquemada espera recibir miles de visitantes este pr\u00f3ximo s\u00e1bado con motivo de la XXXI Feria del Pimiento, una cita anual para promocionar este producto\" \/>\n<meta name=\"robots\" content=\"index, follow, max-snippet:-1, max-image-preview:large, max-video-preview:-1\" \/>\n<link rel=\"canonical\" href=\"https:\/\/www.asajacyl.com\/palencia\/asaja-palencia-informa\/torquemada-celebra-este-sabado-20-de-septiembre-la-xxxi-feria-del-pimiento\" \/>\n<meta property=\"og:locale\" content=\"es_ES\" \/>\n<meta property=\"og:type\" content=\"article\" \/>\n<meta property=\"og:title\" content=\"Torquemada promociona su agroalimentaci\u00f3n este pr\u00f3ximo s\u00e1bado 20 en la XXXI Feria del Pimiento - ASAJA Palencia\" \/>\n<meta property=\"og:description\" content=\"Torquemada espera recibir miles de visitantes este pr\u00f3ximo s\u00e1bado con motivo de la XXXI Feria del Pimiento, una cita anual para promocionar este producto\" \/>\n<meta property=\"og:url\" content=\"https:\/\/www.asajacyl.com\/palencia\/asaja-palencia-informa\/torquemada-celebra-este-sabado-20-de-septiembre-la-xxxi-feria-del-pimiento\" \/>\n<meta property=\"og:site_name\" content=\"ASAJA Palencia\" \/>\n<meta property=\"article:published_time\" content=\"2025-09-18T05:45:00+00:00\" \/>\n<meta property=\"og:image\" content=\"https:\/\/www.asajacyl.com\/palencia\/wp-content\/uploads\/sites\/3\/2025\/09\/Cartel-feria-pimiento-Torquemada-web.jpg\" \/>\n\t<meta property=\"og:image:width\" content=\"1890\" \/>\n\t<meta property=\"og:image:height\" content=\"1654\" \/>\n\t<meta property=\"og:image:type\" content=\"image\/jpeg\" \/>\n<meta name=\"author\" content=\"Administrador\" \/>\n<meta name=\"twitter:card\" content=\"summary_large_image\" \/>\n<meta name=\"twitter:label1\" content=\"Escrito por\" \/>\n\t<meta name=\"twitter:data1\" content=\"Administrador\" \/>\n\t<meta name=\"twitter:label2\" content=\"Tiempo de lectura\" \/>\n\t<meta name=\"twitter:data2\" content=\"3 minutos\" \/>\n<script type=\"application\/ld+json\" class=\"yoast-schema-graph\">{\"@context\":\"https:\/\/schema.org\",\"@graph\":[{\"@type\":\"WebPage\",\"@id\":\"https:\/\/www.asajacyl.com\/palencia\/asaja-palencia-informa\/torquemada-celebra-este-sabado-20-de-septiembre-la-xxxi-feria-del-pimiento\",\"url\":\"https:\/\/www.asajacyl.com\/palencia\/asaja-palencia-informa\/torquemada-celebra-este-sabado-20-de-septiembre-la-xxxi-feria-del-pimiento\",\"name\":\"Torquemada promociona su agroalimentaci\u00f3n este pr\u00f3ximo s\u00e1bado 20 en la XXXI Feria del Pimiento - ASAJA Palencia\",\"isPartOf\":{\"@id\":\"https:\/\/www.asajacyl.com\/palencia\/#website\"},\"primaryImageOfPage\":{\"@id\":\"https:\/\/www.asajacyl.com\/palencia\/asaja-palencia-informa\/torquemada-celebra-este-sabado-20-de-septiembre-la-xxxi-feria-del-pimiento#primaryimage\"},\"image\":{\"@id\":\"https:\/\/www.asajacyl.com\/palencia\/asaja-palencia-informa\/torquemada-celebra-este-sabado-20-de-septiembre-la-xxxi-feria-del-pimiento#primaryimage\"},\"thumbnailUrl\":\"https:\/\/www.asajacyl.com\/palencia\/wp-content\/uploads\/sites\/3\/2025\/09\/Cartel-feria-pimiento-Torquemada-web.jpg\",\"datePublished\":\"2025-09-18T05:45:00+00:00\",\"author\":{\"@id\":\"https:\/\/www.asajacyl.com\/palencia\/#\/schema\/person\/3ab17aeb03527485c317557fae64aab1\"},\"description\":\"Torquemada espera recibir miles de visitantes este pr\u00f3ximo s\u00e1bado con motivo de la XXXI Feria del Pimiento, una cita anual para promocionar este producto\",\"breadcrumb\":{\"@id\":\"https:\/\/www.asajacyl.com\/palencia\/asaja-palencia-informa\/torquemada-celebra-este-sabado-20-de-septiembre-la-xxxi-feria-del-pimiento#breadcrumb\"},\"inLanguage\":\"es\",\"potentialAction\":[{\"@type\":\"ReadAction\",\"target\":[\"https:\/\/www.asajacyl.com\/palencia\/asaja-palencia-informa\/torquemada-celebra-este-sabado-20-de-septiembre-la-xxxi-feria-del-pimiento\"]}]},{\"@type\":\"ImageObject\",\"inLanguage\":\"es\",\"@id\":\"https:\/\/www.asajacyl.com\/palencia\/asaja-palencia-informa\/torquemada-celebra-este-sabado-20-de-septiembre-la-xxxi-feria-del-pimiento#primaryimage\",\"url\":\"https:\/\/www.asajacyl.com\/palencia\/wp-content\/uploads\/sites\/3\/2025\/09\/Cartel-feria-pimiento-Torquemada-web.jpg\",\"contentUrl\":\"https:\/\/www.asajacyl.com\/palencia\/wp-content\/uploads\/sites\/3\/2025\/09\/Cartel-feria-pimiento-Torquemada-web.jpg\",\"width\":1890,\"height\":1654},{\"@type\":\"BreadcrumbList\",\"@id\":\"https:\/\/www.asajacyl.com\/palencia\/asaja-palencia-informa\/torquemada-celebra-este-sabado-20-de-septiembre-la-xxxi-feria-del-pimiento#breadcrumb\",\"itemListElement\":[{\"@type\":\"ListItem\",\"position\":1,\"name\":\"Portada\",\"item\":\"https:\/\/www.asajacyl.com\/palencia\/\"},{\"@type\":\"ListItem\",\"position\":2,\"name\":\"Torquemada promociona su agroalimentaci\u00f3n este pr\u00f3ximo s\u00e1bado 20 en la XXXI Feria del Pimiento\"}]},{\"@type\":\"WebSite\",\"@id\":\"https:\/\/www.asajacyl.com\/palencia\/#website\",\"url\":\"https:\/\/www.asajacyl.com\/palencia\/\",\"name\":\"ASAJA Palencia\",\"description\":\"Otro sitio m\u00e1s de Provincias ASAJA Castilla y Le\u00f3n\",\"potentialAction\":[{\"@type\":\"SearchAction\",\"target\":{\"@type\":\"EntryPoint\",\"urlTemplate\":\"https:\/\/www.asajacyl.com\/palencia\/?s={search_term_string}\"},\"query-input\":{\"@type\":\"PropertyValueSpecification\",\"valueRequired\":true,\"valueName\":\"search_term_string\"}}],\"inLanguage\":\"es\"},{\"@type\":\"Person\",\"@id\":\"https:\/\/www.asajacyl.com\/palencia\/#\/schema\/person\/3ab17aeb03527485c317557fae64aab1\",\"name\":\"Administrador\",\"image\":{\"@type\":\"ImageObject\",\"inLanguage\":\"es\",\"@id\":\"https:\/\/www.asajacyl.com\/palencia\/#\/schema\/person\/image\/\",\"url\":\"https:\/\/secure.gravatar.com\/avatar\/517384810d242ca9e38c180f3c9fb973?s=96&d=mm&r=g\",\"contentUrl\":\"https:\/\/secure.gravatar.com\/avatar\/517384810d242ca9e38c180f3c9fb973?s=96&d=mm&r=g\",\"caption\":\"Administrador\"},\"url\":\"https:\/\/www.asajacyl.com\/palencia\/author\/carlosrm\"}]}<\/script>\n<!-- \/ Yoast SEO plugin. -->","yoast_head_json":{"title":"Torquemada promociona su agroalimentaci\u00f3n este pr\u00f3ximo s\u00e1bado 20 en la XXXI Feria del Pimiento - ASAJA Palencia","description":"Torquemada espera recibir miles de visitantes este pr\u00f3ximo s\u00e1bado con motivo de la XXXI Feria del Pimiento, una cita anual para promocionar este producto","robots":{"index":"index","follow":"follow","max-snippet":"max-snippet:-1","max-image-preview":"max-image-preview:large","max-video-preview":"max-video-preview:-1"},"canonical":"https:\/\/www.asajacyl.com\/palencia\/asaja-palencia-informa\/torquemada-celebra-este-sabado-20-de-septiembre-la-xxxi-feria-del-pimiento","og_locale":"es_ES","og_type":"article","og_title":"Torquemada promociona su agroalimentaci\u00f3n este pr\u00f3ximo s\u00e1bado 20 en la XXXI Feria del Pimiento - ASAJA Palencia","og_description":"Torquemada espera recibir miles de visitantes este pr\u00f3ximo s\u00e1bado con motivo de la XXXI Feria del Pimiento, una cita anual para promocionar este producto","og_url":"https:\/\/www.asajacyl.com\/palencia\/asaja-palencia-informa\/torquemada-celebra-este-sabado-20-de-septiembre-la-xxxi-feria-del-pimiento","og_site_name":"ASAJA Palencia","article_published_time":"2025-09-18T05:45:00+00:00","og_image":[{"width":1890,"height":1654,"url":"https:\/\/www.asajacyl.com\/palencia\/wp-content\/uploads\/sites\/3\/2025\/09\/Cartel-feria-pimiento-Torquemada-web.jpg","type":"image\/jpeg"}],"author":"Administrador","twitter_card":"summary_large_image","twitter_misc":{"Escrito por":"Administrador","Tiempo de lectura":"3 minutos"},"schema":{"@context":"https:\/\/schema.org","@graph":[{"@type":"WebPage","@id":"https:\/\/www.asajacyl.com\/palencia\/asaja-palencia-informa\/torquemada-celebra-este-sabado-20-de-septiembre-la-xxxi-feria-del-pimiento","url":"https:\/\/www.asajacyl.com\/palencia\/asaja-palencia-informa\/torquemada-celebra-este-sabado-20-de-septiembre-la-xxxi-feria-del-pimiento","name":"Torquemada promociona su agroalimentaci\u00f3n este pr\u00f3ximo s\u00e1bado 20 en la XXXI Feria del Pimiento - ASAJA Palencia","isPartOf":{"@id":"https:\/\/www.asajacyl.com\/palencia\/#website"},"primaryImageOfPage":{"@id":"https:\/\/www.asajacyl.com\/palencia\/asaja-palencia-informa\/torquemada-celebra-este-sabado-20-de-septiembre-la-xxxi-feria-del-pimiento#primaryimage"},"image":{"@id":"https:\/\/www.asajacyl.com\/palencia\/asaja-palencia-informa\/torquemada-celebra-este-sabado-20-de-septiembre-la-xxxi-feria-del-pimiento#primaryimage"},"thumbnailUrl":"https:\/\/www.asajacyl.com\/palencia\/wp-content\/uploads\/sites\/3\/2025\/09\/Cartel-feria-pimiento-Torquemada-web.jpg","datePublished":"2025-09-18T05:45:00+00:00","author":{"@id":"https:\/\/www.asajacyl.com\/palencia\/#\/schema\/person\/3ab17aeb03527485c317557fae64aab1"},"description":"Torquemada espera recibir miles de visitantes este pr\u00f3ximo s\u00e1bado con motivo de la XXXI Feria del Pimiento, una cita anual para promocionar este producto","breadcrumb":{"@id":"https:\/\/www.asajacyl.com\/palencia\/asaja-palencia-informa\/torquemada-celebra-este-sabado-20-de-septiembre-la-xxxi-feria-del-pimiento#breadcrumb"},"inLanguage":"es","potentialAction":[{"@type":"ReadAction","target":["https:\/\/www.asajacyl.com\/palencia\/asaja-palencia-informa\/torquemada-celebra-este-sabado-20-de-septiembre-la-xxxi-feria-del-pimiento"]}]},{"@type":"ImageObject","inLanguage":"es","@id":"https:\/\/www.asajacyl.com\/palencia\/asaja-palencia-informa\/torquemada-celebra-este-sabado-20-de-septiembre-la-xxxi-feria-del-pimiento#primaryimage","url":"https:\/\/www.asajacyl.com\/palencia\/wp-content\/uploads\/sites\/3\/2025\/09\/Cartel-feria-pimiento-Torquemada-web.jpg","contentUrl":"https:\/\/www.asajacyl.com\/palencia\/wp-content\/uploads\/sites\/3\/2025\/09\/Cartel-feria-pimiento-Torquemada-web.jpg","width":1890,"height":1654},{"@type":"BreadcrumbList","@id":"https:\/\/www.asajacyl.com\/palencia\/asaja-palencia-informa\/torquemada-celebra-este-sabado-20-de-septiembre-la-xxxi-feria-del-pimiento#breadcrumb","itemListElement":[{"@type":"ListItem","position":1,"name":"Portada","item":"https:\/\/www.asajacyl.com\/palencia\/"},{"@type":"ListItem","position":2,"name":"Torquemada promociona su agroalimentaci\u00f3n este pr\u00f3ximo s\u00e1bado 20 en la XXXI Feria del Pimiento"}]},{"@type":"WebSite","@id":"https:\/\/www.asajacyl.com\/palencia\/#website","url":"https:\/\/www.asajacyl.com\/palencia\/","name":"ASAJA Palencia","description":"Otro sitio m\u00e1s de Provincias ASAJA Castilla y Le\u00f3n","potentialAction":[{"@type":"SearchAction","target":{"@type":"EntryPoint","urlTemplate":"https:\/\/www.asajacyl.com\/palencia\/?s={search_term_string}"},"query-input":{"@type":"PropertyValueSpecification","valueRequired":true,"valueName":"search_term_string"}}],"inLanguage":"es"},{"@type":"Person","@id":"https:\/\/www.asajacyl.com\/palencia\/#\/schema\/person\/3ab17aeb03527485c317557fae64aab1","name":"Administrador","image":{"@type":"ImageObject","inLanguage":"es","@id":"https:\/\/www.asajacyl.com\/palencia\/#\/schema\/person\/image\/","url":"https:\/\/secure.gravatar.com\/avatar\/517384810d242ca9e38c180f3c9fb973?s=96&d=mm&r=g","contentUrl":"https:\/\/secure.gravatar.com\/avatar\/517384810d242ca9e38c180f3c9fb973?s=96&d=mm&r=g","caption":"Administrador"},"url":"https:\/\/www.asajacyl.com\/palencia\/author\/carlosrm"}]}},"_links":{"self":[{"href":"https:\/\/www.asajacyl.com\/palencia\/wp-json\/wp\/v2\/posts\/20948"}],"collection":[{"href":"https:\/\/www.asajacyl.com\/palencia\/wp-json\/wp\/v2\/posts"}],"about":[{"href":"https:\/\/www.asajacyl.com\/palencia\/wp-json\/wp\/v2\/types\/post"}],"author":[{"embeddable":true,"href":"https:\/\/www.asajacyl.com\/palencia\/wp-json\/wp\/v2\/users\/9"}],"replies":[{"embeddable":true,"href":"https:\/\/www.asajacyl.com\/palencia\/wp-json\/wp\/v2\/comments?post=20948"}],"version-history":[{"count":5,"href":"https:\/\/www.asajacyl.com\/palencia\/wp-json\/wp\/v2\/posts\/20948\/revisions"}],"predecessor-version":[{"id":20959,"href":"https:\/\/www.asajacyl.com\/palencia\/wp-json\/wp\/v2\/posts\/20948\/revisions\/20959"}],"wp:featuredmedia":[{"embeddable":true,"href":"https:\/\/www.asajacyl.com\/palencia\/wp-json\/wp\/v2\/media\/20957"}],"wp:attachment":[{"href":"https:\/\/www.asajacyl.com\/palencia\/wp-json\/wp\/v2\/media?parent=20948"}],"wp:term":[{"taxonomy":"category","embeddable":true,"href":"https:\/\/www.asajacyl.com\/palencia\/wp-json\/wp\/v2\/categories?post=20948"},{"taxonomy":"post_tag","embeddable":true,"href":"https:\/\/www.asajacyl.com\/palencia\/wp-json\/wp\/v2\/tags?post=20948"}],"curies":[{"name":"wp","href":"https:\/\/api.w.org\/{rel}","templated":true}]}}