{"id":20966,"date":"2025-09-18T11:59:21","date_gmt":"2025-09-18T09:59:21","guid":{"rendered":"https:\/\/www.asajacyl.com\/palencia\/?p=20966"},"modified":"2025-09-19T08:37:24","modified_gmt":"2025-09-19T06:37:24","slug":"primeros-precios-de-campana-para-el-girasol-425-e-t-y-el-alto-oleico-515-e-t-en-la-lonja-de-leon","status":"publish","type":"post","link":"https:\/\/www.asajacyl.com\/palencia\/asaja-palencia-informa\/primeros-precios-de-campana-para-el-girasol-425-e-t-y-el-alto-oleico-515-e-t-en-la-lonja-de-leon","title":{"rendered":"Primeros precios de campa\u00f1a para el girasol linoleico (425 \u20ac\/t) y el alto oleico (515 \u20ac\/t) en la Lonja de Le\u00f3n"},"content":{"rendered":"\n<h2 class=\"wp-block-heading\">La Lonja de Le\u00f3n celebrada esta semana ha comenzado a dar cotizaci\u00f3n del girasol de esta campa\u00f1a. El verano seco y caluroso ha acelerado el ciclo, por lo que el nivel de humedad en amplias zonas viene permitiendo ya la cosecha. Las operaciones ya visadas sit\u00faan la tonelada de girasol tradicional o linoleico a 425 euros, y la del alto oleico a 515 euros. Los agricultores palentinos cultivan esta campa\u00f1a cerca de 46 000 hect\u00e1reas de girasol, unas siete mil en regad\u00edo (15,4 % del total de la superficie), seg\u00fan las declaraciones PAC 2025.<\/h2>\n\n\n\n<p>Seg\u00fan las estimaciones de la Junta de Castilla y Le\u00f3n, se esperan unos rendimientos de 900 kilos por hect\u00e1rea en los secanos y de unos 1700 kilos por hect\u00e1rea en los regad\u00edos. Son bastante decepcionantes, m\u00e1xime si se consideran las expectativas que hab\u00eda con esta oleaginosa en los primeros meses de desarrollo.<\/p>\n\n\n\n<p>En cualquier caso, se trata de unos promedios que pueden ofrecer diferencias significativas seg\u00fan cada parcela, especialmente en el girasol de secano, teniendo en cuenta la importancia de las lluvias en el momento adecuado para la nascencia \u2014aspecto \u00e9ste que en esta campa\u00f1a fue relativamente buena\u2014, y sobre todo, al considerar la casi absoluta ausencia de precipitaciones los dos \u00faltimos meses, lo que ha mermado mucho el desarrollo de la planta en su fase determinante de granado. <\/p>\n\n\n\n<p><strong>M\u00c1S VALORADOS QUE HACE UN A\u00d1O. <\/strong>Estos precios iniciales son superiores a los que presentaron el girasol linoleico (+6 %) y el alto oleico (+24 %) en la primera cotizaci\u00f3n de la pasada campa\u00f1a, en la que arrancaron a 400 y 415 euros\/tonelada, respectivamente; si bien fueron escalando conforme avanzaron las semanas, para alcanzar ya mediado noviembre a 445 y 470 euros\/tonelada. La diferencia con respecto a estos \u00faltimos precios de la campa\u00f1a anterior es negativa en el caso del girasol tradicional (-4,5 %), pero sigue siendo positiva en el alto oleico (+9,6 %).<\/p>\n\n\n\n<p>Nos hallamos, pues, ante unos buenos precios iniciales (sin llegar al extremo que alcanzaron las campa\u00f1as de 2021 y 2022, tan condicionadas por la incertidumbre sobre el abatescimiento por la guerra de Ucrania), que en parte se explican por ese menor rendimiento del que se aventuraba por los niveles de nascencia. <\/p>\n\n\n\n<p><strong>CEREAL Y FORRAJE. <\/strong>La Lonja de Le\u00f3n, en la mesa de cereal, recogi\u00f3 otra rebaja de un euro en el <strong>trigo<\/strong>, que opera ya a 192 euros\/tonelada, tres menos que el precio inicial de la campa\u00f1a actual en esa misma plaza, hace ahora dos meses. Asimismo, ha dejado de cotizar el <strong>ma\u00edz<\/strong> seco, ante la falta de operaciones, a la espera de que pr\u00f3ximamente empiece la cosecha del ma\u00edz destino a secadero.<\/p>\n\n\n\n<p>Por su parte, en la mesa de forrajes repitieron todas las categor\u00edas, salvo el forraje b\u00e1sico, que sube otros cinco euros por tonelada, llevado por la disminuci\u00f3n de pasto como consecuencia de este verano seco y caluroso, sin olvidar los da\u00f1os de los incendios.<strong>\/<\/strong><\/p>\n\n\n\n<figure class=\"wp-block-image size-large is-resized\"><img loading=\"lazy\" decoding=\"async\" width=\"1024\" height=\"768\" src=\"https:\/\/www.asajacyl.com\/palencia\/wp-content\/uploads\/sites\/3\/2025\/09\/Precios-agricultura-17sep2025-1-1024x768.png\" alt=\"\" class=\"wp-image-20969\" style=\"width:1068px;height:auto\" srcset=\"https:\/\/www.asajacyl.com\/palencia\/wp-content\/uploads\/sites\/3\/2025\/09\/Precios-agricultura-17sep2025-1-1024x768.png 1024w, https:\/\/www.asajacyl.com\/palencia\/wp-content\/uploads\/sites\/3\/2025\/09\/Precios-agricultura-17sep2025-1-300x225.png 300w, https:\/\/www.asajacyl.com\/palencia\/wp-content\/uploads\/sites\/3\/2025\/09\/Precios-agricultura-17sep2025-1-768x576.png 768w, https:\/\/www.asajacyl.com\/palencia\/wp-content\/uploads\/sites\/3\/2025\/09\/Precios-agricultura-17sep2025-1-1536x1152.png 1536w, https:\/\/www.asajacyl.com\/palencia\/wp-content\/uploads\/sites\/3\/2025\/09\/Precios-agricultura-17sep2025-1-2048x1536.png 2048w, https:\/\/www.asajacyl.com\/palencia\/wp-content\/uploads\/sites\/3\/2025\/09\/Precios-agricultura-17sep2025-1-560x420.png 560w, https:\/\/www.asajacyl.com\/palencia\/wp-content\/uploads\/sites\/3\/2025\/09\/Precios-agricultura-17sep2025-1-80x60.png 80w, https:\/\/www.asajacyl.com\/palencia\/wp-content\/uploads\/sites\/3\/2025\/09\/Precios-agricultura-17sep2025-1-696x522.png 696w, https:\/\/www.asajacyl.com\/palencia\/wp-content\/uploads\/sites\/3\/2025\/09\/Precios-agricultura-17sep2025-1-1068x801.png 1068w, https:\/\/www.asajacyl.com\/palencia\/wp-content\/uploads\/sites\/3\/2025\/09\/Precios-agricultura-17sep2025-1-1920x1440.png 1920w\" sizes=\"(max-width: 1024px) 100vw, 1024px\" \/><\/figure>\n","protected":false},"excerpt":{"rendered":"<p>La Lonja de Le\u00f3n celebrada esta semana ha comenzado a dar cotizaci\u00f3n del girasol de esta campa\u00f1a. El verano seco y caluroso ha acelerado el ciclo, por lo que el nivel de humedad en amplias zonas viene permitiendo ya la cosecha. Las operaciones ya visadas sit\u00faan la tonelada de girasol tradicional o linoleico a 425 [&hellip;]<\/p>\n","protected":false},"author":9,"featured_media":20970,"comment_status":"open","ping_status":"open","sticky":false,"template":"","format":"standard","meta":{"footnotes":""},"categories":[9,29,36,28,13],"tags":[58,148,221,289,46,145,468,293,219,92,60,935,93,1076],"yoast_head":"<!-- This site is optimized with the Yoast SEO plugin v24.5 - https:\/\/yoast.com\/wordpress\/plugins\/seo\/ -->\n<title>Primeros precios de campa\u00f1a para el girasol linoleico (425 \u20ac\/t) y el alto oleico (515 \u20ac\/t) en la Lonja de Le\u00f3n - ASAJA Palencia<\/title>\n<meta name=\"description\" content=\"La Lonja de Le\u00f3n celebrada esta semana ha comenzado a dar cotizaci\u00f3n del girasol de esta campa\u00f1a. El verano seco y caluroso ha acelerado el ciclo, por lo\" \/>\n<meta name=\"robots\" content=\"index, follow, max-snippet:-1, max-image-preview:large, max-video-preview:-1\" \/>\n<link rel=\"canonical\" href=\"https:\/\/www.asajacyl.com\/palencia\/asaja-palencia-informa\/primeros-precios-de-campana-para-el-girasol-425-e-t-y-el-alto-oleico-515-e-t-en-la-lonja-de-leon\" \/>\n<meta property=\"og:locale\" content=\"es_ES\" \/>\n<meta property=\"og:type\" content=\"article\" \/>\n<meta property=\"og:title\" content=\"Primeros precios de campa\u00f1a para el girasol linoleico (425 \u20ac\/t) y el alto oleico (515 \u20ac\/t) en la Lonja de Le\u00f3n - ASAJA Palencia\" \/>\n<meta property=\"og:description\" content=\"La Lonja de Le\u00f3n celebrada esta semana ha comenzado a dar cotizaci\u00f3n del girasol de esta campa\u00f1a. El verano seco y caluroso ha acelerado el ciclo, por lo\" \/>\n<meta property=\"og:url\" content=\"https:\/\/www.asajacyl.com\/palencia\/asaja-palencia-informa\/primeros-precios-de-campana-para-el-girasol-425-e-t-y-el-alto-oleico-515-e-t-en-la-lonja-de-leon\" \/>\n<meta property=\"og:site_name\" content=\"ASAJA Palencia\" \/>\n<meta property=\"article:published_time\" content=\"2025-09-18T09:59:21+00:00\" \/>\n<meta property=\"article:modified_time\" content=\"2025-09-19T06:37:24+00:00\" \/>\n<meta property=\"og:image\" content=\"https:\/\/www.asajacyl.com\/palencia\/wp-content\/uploads\/sites\/3\/2025\/09\/Girasol-en-Tierra-de-Campos-web-c-Marco-Porras.jpg\" \/>\n\t<meta property=\"og:image:width\" content=\"1890\" \/>\n\t<meta property=\"og:image:height\" content=\"1654\" \/>\n\t<meta property=\"og:image:type\" content=\"image\/jpeg\" \/>\n<meta name=\"author\" content=\"Administrador\" \/>\n<meta name=\"twitter:card\" content=\"summary_large_image\" \/>\n<meta name=\"twitter:label1\" content=\"Escrito por\" \/>\n\t<meta name=\"twitter:data1\" content=\"Administrador\" \/>\n\t<meta name=\"twitter:label2\" content=\"Tiempo de lectura\" \/>\n\t<meta name=\"twitter:data2\" content=\"3 minutos\" \/>\n<script type=\"application\/ld+json\" class=\"yoast-schema-graph\">{\"@context\":\"https:\/\/schema.org\",\"@graph\":[{\"@type\":\"WebPage\",\"@id\":\"https:\/\/www.asajacyl.com\/palencia\/asaja-palencia-informa\/primeros-precios-de-campana-para-el-girasol-425-e-t-y-el-alto-oleico-515-e-t-en-la-lonja-de-leon\",\"url\":\"https:\/\/www.asajacyl.com\/palencia\/asaja-palencia-informa\/primeros-precios-de-campana-para-el-girasol-425-e-t-y-el-alto-oleico-515-e-t-en-la-lonja-de-leon\",\"name\":\"Primeros precios de campa\u00f1a para el girasol linoleico (425 \u20ac\/t) y el alto oleico (515 \u20ac\/t) en la Lonja de Le\u00f3n - ASAJA Palencia\",\"isPartOf\":{\"@id\":\"https:\/\/www.asajacyl.com\/palencia\/#website\"},\"primaryImageOfPage\":{\"@id\":\"https:\/\/www.asajacyl.com\/palencia\/asaja-palencia-informa\/primeros-precios-de-campana-para-el-girasol-425-e-t-y-el-alto-oleico-515-e-t-en-la-lonja-de-leon#primaryimage\"},\"image\":{\"@id\":\"https:\/\/www.asajacyl.com\/palencia\/asaja-palencia-informa\/primeros-precios-de-campana-para-el-girasol-425-e-t-y-el-alto-oleico-515-e-t-en-la-lonja-de-leon#primaryimage\"},\"thumbnailUrl\":\"https:\/\/www.asajacyl.com\/palencia\/wp-content\/uploads\/sites\/3\/2025\/09\/Girasol-en-Tierra-de-Campos-web-c-Marco-Porras.jpg\",\"datePublished\":\"2025-09-18T09:59:21+00:00\",\"dateModified\":\"2025-09-19T06:37:24+00:00\",\"author\":{\"@id\":\"https:\/\/www.asajacyl.com\/palencia\/#\/schema\/person\/3ab17aeb03527485c317557fae64aab1\"},\"description\":\"La Lonja de Le\u00f3n celebrada esta semana ha comenzado a dar cotizaci\u00f3n del girasol de esta campa\u00f1a. El verano seco y caluroso ha acelerado el ciclo, por lo\",\"breadcrumb\":{\"@id\":\"https:\/\/www.asajacyl.com\/palencia\/asaja-palencia-informa\/primeros-precios-de-campana-para-el-girasol-425-e-t-y-el-alto-oleico-515-e-t-en-la-lonja-de-leon#breadcrumb\"},\"inLanguage\":\"es\",\"potentialAction\":[{\"@type\":\"ReadAction\",\"target\":[\"https:\/\/www.asajacyl.com\/palencia\/asaja-palencia-informa\/primeros-precios-de-campana-para-el-girasol-425-e-t-y-el-alto-oleico-515-e-t-en-la-lonja-de-leon\"]}]},{\"@type\":\"ImageObject\",\"inLanguage\":\"es\",\"@id\":\"https:\/\/www.asajacyl.com\/palencia\/asaja-palencia-informa\/primeros-precios-de-campana-para-el-girasol-425-e-t-y-el-alto-oleico-515-e-t-en-la-lonja-de-leon#primaryimage\",\"url\":\"https:\/\/www.asajacyl.com\/palencia\/wp-content\/uploads\/sites\/3\/2025\/09\/Girasol-en-Tierra-de-Campos-web-c-Marco-Porras.jpg\",\"contentUrl\":\"https:\/\/www.asajacyl.com\/palencia\/wp-content\/uploads\/sites\/3\/2025\/09\/Girasol-en-Tierra-de-Campos-web-c-Marco-Porras.jpg\",\"width\":1890,\"height\":1654},{\"@type\":\"BreadcrumbList\",\"@id\":\"https:\/\/www.asajacyl.com\/palencia\/asaja-palencia-informa\/primeros-precios-de-campana-para-el-girasol-425-e-t-y-el-alto-oleico-515-e-t-en-la-lonja-de-leon#breadcrumb\",\"itemListElement\":[{\"@type\":\"ListItem\",\"position\":1,\"name\":\"Portada\",\"item\":\"https:\/\/www.asajacyl.com\/palencia\/\"},{\"@type\":\"ListItem\",\"position\":2,\"name\":\"Primeros precios de campa\u00f1a para el girasol linoleico (425 \u20ac\/t) y el alto oleico (515 \u20ac\/t) en la Lonja de Le\u00f3n\"}]},{\"@type\":\"WebSite\",\"@id\":\"https:\/\/www.asajacyl.com\/palencia\/#website\",\"url\":\"https:\/\/www.asajacyl.com\/palencia\/\",\"name\":\"ASAJA Palencia\",\"description\":\"Otro sitio m\u00e1s de Provincias ASAJA Castilla y Le\u00f3n\",\"potentialAction\":[{\"@type\":\"SearchAction\",\"target\":{\"@type\":\"EntryPoint\",\"urlTemplate\":\"https:\/\/www.asajacyl.com\/palencia\/?s={search_term_string}\"},\"query-input\":{\"@type\":\"PropertyValueSpecification\",\"valueRequired\":true,\"valueName\":\"search_term_string\"}}],\"inLanguage\":\"es\"},{\"@type\":\"Person\",\"@id\":\"https:\/\/www.asajacyl.com\/palencia\/#\/schema\/person\/3ab17aeb03527485c317557fae64aab1\",\"name\":\"Administrador\",\"image\":{\"@type\":\"ImageObject\",\"inLanguage\":\"es\",\"@id\":\"https:\/\/www.asajacyl.com\/palencia\/#\/schema\/person\/image\/\",\"url\":\"https:\/\/secure.gravatar.com\/avatar\/517384810d242ca9e38c180f3c9fb973?s=96&d=mm&r=g\",\"contentUrl\":\"https:\/\/secure.gravatar.com\/avatar\/517384810d242ca9e38c180f3c9fb973?s=96&d=mm&r=g\",\"caption\":\"Administrador\"},\"url\":\"https:\/\/www.asajacyl.com\/palencia\/author\/carlosrm\"}]}<\/script>\n<!-- \/ Yoast SEO plugin. -->","yoast_head_json":{"title":"Primeros precios de campa\u00f1a para el girasol linoleico (425 \u20ac\/t) y el alto oleico (515 \u20ac\/t) en la Lonja de Le\u00f3n - ASAJA Palencia","description":"La Lonja de Le\u00f3n celebrada esta semana ha comenzado a dar cotizaci\u00f3n del girasol de esta campa\u00f1a. El verano seco y caluroso ha acelerado el ciclo, por lo","robots":{"index":"index","follow":"follow","max-snippet":"max-snippet:-1","max-image-preview":"max-image-preview:large","max-video-preview":"max-video-preview:-1"},"canonical":"https:\/\/www.asajacyl.com\/palencia\/asaja-palencia-informa\/primeros-precios-de-campana-para-el-girasol-425-e-t-y-el-alto-oleico-515-e-t-en-la-lonja-de-leon","og_locale":"es_ES","og_type":"article","og_title":"Primeros precios de campa\u00f1a para el girasol linoleico (425 \u20ac\/t) y el alto oleico (515 \u20ac\/t) en la Lonja de Le\u00f3n - ASAJA Palencia","og_description":"La Lonja de Le\u00f3n celebrada esta semana ha comenzado a dar cotizaci\u00f3n del girasol de esta campa\u00f1a. El verano seco y caluroso ha acelerado el ciclo, por lo","og_url":"https:\/\/www.asajacyl.com\/palencia\/asaja-palencia-informa\/primeros-precios-de-campana-para-el-girasol-425-e-t-y-el-alto-oleico-515-e-t-en-la-lonja-de-leon","og_site_name":"ASAJA Palencia","article_published_time":"2025-09-18T09:59:21+00:00","article_modified_time":"2025-09-19T06:37:24+00:00","og_image":[{"width":1890,"height":1654,"url":"https:\/\/www.asajacyl.com\/palencia\/wp-content\/uploads\/sites\/3\/2025\/09\/Girasol-en-Tierra-de-Campos-web-c-Marco-Porras.jpg","type":"image\/jpeg"}],"author":"Administrador","twitter_card":"summary_large_image","twitter_misc":{"Escrito por":"Administrador","Tiempo de lectura":"3 minutos"},"schema":{"@context":"https:\/\/schema.org","@graph":[{"@type":"WebPage","@id":"https:\/\/www.asajacyl.com\/palencia\/asaja-palencia-informa\/primeros-precios-de-campana-para-el-girasol-425-e-t-y-el-alto-oleico-515-e-t-en-la-lonja-de-leon","url":"https:\/\/www.asajacyl.com\/palencia\/asaja-palencia-informa\/primeros-precios-de-campana-para-el-girasol-425-e-t-y-el-alto-oleico-515-e-t-en-la-lonja-de-leon","name":"Primeros precios de campa\u00f1a para el girasol linoleico (425 \u20ac\/t) y el alto oleico (515 \u20ac\/t) en la Lonja de Le\u00f3n - ASAJA Palencia","isPartOf":{"@id":"https:\/\/www.asajacyl.com\/palencia\/#website"},"primaryImageOfPage":{"@id":"https:\/\/www.asajacyl.com\/palencia\/asaja-palencia-informa\/primeros-precios-de-campana-para-el-girasol-425-e-t-y-el-alto-oleico-515-e-t-en-la-lonja-de-leon#primaryimage"},"image":{"@id":"https:\/\/www.asajacyl.com\/palencia\/asaja-palencia-informa\/primeros-precios-de-campana-para-el-girasol-425-e-t-y-el-alto-oleico-515-e-t-en-la-lonja-de-leon#primaryimage"},"thumbnailUrl":"https:\/\/www.asajacyl.com\/palencia\/wp-content\/uploads\/sites\/3\/2025\/09\/Girasol-en-Tierra-de-Campos-web-c-Marco-Porras.jpg","datePublished":"2025-09-18T09:59:21+00:00","dateModified":"2025-09-19T06:37:24+00:00","author":{"@id":"https:\/\/www.asajacyl.com\/palencia\/#\/schema\/person\/3ab17aeb03527485c317557fae64aab1"},"description":"La Lonja de Le\u00f3n celebrada esta semana ha comenzado a dar cotizaci\u00f3n del girasol de esta campa\u00f1a. El verano seco y caluroso ha acelerado el ciclo, por lo","breadcrumb":{"@id":"https:\/\/www.asajacyl.com\/palencia\/asaja-palencia-informa\/primeros-precios-de-campana-para-el-girasol-425-e-t-y-el-alto-oleico-515-e-t-en-la-lonja-de-leon#breadcrumb"},"inLanguage":"es","potentialAction":[{"@type":"ReadAction","target":["https:\/\/www.asajacyl.com\/palencia\/asaja-palencia-informa\/primeros-precios-de-campana-para-el-girasol-425-e-t-y-el-alto-oleico-515-e-t-en-la-lonja-de-leon"]}]},{"@type":"ImageObject","inLanguage":"es","@id":"https:\/\/www.asajacyl.com\/palencia\/asaja-palencia-informa\/primeros-precios-de-campana-para-el-girasol-425-e-t-y-el-alto-oleico-515-e-t-en-la-lonja-de-leon#primaryimage","url":"https:\/\/www.asajacyl.com\/palencia\/wp-content\/uploads\/sites\/3\/2025\/09\/Girasol-en-Tierra-de-Campos-web-c-Marco-Porras.jpg","contentUrl":"https:\/\/www.asajacyl.com\/palencia\/wp-content\/uploads\/sites\/3\/2025\/09\/Girasol-en-Tierra-de-Campos-web-c-Marco-Porras.jpg","width":1890,"height":1654},{"@type":"BreadcrumbList","@id":"https:\/\/www.asajacyl.com\/palencia\/asaja-palencia-informa\/primeros-precios-de-campana-para-el-girasol-425-e-t-y-el-alto-oleico-515-e-t-en-la-lonja-de-leon#breadcrumb","itemListElement":[{"@type":"ListItem","position":1,"name":"Portada","item":"https:\/\/www.asajacyl.com\/palencia\/"},{"@type":"ListItem","position":2,"name":"Primeros precios de campa\u00f1a para el girasol linoleico (425 \u20ac\/t) y el alto oleico (515 \u20ac\/t) en la Lonja de Le\u00f3n"}]},{"@type":"WebSite","@id":"https:\/\/www.asajacyl.com\/palencia\/#website","url":"https:\/\/www.asajacyl.com\/palencia\/","name":"ASAJA Palencia","description":"Otro sitio m\u00e1s de Provincias ASAJA Castilla y Le\u00f3n","potentialAction":[{"@type":"SearchAction","target":{"@type":"EntryPoint","urlTemplate":"https:\/\/www.asajacyl.com\/palencia\/?s={search_term_string}"},"query-input":{"@type":"PropertyValueSpecification","valueRequired":true,"valueName":"search_term_string"}}],"inLanguage":"es"},{"@type":"Person","@id":"https:\/\/www.asajacyl.com\/palencia\/#\/schema\/person\/3ab17aeb03527485c317557fae64aab1","name":"Administrador","image":{"@type":"ImageObject","inLanguage":"es","@id":"https:\/\/www.asajacyl.com\/palencia\/#\/schema\/person\/image\/","url":"https:\/\/secure.gravatar.com\/avatar\/517384810d242ca9e38c180f3c9fb973?s=96&d=mm&r=g","contentUrl":"https:\/\/secure.gravatar.com\/avatar\/517384810d242ca9e38c180f3c9fb973?s=96&d=mm&r=g","caption":"Administrador"},"url":"https:\/\/www.asajacyl.com\/palencia\/author\/carlosrm"}]}},"_links":{"self":[{"href":"https:\/\/www.asajacyl.com\/palencia\/wp-json\/wp\/v2\/posts\/20966"}],"collection":[{"href":"https:\/\/www.asajacyl.com\/palencia\/wp-json\/wp\/v2\/posts"}],"about":[{"href":"https:\/\/www.asajacyl.com\/palencia\/wp-json\/wp\/v2\/types\/post"}],"author":[{"embeddable":true,"href":"https:\/\/www.asajacyl.com\/palencia\/wp-json\/wp\/v2\/users\/9"}],"replies":[{"embeddable":true,"href":"https:\/\/www.asajacyl.com\/palencia\/wp-json\/wp\/v2\/comments?post=20966"}],"version-history":[{"count":5,"href":"https:\/\/www.asajacyl.com\/palencia\/wp-json\/wp\/v2\/posts\/20966\/revisions"}],"predecessor-version":[{"id":20977,"href":"https:\/\/www.asajacyl.com\/palencia\/wp-json\/wp\/v2\/posts\/20966\/revisions\/20977"}],"wp:featuredmedia":[{"embeddable":true,"href":"https:\/\/www.asajacyl.com\/palencia\/wp-json\/wp\/v2\/media\/20970"}],"wp:attachment":[{"href":"https:\/\/www.asajacyl.com\/palencia\/wp-json\/wp\/v2\/media?parent=20966"}],"wp:term":[{"taxonomy":"category","embeddable":true,"href":"https:\/\/www.asajacyl.com\/palencia\/wp-json\/wp\/v2\/categories?post=20966"},{"taxonomy":"post_tag","embeddable":true,"href":"https:\/\/www.asajacyl.com\/palencia\/wp-json\/wp\/v2\/tags?post=20966"}],"curies":[{"name":"wp","href":"https:\/\/api.w.org\/{rel}","templated":true}]}}