{"id":20995,"date":"2025-09-22T09:39:32","date_gmt":"2025-09-22T07:39:32","guid":{"rendered":"https:\/\/www.asajacyl.com\/palencia\/?p=20995"},"modified":"2025-09-22T09:39:37","modified_gmt":"2025-09-22T07:39:37","slug":"la-junta-preve-empezar-a-pagar-los-anticipos-de-la-pac-2025-la-segunda-quincena-de-octubre","status":"publish","type":"post","link":"https:\/\/www.asajacyl.com\/palencia\/asaja-palencia-informa\/la-junta-preve-empezar-a-pagar-los-anticipos-de-la-pac-2025-la-segunda-quincena-de-octubre","title":{"rendered":"La Junta prev\u00e9 empezar a pagar los anticipos de la PAC 2025 la segunda quincena de octubre"},"content":{"rendered":"\n<h2 class=\"wp-block-heading\">La Junta de Castilla y Le\u00f3n prev\u00e9 comenzar en la segunda quincena de octubre con el abono de los anticipos correspondientes a la campa\u00f1a 2025 de la PAC. As\u00ed lo anunci\u00f3 el director general de Pol\u00edtica Agraria Comunitaria de la Consejer\u00eda de Agricultura, Ganader\u00eda y Desarrollo Rural, \u00c1ngel G\u00f3mez, en una reciente jornada agr\u00edcola celebrada en Carri\u00f3n de los Condes. Ese pago del anticipo representa el 70 % de los importes totales de ayudas generados con la solicitud \u00fanica.<\/h2>\n\n\n\n<p>La provincia de Palencia ha registrado esta campa\u00f1a 5457 solicitudes \u00fanicas de la PAC, con una superficie total de 519 750 hect\u00e1reas, incluidos pastos (61 224 ha) y barbecho (31 571 ha), con el trigo y la cebada como cultivos predominantes (alrededor de 136 200 y 107 200 hect\u00e1reas, respectivamente). Esta PAC se han presentado en la provincia unas doscientas solicitudes menos que en 2024 (-3,6 %), si bien la superficie pr\u00e1cticamente se mantiene estable.<\/p>\n\n\n\n<p>El director general de la Pol\u00edtica Agraria Comunitaria inaugur\u00f3 la pasada semana la <a href=\"https:\/\/www.asajacyl.com\/palencia\/asaja-palencia-informa\/carrion-de-los-condes-acoge-el-martes-16-una-jornada-sobre-tecnologia-en-el-cereal-y-el-forraje\">jornada <em>Tecnolog\u00eda en cereal y forraje<\/em><\/a>, organizada por la Cooperativa Agraria Regional (CAR), la Junta Central de Usuarios del Bajo Carri\u00f3n (JCUBC) y JAM Comunicaci\u00f3n, que se celebr\u00f3 la ma\u00f1ana del martes 16 de septiembre en el Teatro Sarabia de Carri\u00f3n de los Condes.<\/p>\n\n\n\n<p><strong>LIQUIDEZ NECESARIA. <\/strong>ASAJA-Palencia valora y reconoce toda la agilidad que pueda aplicar en el pago de los anticipos de la PAC la administraci\u00f3n regional a partir de la fecha autorizada por la Comisi\u00f3n Europea para empezar estas transferencias (este a\u00f1o, el 16 de octubre de 2025). Estos pagos permiten dotar de liquidez a los profesionales agroganaderos en un momento en el que asumen importantes gastos para iniciar la nueva campa\u00f1a. <\/p>\n\n\n\n<p>Durante la jornada, el director general de PAC de la Junta explic\u00f3 detalles de la propuesta de esta pol\u00edtica europea a partir de 2028 y mostr\u00f3 el rechazo del actual gobierno regional al planteamiento efectuado por la Comisi\u00f3n Europea el pasado mes de julio. \u00c1ngel G\u00f3mez se\u00f1al\u00f3 que esta postura de la Junta viene expresada en la <a href=\"https:\/\/www.asajacyl.com\/palencia\/asaja-palencia-informa\/el-campo-de-castilla-y-leon-unido-por-una-pac-fuerte-y-bien-financiada-que-apueste-por-el-profesional\" target=\"_blank\" rel=\"noreferrer noopener\">declaraci\u00f3n institucional consensuada y suscrita por la Consejer\u00eda con las organizaciones profesionales agrarias <\/a>(entre ellas, ASAJA) ya el pasado mayo, a la que se adhirieron posteriormente las cooperativas del sector agroganadero, integradas en URCACyL.<\/p>\n\n\n\n<p>Esa postura, trasladada por la Consejer\u00eda de Agricultura al Ministerio, reclama una PAC con un presupuesto fuerte \u2014frente al recorte anunciado\u2014, que mantenga los dos pilares (ayudas directas al sector y programas de desarrollo rural), y que apueste por los agricultores y ganaderos profesionales, tal y como defiende nuestra organizaci\u00f3n.<strong>\/<\/strong>\u00a0<\/p>\n","protected":false},"excerpt":{"rendered":"<p>La Junta de Castilla y Le\u00f3n prev\u00e9 comenzar en la segunda quincena de octubre con el abono de los anticipos correspondientes a la campa\u00f1a 2025 de la PAC. As\u00ed lo anunci\u00f3 el director general de Pol\u00edtica Agraria Comunitaria de la Consejer\u00eda de Agricultura, Ganader\u00eda y Desarrollo Rural, \u00c1ngel G\u00f3mez, en una reciente jornada agr\u00edcola celebrada [&hellip;]<\/p>\n","protected":false},"author":9,"featured_media":20996,"comment_status":"open","ping_status":"open","sticky":false,"template":"","format":"standard","meta":{"footnotes":""},"categories":[9,31,29,28],"tags":[58,369,59,142,351,77,66,110],"yoast_head":"<!-- This site is optimized with the Yoast SEO plugin v24.5 - https:\/\/yoast.com\/wordpress\/plugins\/seo\/ -->\n<title>La Junta prev\u00e9 empezar a pagar los anticipos de la PAC 2025 la segunda quincena de octubre - ASAJA Palencia<\/title>\n<meta name=\"description\" content=\"La Junta de Castilla y Le\u00f3n prev\u00e9 comenzar en la segunda quincena de octubre con el abono de los anticipos correspondientes a la campa\u00f1a 2025 de la PAC.\" \/>\n<meta name=\"robots\" content=\"index, follow, max-snippet:-1, max-image-preview:large, max-video-preview:-1\" \/>\n<link rel=\"canonical\" href=\"https:\/\/www.asajacyl.com\/palencia\/asaja-palencia-informa\/la-junta-preve-empezar-a-pagar-los-anticipos-de-la-pac-2025-la-segunda-quincena-de-octubre\" \/>\n<meta property=\"og:locale\" content=\"es_ES\" \/>\n<meta property=\"og:type\" content=\"article\" \/>\n<meta property=\"og:title\" content=\"La Junta prev\u00e9 empezar a pagar los anticipos de la PAC 2025 la segunda quincena de octubre - ASAJA Palencia\" \/>\n<meta property=\"og:description\" content=\"La Junta de Castilla y Le\u00f3n prev\u00e9 comenzar en la segunda quincena de octubre con el abono de los anticipos correspondientes a la campa\u00f1a 2025 de la PAC.\" \/>\n<meta property=\"og:url\" content=\"https:\/\/www.asajacyl.com\/palencia\/asaja-palencia-informa\/la-junta-preve-empezar-a-pagar-los-anticipos-de-la-pac-2025-la-segunda-quincena-de-octubre\" \/>\n<meta property=\"og:site_name\" content=\"ASAJA Palencia\" \/>\n<meta property=\"article:published_time\" content=\"2025-09-22T07:39:32+00:00\" \/>\n<meta property=\"article:modified_time\" content=\"2025-09-22T07:39:37+00:00\" \/>\n<meta property=\"og:image\" content=\"https:\/\/www.asajacyl.com\/palencia\/wp-content\/uploads\/sites\/3\/2025\/09\/DG-PAC-en-jornadas-Carrion-16sep2025-web.jpg\" \/>\n\t<meta property=\"og:image:width\" content=\"1890\" \/>\n\t<meta property=\"og:image:height\" content=\"1654\" \/>\n\t<meta property=\"og:image:type\" content=\"image\/jpeg\" \/>\n<meta name=\"author\" content=\"Administrador\" \/>\n<meta name=\"twitter:card\" content=\"summary_large_image\" \/>\n<meta name=\"twitter:label1\" content=\"Escrito por\" \/>\n\t<meta name=\"twitter:data1\" content=\"Administrador\" \/>\n\t<meta name=\"twitter:label2\" content=\"Tiempo de lectura\" \/>\n\t<meta name=\"twitter:data2\" content=\"3 minutos\" \/>\n<script type=\"application\/ld+json\" class=\"yoast-schema-graph\">{\"@context\":\"https:\/\/schema.org\",\"@graph\":[{\"@type\":\"WebPage\",\"@id\":\"https:\/\/www.asajacyl.com\/palencia\/asaja-palencia-informa\/la-junta-preve-empezar-a-pagar-los-anticipos-de-la-pac-2025-la-segunda-quincena-de-octubre\",\"url\":\"https:\/\/www.asajacyl.com\/palencia\/asaja-palencia-informa\/la-junta-preve-empezar-a-pagar-los-anticipos-de-la-pac-2025-la-segunda-quincena-de-octubre\",\"name\":\"La Junta prev\u00e9 empezar a pagar los anticipos de la PAC 2025 la segunda quincena de octubre - ASAJA Palencia\",\"isPartOf\":{\"@id\":\"https:\/\/www.asajacyl.com\/palencia\/#website\"},\"primaryImageOfPage\":{\"@id\":\"https:\/\/www.asajacyl.com\/palencia\/asaja-palencia-informa\/la-junta-preve-empezar-a-pagar-los-anticipos-de-la-pac-2025-la-segunda-quincena-de-octubre#primaryimage\"},\"image\":{\"@id\":\"https:\/\/www.asajacyl.com\/palencia\/asaja-palencia-informa\/la-junta-preve-empezar-a-pagar-los-anticipos-de-la-pac-2025-la-segunda-quincena-de-octubre#primaryimage\"},\"thumbnailUrl\":\"https:\/\/www.asajacyl.com\/palencia\/wp-content\/uploads\/sites\/3\/2025\/09\/DG-PAC-en-jornadas-Carrion-16sep2025-web.jpg\",\"datePublished\":\"2025-09-22T07:39:32+00:00\",\"dateModified\":\"2025-09-22T07:39:37+00:00\",\"author\":{\"@id\":\"https:\/\/www.asajacyl.com\/palencia\/#\/schema\/person\/3ab17aeb03527485c317557fae64aab1\"},\"description\":\"La Junta de Castilla y Le\u00f3n prev\u00e9 comenzar en la segunda quincena de octubre con el abono de los anticipos correspondientes a la campa\u00f1a 2025 de la PAC.\",\"breadcrumb\":{\"@id\":\"https:\/\/www.asajacyl.com\/palencia\/asaja-palencia-informa\/la-junta-preve-empezar-a-pagar-los-anticipos-de-la-pac-2025-la-segunda-quincena-de-octubre#breadcrumb\"},\"inLanguage\":\"es\",\"potentialAction\":[{\"@type\":\"ReadAction\",\"target\":[\"https:\/\/www.asajacyl.com\/palencia\/asaja-palencia-informa\/la-junta-preve-empezar-a-pagar-los-anticipos-de-la-pac-2025-la-segunda-quincena-de-octubre\"]}]},{\"@type\":\"ImageObject\",\"inLanguage\":\"es\",\"@id\":\"https:\/\/www.asajacyl.com\/palencia\/asaja-palencia-informa\/la-junta-preve-empezar-a-pagar-los-anticipos-de-la-pac-2025-la-segunda-quincena-de-octubre#primaryimage\",\"url\":\"https:\/\/www.asajacyl.com\/palencia\/wp-content\/uploads\/sites\/3\/2025\/09\/DG-PAC-en-jornadas-Carrion-16sep2025-web.jpg\",\"contentUrl\":\"https:\/\/www.asajacyl.com\/palencia\/wp-content\/uploads\/sites\/3\/2025\/09\/DG-PAC-en-jornadas-Carrion-16sep2025-web.jpg\",\"width\":1890,\"height\":1654},{\"@type\":\"BreadcrumbList\",\"@id\":\"https:\/\/www.asajacyl.com\/palencia\/asaja-palencia-informa\/la-junta-preve-empezar-a-pagar-los-anticipos-de-la-pac-2025-la-segunda-quincena-de-octubre#breadcrumb\",\"itemListElement\":[{\"@type\":\"ListItem\",\"position\":1,\"name\":\"Portada\",\"item\":\"https:\/\/www.asajacyl.com\/palencia\/\"},{\"@type\":\"ListItem\",\"position\":2,\"name\":\"La Junta prev\u00e9 empezar a pagar los anticipos de la PAC 2025 la segunda quincena de octubre\"}]},{\"@type\":\"WebSite\",\"@id\":\"https:\/\/www.asajacyl.com\/palencia\/#website\",\"url\":\"https:\/\/www.asajacyl.com\/palencia\/\",\"name\":\"ASAJA Palencia\",\"description\":\"Otro sitio m\u00e1s de Provincias ASAJA Castilla y Le\u00f3n\",\"potentialAction\":[{\"@type\":\"SearchAction\",\"target\":{\"@type\":\"EntryPoint\",\"urlTemplate\":\"https:\/\/www.asajacyl.com\/palencia\/?s={search_term_string}\"},\"query-input\":{\"@type\":\"PropertyValueSpecification\",\"valueRequired\":true,\"valueName\":\"search_term_string\"}}],\"inLanguage\":\"es\"},{\"@type\":\"Person\",\"@id\":\"https:\/\/www.asajacyl.com\/palencia\/#\/schema\/person\/3ab17aeb03527485c317557fae64aab1\",\"name\":\"Administrador\",\"image\":{\"@type\":\"ImageObject\",\"inLanguage\":\"es\",\"@id\":\"https:\/\/www.asajacyl.com\/palencia\/#\/schema\/person\/image\/\",\"url\":\"https:\/\/secure.gravatar.com\/avatar\/517384810d242ca9e38c180f3c9fb973?s=96&d=mm&r=g\",\"contentUrl\":\"https:\/\/secure.gravatar.com\/avatar\/517384810d242ca9e38c180f3c9fb973?s=96&d=mm&r=g\",\"caption\":\"Administrador\"},\"url\":\"https:\/\/www.asajacyl.com\/palencia\/author\/carlosrm\"}]}<\/script>\n<!-- \/ Yoast SEO plugin. -->","yoast_head_json":{"title":"La Junta prev\u00e9 empezar a pagar los anticipos de la PAC 2025 la segunda quincena de octubre - ASAJA Palencia","description":"La Junta de Castilla y Le\u00f3n prev\u00e9 comenzar en la segunda quincena de octubre con el abono de los anticipos correspondientes a la campa\u00f1a 2025 de la PAC.","robots":{"index":"index","follow":"follow","max-snippet":"max-snippet:-1","max-image-preview":"max-image-preview:large","max-video-preview":"max-video-preview:-1"},"canonical":"https:\/\/www.asajacyl.com\/palencia\/asaja-palencia-informa\/la-junta-preve-empezar-a-pagar-los-anticipos-de-la-pac-2025-la-segunda-quincena-de-octubre","og_locale":"es_ES","og_type":"article","og_title":"La Junta prev\u00e9 empezar a pagar los anticipos de la PAC 2025 la segunda quincena de octubre - ASAJA Palencia","og_description":"La Junta de Castilla y Le\u00f3n prev\u00e9 comenzar en la segunda quincena de octubre con el abono de los anticipos correspondientes a la campa\u00f1a 2025 de la PAC.","og_url":"https:\/\/www.asajacyl.com\/palencia\/asaja-palencia-informa\/la-junta-preve-empezar-a-pagar-los-anticipos-de-la-pac-2025-la-segunda-quincena-de-octubre","og_site_name":"ASAJA Palencia","article_published_time":"2025-09-22T07:39:32+00:00","article_modified_time":"2025-09-22T07:39:37+00:00","og_image":[{"width":1890,"height":1654,"url":"https:\/\/www.asajacyl.com\/palencia\/wp-content\/uploads\/sites\/3\/2025\/09\/DG-PAC-en-jornadas-Carrion-16sep2025-web.jpg","type":"image\/jpeg"}],"author":"Administrador","twitter_card":"summary_large_image","twitter_misc":{"Escrito por":"Administrador","Tiempo de lectura":"3 minutos"},"schema":{"@context":"https:\/\/schema.org","@graph":[{"@type":"WebPage","@id":"https:\/\/www.asajacyl.com\/palencia\/asaja-palencia-informa\/la-junta-preve-empezar-a-pagar-los-anticipos-de-la-pac-2025-la-segunda-quincena-de-octubre","url":"https:\/\/www.asajacyl.com\/palencia\/asaja-palencia-informa\/la-junta-preve-empezar-a-pagar-los-anticipos-de-la-pac-2025-la-segunda-quincena-de-octubre","name":"La Junta prev\u00e9 empezar a pagar los anticipos de la PAC 2025 la segunda quincena de octubre - ASAJA Palencia","isPartOf":{"@id":"https:\/\/www.asajacyl.com\/palencia\/#website"},"primaryImageOfPage":{"@id":"https:\/\/www.asajacyl.com\/palencia\/asaja-palencia-informa\/la-junta-preve-empezar-a-pagar-los-anticipos-de-la-pac-2025-la-segunda-quincena-de-octubre#primaryimage"},"image":{"@id":"https:\/\/www.asajacyl.com\/palencia\/asaja-palencia-informa\/la-junta-preve-empezar-a-pagar-los-anticipos-de-la-pac-2025-la-segunda-quincena-de-octubre#primaryimage"},"thumbnailUrl":"https:\/\/www.asajacyl.com\/palencia\/wp-content\/uploads\/sites\/3\/2025\/09\/DG-PAC-en-jornadas-Carrion-16sep2025-web.jpg","datePublished":"2025-09-22T07:39:32+00:00","dateModified":"2025-09-22T07:39:37+00:00","author":{"@id":"https:\/\/www.asajacyl.com\/palencia\/#\/schema\/person\/3ab17aeb03527485c317557fae64aab1"},"description":"La Junta de Castilla y Le\u00f3n prev\u00e9 comenzar en la segunda quincena de octubre con el abono de los anticipos correspondientes a la campa\u00f1a 2025 de la PAC.","breadcrumb":{"@id":"https:\/\/www.asajacyl.com\/palencia\/asaja-palencia-informa\/la-junta-preve-empezar-a-pagar-los-anticipos-de-la-pac-2025-la-segunda-quincena-de-octubre#breadcrumb"},"inLanguage":"es","potentialAction":[{"@type":"ReadAction","target":["https:\/\/www.asajacyl.com\/palencia\/asaja-palencia-informa\/la-junta-preve-empezar-a-pagar-los-anticipos-de-la-pac-2025-la-segunda-quincena-de-octubre"]}]},{"@type":"ImageObject","inLanguage":"es","@id":"https:\/\/www.asajacyl.com\/palencia\/asaja-palencia-informa\/la-junta-preve-empezar-a-pagar-los-anticipos-de-la-pac-2025-la-segunda-quincena-de-octubre#primaryimage","url":"https:\/\/www.asajacyl.com\/palencia\/wp-content\/uploads\/sites\/3\/2025\/09\/DG-PAC-en-jornadas-Carrion-16sep2025-web.jpg","contentUrl":"https:\/\/www.asajacyl.com\/palencia\/wp-content\/uploads\/sites\/3\/2025\/09\/DG-PAC-en-jornadas-Carrion-16sep2025-web.jpg","width":1890,"height":1654},{"@type":"BreadcrumbList","@id":"https:\/\/www.asajacyl.com\/palencia\/asaja-palencia-informa\/la-junta-preve-empezar-a-pagar-los-anticipos-de-la-pac-2025-la-segunda-quincena-de-octubre#breadcrumb","itemListElement":[{"@type":"ListItem","position":1,"name":"Portada","item":"https:\/\/www.asajacyl.com\/palencia\/"},{"@type":"ListItem","position":2,"name":"La Junta prev\u00e9 empezar a pagar los anticipos de la PAC 2025 la segunda quincena de octubre"}]},{"@type":"WebSite","@id":"https:\/\/www.asajacyl.com\/palencia\/#website","url":"https:\/\/www.asajacyl.com\/palencia\/","name":"ASAJA Palencia","description":"Otro sitio m\u00e1s de Provincias ASAJA Castilla y Le\u00f3n","potentialAction":[{"@type":"SearchAction","target":{"@type":"EntryPoint","urlTemplate":"https:\/\/www.asajacyl.com\/palencia\/?s={search_term_string}"},"query-input":{"@type":"PropertyValueSpecification","valueRequired":true,"valueName":"search_term_string"}}],"inLanguage":"es"},{"@type":"Person","@id":"https:\/\/www.asajacyl.com\/palencia\/#\/schema\/person\/3ab17aeb03527485c317557fae64aab1","name":"Administrador","image":{"@type":"ImageObject","inLanguage":"es","@id":"https:\/\/www.asajacyl.com\/palencia\/#\/schema\/person\/image\/","url":"https:\/\/secure.gravatar.com\/avatar\/517384810d242ca9e38c180f3c9fb973?s=96&d=mm&r=g","contentUrl":"https:\/\/secure.gravatar.com\/avatar\/517384810d242ca9e38c180f3c9fb973?s=96&d=mm&r=g","caption":"Administrador"},"url":"https:\/\/www.asajacyl.com\/palencia\/author\/carlosrm"}]}},"_links":{"self":[{"href":"https:\/\/www.asajacyl.com\/palencia\/wp-json\/wp\/v2\/posts\/20995"}],"collection":[{"href":"https:\/\/www.asajacyl.com\/palencia\/wp-json\/wp\/v2\/posts"}],"about":[{"href":"https:\/\/www.asajacyl.com\/palencia\/wp-json\/wp\/v2\/types\/post"}],"author":[{"embeddable":true,"href":"https:\/\/www.asajacyl.com\/palencia\/wp-json\/wp\/v2\/users\/9"}],"replies":[{"embeddable":true,"href":"https:\/\/www.asajacyl.com\/palencia\/wp-json\/wp\/v2\/comments?post=20995"}],"version-history":[{"count":1,"href":"https:\/\/www.asajacyl.com\/palencia\/wp-json\/wp\/v2\/posts\/20995\/revisions"}],"predecessor-version":[{"id":20997,"href":"https:\/\/www.asajacyl.com\/palencia\/wp-json\/wp\/v2\/posts\/20995\/revisions\/20997"}],"wp:featuredmedia":[{"embeddable":true,"href":"https:\/\/www.asajacyl.com\/palencia\/wp-json\/wp\/v2\/media\/20996"}],"wp:attachment":[{"href":"https:\/\/www.asajacyl.com\/palencia\/wp-json\/wp\/v2\/media?parent=20995"}],"wp:term":[{"taxonomy":"category","embeddable":true,"href":"https:\/\/www.asajacyl.com\/palencia\/wp-json\/wp\/v2\/categories?post=20995"},{"taxonomy":"post_tag","embeddable":true,"href":"https:\/\/www.asajacyl.com\/palencia\/wp-json\/wp\/v2\/tags?post=20995"}],"curies":[{"name":"wp","href":"https:\/\/api.w.org\/{rel}","templated":true}]}}