{"id":21003,"date":"2025-09-24T11:48:26","date_gmt":"2025-09-24T09:48:26","guid":{"rendered":"https:\/\/www.asajacyl.com\/palencia\/?p=21003"},"modified":"2025-09-24T11:59:04","modified_gmt":"2025-09-24T09:59:04","slug":"subidas-respectivas-de-15-y-10-centimos-kilo-en-las-canales-de-anojo-y-ternera-en-la-lonja-de-salamanca","status":"publish","type":"post","link":"https:\/\/www.asajacyl.com\/palencia\/asaja-palencia-informa\/subidas-respectivas-de-15-y-10-centimos-kilo-en-las-canales-de-anojo-y-ternera-en-la-lonja-de-salamanca","title":{"rendered":"Subidas respectivas de 15 y 10 c\u00e9ntimos\/kilo en las canales de a\u00f1ojo y ternera en la Lonja de Salamanca"},"content":{"rendered":"\n<h2 class=\"wp-block-heading\">La mesa de bovino de carne en la Lonja de Salamanca se sald\u00f3 esta semana con subidas de quince centimos por kilo en las canales de a\u00f1ojo, y diez en las de ternera; sin acuerdo entre los compradores y los ganaderos. Nuestros productores insisten en que los precios de lonja siguen desfasados con respecto a las operaciones reales de mercado, por lo que reclaman una actualizaci\u00f3n. Tambi\u00e9n estiman los ganaderos que hay desfase en los terneros para cr\u00eda, donde se constar\u00f3 el lunes una subida de cinco c\u00e9ntimos por kilo para machos y hembras.<\/h2>\n\n\n\n<p>En la mesa de carne, las vacas extra registraron la mayor escalada (veinte c\u00e9ntimos por kilo, el doble que en el resto de categor\u00edas). Operan ya a 6,34 euros\/kilo, lo que supone una revalorizaci\u00f3n interanual del 33 %, s\u00edntoma de la buena demanda de las vacas de calidad extra, pero tambi\u00e9n de una oferta cada vez m\u00e1s ajustada, como sucede en pr\u00e1cticamente todas las reses para matadero.<\/p>\n\n\n\n<p>De hecho, la subida sostenida desde hace dos meses en la cotizaci\u00f3n del bovino de carne se explica en parte por la activa demanda de producto (se habla incluso de un <em>boom<\/em> de la hamburguesa tanto en los hogares como en la hosteler\u00eda), pero tambi\u00e9n hay una causa de fondo en el lado de la oferta.<\/p>\n\n\n\n<p>En 2024 (\u00faltimo ejercicio con datos oficiales completos), la <strong>producci\u00f3n <\/strong>de bovino de carne en Espa\u00f1a se recuper\u00f3 ligeramente (+2,3 %), hasta rondar las 714 000 toneladas, frente a las cerca de 698 000 del a\u00f1o anterior. Pero se ven\u00eda de una contracci\u00f3n importante con respecto a 2022, en el que se alcanzaron las 731 500 toneladas.<\/p>\n\n\n\n<p>Seg\u00fan datos del Ministerio, Espa\u00f1a import\u00f3 en 2024 cerca de 270 000 toneladas de carne de vacuno (el 20 % m\u00e1s que el a\u00f1o anterior), principalmente desde otros pa\u00edses de la Uni\u00f3n Europea. Pero nuestro pa\u00eds tambi\u00e9n exporta&#8230; y en mayor medida: en concreto, el pasado a\u00f1o export\u00f3 337 000 toneladas (+2,6 % con respecto a 2023), principalmente al espacio comunitario, pero con creciente presencia de destinos distintos de la UE. Es decir, el saldo comercial internacional es negativo, otro factor que contribuye al alza del precio.<\/p>\n\n\n\n<p>La Uni\u00f3n Europea vive desde hace a\u00f1os un descenso importante en el <strong>n\u00famero de explotaciones<\/strong> de vacuno de carne, tendencia a la que no escapa Espa\u00f1a, como demuestra esta tabla con los \u00fatimos datos disponibles (<strong>enero 2025<\/strong>), que muestra los descensos porcentuales con respecto a enero de 2024 y a enero de 2015 (sin ser tan acusados como los del vacuno de leche):<\/p>\n\n\n\n<div class=\"wp-block-group\"><div class=\"wp-block-group__inner-container is-layout-constrained wp-block-group-is-layout-constrained\">\n<div class=\"wp-block-columns is-layout-flex wp-container-core-columns-is-layout-1 wp-block-columns-is-layout-flex\">\n<div class=\"wp-block-column is-layout-flow wp-block-column-is-layout-flow\" style=\"flex-basis:100%\">\n<figure class=\"wp-block-table alignleft is-style-stripes\"><table><tbody><tr><td class=\"has-text-align-left\" data-align=\"left\"><em><strong>Tipo de producci\u00f3n<\/strong><\/em><\/td><td class=\"has-text-align-right\" data-align=\"right\"><em><strong>% \u00falt. a\u00f1o<\/strong><\/em><\/td><td class=\"has-text-align-right\" data-align=\"right\"><strong><em>% \u00falt. d\u00e9cada<\/em><\/strong><\/td><\/tr><tr><td class=\"has-text-align-left\" data-align=\"left\">Cebadero<\/td><td class=\"has-text-align-right\" data-align=\"right\">-7,1 %<\/td><td class=\"has-text-align-right\" data-align=\"right\">-31,9 %<\/td><\/tr><tr><td class=\"has-text-align-left\" data-align=\"left\">Producci\u00f3n de leche<\/td><td class=\"has-text-align-right\" data-align=\"right\">-5,8 %<\/td><td class=\"has-text-align-right\" data-align=\"right\">-53,9 %<\/td><\/tr><tr><td class=\"has-text-align-left\" data-align=\"left\">Producci\u00f3n de carne<\/td><td class=\"has-text-align-right\" data-align=\"right\">-2,9 %<\/td><td class=\"has-text-align-right\" data-align=\"right\">-5,5 %<\/td><\/tr><tr><td class=\"has-text-align-left\" data-align=\"left\">Producci\u00f3n mixta<\/td><td class=\"has-text-align-right\" data-align=\"right\">-11,0 %<\/td><td class=\"has-text-align-right\" data-align=\"right\">-74,3 %<\/td><\/tr><tr><td class=\"has-text-align-left\" data-align=\"left\">Recr\u00eda de novillas<\/td><td class=\"has-text-align-right\" data-align=\"right\">-3,2 %<\/td><td class=\"has-text-align-right\" data-align=\"right\">+24,3 %<\/td><\/tr><tr><td class=\"has-text-align-left\" data-align=\"left\"><strong>Total<\/strong><\/td><td class=\"has-text-align-right\" data-align=\"right\">-3,9 %<\/td><td class=\"has-text-align-right\" data-align=\"right\">-20,9 %<\/td><\/tr><\/tbody><\/table><figcaption class=\"wp-element-caption\"><em>Fuente: SITRAN (Sistema Integral de Trazabilidad Animal)<\/em><br><em>Ministerio de Agricultura, Pesca y Alimentaci\u00f3n.<\/em><\/figcaption><\/figure>\n<\/div>\n<\/div>\n<\/div><\/div>\n\n\n\n<p>Esa merma de explotaciones, pese a que se vayan dimensionando m\u00e1s (y, como vemos, manteniendo la producci\u00f3n nacional por encima de las 700 000 toneladas) resta flexibilidad al mercado. Menos explotaciones equivale a menos canales de suministro de proximidad. Y eso explica en buena medida el alza de los \u00faltimos tiempos, unido a esa demanda pujante.<\/p>\n\n\n\n<p><strong>MESA DEL LECHAZO. <\/strong>Por su parte, la Mesa del Lechazo de Castilla y Le\u00f3n tambi\u00e9n celebr\u00f3 lonja el pasado viernes, 19 de septiembre, en Tordesillas (Valladolid) para constatar la repetici\u00f3n de precios en todas las categor\u00edas.<\/p>\n\n\n\n<p>Aqu\u00ed tambi\u00e9n est\u00e1 tirando del precio la oferta ajustada, de manera que los lechazos se cotizan hoy a unos precios similares a los del pico de las pasadas navidades, e incluso superiores. <\/p>\n\n\n\n<p>As\u00ed, la calidad gastron\u00f3mica del lechazo IGP de Castilla y Le\u00f3n ha operado este mes, seg\u00fan la mesa regional de referencia, a 7,15 euros\/kilo, cuando en esa misma lonja se cifr\u00f3 el m\u00e1ximo de la \u00faltima temporada alta que fueron las navidades de 2024 en 6,85 euros\/kilo. <\/p>\n\n\n\n<figure class=\"wp-block-image size-large is-resized\"><img loading=\"lazy\" decoding=\"async\" width=\"1024\" height=\"768\" src=\"https:\/\/www.asajacyl.com\/palencia\/wp-content\/uploads\/sites\/3\/2025\/09\/Tabla-precios-ganaderia-22septiembre2025-1024x768.png\" alt=\"\" class=\"wp-image-21004\" style=\"width:1065px;height:auto\" srcset=\"https:\/\/www.asajacyl.com\/palencia\/wp-content\/uploads\/sites\/3\/2025\/09\/Tabla-precios-ganaderia-22septiembre2025-1024x768.png 1024w, https:\/\/www.asajacyl.com\/palencia\/wp-content\/uploads\/sites\/3\/2025\/09\/Tabla-precios-ganaderia-22septiembre2025-300x225.png 300w, https:\/\/www.asajacyl.com\/palencia\/wp-content\/uploads\/sites\/3\/2025\/09\/Tabla-precios-ganaderia-22septiembre2025-768x576.png 768w, https:\/\/www.asajacyl.com\/palencia\/wp-content\/uploads\/sites\/3\/2025\/09\/Tabla-precios-ganaderia-22septiembre2025-1536x1152.png 1536w, https:\/\/www.asajacyl.com\/palencia\/wp-content\/uploads\/sites\/3\/2025\/09\/Tabla-precios-ganaderia-22septiembre2025-2048x1536.png 2048w, https:\/\/www.asajacyl.com\/palencia\/wp-content\/uploads\/sites\/3\/2025\/09\/Tabla-precios-ganaderia-22septiembre2025-560x420.png 560w, https:\/\/www.asajacyl.com\/palencia\/wp-content\/uploads\/sites\/3\/2025\/09\/Tabla-precios-ganaderia-22septiembre2025-80x60.png 80w, https:\/\/www.asajacyl.com\/palencia\/wp-content\/uploads\/sites\/3\/2025\/09\/Tabla-precios-ganaderia-22septiembre2025-696x522.png 696w, https:\/\/www.asajacyl.com\/palencia\/wp-content\/uploads\/sites\/3\/2025\/09\/Tabla-precios-ganaderia-22septiembre2025-1068x801.png 1068w, https:\/\/www.asajacyl.com\/palencia\/wp-content\/uploads\/sites\/3\/2025\/09\/Tabla-precios-ganaderia-22septiembre2025-1920x1440.png 1920w\" sizes=\"(max-width: 1024px) 100vw, 1024px\" \/><\/figure>\n","protected":false},"excerpt":{"rendered":"<p>La mesa de bovino de carne en la Lonja de Salamanca se sald\u00f3 esta semana con subidas de quince centimos por kilo en las canales de a\u00f1ojo, y diez en las de ternera; sin acuerdo entre los compradores y los ganaderos. Nuestros productores insisten en que los precios de lonja siguen desfasados con respecto a [&hellip;]<\/p>\n","protected":false},"author":9,"featured_media":21014,"comment_status":"open","ping_status":"open","sticky":false,"template":"","format":"standard","meta":{"footnotes":""},"categories":[9,29,36,28,13],"tags":[234,478,77,638,467,311,631,987,144,294],"yoast_head":"<!-- This site is optimized with the Yoast SEO plugin v24.5 - https:\/\/yoast.com\/wordpress\/plugins\/seo\/ -->\n<title>Subidas respectivas de 15 y 10 c\u00e9ntimos\/kilo en las canales de a\u00f1ojo y ternera en la Lonja de Salamanca - ASAJA Palencia<\/title>\n<meta name=\"description\" content=\"La mesa de bovino de carne en la Lonja de Salamanca se sald\u00f3 esta semana con subidas de quince centimos por kilo en las canales de a\u00f1ojo, y diez en las de\" \/>\n<meta name=\"robots\" content=\"index, follow, max-snippet:-1, max-image-preview:large, max-video-preview:-1\" \/>\n<link rel=\"canonical\" href=\"https:\/\/www.asajacyl.com\/palencia\/asaja-palencia-informa\/subidas-respectivas-de-15-y-10-centimos-kilo-en-las-canales-de-anojo-y-ternera-en-la-lonja-de-salamanca\" \/>\n<meta property=\"og:locale\" content=\"es_ES\" \/>\n<meta property=\"og:type\" content=\"article\" \/>\n<meta property=\"og:title\" content=\"Subidas respectivas de 15 y 10 c\u00e9ntimos\/kilo en las canales de a\u00f1ojo y ternera en la Lonja de Salamanca - ASAJA Palencia\" \/>\n<meta property=\"og:description\" content=\"La mesa de bovino de carne en la Lonja de Salamanca se sald\u00f3 esta semana con subidas de quince centimos por kilo en las canales de a\u00f1ojo, y diez en las de\" \/>\n<meta property=\"og:url\" content=\"https:\/\/www.asajacyl.com\/palencia\/asaja-palencia-informa\/subidas-respectivas-de-15-y-10-centimos-kilo-en-las-canales-de-anojo-y-ternera-en-la-lonja-de-salamanca\" \/>\n<meta property=\"og:site_name\" content=\"ASAJA Palencia\" \/>\n<meta property=\"article:published_time\" content=\"2025-09-24T09:48:26+00:00\" \/>\n<meta property=\"article:modified_time\" content=\"2025-09-24T09:59:04+00:00\" \/>\n<meta property=\"og:image\" content=\"https:\/\/www.asajacyl.com\/palencia\/wp-content\/uploads\/sites\/3\/2025\/09\/Vacuno-carne-ASAJA-Palencia-web-1024x896.jpg\" \/>\n\t<meta property=\"og:image:width\" content=\"1024\" \/>\n\t<meta property=\"og:image:height\" content=\"896\" \/>\n\t<meta property=\"og:image:type\" content=\"image\/jpeg\" \/>\n<meta name=\"author\" content=\"Administrador\" \/>\n<meta name=\"twitter:card\" content=\"summary_large_image\" \/>\n<meta name=\"twitter:label1\" content=\"Escrito por\" \/>\n\t<meta name=\"twitter:data1\" content=\"Administrador\" \/>\n\t<meta name=\"twitter:label2\" content=\"Tiempo de lectura\" \/>\n\t<meta name=\"twitter:data2\" content=\"4 minutos\" \/>\n<script type=\"application\/ld+json\" class=\"yoast-schema-graph\">{\"@context\":\"https:\/\/schema.org\",\"@graph\":[{\"@type\":\"WebPage\",\"@id\":\"https:\/\/www.asajacyl.com\/palencia\/asaja-palencia-informa\/subidas-respectivas-de-15-y-10-centimos-kilo-en-las-canales-de-anojo-y-ternera-en-la-lonja-de-salamanca\",\"url\":\"https:\/\/www.asajacyl.com\/palencia\/asaja-palencia-informa\/subidas-respectivas-de-15-y-10-centimos-kilo-en-las-canales-de-anojo-y-ternera-en-la-lonja-de-salamanca\",\"name\":\"Subidas respectivas de 15 y 10 c\u00e9ntimos\/kilo en las canales de a\u00f1ojo y ternera en la Lonja de Salamanca - ASAJA Palencia\",\"isPartOf\":{\"@id\":\"https:\/\/www.asajacyl.com\/palencia\/#website\"},\"primaryImageOfPage\":{\"@id\":\"https:\/\/www.asajacyl.com\/palencia\/asaja-palencia-informa\/subidas-respectivas-de-15-y-10-centimos-kilo-en-las-canales-de-anojo-y-ternera-en-la-lonja-de-salamanca#primaryimage\"},\"image\":{\"@id\":\"https:\/\/www.asajacyl.com\/palencia\/asaja-palencia-informa\/subidas-respectivas-de-15-y-10-centimos-kilo-en-las-canales-de-anojo-y-ternera-en-la-lonja-de-salamanca#primaryimage\"},\"thumbnailUrl\":\"https:\/\/www.asajacyl.com\/palencia\/wp-content\/uploads\/sites\/3\/2025\/09\/Vacuno-carne-ASAJA-Palencia-web.jpg\",\"datePublished\":\"2025-09-24T09:48:26+00:00\",\"dateModified\":\"2025-09-24T09:59:04+00:00\",\"author\":{\"@id\":\"https:\/\/www.asajacyl.com\/palencia\/#\/schema\/person\/3ab17aeb03527485c317557fae64aab1\"},\"description\":\"La mesa de bovino de carne en la Lonja de Salamanca se sald\u00f3 esta semana con subidas de quince centimos por kilo en las canales de a\u00f1ojo, y diez en las de\",\"breadcrumb\":{\"@id\":\"https:\/\/www.asajacyl.com\/palencia\/asaja-palencia-informa\/subidas-respectivas-de-15-y-10-centimos-kilo-en-las-canales-de-anojo-y-ternera-en-la-lonja-de-salamanca#breadcrumb\"},\"inLanguage\":\"es\",\"potentialAction\":[{\"@type\":\"ReadAction\",\"target\":[\"https:\/\/www.asajacyl.com\/palencia\/asaja-palencia-informa\/subidas-respectivas-de-15-y-10-centimos-kilo-en-las-canales-de-anojo-y-ternera-en-la-lonja-de-salamanca\"]}]},{\"@type\":\"ImageObject\",\"inLanguage\":\"es\",\"@id\":\"https:\/\/www.asajacyl.com\/palencia\/asaja-palencia-informa\/subidas-respectivas-de-15-y-10-centimos-kilo-en-las-canales-de-anojo-y-ternera-en-la-lonja-de-salamanca#primaryimage\",\"url\":\"https:\/\/www.asajacyl.com\/palencia\/wp-content\/uploads\/sites\/3\/2025\/09\/Vacuno-carne-ASAJA-Palencia-web.jpg\",\"contentUrl\":\"https:\/\/www.asajacyl.com\/palencia\/wp-content\/uploads\/sites\/3\/2025\/09\/Vacuno-carne-ASAJA-Palencia-web.jpg\",\"width\":1890,\"height\":1654},{\"@type\":\"BreadcrumbList\",\"@id\":\"https:\/\/www.asajacyl.com\/palencia\/asaja-palencia-informa\/subidas-respectivas-de-15-y-10-centimos-kilo-en-las-canales-de-anojo-y-ternera-en-la-lonja-de-salamanca#breadcrumb\",\"itemListElement\":[{\"@type\":\"ListItem\",\"position\":1,\"name\":\"Portada\",\"item\":\"https:\/\/www.asajacyl.com\/palencia\/\"},{\"@type\":\"ListItem\",\"position\":2,\"name\":\"Subidas respectivas de 15 y 10 c\u00e9ntimos\/kilo en las canales de a\u00f1ojo y ternera en la Lonja de Salamanca\"}]},{\"@type\":\"WebSite\",\"@id\":\"https:\/\/www.asajacyl.com\/palencia\/#website\",\"url\":\"https:\/\/www.asajacyl.com\/palencia\/\",\"name\":\"ASAJA Palencia\",\"description\":\"Otro sitio m\u00e1s de Provincias ASAJA Castilla y Le\u00f3n\",\"potentialAction\":[{\"@type\":\"SearchAction\",\"target\":{\"@type\":\"EntryPoint\",\"urlTemplate\":\"https:\/\/www.asajacyl.com\/palencia\/?s={search_term_string}\"},\"query-input\":{\"@type\":\"PropertyValueSpecification\",\"valueRequired\":true,\"valueName\":\"search_term_string\"}}],\"inLanguage\":\"es\"},{\"@type\":\"Person\",\"@id\":\"https:\/\/www.asajacyl.com\/palencia\/#\/schema\/person\/3ab17aeb03527485c317557fae64aab1\",\"name\":\"Administrador\",\"image\":{\"@type\":\"ImageObject\",\"inLanguage\":\"es\",\"@id\":\"https:\/\/www.asajacyl.com\/palencia\/#\/schema\/person\/image\/\",\"url\":\"https:\/\/secure.gravatar.com\/avatar\/517384810d242ca9e38c180f3c9fb973?s=96&d=mm&r=g\",\"contentUrl\":\"https:\/\/secure.gravatar.com\/avatar\/517384810d242ca9e38c180f3c9fb973?s=96&d=mm&r=g\",\"caption\":\"Administrador\"},\"url\":\"https:\/\/www.asajacyl.com\/palencia\/author\/carlosrm\"}]}<\/script>\n<!-- \/ Yoast SEO plugin. -->","yoast_head_json":{"title":"Subidas respectivas de 15 y 10 c\u00e9ntimos\/kilo en las canales de a\u00f1ojo y ternera en la Lonja de Salamanca - ASAJA Palencia","description":"La mesa de bovino de carne en la Lonja de Salamanca se sald\u00f3 esta semana con subidas de quince centimos por kilo en las canales de a\u00f1ojo, y diez en las de","robots":{"index":"index","follow":"follow","max-snippet":"max-snippet:-1","max-image-preview":"max-image-preview:large","max-video-preview":"max-video-preview:-1"},"canonical":"https:\/\/www.asajacyl.com\/palencia\/asaja-palencia-informa\/subidas-respectivas-de-15-y-10-centimos-kilo-en-las-canales-de-anojo-y-ternera-en-la-lonja-de-salamanca","og_locale":"es_ES","og_type":"article","og_title":"Subidas respectivas de 15 y 10 c\u00e9ntimos\/kilo en las canales de a\u00f1ojo y ternera en la Lonja de Salamanca - ASAJA Palencia","og_description":"La mesa de bovino de carne en la Lonja de Salamanca se sald\u00f3 esta semana con subidas de quince centimos por kilo en las canales de a\u00f1ojo, y diez en las de","og_url":"https:\/\/www.asajacyl.com\/palencia\/asaja-palencia-informa\/subidas-respectivas-de-15-y-10-centimos-kilo-en-las-canales-de-anojo-y-ternera-en-la-lonja-de-salamanca","og_site_name":"ASAJA Palencia","article_published_time":"2025-09-24T09:48:26+00:00","article_modified_time":"2025-09-24T09:59:04+00:00","og_image":[{"width":1024,"height":896,"url":"https:\/\/www.asajacyl.com\/palencia\/wp-content\/uploads\/sites\/3\/2025\/09\/Vacuno-carne-ASAJA-Palencia-web-1024x896.jpg","type":"image\/jpeg"}],"author":"Administrador","twitter_card":"summary_large_image","twitter_misc":{"Escrito por":"Administrador","Tiempo de lectura":"4 minutos"},"schema":{"@context":"https:\/\/schema.org","@graph":[{"@type":"WebPage","@id":"https:\/\/www.asajacyl.com\/palencia\/asaja-palencia-informa\/subidas-respectivas-de-15-y-10-centimos-kilo-en-las-canales-de-anojo-y-ternera-en-la-lonja-de-salamanca","url":"https:\/\/www.asajacyl.com\/palencia\/asaja-palencia-informa\/subidas-respectivas-de-15-y-10-centimos-kilo-en-las-canales-de-anojo-y-ternera-en-la-lonja-de-salamanca","name":"Subidas respectivas de 15 y 10 c\u00e9ntimos\/kilo en las canales de a\u00f1ojo y ternera en la Lonja de Salamanca - ASAJA Palencia","isPartOf":{"@id":"https:\/\/www.asajacyl.com\/palencia\/#website"},"primaryImageOfPage":{"@id":"https:\/\/www.asajacyl.com\/palencia\/asaja-palencia-informa\/subidas-respectivas-de-15-y-10-centimos-kilo-en-las-canales-de-anojo-y-ternera-en-la-lonja-de-salamanca#primaryimage"},"image":{"@id":"https:\/\/www.asajacyl.com\/palencia\/asaja-palencia-informa\/subidas-respectivas-de-15-y-10-centimos-kilo-en-las-canales-de-anojo-y-ternera-en-la-lonja-de-salamanca#primaryimage"},"thumbnailUrl":"https:\/\/www.asajacyl.com\/palencia\/wp-content\/uploads\/sites\/3\/2025\/09\/Vacuno-carne-ASAJA-Palencia-web.jpg","datePublished":"2025-09-24T09:48:26+00:00","dateModified":"2025-09-24T09:59:04+00:00","author":{"@id":"https:\/\/www.asajacyl.com\/palencia\/#\/schema\/person\/3ab17aeb03527485c317557fae64aab1"},"description":"La mesa de bovino de carne en la Lonja de Salamanca se sald\u00f3 esta semana con subidas de quince centimos por kilo en las canales de a\u00f1ojo, y diez en las de","breadcrumb":{"@id":"https:\/\/www.asajacyl.com\/palencia\/asaja-palencia-informa\/subidas-respectivas-de-15-y-10-centimos-kilo-en-las-canales-de-anojo-y-ternera-en-la-lonja-de-salamanca#breadcrumb"},"inLanguage":"es","potentialAction":[{"@type":"ReadAction","target":["https:\/\/www.asajacyl.com\/palencia\/asaja-palencia-informa\/subidas-respectivas-de-15-y-10-centimos-kilo-en-las-canales-de-anojo-y-ternera-en-la-lonja-de-salamanca"]}]},{"@type":"ImageObject","inLanguage":"es","@id":"https:\/\/www.asajacyl.com\/palencia\/asaja-palencia-informa\/subidas-respectivas-de-15-y-10-centimos-kilo-en-las-canales-de-anojo-y-ternera-en-la-lonja-de-salamanca#primaryimage","url":"https:\/\/www.asajacyl.com\/palencia\/wp-content\/uploads\/sites\/3\/2025\/09\/Vacuno-carne-ASAJA-Palencia-web.jpg","contentUrl":"https:\/\/www.asajacyl.com\/palencia\/wp-content\/uploads\/sites\/3\/2025\/09\/Vacuno-carne-ASAJA-Palencia-web.jpg","width":1890,"height":1654},{"@type":"BreadcrumbList","@id":"https:\/\/www.asajacyl.com\/palencia\/asaja-palencia-informa\/subidas-respectivas-de-15-y-10-centimos-kilo-en-las-canales-de-anojo-y-ternera-en-la-lonja-de-salamanca#breadcrumb","itemListElement":[{"@type":"ListItem","position":1,"name":"Portada","item":"https:\/\/www.asajacyl.com\/palencia\/"},{"@type":"ListItem","position":2,"name":"Subidas respectivas de 15 y 10 c\u00e9ntimos\/kilo en las canales de a\u00f1ojo y ternera en la Lonja de Salamanca"}]},{"@type":"WebSite","@id":"https:\/\/www.asajacyl.com\/palencia\/#website","url":"https:\/\/www.asajacyl.com\/palencia\/","name":"ASAJA Palencia","description":"Otro sitio m\u00e1s de Provincias ASAJA Castilla y Le\u00f3n","potentialAction":[{"@type":"SearchAction","target":{"@type":"EntryPoint","urlTemplate":"https:\/\/www.asajacyl.com\/palencia\/?s={search_term_string}"},"query-input":{"@type":"PropertyValueSpecification","valueRequired":true,"valueName":"search_term_string"}}],"inLanguage":"es"},{"@type":"Person","@id":"https:\/\/www.asajacyl.com\/palencia\/#\/schema\/person\/3ab17aeb03527485c317557fae64aab1","name":"Administrador","image":{"@type":"ImageObject","inLanguage":"es","@id":"https:\/\/www.asajacyl.com\/palencia\/#\/schema\/person\/image\/","url":"https:\/\/secure.gravatar.com\/avatar\/517384810d242ca9e38c180f3c9fb973?s=96&d=mm&r=g","contentUrl":"https:\/\/secure.gravatar.com\/avatar\/517384810d242ca9e38c180f3c9fb973?s=96&d=mm&r=g","caption":"Administrador"},"url":"https:\/\/www.asajacyl.com\/palencia\/author\/carlosrm"}]}},"_links":{"self":[{"href":"https:\/\/www.asajacyl.com\/palencia\/wp-json\/wp\/v2\/posts\/21003"}],"collection":[{"href":"https:\/\/www.asajacyl.com\/palencia\/wp-json\/wp\/v2\/posts"}],"about":[{"href":"https:\/\/www.asajacyl.com\/palencia\/wp-json\/wp\/v2\/types\/post"}],"author":[{"embeddable":true,"href":"https:\/\/www.asajacyl.com\/palencia\/wp-json\/wp\/v2\/users\/9"}],"replies":[{"embeddable":true,"href":"https:\/\/www.asajacyl.com\/palencia\/wp-json\/wp\/v2\/comments?post=21003"}],"version-history":[{"count":12,"href":"https:\/\/www.asajacyl.com\/palencia\/wp-json\/wp\/v2\/posts\/21003\/revisions"}],"predecessor-version":[{"id":21019,"href":"https:\/\/www.asajacyl.com\/palencia\/wp-json\/wp\/v2\/posts\/21003\/revisions\/21019"}],"wp:featuredmedia":[{"embeddable":true,"href":"https:\/\/www.asajacyl.com\/palencia\/wp-json\/wp\/v2\/media\/21014"}],"wp:attachment":[{"href":"https:\/\/www.asajacyl.com\/palencia\/wp-json\/wp\/v2\/media?parent=21003"}],"wp:term":[{"taxonomy":"category","embeddable":true,"href":"https:\/\/www.asajacyl.com\/palencia\/wp-json\/wp\/v2\/categories?post=21003"},{"taxonomy":"post_tag","embeddable":true,"href":"https:\/\/www.asajacyl.com\/palencia\/wp-json\/wp\/v2\/tags?post=21003"}],"curies":[{"name":"wp","href":"https:\/\/api.w.org\/{rel}","templated":true}]}}