{"id":21029,"date":"2025-09-26T07:30:00","date_gmt":"2025-09-26T05:30:00","guid":{"rendered":"https:\/\/www.asajacyl.com\/palencia\/?p=21029"},"modified":"2025-09-26T08:26:27","modified_gmt":"2025-09-26T06:26:27","slug":"la-superproduccion-mundial-de-patata-situa-el-primer-precio-de-campana-2025-por-debajo-de-los-costes","status":"publish","type":"post","link":"https:\/\/www.asajacyl.com\/palencia\/asaja-palencia-informa\/la-superproduccion-mundial-de-patata-situa-el-primer-precio-de-campana-2025-por-debajo-de-los-costes","title":{"rendered":"La superproducci\u00f3n mundial de patata sit\u00faa el primer precio de la campa\u00f1a 2025 por debajo de los costes"},"content":{"rendered":"\n<h2 class=\"wp-block-heading\">La Lonja de Le\u00f3n celebrada esta semana ha comenzado a cotizar la patata a unos precios que no cubren los costes de producci\u00f3n, lo que acabar\u00e1 acarreando graves p\u00e9rdidas a nuestros agricultores. Estos primeros precios registran ca\u00eddas interanuales de entre el 47 % y el 55 %, seg\u00fan variedades; y superiores si nos fijamos en las cotizaciones del final de la anterior campa\u00f1a. <a href=\"https:\/\/www.asajacyl.com\/palencia\/asaja-palencia-informa\/las-patatas-de-calidad-de-castilla-y-leon-se-pueden-y-se-deben-pagar-al-agricultor-a-precios-justos\" target=\"_blank\" rel=\"noreferrer noopener\">ASAJA-Castilla y Le\u00f3n ya pidi\u00f3 a los agricultores, a mediados de agosto, que escalonasen el arranque<\/a> de patata para frenar la presi\u00f3n de los precios a la baja por parte de los operadores y la distribuci\u00f3n. La superproducci\u00f3n mundial agrava a\u00fan m\u00e1s el problema, seg\u00fan explican desde la lonja leonesa. Nuestra organizaci\u00f3n recuerda a las administraciones p\u00fablicas que la Ley de Cadena Alimentaria est\u00e1 para cumplirse y que deben frenar las ventas por debajo de los costes de producci\u00f3n. Por otro lado, en la sesi\u00f3n de este mi\u00e9rcoles, 24 de septiembre, repitieron todos los <span style=\"text-decoration: underline\">cereales<\/span>, mientras en la mesa de <span style=\"text-decoration: underline\">girasol <\/span>se constat\u00f3 un aumento de cinco euros por tonelada en las operaciones con respecto a la semana anterior, tanto en el linoleico como en el alto oleico.<\/h2>\n\n\n\n<p>Ante la proximidad del comienzo de la campa\u00f1a de recolecci\u00f3n de patata en Castilla y Le\u00f3n, ASAJA exigi\u00f3 en agosto que se mantuviera una remuneraci\u00f3n justa para los cultivadores de patata, un cultivo minoritario en la provincia de Palencia, pero que requiere de costes altos (sementera, fertilizantes, fitosanitarios, mano de obra, combustibles&#8230;) y de inversi\u00f3n potente en maquinaria de arranque. <\/p>\n\n\n\n<p>Se estiman entre diez mil y catorce mil euros por hect\u00e1rea, con diferencias seg\u00fan regiones y t\u00e9cnicas (y la necesidad o no de regad\u00edo). Por ello, no s\u00f3lo se necesita de buen rendimiento y sanidad en la patata, sino de una adecuada cotizaci\u00f3n del producto.<\/p>\n\n\n\n<p>En la provincia de Palencia se cultivan esta campa\u00f1a algo m\u00e1s de seiscientas hect\u00e1reas de patata tard\u00eda (496 en regad\u00edo y 108 en secano), lejos de los miles de hect\u00e1reas de Salamanca y Valladolid, provincias que juntas superan la mitad de la superficie regional de este tub\u00e9rculo. <\/p>\n\n\n\n<p>En Palencia esta campa\u00f1a ha perdido terreno con respecto a las campa\u00f1as de 2023 y 2024, en las que se alcanzaron las 675 y 726 hect\u00e1reas, respectivamente. Seg\u00fan la encuesta de superficies del Ministerio de Agricultura (ESYRCE), el promedio anual durante el periodo 2010-2024 se super\u00f3 ligeramente el millar de hect\u00e1reas, incluidas las dedicadas a patata para siembra.<\/p>\n\n\n\n<p><strong>\u00abINUNDACI\u00d3N MUNDIAL\u00bb.<\/strong> Los precios de las primeras operaciones visadas en la Lonja de Le\u00f3n confirman los malos presagios de nuestra organizaci\u00f3n. La cotizaci\u00f3n actual resulta preocupante para nuestros agricultores, tanto por la configuraci\u00f3n de la cadena alimentaria nacional como por esa \u00abinundaci\u00f3n mundial de patata que ha causado una gran ca\u00edda de precios\u00bb, seg\u00fan expresaba la entidad leonesa este 24 de septiembre en su informe habitual de cada mi\u00e9rcoles tras la celebraci\u00f3n de la lonja.<\/p>\n\n\n\n<p>As\u00ed, esos primeros precios de campa\u00f1a sit\u00faan la tonelada entre los 140 euros en las variedades Red Pontiac, Red Scarlett y Yona; y los 180 euros de la Kennebec, pasando por los 160 euros en la agria y la Jaerla.  <\/p>\n\n\n\n<p>La siguiente tabla muestra el gran diferencial con respecto a los precios de la pasada campa\u00f1a de comercializaci\u00f3n 2024-2025. Se aportan las cotizaciones en la misma Lonja de Le\u00f3n al inicio, el 11 de septiembre del pasado a\u00f1o; y el \u00faltimo precio de campa\u00f1a, ya a finales de marzo de este a\u00f1o (excepto la variedad Jaerla, que dej\u00f3 de operar en noviembre de 2024). <\/p>\n\n\n\n<figure class=\"wp-block-table aligncenter is-style-stripes\"><table><thead><tr><th>VARIEDAD<\/th><th class=\"has-text-align-right\" data-align=\"right\">11\/SEP\/2024 (\u20ac\/t)<\/th><th class=\"has-text-align-right\" data-align=\"right\">26\/MAR\/2024 (\u20ac\/t)<\/th><th class=\"has-text-align-right\" data-align=\"right\">24\/MAR\/2025 (\u20ac\/t) <\/th><th class=\"has-text-align-right\" data-align=\"right\">Ca\u00edda interanual %<\/th><\/tr><\/thead><tbody><tr><td>Agria<\/td><td class=\"has-text-align-right\" data-align=\"right\"> 350<\/td><td class=\"has-text-align-right\" data-align=\"right\">400<\/td><td class=\"has-text-align-right\" data-align=\"right\">160<\/td><td class=\"has-text-align-right\" data-align=\"right\">-54 %<\/td><\/tr><tr><td>Jaerla<\/td><td class=\"has-text-align-right\" data-align=\"right\">320<\/td><td class=\"has-text-align-right\" data-align=\"right\">220*<\/td><td class=\"has-text-align-right\" data-align=\"right\">160<\/td><td class=\"has-text-align-right\" data-align=\"right\">-50 %<\/td><\/tr><tr><td>Kennebec<\/td><td class=\"has-text-align-right\" data-align=\"right\">340<\/td><td class=\"has-text-align-right\" data-align=\"right\">370<\/td><td class=\"has-text-align-right\" data-align=\"right\">180<\/td><td class=\"has-text-align-right\" data-align=\"right\">-47 %<\/td><\/tr><tr><td>Red Pontiac<\/td><td class=\"has-text-align-right\" data-align=\"right\">300<\/td><td class=\"has-text-align-right\" data-align=\"right\">320<\/td><td class=\"has-text-align-right\" data-align=\"right\">140<\/td><td class=\"has-text-align-right\" data-align=\"right\">-53 %<\/td><\/tr><tr><td>Red Scarlett<\/td><td class=\"has-text-align-right\" data-align=\"right\">310<\/td><td class=\"has-text-align-right\" data-align=\"right\">140<\/td><td class=\"has-text-align-right\" data-align=\"right\">140<\/td><td class=\"has-text-align-right\" data-align=\"right\">-55 %<\/td><\/tr><tr><td>Yona<\/td><td class=\"has-text-align-right\" data-align=\"right\">310<\/td><td class=\"has-text-align-right\" data-align=\"right\">140<\/td><td class=\"has-text-align-right\" data-align=\"right\">140<\/td><td class=\"has-text-align-right\" data-align=\"right\">-55 %<\/td><\/tr><\/tbody><\/table><figcaption class=\"wp-element-caption\">FUENTE: Lonja de Le\u00f3n. <em>(*) La campa\u00f1a de la variedad Jaerla se cerr\u00f3 en noviembre de 2024<\/em><\/figcaption><\/figure>\n\n\n\n<p><\/p>\n\n\n\n<p>Desde la lonja leonesa aportan datos sobre esa superproducci\u00f3n mundial. \u00abEn Europa el \u00e1rea cultivada aument\u00f3 este a\u00f1o un 5,5 % hasta en 1,47 millones de hect\u00e1reas, la mayor en a\u00f1os. La producci\u00f3n de Alemania, Francia, B\u00e9lgica y Pa\u00edses Bajos supera la capacidad contractual de la industria procesadora, con grandes vol\u00famenes adicionales producidos fuera de contrato (compra libre)\u00bb.<\/p>\n\n\n\n<p><strong>NUEVOS ACTORES.<\/strong> \u00abA la vez entran al mercado dos actores importantes como China e India \u2014a\u00f1ade el comunicado\u2014, con cosechas r\u00e9cords que generan un excedente que supera con creces la capacidad de almacenamiento local, y empujan los precios a la baja, al mismo tiempo que Egipto y Turqu\u00eda se posicionan como exportadores importantes a nivel mundial, aumentando el exceso de oferta\u00bb.<\/p>\n\n\n\n<p>En cuanto a Francia, principal pa\u00eds exportador de patata del mundo y origen de la mayor\u00eda de la producci\u00f3n que importar Espa\u00f1a, la cosecha se sit\u00faa en un r\u00e9cord de 8,3 millones de toneladas, con un aumento interanual del 13 %, a\u00f1aden desde la Lonja de Le\u00f3n.<\/p>\n\n\n\n<p>Estas mismas fuentes explican que cuatro quintas partes de la producci\u00f3n francesa est\u00e1 amparada en un contrato. \u00abEl problema viene dado en el restante 20 %, unas 1,66 millones de toneladas, muy cerca de la producci\u00f3n total de Espa\u00f1a, que se sit\u00faa por debajo de dos millones de toneladas\u00bb, a\u00f1aden. Desde la Lonja de Le\u00f3n indican que el precio de esa \u00abpatata libre\u00bb resulta irrisorio, \u00abal llegar incluso a niveles cercanos a cero euros\u00bb.<\/p>\n\n\n\n<p>La patata caliente \u2014nunca mejor dicho\u2014 est\u00e1 ahora en manos de las administraciones p\u00fablicas espa\u00f1olas, que deben aplicar la Ley de la Cadena Alimentaria, pero tambi\u00e9n de la distribuci\u00f3n y los operadores, que pueden minar la agricultura regional de la patata si atienden s\u00f3lo a criterios de adquisici\u00f3n al mejor postor.<\/p>\n\n\n\n<p>El desplome de precios a la mitad \u2014e incluso m\u00e1s en algunas variedades\u2014 con respecto a los que la patata presentaba hace ahora un a\u00f1o puede hacer in\u00fatiles los esfuerzos de los productores por apostar por variedades tard\u00edas y escalonar los arranques. Y por lo que respecta a la provincia de Palencia, la cotizaci\u00f3n baj\u00edsima puede seguir limando hect\u00e1reas a esta apuesta agr\u00edcola, como ya ha venido haciendo \u00faltimamente.<strong>\/<\/strong><\/p>\n\n\n\n<figure class=\"wp-block-image size-large is-resized\"><img loading=\"lazy\" decoding=\"async\" width=\"1024\" height=\"768\" src=\"https:\/\/www.asajacyl.com\/palencia\/wp-content\/uploads\/sites\/3\/2025\/09\/Precios-agricultura-24sep2025-1024x768.png\" alt=\"\" class=\"wp-image-21030\" style=\"width:1065px;height:auto\" srcset=\"https:\/\/www.asajacyl.com\/palencia\/wp-content\/uploads\/sites\/3\/2025\/09\/Precios-agricultura-24sep2025-1024x768.png 1024w, https:\/\/www.asajacyl.com\/palencia\/wp-content\/uploads\/sites\/3\/2025\/09\/Precios-agricultura-24sep2025-300x225.png 300w, https:\/\/www.asajacyl.com\/palencia\/wp-content\/uploads\/sites\/3\/2025\/09\/Precios-agricultura-24sep2025-768x576.png 768w, https:\/\/www.asajacyl.com\/palencia\/wp-content\/uploads\/sites\/3\/2025\/09\/Precios-agricultura-24sep2025-1536x1152.png 1536w, https:\/\/www.asajacyl.com\/palencia\/wp-content\/uploads\/sites\/3\/2025\/09\/Precios-agricultura-24sep2025-2048x1536.png 2048w, https:\/\/www.asajacyl.com\/palencia\/wp-content\/uploads\/sites\/3\/2025\/09\/Precios-agricultura-24sep2025-560x420.png 560w, https:\/\/www.asajacyl.com\/palencia\/wp-content\/uploads\/sites\/3\/2025\/09\/Precios-agricultura-24sep2025-80x60.png 80w, https:\/\/www.asajacyl.com\/palencia\/wp-content\/uploads\/sites\/3\/2025\/09\/Precios-agricultura-24sep2025-696x522.png 696w, https:\/\/www.asajacyl.com\/palencia\/wp-content\/uploads\/sites\/3\/2025\/09\/Precios-agricultura-24sep2025-1068x801.png 1068w, https:\/\/www.asajacyl.com\/palencia\/wp-content\/uploads\/sites\/3\/2025\/09\/Precios-agricultura-24sep2025-1920x1440.png 1920w\" sizes=\"(max-width: 1024px) 100vw, 1024px\" \/><\/figure>\n","protected":false},"excerpt":{"rendered":"<p>La Lonja de Le\u00f3n celebrada esta semana ha comenzado a cotizar la patata a unos precios que no cubren los costes de producci\u00f3n, lo que acabar\u00e1 acarreando graves p\u00e9rdidas a nuestros agricultores. Estos primeros precios registran ca\u00eddas interanuales de entre el 47 % y el 55 %, seg\u00fan variedades; y superiores si nos fijamos en [&hellip;]<\/p>\n","protected":false},"author":9,"featured_media":21039,"comment_status":"open","ping_status":"open","sticky":false,"template":"","format":"standard","meta":{"footnotes":""},"categories":[9,29,36,28,13],"tags":[58,290,221,289,46,1569,166,351,99,145,468,1588,194,293,198,147,220],"yoast_head":"<!-- This site is optimized with the Yoast SEO plugin v24.5 - https:\/\/yoast.com\/wordpress\/plugins\/seo\/ -->\n<title>La superproducci\u00f3n mundial de patata sit\u00faa el primer precio de la campa\u00f1a 2025 por debajo de los costes - ASAJA Palencia<\/title>\n<meta name=\"description\" content=\"La Lonja de Le\u00f3n celebrada esta semana ha comenzado a cotizar la patata a unos precios que no cubren los costes de producci\u00f3n, lo que acabar\u00e1 acarreando\" \/>\n<meta name=\"robots\" content=\"index, follow, max-snippet:-1, max-image-preview:large, max-video-preview:-1\" \/>\n<link rel=\"canonical\" href=\"https:\/\/www.asajacyl.com\/palencia\/asaja-palencia-informa\/la-superproduccion-mundial-de-patata-situa-el-primer-precio-de-campana-2025-por-debajo-de-los-costes\" \/>\n<meta property=\"og:locale\" content=\"es_ES\" \/>\n<meta property=\"og:type\" content=\"article\" \/>\n<meta property=\"og:title\" content=\"La superproducci\u00f3n mundial de patata sit\u00faa el primer precio de la campa\u00f1a 2025 por debajo de los costes - ASAJA Palencia\" \/>\n<meta property=\"og:description\" content=\"La Lonja de Le\u00f3n celebrada esta semana ha comenzado a cotizar la patata a unos precios que no cubren los costes de producci\u00f3n, lo que acabar\u00e1 acarreando\" \/>\n<meta property=\"og:url\" content=\"https:\/\/www.asajacyl.com\/palencia\/asaja-palencia-informa\/la-superproduccion-mundial-de-patata-situa-el-primer-precio-de-campana-2025-por-debajo-de-los-costes\" \/>\n<meta property=\"og:site_name\" content=\"ASAJA Palencia\" \/>\n<meta property=\"article:published_time\" content=\"2025-09-26T05:30:00+00:00\" \/>\n<meta property=\"article:modified_time\" content=\"2025-09-26T06:26:27+00:00\" \/>\n<meta property=\"og:image\" content=\"https:\/\/www.asajacyl.com\/palencia\/wp-content\/uploads\/sites\/3\/2025\/09\/Arranque-patata-Herrera-de-Pisuerga.jpg\" \/>\n\t<meta property=\"og:image:width\" content=\"1890\" \/>\n\t<meta property=\"og:image:height\" content=\"1654\" \/>\n\t<meta property=\"og:image:type\" content=\"image\/jpeg\" \/>\n<meta name=\"author\" content=\"Administrador\" \/>\n<meta name=\"twitter:card\" content=\"summary_large_image\" \/>\n<meta name=\"twitter:label1\" content=\"Escrito por\" \/>\n\t<meta name=\"twitter:data1\" content=\"Administrador\" \/>\n\t<meta name=\"twitter:label2\" content=\"Tiempo de lectura\" \/>\n\t<meta name=\"twitter:data2\" content=\"6 minutos\" \/>\n<script type=\"application\/ld+json\" class=\"yoast-schema-graph\">{\"@context\":\"https:\/\/schema.org\",\"@graph\":[{\"@type\":\"WebPage\",\"@id\":\"https:\/\/www.asajacyl.com\/palencia\/asaja-palencia-informa\/la-superproduccion-mundial-de-patata-situa-el-primer-precio-de-campana-2025-por-debajo-de-los-costes\",\"url\":\"https:\/\/www.asajacyl.com\/palencia\/asaja-palencia-informa\/la-superproduccion-mundial-de-patata-situa-el-primer-precio-de-campana-2025-por-debajo-de-los-costes\",\"name\":\"La superproducci\u00f3n mundial de patata sit\u00faa el primer precio de la campa\u00f1a 2025 por debajo de los costes - ASAJA Palencia\",\"isPartOf\":{\"@id\":\"https:\/\/www.asajacyl.com\/palencia\/#website\"},\"primaryImageOfPage\":{\"@id\":\"https:\/\/www.asajacyl.com\/palencia\/asaja-palencia-informa\/la-superproduccion-mundial-de-patata-situa-el-primer-precio-de-campana-2025-por-debajo-de-los-costes#primaryimage\"},\"image\":{\"@id\":\"https:\/\/www.asajacyl.com\/palencia\/asaja-palencia-informa\/la-superproduccion-mundial-de-patata-situa-el-primer-precio-de-campana-2025-por-debajo-de-los-costes#primaryimage\"},\"thumbnailUrl\":\"https:\/\/www.asajacyl.com\/palencia\/wp-content\/uploads\/sites\/3\/2025\/09\/Arranque-patata-Herrera-de-Pisuerga.jpg\",\"datePublished\":\"2025-09-26T05:30:00+00:00\",\"dateModified\":\"2025-09-26T06:26:27+00:00\",\"author\":{\"@id\":\"https:\/\/www.asajacyl.com\/palencia\/#\/schema\/person\/3ab17aeb03527485c317557fae64aab1\"},\"description\":\"La Lonja de Le\u00f3n celebrada esta semana ha comenzado a cotizar la patata a unos precios que no cubren los costes de producci\u00f3n, lo que acabar\u00e1 acarreando\",\"breadcrumb\":{\"@id\":\"https:\/\/www.asajacyl.com\/palencia\/asaja-palencia-informa\/la-superproduccion-mundial-de-patata-situa-el-primer-precio-de-campana-2025-por-debajo-de-los-costes#breadcrumb\"},\"inLanguage\":\"es\",\"potentialAction\":[{\"@type\":\"ReadAction\",\"target\":[\"https:\/\/www.asajacyl.com\/palencia\/asaja-palencia-informa\/la-superproduccion-mundial-de-patata-situa-el-primer-precio-de-campana-2025-por-debajo-de-los-costes\"]}]},{\"@type\":\"ImageObject\",\"inLanguage\":\"es\",\"@id\":\"https:\/\/www.asajacyl.com\/palencia\/asaja-palencia-informa\/la-superproduccion-mundial-de-patata-situa-el-primer-precio-de-campana-2025-por-debajo-de-los-costes#primaryimage\",\"url\":\"https:\/\/www.asajacyl.com\/palencia\/wp-content\/uploads\/sites\/3\/2025\/09\/Arranque-patata-Herrera-de-Pisuerga.jpg\",\"contentUrl\":\"https:\/\/www.asajacyl.com\/palencia\/wp-content\/uploads\/sites\/3\/2025\/09\/Arranque-patata-Herrera-de-Pisuerga.jpg\",\"width\":1890,\"height\":1654},{\"@type\":\"BreadcrumbList\",\"@id\":\"https:\/\/www.asajacyl.com\/palencia\/asaja-palencia-informa\/la-superproduccion-mundial-de-patata-situa-el-primer-precio-de-campana-2025-por-debajo-de-los-costes#breadcrumb\",\"itemListElement\":[{\"@type\":\"ListItem\",\"position\":1,\"name\":\"Portada\",\"item\":\"https:\/\/www.asajacyl.com\/palencia\/\"},{\"@type\":\"ListItem\",\"position\":2,\"name\":\"La superproducci\u00f3n mundial de patata sit\u00faa el primer precio de la campa\u00f1a 2025 por debajo de los costes\"}]},{\"@type\":\"WebSite\",\"@id\":\"https:\/\/www.asajacyl.com\/palencia\/#website\",\"url\":\"https:\/\/www.asajacyl.com\/palencia\/\",\"name\":\"ASAJA Palencia\",\"description\":\"Otro sitio m\u00e1s de Provincias ASAJA Castilla y Le\u00f3n\",\"potentialAction\":[{\"@type\":\"SearchAction\",\"target\":{\"@type\":\"EntryPoint\",\"urlTemplate\":\"https:\/\/www.asajacyl.com\/palencia\/?s={search_term_string}\"},\"query-input\":{\"@type\":\"PropertyValueSpecification\",\"valueRequired\":true,\"valueName\":\"search_term_string\"}}],\"inLanguage\":\"es\"},{\"@type\":\"Person\",\"@id\":\"https:\/\/www.asajacyl.com\/palencia\/#\/schema\/person\/3ab17aeb03527485c317557fae64aab1\",\"name\":\"Administrador\",\"image\":{\"@type\":\"ImageObject\",\"inLanguage\":\"es\",\"@id\":\"https:\/\/www.asajacyl.com\/palencia\/#\/schema\/person\/image\/\",\"url\":\"https:\/\/secure.gravatar.com\/avatar\/517384810d242ca9e38c180f3c9fb973?s=96&d=mm&r=g\",\"contentUrl\":\"https:\/\/secure.gravatar.com\/avatar\/517384810d242ca9e38c180f3c9fb973?s=96&d=mm&r=g\",\"caption\":\"Administrador\"},\"url\":\"https:\/\/www.asajacyl.com\/palencia\/author\/carlosrm\"}]}<\/script>\n<!-- \/ Yoast SEO plugin. -->","yoast_head_json":{"title":"La superproducci\u00f3n mundial de patata sit\u00faa el primer precio de la campa\u00f1a 2025 por debajo de los costes - ASAJA Palencia","description":"La Lonja de Le\u00f3n celebrada esta semana ha comenzado a cotizar la patata a unos precios que no cubren los costes de producci\u00f3n, lo que acabar\u00e1 acarreando","robots":{"index":"index","follow":"follow","max-snippet":"max-snippet:-1","max-image-preview":"max-image-preview:large","max-video-preview":"max-video-preview:-1"},"canonical":"https:\/\/www.asajacyl.com\/palencia\/asaja-palencia-informa\/la-superproduccion-mundial-de-patata-situa-el-primer-precio-de-campana-2025-por-debajo-de-los-costes","og_locale":"es_ES","og_type":"article","og_title":"La superproducci\u00f3n mundial de patata sit\u00faa el primer precio de la campa\u00f1a 2025 por debajo de los costes - ASAJA Palencia","og_description":"La Lonja de Le\u00f3n celebrada esta semana ha comenzado a cotizar la patata a unos precios que no cubren los costes de producci\u00f3n, lo que acabar\u00e1 acarreando","og_url":"https:\/\/www.asajacyl.com\/palencia\/asaja-palencia-informa\/la-superproduccion-mundial-de-patata-situa-el-primer-precio-de-campana-2025-por-debajo-de-los-costes","og_site_name":"ASAJA Palencia","article_published_time":"2025-09-26T05:30:00+00:00","article_modified_time":"2025-09-26T06:26:27+00:00","og_image":[{"width":1890,"height":1654,"url":"https:\/\/www.asajacyl.com\/palencia\/wp-content\/uploads\/sites\/3\/2025\/09\/Arranque-patata-Herrera-de-Pisuerga.jpg","type":"image\/jpeg"}],"author":"Administrador","twitter_card":"summary_large_image","twitter_misc":{"Escrito por":"Administrador","Tiempo de lectura":"6 minutos"},"schema":{"@context":"https:\/\/schema.org","@graph":[{"@type":"WebPage","@id":"https:\/\/www.asajacyl.com\/palencia\/asaja-palencia-informa\/la-superproduccion-mundial-de-patata-situa-el-primer-precio-de-campana-2025-por-debajo-de-los-costes","url":"https:\/\/www.asajacyl.com\/palencia\/asaja-palencia-informa\/la-superproduccion-mundial-de-patata-situa-el-primer-precio-de-campana-2025-por-debajo-de-los-costes","name":"La superproducci\u00f3n mundial de patata sit\u00faa el primer precio de la campa\u00f1a 2025 por debajo de los costes - ASAJA Palencia","isPartOf":{"@id":"https:\/\/www.asajacyl.com\/palencia\/#website"},"primaryImageOfPage":{"@id":"https:\/\/www.asajacyl.com\/palencia\/asaja-palencia-informa\/la-superproduccion-mundial-de-patata-situa-el-primer-precio-de-campana-2025-por-debajo-de-los-costes#primaryimage"},"image":{"@id":"https:\/\/www.asajacyl.com\/palencia\/asaja-palencia-informa\/la-superproduccion-mundial-de-patata-situa-el-primer-precio-de-campana-2025-por-debajo-de-los-costes#primaryimage"},"thumbnailUrl":"https:\/\/www.asajacyl.com\/palencia\/wp-content\/uploads\/sites\/3\/2025\/09\/Arranque-patata-Herrera-de-Pisuerga.jpg","datePublished":"2025-09-26T05:30:00+00:00","dateModified":"2025-09-26T06:26:27+00:00","author":{"@id":"https:\/\/www.asajacyl.com\/palencia\/#\/schema\/person\/3ab17aeb03527485c317557fae64aab1"},"description":"La Lonja de Le\u00f3n celebrada esta semana ha comenzado a cotizar la patata a unos precios que no cubren los costes de producci\u00f3n, lo que acabar\u00e1 acarreando","breadcrumb":{"@id":"https:\/\/www.asajacyl.com\/palencia\/asaja-palencia-informa\/la-superproduccion-mundial-de-patata-situa-el-primer-precio-de-campana-2025-por-debajo-de-los-costes#breadcrumb"},"inLanguage":"es","potentialAction":[{"@type":"ReadAction","target":["https:\/\/www.asajacyl.com\/palencia\/asaja-palencia-informa\/la-superproduccion-mundial-de-patata-situa-el-primer-precio-de-campana-2025-por-debajo-de-los-costes"]}]},{"@type":"ImageObject","inLanguage":"es","@id":"https:\/\/www.asajacyl.com\/palencia\/asaja-palencia-informa\/la-superproduccion-mundial-de-patata-situa-el-primer-precio-de-campana-2025-por-debajo-de-los-costes#primaryimage","url":"https:\/\/www.asajacyl.com\/palencia\/wp-content\/uploads\/sites\/3\/2025\/09\/Arranque-patata-Herrera-de-Pisuerga.jpg","contentUrl":"https:\/\/www.asajacyl.com\/palencia\/wp-content\/uploads\/sites\/3\/2025\/09\/Arranque-patata-Herrera-de-Pisuerga.jpg","width":1890,"height":1654},{"@type":"BreadcrumbList","@id":"https:\/\/www.asajacyl.com\/palencia\/asaja-palencia-informa\/la-superproduccion-mundial-de-patata-situa-el-primer-precio-de-campana-2025-por-debajo-de-los-costes#breadcrumb","itemListElement":[{"@type":"ListItem","position":1,"name":"Portada","item":"https:\/\/www.asajacyl.com\/palencia\/"},{"@type":"ListItem","position":2,"name":"La superproducci\u00f3n mundial de patata sit\u00faa el primer precio de la campa\u00f1a 2025 por debajo de los costes"}]},{"@type":"WebSite","@id":"https:\/\/www.asajacyl.com\/palencia\/#website","url":"https:\/\/www.asajacyl.com\/palencia\/","name":"ASAJA Palencia","description":"Otro sitio m\u00e1s de Provincias ASAJA Castilla y Le\u00f3n","potentialAction":[{"@type":"SearchAction","target":{"@type":"EntryPoint","urlTemplate":"https:\/\/www.asajacyl.com\/palencia\/?s={search_term_string}"},"query-input":{"@type":"PropertyValueSpecification","valueRequired":true,"valueName":"search_term_string"}}],"inLanguage":"es"},{"@type":"Person","@id":"https:\/\/www.asajacyl.com\/palencia\/#\/schema\/person\/3ab17aeb03527485c317557fae64aab1","name":"Administrador","image":{"@type":"ImageObject","inLanguage":"es","@id":"https:\/\/www.asajacyl.com\/palencia\/#\/schema\/person\/image\/","url":"https:\/\/secure.gravatar.com\/avatar\/517384810d242ca9e38c180f3c9fb973?s=96&d=mm&r=g","contentUrl":"https:\/\/secure.gravatar.com\/avatar\/517384810d242ca9e38c180f3c9fb973?s=96&d=mm&r=g","caption":"Administrador"},"url":"https:\/\/www.asajacyl.com\/palencia\/author\/carlosrm"}]}},"_links":{"self":[{"href":"https:\/\/www.asajacyl.com\/palencia\/wp-json\/wp\/v2\/posts\/21029"}],"collection":[{"href":"https:\/\/www.asajacyl.com\/palencia\/wp-json\/wp\/v2\/posts"}],"about":[{"href":"https:\/\/www.asajacyl.com\/palencia\/wp-json\/wp\/v2\/types\/post"}],"author":[{"embeddable":true,"href":"https:\/\/www.asajacyl.com\/palencia\/wp-json\/wp\/v2\/users\/9"}],"replies":[{"embeddable":true,"href":"https:\/\/www.asajacyl.com\/palencia\/wp-json\/wp\/v2\/comments?post=21029"}],"version-history":[{"count":6,"href":"https:\/\/www.asajacyl.com\/palencia\/wp-json\/wp\/v2\/posts\/21029\/revisions"}],"predecessor-version":[{"id":21042,"href":"https:\/\/www.asajacyl.com\/palencia\/wp-json\/wp\/v2\/posts\/21029\/revisions\/21042"}],"wp:featuredmedia":[{"embeddable":true,"href":"https:\/\/www.asajacyl.com\/palencia\/wp-json\/wp\/v2\/media\/21039"}],"wp:attachment":[{"href":"https:\/\/www.asajacyl.com\/palencia\/wp-json\/wp\/v2\/media?parent=21029"}],"wp:term":[{"taxonomy":"category","embeddable":true,"href":"https:\/\/www.asajacyl.com\/palencia\/wp-json\/wp\/v2\/categories?post=21029"},{"taxonomy":"post_tag","embeddable":true,"href":"https:\/\/www.asajacyl.com\/palencia\/wp-json\/wp\/v2\/tags?post=21029"}],"curies":[{"name":"wp","href":"https:\/\/api.w.org\/{rel}","templated":true}]}}