{"id":21060,"date":"2025-09-29T12:25:24","date_gmt":"2025-09-29T10:25:24","guid":{"rendered":"https:\/\/www.asajacyl.com\/palencia\/?p=21060"},"modified":"2025-09-29T16:13:37","modified_gmt":"2025-09-29T14:13:37","slug":"24-o-fecha-tope-de-entrega-en-asaja-de-documentos-para-las-ayudas-de-modernizacion-e-incorporacion","status":"publish","type":"post","link":"https:\/\/www.asajacyl.com\/palencia\/asaja-palencia-informa\/24-o-fecha-tope-de-entrega-en-asaja-de-documentos-para-las-ayudas-de-modernizacion-e-incorporacion","title":{"rendered":"24-O, fecha tope de entrega en ASAJA de documentos para las ayudas de modernizaci\u00f3n e incorporaci\u00f3n"},"content":{"rendered":"\n<h2 class=\"wp-block-heading\">ASAJA-Palencia comunica a los asociados que acuden a la convocatoria de las ayudas a la mejora de las estructuras de producci\u00f3n y modernizaci\u00f3n de las explotaciones agrarias, que incluyen las de establecimiento de j\u00f3venes, que agilicen en la medida de lo posible la entrega de documentos a nuestros t\u00e9cnicos; y que el viernes 24 de octubre ser\u00e1 la fecha tope de recogida de esa documentaci\u00f3n. Nuestra organizaci\u00f3n recomienda anticipar esa entrega para garantizar que nuestro el equipo t\u00e9cnico preste la mejor atenci\u00f3n a todos los interesados. Los expedientes que en esa fecha est\u00e9n incompletos ser\u00e1n tramitados ya para la siguiente convocatoria.<\/h2>\n\n\n\n<p>El plazo oficial para concurrir a la convocatoria se abri\u00f3 el pasado 4 de julio y concluye el viernes 31 de octubre, pero la complejidad de elaboraci\u00f3n de los expedientes aconseja que los posibles beneficiarios adelanten al m\u00e1ximo <span style=\"text-decoration: underline\">la entrega en ASAJA-Palencia de <strong>todos <\/strong>los documentos e informes<\/span> exigidos para acreditar el cumplimiento de los requisitos y compromisos establecidos para cada una de las l\u00edneas de ayuda.<\/p>\n\n\n\n<p><a href=\"https:\/\/www.asajacyl.com\/palencia\/asaja-palencia-informa\/la-junta-convoca-las-ayudas-para-modernizar-explotaciones-y-rejuvenecer-el-sector-agroganadero\" target=\"_blank\" rel=\"noreferrer noopener\">Tal y como informamos en su momento, estas ayudas est\u00e1n dotadas con cien millones de euros<\/a>, que es una de las cuant\u00edas m\u00e1s elevadas consignadas hasta ahora para este programa. No obstante, ASAJA recuerda que han pasado casi dos a\u00f1os desde la anterior convocatoria, que permaneci\u00f3 abierta durante el cuarto trimestre de 2023 (en 2024 no se convocaron). <\/p>\n\n\n\n<p>No obstante, nuestra organizaci\u00f3n reconoce la labor de los grupos de trabajo liderados por la administraci\u00f3n regional para mejorar esta convocatoria, que cofinancian la Uni\u00f3n Europea (a trav\u00e9s del FEADER, Fondo Europeo Agrario de Desarrollo Rural), el Ministerio de Agricultura, Pesca y Alimentaci\u00f3n y la Consejer\u00eda de Agricultura, Ganader\u00eda y Desarrollo Rural de la Junta de Castilla y Le\u00f3n, conforme establece el plan estrat\u00e9gico de la actual PAC 2023-2027.<\/p>\n\n\n\n<p><strong>AYUDA ADICIONAL POR RELEVO.&nbsp;<\/strong>Una de las novedades de la convocatoria es que los j\u00f3venes que se instalen en una explotaci\u00f3n cuyo titular se jubile recibir\u00e1n una ayuda adicional de 15 000 euros, incentivo espec\u00edfico para favorecer el relevo generacional.<\/p>\n\n\n\n<p>Las ayudas incluyen tres intervenciones de este plan: <\/p>\n\n\n\n<ul>\n<li>Ayudas a inversiones productivas en explotaciones agrarias vinculadas a contribuir a\n<ul>\n<li>la mitigaci\u00f3n del cambio clim\u00e1tico, y su adaptaci\u00f3n a \u00e9l, <\/li>\n\n\n\n<li>al uso eficiente de los recursos naturales y <\/li>\n\n\n\n<li>al bienestar animal.<\/li>\n<\/ul>\n<\/li>\n\n\n\n<li>Ayudas a inversiones en modernizaci\u00f3n o mejora de las explotaciones agrarias.<\/li>\n\n\n\n<li>Establecimiento de personas j\u00f3venes profesionales del sector agroganadero.<\/li>\n<\/ul>\n\n\n\n<ol start=\"1\">\n<li><\/li>\n<\/ol>\n\n\n\n<p>Pueden optar a las ayudas personas f\u00edsicas o jur\u00eddicas, comunidades de bienes, y unidades econ\u00f3micas sin personalidad jur\u00eddica titulares de una explotaci\u00f3n agraria de titularidad compartida que re\u00fana los requisitos establecidos.<\/p>\n\n\n\n<p>El plazo m\u00e1ximo para resolver las solicitudes y notificar las resoluciones ser\u00e1 de seis meses, contados desde el d\u00eda siguiente a la entrada de la solicitud en el registro del \u00f3rgano competente para resolver (Direcci\u00f3n General de Desarrollo Rural). Se entender\u00e1n desestimadas las no resueltas y expresamente notificadas en dicho plazo.<strong>\/<\/strong><\/p>\n\n\n\n<p><\/p>\n","protected":false},"excerpt":{"rendered":"<p>ASAJA-Palencia comunica a los asociados que acuden a la convocatoria de las ayudas a la mejora de las estructuras de producci\u00f3n y modernizaci\u00f3n de las explotaciones agrarias, que incluyen las de establecimiento de j\u00f3venes, que agilicen en la medida de lo posible la entrega de documentos a nuestros t\u00e9cnicos; y que el viernes 24 de [&hellip;]<\/p>\n","protected":false},"author":9,"featured_media":21066,"comment_status":"open","ping_status":"open","sticky":false,"template":"","format":"standard","meta":{"footnotes":""},"categories":[9,31,29,28,13],"tags":[58,59,142,351,49,77,110,458,1590,338],"yoast_head":"<!-- This site is optimized with the Yoast SEO plugin v24.5 - https:\/\/yoast.com\/wordpress\/plugins\/seo\/ -->\n<title>24-O, fecha tope de entrega en ASAJA de documentos para las ayudas de modernizaci\u00f3n e incorporaci\u00f3n - ASAJA Palencia<\/title>\n<meta name=\"description\" content=\"ASAJA-Palencia comunica a los asociados que acuden a la convocatoria de las ayudas a la mejora de las estructuras de producci\u00f3n y modernizaci\u00f3n de las\" \/>\n<meta name=\"robots\" content=\"index, follow, max-snippet:-1, max-image-preview:large, max-video-preview:-1\" \/>\n<link rel=\"canonical\" href=\"https:\/\/www.asajacyl.com\/palencia\/asaja-palencia-informa\/24-o-fecha-tope-de-entrega-en-asaja-de-documentos-para-las-ayudas-de-modernizacion-e-incorporacion\" \/>\n<meta property=\"og:locale\" content=\"es_ES\" \/>\n<meta property=\"og:type\" content=\"article\" \/>\n<meta property=\"og:title\" content=\"24-O, fecha tope de entrega en ASAJA de documentos para las ayudas de modernizaci\u00f3n e incorporaci\u00f3n - ASAJA Palencia\" \/>\n<meta property=\"og:description\" content=\"ASAJA-Palencia comunica a los asociados que acuden a la convocatoria de las ayudas a la mejora de las estructuras de producci\u00f3n y modernizaci\u00f3n de las\" \/>\n<meta property=\"og:url\" content=\"https:\/\/www.asajacyl.com\/palencia\/asaja-palencia-informa\/24-o-fecha-tope-de-entrega-en-asaja-de-documentos-para-las-ayudas-de-modernizacion-e-incorporacion\" \/>\n<meta property=\"og:site_name\" content=\"ASAJA Palencia\" \/>\n<meta property=\"article:published_time\" content=\"2025-09-29T10:25:24+00:00\" \/>\n<meta property=\"article:modified_time\" content=\"2025-09-29T14:13:37+00:00\" \/>\n<meta property=\"og:image\" content=\"https:\/\/www.asajacyl.com\/palencia\/wp-content\/uploads\/sites\/3\/2025\/09\/Tractor-en-campo-web.jpg\" \/>\n\t<meta property=\"og:image:width\" content=\"1890\" \/>\n\t<meta property=\"og:image:height\" content=\"1654\" \/>\n\t<meta property=\"og:image:type\" content=\"image\/jpeg\" \/>\n<meta name=\"author\" content=\"Administrador\" \/>\n<meta name=\"twitter:card\" content=\"summary_large_image\" \/>\n<meta name=\"twitter:label1\" content=\"Escrito por\" \/>\n\t<meta name=\"twitter:data1\" content=\"Administrador\" \/>\n\t<meta name=\"twitter:label2\" content=\"Tiempo de lectura\" \/>\n\t<meta name=\"twitter:data2\" content=\"3 minutos\" \/>\n<script type=\"application\/ld+json\" class=\"yoast-schema-graph\">{\"@context\":\"https:\/\/schema.org\",\"@graph\":[{\"@type\":\"WebPage\",\"@id\":\"https:\/\/www.asajacyl.com\/palencia\/asaja-palencia-informa\/24-o-fecha-tope-de-entrega-en-asaja-de-documentos-para-las-ayudas-de-modernizacion-e-incorporacion\",\"url\":\"https:\/\/www.asajacyl.com\/palencia\/asaja-palencia-informa\/24-o-fecha-tope-de-entrega-en-asaja-de-documentos-para-las-ayudas-de-modernizacion-e-incorporacion\",\"name\":\"24-O, fecha tope de entrega en ASAJA de documentos para las ayudas de modernizaci\u00f3n e incorporaci\u00f3n - ASAJA Palencia\",\"isPartOf\":{\"@id\":\"https:\/\/www.asajacyl.com\/palencia\/#website\"},\"primaryImageOfPage\":{\"@id\":\"https:\/\/www.asajacyl.com\/palencia\/asaja-palencia-informa\/24-o-fecha-tope-de-entrega-en-asaja-de-documentos-para-las-ayudas-de-modernizacion-e-incorporacion#primaryimage\"},\"image\":{\"@id\":\"https:\/\/www.asajacyl.com\/palencia\/asaja-palencia-informa\/24-o-fecha-tope-de-entrega-en-asaja-de-documentos-para-las-ayudas-de-modernizacion-e-incorporacion#primaryimage\"},\"thumbnailUrl\":\"https:\/\/www.asajacyl.com\/palencia\/wp-content\/uploads\/sites\/3\/2025\/09\/Tractor-en-campo-web.jpg\",\"datePublished\":\"2025-09-29T10:25:24+00:00\",\"dateModified\":\"2025-09-29T14:13:37+00:00\",\"author\":{\"@id\":\"https:\/\/www.asajacyl.com\/palencia\/#\/schema\/person\/3ab17aeb03527485c317557fae64aab1\"},\"description\":\"ASAJA-Palencia comunica a los asociados que acuden a la convocatoria de las ayudas a la mejora de las estructuras de producci\u00f3n y modernizaci\u00f3n de las\",\"breadcrumb\":{\"@id\":\"https:\/\/www.asajacyl.com\/palencia\/asaja-palencia-informa\/24-o-fecha-tope-de-entrega-en-asaja-de-documentos-para-las-ayudas-de-modernizacion-e-incorporacion#breadcrumb\"},\"inLanguage\":\"es\",\"potentialAction\":[{\"@type\":\"ReadAction\",\"target\":[\"https:\/\/www.asajacyl.com\/palencia\/asaja-palencia-informa\/24-o-fecha-tope-de-entrega-en-asaja-de-documentos-para-las-ayudas-de-modernizacion-e-incorporacion\"]}]},{\"@type\":\"ImageObject\",\"inLanguage\":\"es\",\"@id\":\"https:\/\/www.asajacyl.com\/palencia\/asaja-palencia-informa\/24-o-fecha-tope-de-entrega-en-asaja-de-documentos-para-las-ayudas-de-modernizacion-e-incorporacion#primaryimage\",\"url\":\"https:\/\/www.asajacyl.com\/palencia\/wp-content\/uploads\/sites\/3\/2025\/09\/Tractor-en-campo-web.jpg\",\"contentUrl\":\"https:\/\/www.asajacyl.com\/palencia\/wp-content\/uploads\/sites\/3\/2025\/09\/Tractor-en-campo-web.jpg\",\"width\":1890,\"height\":1654},{\"@type\":\"BreadcrumbList\",\"@id\":\"https:\/\/www.asajacyl.com\/palencia\/asaja-palencia-informa\/24-o-fecha-tope-de-entrega-en-asaja-de-documentos-para-las-ayudas-de-modernizacion-e-incorporacion#breadcrumb\",\"itemListElement\":[{\"@type\":\"ListItem\",\"position\":1,\"name\":\"Portada\",\"item\":\"https:\/\/www.asajacyl.com\/palencia\/\"},{\"@type\":\"ListItem\",\"position\":2,\"name\":\"24-O, fecha tope de entrega en ASAJA de documentos para las ayudas de modernizaci\u00f3n e incorporaci\u00f3n\"}]},{\"@type\":\"WebSite\",\"@id\":\"https:\/\/www.asajacyl.com\/palencia\/#website\",\"url\":\"https:\/\/www.asajacyl.com\/palencia\/\",\"name\":\"ASAJA Palencia\",\"description\":\"Otro sitio m\u00e1s de Provincias ASAJA Castilla y Le\u00f3n\",\"potentialAction\":[{\"@type\":\"SearchAction\",\"target\":{\"@type\":\"EntryPoint\",\"urlTemplate\":\"https:\/\/www.asajacyl.com\/palencia\/?s={search_term_string}\"},\"query-input\":{\"@type\":\"PropertyValueSpecification\",\"valueRequired\":true,\"valueName\":\"search_term_string\"}}],\"inLanguage\":\"es\"},{\"@type\":\"Person\",\"@id\":\"https:\/\/www.asajacyl.com\/palencia\/#\/schema\/person\/3ab17aeb03527485c317557fae64aab1\",\"name\":\"Administrador\",\"image\":{\"@type\":\"ImageObject\",\"inLanguage\":\"es\",\"@id\":\"https:\/\/www.asajacyl.com\/palencia\/#\/schema\/person\/image\/\",\"url\":\"https:\/\/secure.gravatar.com\/avatar\/517384810d242ca9e38c180f3c9fb973?s=96&d=mm&r=g\",\"contentUrl\":\"https:\/\/secure.gravatar.com\/avatar\/517384810d242ca9e38c180f3c9fb973?s=96&d=mm&r=g\",\"caption\":\"Administrador\"},\"url\":\"https:\/\/www.asajacyl.com\/palencia\/author\/carlosrm\"}]}<\/script>\n<!-- \/ Yoast SEO plugin. -->","yoast_head_json":{"title":"24-O, fecha tope de entrega en ASAJA de documentos para las ayudas de modernizaci\u00f3n e incorporaci\u00f3n - ASAJA Palencia","description":"ASAJA-Palencia comunica a los asociados que acuden a la convocatoria de las ayudas a la mejora de las estructuras de producci\u00f3n y modernizaci\u00f3n de las","robots":{"index":"index","follow":"follow","max-snippet":"max-snippet:-1","max-image-preview":"max-image-preview:large","max-video-preview":"max-video-preview:-1"},"canonical":"https:\/\/www.asajacyl.com\/palencia\/asaja-palencia-informa\/24-o-fecha-tope-de-entrega-en-asaja-de-documentos-para-las-ayudas-de-modernizacion-e-incorporacion","og_locale":"es_ES","og_type":"article","og_title":"24-O, fecha tope de entrega en ASAJA de documentos para las ayudas de modernizaci\u00f3n e incorporaci\u00f3n - ASAJA Palencia","og_description":"ASAJA-Palencia comunica a los asociados que acuden a la convocatoria de las ayudas a la mejora de las estructuras de producci\u00f3n y modernizaci\u00f3n de las","og_url":"https:\/\/www.asajacyl.com\/palencia\/asaja-palencia-informa\/24-o-fecha-tope-de-entrega-en-asaja-de-documentos-para-las-ayudas-de-modernizacion-e-incorporacion","og_site_name":"ASAJA Palencia","article_published_time":"2025-09-29T10:25:24+00:00","article_modified_time":"2025-09-29T14:13:37+00:00","og_image":[{"width":1890,"height":1654,"url":"https:\/\/www.asajacyl.com\/palencia\/wp-content\/uploads\/sites\/3\/2025\/09\/Tractor-en-campo-web.jpg","type":"image\/jpeg"}],"author":"Administrador","twitter_card":"summary_large_image","twitter_misc":{"Escrito por":"Administrador","Tiempo de lectura":"3 minutos"},"schema":{"@context":"https:\/\/schema.org","@graph":[{"@type":"WebPage","@id":"https:\/\/www.asajacyl.com\/palencia\/asaja-palencia-informa\/24-o-fecha-tope-de-entrega-en-asaja-de-documentos-para-las-ayudas-de-modernizacion-e-incorporacion","url":"https:\/\/www.asajacyl.com\/palencia\/asaja-palencia-informa\/24-o-fecha-tope-de-entrega-en-asaja-de-documentos-para-las-ayudas-de-modernizacion-e-incorporacion","name":"24-O, fecha tope de entrega en ASAJA de documentos para las ayudas de modernizaci\u00f3n e incorporaci\u00f3n - ASAJA Palencia","isPartOf":{"@id":"https:\/\/www.asajacyl.com\/palencia\/#website"},"primaryImageOfPage":{"@id":"https:\/\/www.asajacyl.com\/palencia\/asaja-palencia-informa\/24-o-fecha-tope-de-entrega-en-asaja-de-documentos-para-las-ayudas-de-modernizacion-e-incorporacion#primaryimage"},"image":{"@id":"https:\/\/www.asajacyl.com\/palencia\/asaja-palencia-informa\/24-o-fecha-tope-de-entrega-en-asaja-de-documentos-para-las-ayudas-de-modernizacion-e-incorporacion#primaryimage"},"thumbnailUrl":"https:\/\/www.asajacyl.com\/palencia\/wp-content\/uploads\/sites\/3\/2025\/09\/Tractor-en-campo-web.jpg","datePublished":"2025-09-29T10:25:24+00:00","dateModified":"2025-09-29T14:13:37+00:00","author":{"@id":"https:\/\/www.asajacyl.com\/palencia\/#\/schema\/person\/3ab17aeb03527485c317557fae64aab1"},"description":"ASAJA-Palencia comunica a los asociados que acuden a la convocatoria de las ayudas a la mejora de las estructuras de producci\u00f3n y modernizaci\u00f3n de las","breadcrumb":{"@id":"https:\/\/www.asajacyl.com\/palencia\/asaja-palencia-informa\/24-o-fecha-tope-de-entrega-en-asaja-de-documentos-para-las-ayudas-de-modernizacion-e-incorporacion#breadcrumb"},"inLanguage":"es","potentialAction":[{"@type":"ReadAction","target":["https:\/\/www.asajacyl.com\/palencia\/asaja-palencia-informa\/24-o-fecha-tope-de-entrega-en-asaja-de-documentos-para-las-ayudas-de-modernizacion-e-incorporacion"]}]},{"@type":"ImageObject","inLanguage":"es","@id":"https:\/\/www.asajacyl.com\/palencia\/asaja-palencia-informa\/24-o-fecha-tope-de-entrega-en-asaja-de-documentos-para-las-ayudas-de-modernizacion-e-incorporacion#primaryimage","url":"https:\/\/www.asajacyl.com\/palencia\/wp-content\/uploads\/sites\/3\/2025\/09\/Tractor-en-campo-web.jpg","contentUrl":"https:\/\/www.asajacyl.com\/palencia\/wp-content\/uploads\/sites\/3\/2025\/09\/Tractor-en-campo-web.jpg","width":1890,"height":1654},{"@type":"BreadcrumbList","@id":"https:\/\/www.asajacyl.com\/palencia\/asaja-palencia-informa\/24-o-fecha-tope-de-entrega-en-asaja-de-documentos-para-las-ayudas-de-modernizacion-e-incorporacion#breadcrumb","itemListElement":[{"@type":"ListItem","position":1,"name":"Portada","item":"https:\/\/www.asajacyl.com\/palencia\/"},{"@type":"ListItem","position":2,"name":"24-O, fecha tope de entrega en ASAJA de documentos para las ayudas de modernizaci\u00f3n e incorporaci\u00f3n"}]},{"@type":"WebSite","@id":"https:\/\/www.asajacyl.com\/palencia\/#website","url":"https:\/\/www.asajacyl.com\/palencia\/","name":"ASAJA Palencia","description":"Otro sitio m\u00e1s de Provincias ASAJA Castilla y Le\u00f3n","potentialAction":[{"@type":"SearchAction","target":{"@type":"EntryPoint","urlTemplate":"https:\/\/www.asajacyl.com\/palencia\/?s={search_term_string}"},"query-input":{"@type":"PropertyValueSpecification","valueRequired":true,"valueName":"search_term_string"}}],"inLanguage":"es"},{"@type":"Person","@id":"https:\/\/www.asajacyl.com\/palencia\/#\/schema\/person\/3ab17aeb03527485c317557fae64aab1","name":"Administrador","image":{"@type":"ImageObject","inLanguage":"es","@id":"https:\/\/www.asajacyl.com\/palencia\/#\/schema\/person\/image\/","url":"https:\/\/secure.gravatar.com\/avatar\/517384810d242ca9e38c180f3c9fb973?s=96&d=mm&r=g","contentUrl":"https:\/\/secure.gravatar.com\/avatar\/517384810d242ca9e38c180f3c9fb973?s=96&d=mm&r=g","caption":"Administrador"},"url":"https:\/\/www.asajacyl.com\/palencia\/author\/carlosrm"}]}},"_links":{"self":[{"href":"https:\/\/www.asajacyl.com\/palencia\/wp-json\/wp\/v2\/posts\/21060"}],"collection":[{"href":"https:\/\/www.asajacyl.com\/palencia\/wp-json\/wp\/v2\/posts"}],"about":[{"href":"https:\/\/www.asajacyl.com\/palencia\/wp-json\/wp\/v2\/types\/post"}],"author":[{"embeddable":true,"href":"https:\/\/www.asajacyl.com\/palencia\/wp-json\/wp\/v2\/users\/9"}],"replies":[{"embeddable":true,"href":"https:\/\/www.asajacyl.com\/palencia\/wp-json\/wp\/v2\/comments?post=21060"}],"version-history":[{"count":8,"href":"https:\/\/www.asajacyl.com\/palencia\/wp-json\/wp\/v2\/posts\/21060\/revisions"}],"predecessor-version":[{"id":21070,"href":"https:\/\/www.asajacyl.com\/palencia\/wp-json\/wp\/v2\/posts\/21060\/revisions\/21070"}],"wp:featuredmedia":[{"embeddable":true,"href":"https:\/\/www.asajacyl.com\/palencia\/wp-json\/wp\/v2\/media\/21066"}],"wp:attachment":[{"href":"https:\/\/www.asajacyl.com\/palencia\/wp-json\/wp\/v2\/media?parent=21060"}],"wp:term":[{"taxonomy":"category","embeddable":true,"href":"https:\/\/www.asajacyl.com\/palencia\/wp-json\/wp\/v2\/categories?post=21060"},{"taxonomy":"post_tag","embeddable":true,"href":"https:\/\/www.asajacyl.com\/palencia\/wp-json\/wp\/v2\/tags?post=21060"}],"curies":[{"name":"wp","href":"https:\/\/api.w.org\/{rel}","templated":true}]}}