{"id":21071,"date":"2025-09-30T09:59:15","date_gmt":"2025-09-30T07:59:15","guid":{"rendered":"https:\/\/www.asajacyl.com\/palencia\/?p=21071"},"modified":"2025-09-30T10:00:46","modified_gmt":"2025-09-30T08:00:46","slug":"las-oficinas-de-asaja-palencia-recuperan-su-horario-habitual-desde-este-miercoles-1-de-octubre","status":"publish","type":"post","link":"https:\/\/www.asajacyl.com\/palencia\/asaja-palencia-informa\/las-oficinas-de-asaja-palencia-recuperan-su-horario-habitual-desde-este-miercoles-1-de-octubre","title":{"rendered":"Las oficinas de ASAJA-Palencia recuperan su horario habitual desde este mi\u00e9rcoles 1 de octubre"},"content":{"rendered":"\n<h2 class=\"wp-block-heading\">ASAJA-Palencia recupera este mi\u00e9rcoles, 1 de octubre, su horario normal de atenci\u00f3n al asociado y de apertura al p\u00fablico, tras finalizar el trimestre de aplicaci\u00f3n de nuestro horario de verano. La vuelta al horario habitual afecta tanto a la oficina de la capital como a las comarcales de Aguilar de Campoo, Cervera de Pisuerga, Herrera de Pisuerga y Salda\u00f1a, conforme refleja el cuadro adjunto. Nuestra organizaci\u00f3n agradece a los socios su comprensi\u00f3n y colaboraci\u00f3n con el horario m\u00e1s reducido del periodo estival, que permite a la plantilla ejercer su derecho laboral a disfrutar de vacaciones. Este horario rige desde el 1 de octubre hasta el 30 de junio de 2026. ASAJA recuerda que el lunes 13 de octubre no es laborable en Castilla y Le\u00f3n (al caer en domingo la fiesta del 12 de octubre), por lo que no abrir\u00e1 ninguna de sus oficinas en Palencia (tampoco en Aguilar, donde se atiende cada lunes y mi\u00e9rcoles).<\/h2>\n\n\n\n<figure class=\"wp-block-image size-large is-resized\"><img loading=\"lazy\" decoding=\"async\" width=\"724\" height=\"1024\" src=\"https:\/\/www.asajacyl.com\/palencia\/wp-content\/uploads\/sites\/3\/2025\/09\/Calendario-horario-normal-oct2025-2026-724x1024.jpg\" alt=\"\" class=\"wp-image-21072\" style=\"width:1064px;height:auto\" srcset=\"https:\/\/www.asajacyl.com\/palencia\/wp-content\/uploads\/sites\/3\/2025\/09\/Calendario-horario-normal-oct2025-2026-724x1024.jpg 724w, https:\/\/www.asajacyl.com\/palencia\/wp-content\/uploads\/sites\/3\/2025\/09\/Calendario-horario-normal-oct2025-2026-212x300.jpg 212w, https:\/\/www.asajacyl.com\/palencia\/wp-content\/uploads\/sites\/3\/2025\/09\/Calendario-horario-normal-oct2025-2026-768x1086.jpg 768w, https:\/\/www.asajacyl.com\/palencia\/wp-content\/uploads\/sites\/3\/2025\/09\/Calendario-horario-normal-oct2025-2026-1086x1536.jpg 1086w, https:\/\/www.asajacyl.com\/palencia\/wp-content\/uploads\/sites\/3\/2025\/09\/Calendario-horario-normal-oct2025-2026-1448x2048.jpg 1448w, https:\/\/www.asajacyl.com\/palencia\/wp-content\/uploads\/sites\/3\/2025\/09\/Calendario-horario-normal-oct2025-2026-297x420.jpg 297w, https:\/\/www.asajacyl.com\/palencia\/wp-content\/uploads\/sites\/3\/2025\/09\/Calendario-horario-normal-oct2025-2026-696x985.jpg 696w, https:\/\/www.asajacyl.com\/palencia\/wp-content\/uploads\/sites\/3\/2025\/09\/Calendario-horario-normal-oct2025-2026-1068x1511.jpg 1068w, https:\/\/www.asajacyl.com\/palencia\/wp-content\/uploads\/sites\/3\/2025\/09\/Calendario-horario-normal-oct2025-2026.jpg 1587w\" sizes=\"(max-width: 724px) 100vw, 724px\" \/><\/figure>\n","protected":false},"excerpt":{"rendered":"<p>ASAJA-Palencia recupera este mi\u00e9rcoles, 1 de octubre, su horario normal de atenci\u00f3n al asociado y de apertura al p\u00fablico, tras finalizar el trimestre de aplicaci\u00f3n de nuestro horario de verano. La vuelta al horario habitual afecta tanto a la oficina de la capital como a las comarcales de Aguilar de Campoo, Cervera de Pisuerga, Herrera [&hellip;]<\/p>\n","protected":false},"author":9,"featured_media":18756,"comment_status":"open","ping_status":"open","sticky":false,"template":"","format":"standard","meta":{"footnotes":""},"categories":[9,31,29,28,13],"tags":[58,77,586],"yoast_head":"<!-- This site is optimized with the Yoast SEO plugin v24.5 - https:\/\/yoast.com\/wordpress\/plugins\/seo\/ -->\n<title>Las oficinas de ASAJA-Palencia recuperan su horario habitual desde este mi\u00e9rcoles 1 de octubre - ASAJA Palencia<\/title>\n<meta name=\"description\" content=\"ASAJA-Palencia recupera este mi\u00e9rcoles, 1 de octubre, su horario normal de atenci\u00f3n al asociado y de apertura al p\u00fablico, tras finalizar el trimestre de\" \/>\n<meta name=\"robots\" content=\"index, follow, max-snippet:-1, max-image-preview:large, max-video-preview:-1\" \/>\n<link rel=\"canonical\" href=\"https:\/\/www.asajacyl.com\/palencia\/asaja-palencia-informa\/las-oficinas-de-asaja-palencia-recuperan-su-horario-habitual-desde-este-miercoles-1-de-octubre\" \/>\n<meta property=\"og:locale\" content=\"es_ES\" \/>\n<meta property=\"og:type\" content=\"article\" \/>\n<meta property=\"og:title\" content=\"Las oficinas de ASAJA-Palencia recuperan su horario habitual desde este mi\u00e9rcoles 1 de octubre - ASAJA Palencia\" \/>\n<meta property=\"og:description\" content=\"ASAJA-Palencia recupera este mi\u00e9rcoles, 1 de octubre, su horario normal de atenci\u00f3n al asociado y de apertura al p\u00fablico, tras finalizar el trimestre de\" \/>\n<meta property=\"og:url\" content=\"https:\/\/www.asajacyl.com\/palencia\/asaja-palencia-informa\/las-oficinas-de-asaja-palencia-recuperan-su-horario-habitual-desde-este-miercoles-1-de-octubre\" \/>\n<meta property=\"og:site_name\" content=\"ASAJA Palencia\" \/>\n<meta property=\"article:published_time\" content=\"2025-09-30T07:59:15+00:00\" \/>\n<meta property=\"article:modified_time\" content=\"2025-09-30T08:00:46+00:00\" \/>\n<meta property=\"og:image\" content=\"https:\/\/www.asajacyl.com\/palencia\/wp-content\/uploads\/sites\/3\/2025\/01\/Entrada-oficinas-ASAJA-Palencia-web.jpg\" \/>\n\t<meta property=\"og:image:width\" content=\"1890\" \/>\n\t<meta property=\"og:image:height\" content=\"1654\" \/>\n\t<meta property=\"og:image:type\" content=\"image\/jpeg\" \/>\n<meta name=\"author\" content=\"Administrador\" \/>\n<meta name=\"twitter:card\" content=\"summary_large_image\" \/>\n<meta name=\"twitter:label1\" content=\"Escrito por\" \/>\n\t<meta name=\"twitter:data1\" content=\"Administrador\" \/>\n\t<meta name=\"twitter:label2\" content=\"Tiempo de lectura\" \/>\n\t<meta name=\"twitter:data2\" content=\"2 minutos\" \/>\n<script type=\"application\/ld+json\" class=\"yoast-schema-graph\">{\"@context\":\"https:\/\/schema.org\",\"@graph\":[{\"@type\":\"WebPage\",\"@id\":\"https:\/\/www.asajacyl.com\/palencia\/asaja-palencia-informa\/las-oficinas-de-asaja-palencia-recuperan-su-horario-habitual-desde-este-miercoles-1-de-octubre\",\"url\":\"https:\/\/www.asajacyl.com\/palencia\/asaja-palencia-informa\/las-oficinas-de-asaja-palencia-recuperan-su-horario-habitual-desde-este-miercoles-1-de-octubre\",\"name\":\"Las oficinas de ASAJA-Palencia recuperan su horario habitual desde este mi\u00e9rcoles 1 de octubre - ASAJA Palencia\",\"isPartOf\":{\"@id\":\"https:\/\/www.asajacyl.com\/palencia\/#website\"},\"primaryImageOfPage\":{\"@id\":\"https:\/\/www.asajacyl.com\/palencia\/asaja-palencia-informa\/las-oficinas-de-asaja-palencia-recuperan-su-horario-habitual-desde-este-miercoles-1-de-octubre#primaryimage\"},\"image\":{\"@id\":\"https:\/\/www.asajacyl.com\/palencia\/asaja-palencia-informa\/las-oficinas-de-asaja-palencia-recuperan-su-horario-habitual-desde-este-miercoles-1-de-octubre#primaryimage\"},\"thumbnailUrl\":\"https:\/\/www.asajacyl.com\/palencia\/wp-content\/uploads\/sites\/3\/2025\/01\/Entrada-oficinas-ASAJA-Palencia-web.jpg\",\"datePublished\":\"2025-09-30T07:59:15+00:00\",\"dateModified\":\"2025-09-30T08:00:46+00:00\",\"author\":{\"@id\":\"https:\/\/www.asajacyl.com\/palencia\/#\/schema\/person\/3ab17aeb03527485c317557fae64aab1\"},\"description\":\"ASAJA-Palencia recupera este mi\u00e9rcoles, 1 de octubre, su horario normal de atenci\u00f3n al asociado y de apertura al p\u00fablico, tras finalizar el trimestre de\",\"breadcrumb\":{\"@id\":\"https:\/\/www.asajacyl.com\/palencia\/asaja-palencia-informa\/las-oficinas-de-asaja-palencia-recuperan-su-horario-habitual-desde-este-miercoles-1-de-octubre#breadcrumb\"},\"inLanguage\":\"es\",\"potentialAction\":[{\"@type\":\"ReadAction\",\"target\":[\"https:\/\/www.asajacyl.com\/palencia\/asaja-palencia-informa\/las-oficinas-de-asaja-palencia-recuperan-su-horario-habitual-desde-este-miercoles-1-de-octubre\"]}]},{\"@type\":\"ImageObject\",\"inLanguage\":\"es\",\"@id\":\"https:\/\/www.asajacyl.com\/palencia\/asaja-palencia-informa\/las-oficinas-de-asaja-palencia-recuperan-su-horario-habitual-desde-este-miercoles-1-de-octubre#primaryimage\",\"url\":\"https:\/\/www.asajacyl.com\/palencia\/wp-content\/uploads\/sites\/3\/2025\/01\/Entrada-oficinas-ASAJA-Palencia-web.jpg\",\"contentUrl\":\"https:\/\/www.asajacyl.com\/palencia\/wp-content\/uploads\/sites\/3\/2025\/01\/Entrada-oficinas-ASAJA-Palencia-web.jpg\",\"width\":1890,\"height\":1654},{\"@type\":\"BreadcrumbList\",\"@id\":\"https:\/\/www.asajacyl.com\/palencia\/asaja-palencia-informa\/las-oficinas-de-asaja-palencia-recuperan-su-horario-habitual-desde-este-miercoles-1-de-octubre#breadcrumb\",\"itemListElement\":[{\"@type\":\"ListItem\",\"position\":1,\"name\":\"Portada\",\"item\":\"https:\/\/www.asajacyl.com\/palencia\/\"},{\"@type\":\"ListItem\",\"position\":2,\"name\":\"Las oficinas de ASAJA-Palencia recuperan su horario habitual desde este mi\u00e9rcoles 1 de octubre\"}]},{\"@type\":\"WebSite\",\"@id\":\"https:\/\/www.asajacyl.com\/palencia\/#website\",\"url\":\"https:\/\/www.asajacyl.com\/palencia\/\",\"name\":\"ASAJA Palencia\",\"description\":\"Otro sitio m\u00e1s de Provincias ASAJA Castilla y Le\u00f3n\",\"potentialAction\":[{\"@type\":\"SearchAction\",\"target\":{\"@type\":\"EntryPoint\",\"urlTemplate\":\"https:\/\/www.asajacyl.com\/palencia\/?s={search_term_string}\"},\"query-input\":{\"@type\":\"PropertyValueSpecification\",\"valueRequired\":true,\"valueName\":\"search_term_string\"}}],\"inLanguage\":\"es\"},{\"@type\":\"Person\",\"@id\":\"https:\/\/www.asajacyl.com\/palencia\/#\/schema\/person\/3ab17aeb03527485c317557fae64aab1\",\"name\":\"Administrador\",\"image\":{\"@type\":\"ImageObject\",\"inLanguage\":\"es\",\"@id\":\"https:\/\/www.asajacyl.com\/palencia\/#\/schema\/person\/image\/\",\"url\":\"https:\/\/secure.gravatar.com\/avatar\/517384810d242ca9e38c180f3c9fb973?s=96&d=mm&r=g\",\"contentUrl\":\"https:\/\/secure.gravatar.com\/avatar\/517384810d242ca9e38c180f3c9fb973?s=96&d=mm&r=g\",\"caption\":\"Administrador\"},\"url\":\"https:\/\/www.asajacyl.com\/palencia\/author\/carlosrm\"}]}<\/script>\n<!-- \/ Yoast SEO plugin. -->","yoast_head_json":{"title":"Las oficinas de ASAJA-Palencia recuperan su horario habitual desde este mi\u00e9rcoles 1 de octubre - ASAJA Palencia","description":"ASAJA-Palencia recupera este mi\u00e9rcoles, 1 de octubre, su horario normal de atenci\u00f3n al asociado y de apertura al p\u00fablico, tras finalizar el trimestre de","robots":{"index":"index","follow":"follow","max-snippet":"max-snippet:-1","max-image-preview":"max-image-preview:large","max-video-preview":"max-video-preview:-1"},"canonical":"https:\/\/www.asajacyl.com\/palencia\/asaja-palencia-informa\/las-oficinas-de-asaja-palencia-recuperan-su-horario-habitual-desde-este-miercoles-1-de-octubre","og_locale":"es_ES","og_type":"article","og_title":"Las oficinas de ASAJA-Palencia recuperan su horario habitual desde este mi\u00e9rcoles 1 de octubre - ASAJA Palencia","og_description":"ASAJA-Palencia recupera este mi\u00e9rcoles, 1 de octubre, su horario normal de atenci\u00f3n al asociado y de apertura al p\u00fablico, tras finalizar el trimestre de","og_url":"https:\/\/www.asajacyl.com\/palencia\/asaja-palencia-informa\/las-oficinas-de-asaja-palencia-recuperan-su-horario-habitual-desde-este-miercoles-1-de-octubre","og_site_name":"ASAJA Palencia","article_published_time":"2025-09-30T07:59:15+00:00","article_modified_time":"2025-09-30T08:00:46+00:00","og_image":[{"width":1890,"height":1654,"url":"https:\/\/www.asajacyl.com\/palencia\/wp-content\/uploads\/sites\/3\/2025\/01\/Entrada-oficinas-ASAJA-Palencia-web.jpg","type":"image\/jpeg"}],"author":"Administrador","twitter_card":"summary_large_image","twitter_misc":{"Escrito por":"Administrador","Tiempo de lectura":"2 minutos"},"schema":{"@context":"https:\/\/schema.org","@graph":[{"@type":"WebPage","@id":"https:\/\/www.asajacyl.com\/palencia\/asaja-palencia-informa\/las-oficinas-de-asaja-palencia-recuperan-su-horario-habitual-desde-este-miercoles-1-de-octubre","url":"https:\/\/www.asajacyl.com\/palencia\/asaja-palencia-informa\/las-oficinas-de-asaja-palencia-recuperan-su-horario-habitual-desde-este-miercoles-1-de-octubre","name":"Las oficinas de ASAJA-Palencia recuperan su horario habitual desde este mi\u00e9rcoles 1 de octubre - ASAJA Palencia","isPartOf":{"@id":"https:\/\/www.asajacyl.com\/palencia\/#website"},"primaryImageOfPage":{"@id":"https:\/\/www.asajacyl.com\/palencia\/asaja-palencia-informa\/las-oficinas-de-asaja-palencia-recuperan-su-horario-habitual-desde-este-miercoles-1-de-octubre#primaryimage"},"image":{"@id":"https:\/\/www.asajacyl.com\/palencia\/asaja-palencia-informa\/las-oficinas-de-asaja-palencia-recuperan-su-horario-habitual-desde-este-miercoles-1-de-octubre#primaryimage"},"thumbnailUrl":"https:\/\/www.asajacyl.com\/palencia\/wp-content\/uploads\/sites\/3\/2025\/01\/Entrada-oficinas-ASAJA-Palencia-web.jpg","datePublished":"2025-09-30T07:59:15+00:00","dateModified":"2025-09-30T08:00:46+00:00","author":{"@id":"https:\/\/www.asajacyl.com\/palencia\/#\/schema\/person\/3ab17aeb03527485c317557fae64aab1"},"description":"ASAJA-Palencia recupera este mi\u00e9rcoles, 1 de octubre, su horario normal de atenci\u00f3n al asociado y de apertura al p\u00fablico, tras finalizar el trimestre de","breadcrumb":{"@id":"https:\/\/www.asajacyl.com\/palencia\/asaja-palencia-informa\/las-oficinas-de-asaja-palencia-recuperan-su-horario-habitual-desde-este-miercoles-1-de-octubre#breadcrumb"},"inLanguage":"es","potentialAction":[{"@type":"ReadAction","target":["https:\/\/www.asajacyl.com\/palencia\/asaja-palencia-informa\/las-oficinas-de-asaja-palencia-recuperan-su-horario-habitual-desde-este-miercoles-1-de-octubre"]}]},{"@type":"ImageObject","inLanguage":"es","@id":"https:\/\/www.asajacyl.com\/palencia\/asaja-palencia-informa\/las-oficinas-de-asaja-palencia-recuperan-su-horario-habitual-desde-este-miercoles-1-de-octubre#primaryimage","url":"https:\/\/www.asajacyl.com\/palencia\/wp-content\/uploads\/sites\/3\/2025\/01\/Entrada-oficinas-ASAJA-Palencia-web.jpg","contentUrl":"https:\/\/www.asajacyl.com\/palencia\/wp-content\/uploads\/sites\/3\/2025\/01\/Entrada-oficinas-ASAJA-Palencia-web.jpg","width":1890,"height":1654},{"@type":"BreadcrumbList","@id":"https:\/\/www.asajacyl.com\/palencia\/asaja-palencia-informa\/las-oficinas-de-asaja-palencia-recuperan-su-horario-habitual-desde-este-miercoles-1-de-octubre#breadcrumb","itemListElement":[{"@type":"ListItem","position":1,"name":"Portada","item":"https:\/\/www.asajacyl.com\/palencia\/"},{"@type":"ListItem","position":2,"name":"Las oficinas de ASAJA-Palencia recuperan su horario habitual desde este mi\u00e9rcoles 1 de octubre"}]},{"@type":"WebSite","@id":"https:\/\/www.asajacyl.com\/palencia\/#website","url":"https:\/\/www.asajacyl.com\/palencia\/","name":"ASAJA Palencia","description":"Otro sitio m\u00e1s de Provincias ASAJA Castilla y Le\u00f3n","potentialAction":[{"@type":"SearchAction","target":{"@type":"EntryPoint","urlTemplate":"https:\/\/www.asajacyl.com\/palencia\/?s={search_term_string}"},"query-input":{"@type":"PropertyValueSpecification","valueRequired":true,"valueName":"search_term_string"}}],"inLanguage":"es"},{"@type":"Person","@id":"https:\/\/www.asajacyl.com\/palencia\/#\/schema\/person\/3ab17aeb03527485c317557fae64aab1","name":"Administrador","image":{"@type":"ImageObject","inLanguage":"es","@id":"https:\/\/www.asajacyl.com\/palencia\/#\/schema\/person\/image\/","url":"https:\/\/secure.gravatar.com\/avatar\/517384810d242ca9e38c180f3c9fb973?s=96&d=mm&r=g","contentUrl":"https:\/\/secure.gravatar.com\/avatar\/517384810d242ca9e38c180f3c9fb973?s=96&d=mm&r=g","caption":"Administrador"},"url":"https:\/\/www.asajacyl.com\/palencia\/author\/carlosrm"}]}},"_links":{"self":[{"href":"https:\/\/www.asajacyl.com\/palencia\/wp-json\/wp\/v2\/posts\/21071"}],"collection":[{"href":"https:\/\/www.asajacyl.com\/palencia\/wp-json\/wp\/v2\/posts"}],"about":[{"href":"https:\/\/www.asajacyl.com\/palencia\/wp-json\/wp\/v2\/types\/post"}],"author":[{"embeddable":true,"href":"https:\/\/www.asajacyl.com\/palencia\/wp-json\/wp\/v2\/users\/9"}],"replies":[{"embeddable":true,"href":"https:\/\/www.asajacyl.com\/palencia\/wp-json\/wp\/v2\/comments?post=21071"}],"version-history":[{"count":2,"href":"https:\/\/www.asajacyl.com\/palencia\/wp-json\/wp\/v2\/posts\/21071\/revisions"}],"predecessor-version":[{"id":21074,"href":"https:\/\/www.asajacyl.com\/palencia\/wp-json\/wp\/v2\/posts\/21071\/revisions\/21074"}],"wp:featuredmedia":[{"embeddable":true,"href":"https:\/\/www.asajacyl.com\/palencia\/wp-json\/wp\/v2\/media\/18756"}],"wp:attachment":[{"href":"https:\/\/www.asajacyl.com\/palencia\/wp-json\/wp\/v2\/media?parent=21071"}],"wp:term":[{"taxonomy":"category","embeddable":true,"href":"https:\/\/www.asajacyl.com\/palencia\/wp-json\/wp\/v2\/categories?post=21071"},{"taxonomy":"post_tag","embeddable":true,"href":"https:\/\/www.asajacyl.com\/palencia\/wp-json\/wp\/v2\/tags?post=21071"}],"curies":[{"name":"wp","href":"https:\/\/api.w.org\/{rel}","templated":true}]}}