{"id":21075,"date":"2025-09-30T17:45:26","date_gmt":"2025-09-30T15:45:26","guid":{"rendered":"https:\/\/www.asajacyl.com\/palencia\/?p=21075"},"modified":"2025-09-30T17:46:03","modified_gmt":"2025-09-30T15:46:03","slug":"se-mantiene-la-tendencia-alcista-en-el-bovino-de-carne-por-una-oferta-que-sigue-escasa","status":"publish","type":"post","link":"https:\/\/www.asajacyl.com\/palencia\/asaja-palencia-informa\/se-mantiene-la-tendencia-alcista-en-el-bovino-de-carne-por-una-oferta-que-sigue-escasa","title":{"rendered":"Se mantiene la tendencia alcista en el bovino de carne, por una oferta que sigue escasa"},"content":{"rendered":"\n<h2 class=\"wp-block-heading\">La oferta insuficiente para la fuerte demanda de carne de vacuno sigue tirando al alza de las cotizaciones, seg\u00fan se constat\u00f3 una semana m\u00e1s en la Lonja de Salamanca, donde este lunes subieron ocho c\u00e9ntimos por kilo las canales de a\u00f1ojo, mientras las de ternera sub\u00edan seis c\u00e9ntimos.<\/h2>\n\n\n\n<p>La mesa de bovino para sacrificio en la lonja salmantina celebrada este lunes, 29 de septiembre, ratifica esa tendencia alcista, que lleg\u00f3 a toda la tablilla en mayor o menor medida. Como los a\u00f1ojos, las vacas extra subieron tambi\u00e9n ocho c\u00e9ntimos por kilo, el doble que el resto de categor\u00edas.<\/p>\n\n\n\n<p>En el vacuno de vida tambi\u00e9n se constat\u00f3 esa escasez de oferta, por lo que se retocaron tanto los machos (cuatro c\u00e9ntimos m\u00e1s por kilo), como las hembras (seis c\u00e9ntimos por kilo). <\/p>\n\n\n\n<p>Pese a las subidas, los ganaderos insistieron en manifestar el desfase que existe en lonja con respecto a las operaciones reales del mercado, con unos precios de la carne que llevan unos dos meses de continua escalada y tiran de la demanda de animales para los cebaderos.\/<\/p>\n\n\n\n<figure class=\"wp-block-image size-large\"><img loading=\"lazy\" decoding=\"async\" width=\"1024\" height=\"768\" src=\"https:\/\/www.asajacyl.com\/palencia\/wp-content\/uploads\/sites\/3\/2025\/09\/Tabla-precios-ganaderia-29septiembre2025-1024x768.png\" alt=\"\" class=\"wp-image-21076\" srcset=\"https:\/\/www.asajacyl.com\/palencia\/wp-content\/uploads\/sites\/3\/2025\/09\/Tabla-precios-ganaderia-29septiembre2025-1024x768.png 1024w, https:\/\/www.asajacyl.com\/palencia\/wp-content\/uploads\/sites\/3\/2025\/09\/Tabla-precios-ganaderia-29septiembre2025-300x225.png 300w, https:\/\/www.asajacyl.com\/palencia\/wp-content\/uploads\/sites\/3\/2025\/09\/Tabla-precios-ganaderia-29septiembre2025-768x576.png 768w, https:\/\/www.asajacyl.com\/palencia\/wp-content\/uploads\/sites\/3\/2025\/09\/Tabla-precios-ganaderia-29septiembre2025-1536x1152.png 1536w, https:\/\/www.asajacyl.com\/palencia\/wp-content\/uploads\/sites\/3\/2025\/09\/Tabla-precios-ganaderia-29septiembre2025-2048x1536.png 2048w, https:\/\/www.asajacyl.com\/palencia\/wp-content\/uploads\/sites\/3\/2025\/09\/Tabla-precios-ganaderia-29septiembre2025-560x420.png 560w, https:\/\/www.asajacyl.com\/palencia\/wp-content\/uploads\/sites\/3\/2025\/09\/Tabla-precios-ganaderia-29septiembre2025-80x60.png 80w, https:\/\/www.asajacyl.com\/palencia\/wp-content\/uploads\/sites\/3\/2025\/09\/Tabla-precios-ganaderia-29septiembre2025-696x522.png 696w, https:\/\/www.asajacyl.com\/palencia\/wp-content\/uploads\/sites\/3\/2025\/09\/Tabla-precios-ganaderia-29septiembre2025-1068x801.png 1068w, https:\/\/www.asajacyl.com\/palencia\/wp-content\/uploads\/sites\/3\/2025\/09\/Tabla-precios-ganaderia-29septiembre2025-1920x1440.png 1920w\" sizes=\"(max-width: 1024px) 100vw, 1024px\" \/><\/figure>\n","protected":false},"excerpt":{"rendered":"<p>La oferta insuficiente para la fuerte demanda de carne de vacuno sigue tirando al alza de las cotizaciones, seg\u00fan se constat\u00f3 una semana m\u00e1s en la Lonja de Salamanca, donde este lunes subieron ocho c\u00e9ntimos por kilo las canales de a\u00f1ojo, mientras las de ternera sub\u00edan seis c\u00e9ntimos. La mesa de bovino para sacrificio en [&hellip;]<\/p>\n","protected":false},"author":9,"featured_media":14221,"comment_status":"open","ping_status":"open","sticky":false,"template":"","format":"standard","meta":{"footnotes":""},"categories":[9,29,36,28,13],"tags":[648,478,77,467,1591,144,294],"yoast_head":"<!-- This site is optimized with the Yoast SEO plugin v24.5 - https:\/\/yoast.com\/wordpress\/plugins\/seo\/ -->\n<title>Se mantiene la tendencia alcista en el bovino de carne, por una oferta que sigue escasa - ASAJA Palencia<\/title>\n<meta name=\"description\" content=\"La oferta insuficiente para la fuerte demanda de carne de vacuno sigue tirando al alza de las cotizaciones, seg\u00fan se constat\u00f3 una semana m\u00e1s en la Lonja\" \/>\n<meta name=\"robots\" content=\"index, follow, max-snippet:-1, max-image-preview:large, max-video-preview:-1\" \/>\n<link rel=\"canonical\" href=\"https:\/\/www.asajacyl.com\/palencia\/asaja-palencia-informa\/se-mantiene-la-tendencia-alcista-en-el-bovino-de-carne-por-una-oferta-que-sigue-escasa\" \/>\n<meta property=\"og:locale\" content=\"es_ES\" \/>\n<meta property=\"og:type\" content=\"article\" \/>\n<meta property=\"og:title\" content=\"Se mantiene la tendencia alcista en el bovino de carne, por una oferta que sigue escasa - ASAJA Palencia\" \/>\n<meta property=\"og:description\" content=\"La oferta insuficiente para la fuerte demanda de carne de vacuno sigue tirando al alza de las cotizaciones, seg\u00fan se constat\u00f3 una semana m\u00e1s en la Lonja\" \/>\n<meta property=\"og:url\" content=\"https:\/\/www.asajacyl.com\/palencia\/asaja-palencia-informa\/se-mantiene-la-tendencia-alcista-en-el-bovino-de-carne-por-una-oferta-que-sigue-escasa\" \/>\n<meta property=\"og:site_name\" content=\"ASAJA Palencia\" \/>\n<meta property=\"article:published_time\" content=\"2025-09-30T15:45:26+00:00\" \/>\n<meta property=\"article:modified_time\" content=\"2025-09-30T15:46:03+00:00\" \/>\n<meta property=\"og:image\" content=\"https:\/\/www.asajacyl.com\/palencia\/wp-content\/uploads\/sites\/3\/2023\/09\/Pasto-vacuno-montana-1024x896.jpg\" \/>\n\t<meta property=\"og:image:width\" content=\"1024\" \/>\n\t<meta property=\"og:image:height\" content=\"896\" \/>\n\t<meta property=\"og:image:type\" content=\"image\/jpeg\" \/>\n<meta name=\"author\" content=\"Administrador\" \/>\n<meta name=\"twitter:card\" content=\"summary_large_image\" \/>\n<meta name=\"twitter:label1\" content=\"Escrito por\" \/>\n\t<meta name=\"twitter:data1\" content=\"Administrador\" \/>\n\t<meta name=\"twitter:label2\" content=\"Tiempo de lectura\" \/>\n\t<meta name=\"twitter:data2\" content=\"2 minutos\" \/>\n<script type=\"application\/ld+json\" class=\"yoast-schema-graph\">{\"@context\":\"https:\/\/schema.org\",\"@graph\":[{\"@type\":\"WebPage\",\"@id\":\"https:\/\/www.asajacyl.com\/palencia\/asaja-palencia-informa\/se-mantiene-la-tendencia-alcista-en-el-bovino-de-carne-por-una-oferta-que-sigue-escasa\",\"url\":\"https:\/\/www.asajacyl.com\/palencia\/asaja-palencia-informa\/se-mantiene-la-tendencia-alcista-en-el-bovino-de-carne-por-una-oferta-que-sigue-escasa\",\"name\":\"Se mantiene la tendencia alcista en el bovino de carne, por una oferta que sigue escasa - ASAJA Palencia\",\"isPartOf\":{\"@id\":\"https:\/\/www.asajacyl.com\/palencia\/#website\"},\"primaryImageOfPage\":{\"@id\":\"https:\/\/www.asajacyl.com\/palencia\/asaja-palencia-informa\/se-mantiene-la-tendencia-alcista-en-el-bovino-de-carne-por-una-oferta-que-sigue-escasa#primaryimage\"},\"image\":{\"@id\":\"https:\/\/www.asajacyl.com\/palencia\/asaja-palencia-informa\/se-mantiene-la-tendencia-alcista-en-el-bovino-de-carne-por-una-oferta-que-sigue-escasa#primaryimage\"},\"thumbnailUrl\":\"https:\/\/www.asajacyl.com\/palencia\/wp-content\/uploads\/sites\/3\/2023\/09\/Pasto-vacuno-montana.jpg\",\"datePublished\":\"2025-09-30T15:45:26+00:00\",\"dateModified\":\"2025-09-30T15:46:03+00:00\",\"author\":{\"@id\":\"https:\/\/www.asajacyl.com\/palencia\/#\/schema\/person\/3ab17aeb03527485c317557fae64aab1\"},\"description\":\"La oferta insuficiente para la fuerte demanda de carne de vacuno sigue tirando al alza de las cotizaciones, seg\u00fan se constat\u00f3 una semana m\u00e1s en la Lonja\",\"breadcrumb\":{\"@id\":\"https:\/\/www.asajacyl.com\/palencia\/asaja-palencia-informa\/se-mantiene-la-tendencia-alcista-en-el-bovino-de-carne-por-una-oferta-que-sigue-escasa#breadcrumb\"},\"inLanguage\":\"es\",\"potentialAction\":[{\"@type\":\"ReadAction\",\"target\":[\"https:\/\/www.asajacyl.com\/palencia\/asaja-palencia-informa\/se-mantiene-la-tendencia-alcista-en-el-bovino-de-carne-por-una-oferta-que-sigue-escasa\"]}]},{\"@type\":\"ImageObject\",\"inLanguage\":\"es\",\"@id\":\"https:\/\/www.asajacyl.com\/palencia\/asaja-palencia-informa\/se-mantiene-la-tendencia-alcista-en-el-bovino-de-carne-por-una-oferta-que-sigue-escasa#primaryimage\",\"url\":\"https:\/\/www.asajacyl.com\/palencia\/wp-content\/uploads\/sites\/3\/2023\/09\/Pasto-vacuno-montana.jpg\",\"contentUrl\":\"https:\/\/www.asajacyl.com\/palencia\/wp-content\/uploads\/sites\/3\/2023\/09\/Pasto-vacuno-montana.jpg\",\"width\":1890,\"height\":1654},{\"@type\":\"BreadcrumbList\",\"@id\":\"https:\/\/www.asajacyl.com\/palencia\/asaja-palencia-informa\/se-mantiene-la-tendencia-alcista-en-el-bovino-de-carne-por-una-oferta-que-sigue-escasa#breadcrumb\",\"itemListElement\":[{\"@type\":\"ListItem\",\"position\":1,\"name\":\"Portada\",\"item\":\"https:\/\/www.asajacyl.com\/palencia\/\"},{\"@type\":\"ListItem\",\"position\":2,\"name\":\"Se mantiene la tendencia alcista en el bovino de carne, por una oferta que sigue escasa\"}]},{\"@type\":\"WebSite\",\"@id\":\"https:\/\/www.asajacyl.com\/palencia\/#website\",\"url\":\"https:\/\/www.asajacyl.com\/palencia\/\",\"name\":\"ASAJA Palencia\",\"description\":\"Otro sitio m\u00e1s de Provincias ASAJA Castilla y Le\u00f3n\",\"potentialAction\":[{\"@type\":\"SearchAction\",\"target\":{\"@type\":\"EntryPoint\",\"urlTemplate\":\"https:\/\/www.asajacyl.com\/palencia\/?s={search_term_string}\"},\"query-input\":{\"@type\":\"PropertyValueSpecification\",\"valueRequired\":true,\"valueName\":\"search_term_string\"}}],\"inLanguage\":\"es\"},{\"@type\":\"Person\",\"@id\":\"https:\/\/www.asajacyl.com\/palencia\/#\/schema\/person\/3ab17aeb03527485c317557fae64aab1\",\"name\":\"Administrador\",\"image\":{\"@type\":\"ImageObject\",\"inLanguage\":\"es\",\"@id\":\"https:\/\/www.asajacyl.com\/palencia\/#\/schema\/person\/image\/\",\"url\":\"https:\/\/secure.gravatar.com\/avatar\/517384810d242ca9e38c180f3c9fb973?s=96&d=mm&r=g\",\"contentUrl\":\"https:\/\/secure.gravatar.com\/avatar\/517384810d242ca9e38c180f3c9fb973?s=96&d=mm&r=g\",\"caption\":\"Administrador\"},\"url\":\"https:\/\/www.asajacyl.com\/palencia\/author\/carlosrm\"}]}<\/script>\n<!-- \/ Yoast SEO plugin. -->","yoast_head_json":{"title":"Se mantiene la tendencia alcista en el bovino de carne, por una oferta que sigue escasa - ASAJA Palencia","description":"La oferta insuficiente para la fuerte demanda de carne de vacuno sigue tirando al alza de las cotizaciones, seg\u00fan se constat\u00f3 una semana m\u00e1s en la Lonja","robots":{"index":"index","follow":"follow","max-snippet":"max-snippet:-1","max-image-preview":"max-image-preview:large","max-video-preview":"max-video-preview:-1"},"canonical":"https:\/\/www.asajacyl.com\/palencia\/asaja-palencia-informa\/se-mantiene-la-tendencia-alcista-en-el-bovino-de-carne-por-una-oferta-que-sigue-escasa","og_locale":"es_ES","og_type":"article","og_title":"Se mantiene la tendencia alcista en el bovino de carne, por una oferta que sigue escasa - ASAJA Palencia","og_description":"La oferta insuficiente para la fuerte demanda de carne de vacuno sigue tirando al alza de las cotizaciones, seg\u00fan se constat\u00f3 una semana m\u00e1s en la Lonja","og_url":"https:\/\/www.asajacyl.com\/palencia\/asaja-palencia-informa\/se-mantiene-la-tendencia-alcista-en-el-bovino-de-carne-por-una-oferta-que-sigue-escasa","og_site_name":"ASAJA Palencia","article_published_time":"2025-09-30T15:45:26+00:00","article_modified_time":"2025-09-30T15:46:03+00:00","og_image":[{"width":1024,"height":896,"url":"https:\/\/www.asajacyl.com\/palencia\/wp-content\/uploads\/sites\/3\/2023\/09\/Pasto-vacuno-montana-1024x896.jpg","type":"image\/jpeg"}],"author":"Administrador","twitter_card":"summary_large_image","twitter_misc":{"Escrito por":"Administrador","Tiempo de lectura":"2 minutos"},"schema":{"@context":"https:\/\/schema.org","@graph":[{"@type":"WebPage","@id":"https:\/\/www.asajacyl.com\/palencia\/asaja-palencia-informa\/se-mantiene-la-tendencia-alcista-en-el-bovino-de-carne-por-una-oferta-que-sigue-escasa","url":"https:\/\/www.asajacyl.com\/palencia\/asaja-palencia-informa\/se-mantiene-la-tendencia-alcista-en-el-bovino-de-carne-por-una-oferta-que-sigue-escasa","name":"Se mantiene la tendencia alcista en el bovino de carne, por una oferta que sigue escasa - ASAJA Palencia","isPartOf":{"@id":"https:\/\/www.asajacyl.com\/palencia\/#website"},"primaryImageOfPage":{"@id":"https:\/\/www.asajacyl.com\/palencia\/asaja-palencia-informa\/se-mantiene-la-tendencia-alcista-en-el-bovino-de-carne-por-una-oferta-que-sigue-escasa#primaryimage"},"image":{"@id":"https:\/\/www.asajacyl.com\/palencia\/asaja-palencia-informa\/se-mantiene-la-tendencia-alcista-en-el-bovino-de-carne-por-una-oferta-que-sigue-escasa#primaryimage"},"thumbnailUrl":"https:\/\/www.asajacyl.com\/palencia\/wp-content\/uploads\/sites\/3\/2023\/09\/Pasto-vacuno-montana.jpg","datePublished":"2025-09-30T15:45:26+00:00","dateModified":"2025-09-30T15:46:03+00:00","author":{"@id":"https:\/\/www.asajacyl.com\/palencia\/#\/schema\/person\/3ab17aeb03527485c317557fae64aab1"},"description":"La oferta insuficiente para la fuerte demanda de carne de vacuno sigue tirando al alza de las cotizaciones, seg\u00fan se constat\u00f3 una semana m\u00e1s en la Lonja","breadcrumb":{"@id":"https:\/\/www.asajacyl.com\/palencia\/asaja-palencia-informa\/se-mantiene-la-tendencia-alcista-en-el-bovino-de-carne-por-una-oferta-que-sigue-escasa#breadcrumb"},"inLanguage":"es","potentialAction":[{"@type":"ReadAction","target":["https:\/\/www.asajacyl.com\/palencia\/asaja-palencia-informa\/se-mantiene-la-tendencia-alcista-en-el-bovino-de-carne-por-una-oferta-que-sigue-escasa"]}]},{"@type":"ImageObject","inLanguage":"es","@id":"https:\/\/www.asajacyl.com\/palencia\/asaja-palencia-informa\/se-mantiene-la-tendencia-alcista-en-el-bovino-de-carne-por-una-oferta-que-sigue-escasa#primaryimage","url":"https:\/\/www.asajacyl.com\/palencia\/wp-content\/uploads\/sites\/3\/2023\/09\/Pasto-vacuno-montana.jpg","contentUrl":"https:\/\/www.asajacyl.com\/palencia\/wp-content\/uploads\/sites\/3\/2023\/09\/Pasto-vacuno-montana.jpg","width":1890,"height":1654},{"@type":"BreadcrumbList","@id":"https:\/\/www.asajacyl.com\/palencia\/asaja-palencia-informa\/se-mantiene-la-tendencia-alcista-en-el-bovino-de-carne-por-una-oferta-que-sigue-escasa#breadcrumb","itemListElement":[{"@type":"ListItem","position":1,"name":"Portada","item":"https:\/\/www.asajacyl.com\/palencia\/"},{"@type":"ListItem","position":2,"name":"Se mantiene la tendencia alcista en el bovino de carne, por una oferta que sigue escasa"}]},{"@type":"WebSite","@id":"https:\/\/www.asajacyl.com\/palencia\/#website","url":"https:\/\/www.asajacyl.com\/palencia\/","name":"ASAJA Palencia","description":"Otro sitio m\u00e1s de Provincias ASAJA Castilla y Le\u00f3n","potentialAction":[{"@type":"SearchAction","target":{"@type":"EntryPoint","urlTemplate":"https:\/\/www.asajacyl.com\/palencia\/?s={search_term_string}"},"query-input":{"@type":"PropertyValueSpecification","valueRequired":true,"valueName":"search_term_string"}}],"inLanguage":"es"},{"@type":"Person","@id":"https:\/\/www.asajacyl.com\/palencia\/#\/schema\/person\/3ab17aeb03527485c317557fae64aab1","name":"Administrador","image":{"@type":"ImageObject","inLanguage":"es","@id":"https:\/\/www.asajacyl.com\/palencia\/#\/schema\/person\/image\/","url":"https:\/\/secure.gravatar.com\/avatar\/517384810d242ca9e38c180f3c9fb973?s=96&d=mm&r=g","contentUrl":"https:\/\/secure.gravatar.com\/avatar\/517384810d242ca9e38c180f3c9fb973?s=96&d=mm&r=g","caption":"Administrador"},"url":"https:\/\/www.asajacyl.com\/palencia\/author\/carlosrm"}]}},"_links":{"self":[{"href":"https:\/\/www.asajacyl.com\/palencia\/wp-json\/wp\/v2\/posts\/21075"}],"collection":[{"href":"https:\/\/www.asajacyl.com\/palencia\/wp-json\/wp\/v2\/posts"}],"about":[{"href":"https:\/\/www.asajacyl.com\/palencia\/wp-json\/wp\/v2\/types\/post"}],"author":[{"embeddable":true,"href":"https:\/\/www.asajacyl.com\/palencia\/wp-json\/wp\/v2\/users\/9"}],"replies":[{"embeddable":true,"href":"https:\/\/www.asajacyl.com\/palencia\/wp-json\/wp\/v2\/comments?post=21075"}],"version-history":[{"count":2,"href":"https:\/\/www.asajacyl.com\/palencia\/wp-json\/wp\/v2\/posts\/21075\/revisions"}],"predecessor-version":[{"id":21078,"href":"https:\/\/www.asajacyl.com\/palencia\/wp-json\/wp\/v2\/posts\/21075\/revisions\/21078"}],"wp:featuredmedia":[{"embeddable":true,"href":"https:\/\/www.asajacyl.com\/palencia\/wp-json\/wp\/v2\/media\/14221"}],"wp:attachment":[{"href":"https:\/\/www.asajacyl.com\/palencia\/wp-json\/wp\/v2\/media?parent=21075"}],"wp:term":[{"taxonomy":"category","embeddable":true,"href":"https:\/\/www.asajacyl.com\/palencia\/wp-json\/wp\/v2\/categories?post=21075"},{"taxonomy":"post_tag","embeddable":true,"href":"https:\/\/www.asajacyl.com\/palencia\/wp-json\/wp\/v2\/tags?post=21075"}],"curies":[{"name":"wp","href":"https:\/\/api.w.org\/{rel}","templated":true}]}}