{"id":21092,"date":"2025-10-02T07:30:00","date_gmt":"2025-10-02T05:30:00","guid":{"rendered":"https:\/\/www.asajacyl.com\/palencia\/?p=21092"},"modified":"2025-10-01T19:22:25","modified_gmt":"2025-10-01T17:22:25","slug":"bajadas-importantes-en-algunos-tramos-en-el-importe-provisional-de-los-ecorregimenes-de-la-pac-2025","status":"publish","type":"post","link":"https:\/\/www.asajacyl.com\/palencia\/asaja-palencia-informa\/bajadas-importantes-en-algunos-tramos-en-el-importe-provisional-de-los-ecorregimenes-de-la-pac-2025","title":{"rendered":"Bajadas importantes en algunos tramos en el importe provisional de los ecorreg\u00edmenes de la PAC 2025"},"content":{"rendered":"\n<h2 class=\"wp-block-heading\">El Fondo Espa\u00f1ol de Garant\u00eda Agraria (FEGA) ha informado de los importes unitarios provisionales de los ecorreg\u00edmenes de la PAC 2025, que servir\u00e1n para liquidar el anticipo a partir del pr\u00f3ximo 16 de octubre. Las cantidades, que se estiman partiendo de las asignaciones financieras indicativas y con la informaci\u00f3n sobre las superficies solicitadas que trasladan las comunidades aut\u00f3nomas, presentan algunas bajadas importantes con respecto a los importes unitarios provisionales de los ecorreg\u00edmentes de 2024. ASAJA-Palencia te informa aqu\u00ed de esos importes y de esa comparaci\u00f3n.<\/h2>\n\n\n\n<p>Estos importes unitarios provisionales servir\u00e1n para el pago del anticipo del 70 % del importe total al que tiene derecho cada agricultor o ganadero, que se podr\u00e1 realizar desde el 16 de octubre hasta el 30 de noviembre. A partir del 1 de diciembre se abona el saldo, que puede llegar al 90 % del total de la ayuda, que debe liquidarse con un importe definitivo y ya \u00edntegramente nunca m\u00e1s tarde del 30 de junio del a\u00f1o siguiente.<\/p>\n\n\n\n<p>Reproducimos a continuaci\u00f3n los importes unitarios provisionales de 2025 y su comparaci\u00f3n con el importe planificado y el precedente de 2023 (importe definitivo).<\/p>\n\n\n\n<p><strong>| AGRICULTURA DE CARBONO Y AGROECOLOG\u00cdA |<\/strong><\/p>\n\n\n\n<ul>\n<li><strong>Pastoreo extensivo, siega y biodiversidad en las superficies de pastos h\u00famedos<\/strong><em> <\/em>\n<ul>\n<li>Tramo 1 (hasta 65 hect\u00e1reas): 43,64 euros\/hect\u00e1rea<\/li>\n\n\n\n<li>Tramo 2 (m\u00e1s de 65 hect\u00e1reas): 43,64 euros\/hect\u00e1rea <\/li>\n<\/ul>\n<\/li>\n\n\n\n<li><strong>Pastoreo extensivo, siega y biodiversidad en las superficies de pastos mediterr\u00e1neos<\/strong>\n<ul>\n<li>Tramo 1 (hasta 95 hect\u00e1reas): 27,27 euros\/hect\u00e1rea <\/li>\n\n\n\n<li>Tramo 2 (m\u00e1s de 95 hect\u00e1reas): 27,27 euros\/hect\u00e1rea<\/li>\n<\/ul>\n<\/li>\n\n\n\n<li><strong>Rotaciones y siembra directa en tierras de cultivo de secano<\/strong> \n<ul>\n<li>Superficies de hasta 70 hect\u00e1reas\u00a0<em>sin plurianualidad<\/em>: 44,32 euros\/hect\u00e1rea<\/li>\n\n\n\n<li>Superficies mayores de 70 hect\u00e1reas\u00a0<em>sin plurianualidad<\/em>: 31,024 euros\/hect\u00e1rea\n<ul>\n<li>Con\u00a0<em>plurianualidad<\/em>, se a\u00f1ade en ambos casos el complemento de 25 \u20ac\/ha<\/li>\n<\/ul>\n<\/li>\n<\/ul>\n<\/li>\n\n\n\n<li><strong>Rotaciones y siembra directa en tierras de cultivo de secano h\u00famedo<\/strong>\n<ul>\n<li>Superficies de hasta 30 hect\u00e1reas\u00a0<em>sin plurianualidad<\/em>: 62,986183 euros\/hect\u00e1rea<\/li>\n\n\n\n<li>Superficies mayores de 30 hect\u00e1reas\u00a0<em>sin plurianualidad<\/em>: 46,18 euros\/hect\u00e1rea\n<ul>\n<li>Con\u00a0<em>plurianualidad<\/em>, se a\u00f1ade en ambos casos el complemento de 25 \u20ac\/ha<\/li>\n<\/ul>\n<\/li>\n<\/ul>\n<\/li>\n\n\n\n<li><strong>Rotaciones y siembra directa en tierras de cultivo de regad\u00edo<\/strong>\n<ul>\n<li>Superficies de hasta 25 hect\u00e1reas\u00a0<em>sin plurianualidad<\/em>: 141,742439 euros\/hect\u00e1rea<\/li>\n\n\n\n<li>Superficies mayores de 25 hect\u00e1reas\u00a0<em>sin plurianualidad<\/em>: 99,219707 euros\/hect\u00e1rea\n<ul>\n<li>Con\u00a0<em>plurianualidad<\/em>, se a\u00f1ade en ambos casos el complemento de 25 \u20ac\/ha<\/li>\n<\/ul>\n<\/li>\n<\/ul>\n<\/li>\n<\/ul>\n\n\n\n<p><strong>| AGRICULTURA&nbsp;DE CARBONO |<\/strong><\/p>\n\n\n\n<ul>\n<li><strong>Cubiertas vegetales y cubiertas inertes en cultivos le\u00f1osos en terrenos llanos (pendiende inferior al 5%)<\/strong>\n<ul>\n<li>Superficies de hasta 15 hect\u00e1reas\u00a0<em>sin plurianualidad<\/em>: 59,12 euros\/hect\u00e1rea<\/li>\n\n\n\n<li>Superficies mayores de 15 hect\u00e1reas\u00a0<em>sin plurianualidad<\/em>: 41,384 euros\/hect\u00e1rea\n<ul>\n<li>Con\u00a0<em>plurianualidad<\/em>, se a\u00f1ade en ambos casos el complemento de 25 \u20ac\/ha<\/li>\n<\/ul>\n<\/li>\n<\/ul>\n<\/li>\n<\/ul>\n\n\n\n<p><strong>| AGROECOLOG\u00cdA |<\/strong><\/p>\n\n\n\n<ul>\n<li><strong>Espacios de biodiversidad en tierras de cultivo y cultivos permanentes<\/strong>\u00a0<br>42,996797 \u20ac\/ha\u00a0(tramo \u00fanico) <\/li>\n<\/ul>\n\n\n\n<p>Si tenemos en cuenta estos importes provisionales para 2025, en comparaci\u00f3n con los que se publicaron el a\u00f1o pasado por estas mismas fechas para esos mismos pagos en 2024 (anticipo del 70 % y primer saldo de hasta el 90 %), se aprecian algunas variaciones:<\/p>\n\n\n\n<ul>\n<li>En la pr\u00e1ctica de rotaci\u00f3n con especies mejorantes en terrenos de secano bajar\u00edan considerablemente los importes a partir de 70 hect\u00e1reas.<\/li>\n\n\n\n<li>En la misma pr\u00e1ctica de rotaci\u00f3n de especies mejorantes, pero en secanos h\u00famedos, bajan ligeramente los importes en el tramo hasta las 30 hect\u00e1reas.<\/li>\n\n\n\n<li>En el ecorr\u00e9gimen de cubiertas en cultivos le\u00f1osos en terrenos llanos y con pendiente media baja significadamente la previsi\u00f3n de importes en el segundo tramo (m\u00e1s de 15 hect\u00e1reas).<\/li>\n\n\n\n<li>En espacios de biodiversidad los c\u00e1lculos iniciales arrojan un incremento aproximado del 10 % en el importe previsto.<\/li>\n<\/ul>\n\n\n\n<p>No obstante, con la informaci\u00f3n definitiva que remitan las comunidades aut\u00f3nomas con la superficie total determinada (abril del pr\u00f3ximo a\u00f1o), el FEGA se establecer\u00e1 el importe unitario definitivo, con el puede realizarse un segundo pago que complete el 100 % de la ayuda agotando la partida presupuestaria dispuesta para cada programa (en este caso, cada ecorr\u00e9gimen).<strong>\/<\/strong><\/p>\n","protected":false},"excerpt":{"rendered":"<p>El Fondo Espa\u00f1ol de Garant\u00eda Agraria (FEGA) ha informado de los importes unitarios provisionales de los ecorreg\u00edmenes de la PAC 2025, que servir\u00e1n para liquidar el anticipo a partir del pr\u00f3ximo 16 de octubre. Las cantidades, que se estiman partiendo de las asignaciones financieras indicativas y con la informaci\u00f3n sobre las superficies solicitadas que trasladan [&hellip;]<\/p>\n","protected":false},"author":9,"featured_media":21094,"comment_status":"open","ping_status":"open","sticky":false,"template":"","format":"standard","meta":{"footnotes":""},"categories":[9,31,38,29,28,13],"tags":[58,457,59,729,1594,840,351,678,250,1047,1593,77,66,110,935,748,1592,89],"yoast_head":"<!-- This site is optimized with the Yoast SEO plugin v24.5 - https:\/\/yoast.com\/wordpress\/plugins\/seo\/ -->\n<title>Bajadas importantes en algunos tramos en el importe provisional de los ecorreg\u00edmenes de la PAC 2025 - ASAJA Palencia<\/title>\n<meta name=\"description\" content=\"El Fondo Espa\u00f1ol de Garant\u00eda Agraria (FEGA) ha informado de los importes unitarios provisionales de los ecorreg\u00edmenes de la PAC 2025, que servir\u00e1n para\" \/>\n<meta name=\"robots\" content=\"index, follow, max-snippet:-1, max-image-preview:large, max-video-preview:-1\" \/>\n<link rel=\"canonical\" href=\"https:\/\/www.asajacyl.com\/palencia\/asaja-palencia-informa\/bajadas-importantes-en-algunos-tramos-en-el-importe-provisional-de-los-ecorregimenes-de-la-pac-2025\" \/>\n<meta property=\"og:locale\" content=\"es_ES\" \/>\n<meta property=\"og:type\" content=\"article\" \/>\n<meta property=\"og:title\" content=\"Bajadas importantes en algunos tramos en el importe provisional de los ecorreg\u00edmenes de la PAC 2025 - ASAJA Palencia\" \/>\n<meta property=\"og:description\" content=\"El Fondo Espa\u00f1ol de Garant\u00eda Agraria (FEGA) ha informado de los importes unitarios provisionales de los ecorreg\u00edmenes de la PAC 2025, que servir\u00e1n para\" \/>\n<meta property=\"og:url\" content=\"https:\/\/www.asajacyl.com\/palencia\/asaja-palencia-informa\/bajadas-importantes-en-algunos-tramos-en-el-importe-provisional-de-los-ecorregimenes-de-la-pac-2025\" \/>\n<meta property=\"og:site_name\" content=\"ASAJA Palencia\" \/>\n<meta property=\"article:published_time\" content=\"2025-10-02T05:30:00+00:00\" \/>\n<meta property=\"og:image\" content=\"https:\/\/www.asajacyl.com\/palencia\/wp-content\/uploads\/sites\/3\/2025\/10\/Siembra-directa-c-ASAJA-Ciudad-Real-web.jpg\" \/>\n\t<meta property=\"og:image:width\" content=\"1890\" \/>\n\t<meta property=\"og:image:height\" content=\"1654\" \/>\n\t<meta property=\"og:image:type\" content=\"image\/jpeg\" \/>\n<meta name=\"author\" content=\"Administrador\" \/>\n<meta name=\"twitter:card\" content=\"summary_large_image\" \/>\n<meta name=\"twitter:label1\" content=\"Escrito por\" \/>\n\t<meta name=\"twitter:data1\" content=\"Administrador\" \/>\n\t<meta name=\"twitter:label2\" content=\"Tiempo de lectura\" \/>\n\t<meta name=\"twitter:data2\" content=\"4 minutos\" \/>\n<script type=\"application\/ld+json\" class=\"yoast-schema-graph\">{\"@context\":\"https:\/\/schema.org\",\"@graph\":[{\"@type\":\"WebPage\",\"@id\":\"https:\/\/www.asajacyl.com\/palencia\/asaja-palencia-informa\/bajadas-importantes-en-algunos-tramos-en-el-importe-provisional-de-los-ecorregimenes-de-la-pac-2025\",\"url\":\"https:\/\/www.asajacyl.com\/palencia\/asaja-palencia-informa\/bajadas-importantes-en-algunos-tramos-en-el-importe-provisional-de-los-ecorregimenes-de-la-pac-2025\",\"name\":\"Bajadas importantes en algunos tramos en el importe provisional de los ecorreg\u00edmenes de la PAC 2025 - ASAJA Palencia\",\"isPartOf\":{\"@id\":\"https:\/\/www.asajacyl.com\/palencia\/#website\"},\"primaryImageOfPage\":{\"@id\":\"https:\/\/www.asajacyl.com\/palencia\/asaja-palencia-informa\/bajadas-importantes-en-algunos-tramos-en-el-importe-provisional-de-los-ecorregimenes-de-la-pac-2025#primaryimage\"},\"image\":{\"@id\":\"https:\/\/www.asajacyl.com\/palencia\/asaja-palencia-informa\/bajadas-importantes-en-algunos-tramos-en-el-importe-provisional-de-los-ecorregimenes-de-la-pac-2025#primaryimage\"},\"thumbnailUrl\":\"https:\/\/www.asajacyl.com\/palencia\/wp-content\/uploads\/sites\/3\/2025\/10\/Siembra-directa-c-ASAJA-Ciudad-Real-web.jpg\",\"datePublished\":\"2025-10-02T05:30:00+00:00\",\"author\":{\"@id\":\"https:\/\/www.asajacyl.com\/palencia\/#\/schema\/person\/3ab17aeb03527485c317557fae64aab1\"},\"description\":\"El Fondo Espa\u00f1ol de Garant\u00eda Agraria (FEGA) ha informado de los importes unitarios provisionales de los ecorreg\u00edmenes de la PAC 2025, que servir\u00e1n para\",\"breadcrumb\":{\"@id\":\"https:\/\/www.asajacyl.com\/palencia\/asaja-palencia-informa\/bajadas-importantes-en-algunos-tramos-en-el-importe-provisional-de-los-ecorregimenes-de-la-pac-2025#breadcrumb\"},\"inLanguage\":\"es\",\"potentialAction\":[{\"@type\":\"ReadAction\",\"target\":[\"https:\/\/www.asajacyl.com\/palencia\/asaja-palencia-informa\/bajadas-importantes-en-algunos-tramos-en-el-importe-provisional-de-los-ecorregimenes-de-la-pac-2025\"]}]},{\"@type\":\"ImageObject\",\"inLanguage\":\"es\",\"@id\":\"https:\/\/www.asajacyl.com\/palencia\/asaja-palencia-informa\/bajadas-importantes-en-algunos-tramos-en-el-importe-provisional-de-los-ecorregimenes-de-la-pac-2025#primaryimage\",\"url\":\"https:\/\/www.asajacyl.com\/palencia\/wp-content\/uploads\/sites\/3\/2025\/10\/Siembra-directa-c-ASAJA-Ciudad-Real-web.jpg\",\"contentUrl\":\"https:\/\/www.asajacyl.com\/palencia\/wp-content\/uploads\/sites\/3\/2025\/10\/Siembra-directa-c-ASAJA-Ciudad-Real-web.jpg\",\"width\":1890,\"height\":1654},{\"@type\":\"BreadcrumbList\",\"@id\":\"https:\/\/www.asajacyl.com\/palencia\/asaja-palencia-informa\/bajadas-importantes-en-algunos-tramos-en-el-importe-provisional-de-los-ecorregimenes-de-la-pac-2025#breadcrumb\",\"itemListElement\":[{\"@type\":\"ListItem\",\"position\":1,\"name\":\"Portada\",\"item\":\"https:\/\/www.asajacyl.com\/palencia\/\"},{\"@type\":\"ListItem\",\"position\":2,\"name\":\"Bajadas importantes en algunos tramos en el importe provisional de los ecorreg\u00edmenes de la PAC 2025\"}]},{\"@type\":\"WebSite\",\"@id\":\"https:\/\/www.asajacyl.com\/palencia\/#website\",\"url\":\"https:\/\/www.asajacyl.com\/palencia\/\",\"name\":\"ASAJA Palencia\",\"description\":\"Otro sitio m\u00e1s de Provincias ASAJA Castilla y Le\u00f3n\",\"potentialAction\":[{\"@type\":\"SearchAction\",\"target\":{\"@type\":\"EntryPoint\",\"urlTemplate\":\"https:\/\/www.asajacyl.com\/palencia\/?s={search_term_string}\"},\"query-input\":{\"@type\":\"PropertyValueSpecification\",\"valueRequired\":true,\"valueName\":\"search_term_string\"}}],\"inLanguage\":\"es\"},{\"@type\":\"Person\",\"@id\":\"https:\/\/www.asajacyl.com\/palencia\/#\/schema\/person\/3ab17aeb03527485c317557fae64aab1\",\"name\":\"Administrador\",\"image\":{\"@type\":\"ImageObject\",\"inLanguage\":\"es\",\"@id\":\"https:\/\/www.asajacyl.com\/palencia\/#\/schema\/person\/image\/\",\"url\":\"https:\/\/secure.gravatar.com\/avatar\/517384810d242ca9e38c180f3c9fb973?s=96&d=mm&r=g\",\"contentUrl\":\"https:\/\/secure.gravatar.com\/avatar\/517384810d242ca9e38c180f3c9fb973?s=96&d=mm&r=g\",\"caption\":\"Administrador\"},\"url\":\"https:\/\/www.asajacyl.com\/palencia\/author\/carlosrm\"}]}<\/script>\n<!-- \/ Yoast SEO plugin. -->","yoast_head_json":{"title":"Bajadas importantes en algunos tramos en el importe provisional de los ecorreg\u00edmenes de la PAC 2025 - ASAJA Palencia","description":"El Fondo Espa\u00f1ol de Garant\u00eda Agraria (FEGA) ha informado de los importes unitarios provisionales de los ecorreg\u00edmenes de la PAC 2025, que servir\u00e1n para","robots":{"index":"index","follow":"follow","max-snippet":"max-snippet:-1","max-image-preview":"max-image-preview:large","max-video-preview":"max-video-preview:-1"},"canonical":"https:\/\/www.asajacyl.com\/palencia\/asaja-palencia-informa\/bajadas-importantes-en-algunos-tramos-en-el-importe-provisional-de-los-ecorregimenes-de-la-pac-2025","og_locale":"es_ES","og_type":"article","og_title":"Bajadas importantes en algunos tramos en el importe provisional de los ecorreg\u00edmenes de la PAC 2025 - ASAJA Palencia","og_description":"El Fondo Espa\u00f1ol de Garant\u00eda Agraria (FEGA) ha informado de los importes unitarios provisionales de los ecorreg\u00edmenes de la PAC 2025, que servir\u00e1n para","og_url":"https:\/\/www.asajacyl.com\/palencia\/asaja-palencia-informa\/bajadas-importantes-en-algunos-tramos-en-el-importe-provisional-de-los-ecorregimenes-de-la-pac-2025","og_site_name":"ASAJA Palencia","article_published_time":"2025-10-02T05:30:00+00:00","og_image":[{"width":1890,"height":1654,"url":"https:\/\/www.asajacyl.com\/palencia\/wp-content\/uploads\/sites\/3\/2025\/10\/Siembra-directa-c-ASAJA-Ciudad-Real-web.jpg","type":"image\/jpeg"}],"author":"Administrador","twitter_card":"summary_large_image","twitter_misc":{"Escrito por":"Administrador","Tiempo de lectura":"4 minutos"},"schema":{"@context":"https:\/\/schema.org","@graph":[{"@type":"WebPage","@id":"https:\/\/www.asajacyl.com\/palencia\/asaja-palencia-informa\/bajadas-importantes-en-algunos-tramos-en-el-importe-provisional-de-los-ecorregimenes-de-la-pac-2025","url":"https:\/\/www.asajacyl.com\/palencia\/asaja-palencia-informa\/bajadas-importantes-en-algunos-tramos-en-el-importe-provisional-de-los-ecorregimenes-de-la-pac-2025","name":"Bajadas importantes en algunos tramos en el importe provisional de los ecorreg\u00edmenes de la PAC 2025 - ASAJA Palencia","isPartOf":{"@id":"https:\/\/www.asajacyl.com\/palencia\/#website"},"primaryImageOfPage":{"@id":"https:\/\/www.asajacyl.com\/palencia\/asaja-palencia-informa\/bajadas-importantes-en-algunos-tramos-en-el-importe-provisional-de-los-ecorregimenes-de-la-pac-2025#primaryimage"},"image":{"@id":"https:\/\/www.asajacyl.com\/palencia\/asaja-palencia-informa\/bajadas-importantes-en-algunos-tramos-en-el-importe-provisional-de-los-ecorregimenes-de-la-pac-2025#primaryimage"},"thumbnailUrl":"https:\/\/www.asajacyl.com\/palencia\/wp-content\/uploads\/sites\/3\/2025\/10\/Siembra-directa-c-ASAJA-Ciudad-Real-web.jpg","datePublished":"2025-10-02T05:30:00+00:00","author":{"@id":"https:\/\/www.asajacyl.com\/palencia\/#\/schema\/person\/3ab17aeb03527485c317557fae64aab1"},"description":"El Fondo Espa\u00f1ol de Garant\u00eda Agraria (FEGA) ha informado de los importes unitarios provisionales de los ecorreg\u00edmenes de la PAC 2025, que servir\u00e1n para","breadcrumb":{"@id":"https:\/\/www.asajacyl.com\/palencia\/asaja-palencia-informa\/bajadas-importantes-en-algunos-tramos-en-el-importe-provisional-de-los-ecorregimenes-de-la-pac-2025#breadcrumb"},"inLanguage":"es","potentialAction":[{"@type":"ReadAction","target":["https:\/\/www.asajacyl.com\/palencia\/asaja-palencia-informa\/bajadas-importantes-en-algunos-tramos-en-el-importe-provisional-de-los-ecorregimenes-de-la-pac-2025"]}]},{"@type":"ImageObject","inLanguage":"es","@id":"https:\/\/www.asajacyl.com\/palencia\/asaja-palencia-informa\/bajadas-importantes-en-algunos-tramos-en-el-importe-provisional-de-los-ecorregimenes-de-la-pac-2025#primaryimage","url":"https:\/\/www.asajacyl.com\/palencia\/wp-content\/uploads\/sites\/3\/2025\/10\/Siembra-directa-c-ASAJA-Ciudad-Real-web.jpg","contentUrl":"https:\/\/www.asajacyl.com\/palencia\/wp-content\/uploads\/sites\/3\/2025\/10\/Siembra-directa-c-ASAJA-Ciudad-Real-web.jpg","width":1890,"height":1654},{"@type":"BreadcrumbList","@id":"https:\/\/www.asajacyl.com\/palencia\/asaja-palencia-informa\/bajadas-importantes-en-algunos-tramos-en-el-importe-provisional-de-los-ecorregimenes-de-la-pac-2025#breadcrumb","itemListElement":[{"@type":"ListItem","position":1,"name":"Portada","item":"https:\/\/www.asajacyl.com\/palencia\/"},{"@type":"ListItem","position":2,"name":"Bajadas importantes en algunos tramos en el importe provisional de los ecorreg\u00edmenes de la PAC 2025"}]},{"@type":"WebSite","@id":"https:\/\/www.asajacyl.com\/palencia\/#website","url":"https:\/\/www.asajacyl.com\/palencia\/","name":"ASAJA Palencia","description":"Otro sitio m\u00e1s de Provincias ASAJA Castilla y Le\u00f3n","potentialAction":[{"@type":"SearchAction","target":{"@type":"EntryPoint","urlTemplate":"https:\/\/www.asajacyl.com\/palencia\/?s={search_term_string}"},"query-input":{"@type":"PropertyValueSpecification","valueRequired":true,"valueName":"search_term_string"}}],"inLanguage":"es"},{"@type":"Person","@id":"https:\/\/www.asajacyl.com\/palencia\/#\/schema\/person\/3ab17aeb03527485c317557fae64aab1","name":"Administrador","image":{"@type":"ImageObject","inLanguage":"es","@id":"https:\/\/www.asajacyl.com\/palencia\/#\/schema\/person\/image\/","url":"https:\/\/secure.gravatar.com\/avatar\/517384810d242ca9e38c180f3c9fb973?s=96&d=mm&r=g","contentUrl":"https:\/\/secure.gravatar.com\/avatar\/517384810d242ca9e38c180f3c9fb973?s=96&d=mm&r=g","caption":"Administrador"},"url":"https:\/\/www.asajacyl.com\/palencia\/author\/carlosrm"}]}},"_links":{"self":[{"href":"https:\/\/www.asajacyl.com\/palencia\/wp-json\/wp\/v2\/posts\/21092"}],"collection":[{"href":"https:\/\/www.asajacyl.com\/palencia\/wp-json\/wp\/v2\/posts"}],"about":[{"href":"https:\/\/www.asajacyl.com\/palencia\/wp-json\/wp\/v2\/types\/post"}],"author":[{"embeddable":true,"href":"https:\/\/www.asajacyl.com\/palencia\/wp-json\/wp\/v2\/users\/9"}],"replies":[{"embeddable":true,"href":"https:\/\/www.asajacyl.com\/palencia\/wp-json\/wp\/v2\/comments?post=21092"}],"version-history":[{"count":1,"href":"https:\/\/www.asajacyl.com\/palencia\/wp-json\/wp\/v2\/posts\/21092\/revisions"}],"predecessor-version":[{"id":21093,"href":"https:\/\/www.asajacyl.com\/palencia\/wp-json\/wp\/v2\/posts\/21092\/revisions\/21093"}],"wp:featuredmedia":[{"embeddable":true,"href":"https:\/\/www.asajacyl.com\/palencia\/wp-json\/wp\/v2\/media\/21094"}],"wp:attachment":[{"href":"https:\/\/www.asajacyl.com\/palencia\/wp-json\/wp\/v2\/media?parent=21092"}],"wp:term":[{"taxonomy":"category","embeddable":true,"href":"https:\/\/www.asajacyl.com\/palencia\/wp-json\/wp\/v2\/categories?post=21092"},{"taxonomy":"post_tag","embeddable":true,"href":"https:\/\/www.asajacyl.com\/palencia\/wp-json\/wp\/v2\/tags?post=21092"}],"curies":[{"name":"wp","href":"https:\/\/api.w.org\/{rel}","templated":true}]}}