{"id":21095,"date":"2025-10-02T11:19:00","date_gmt":"2025-10-02T09:19:00","guid":{"rendered":"https:\/\/www.asajacyl.com\/palencia\/?p=21095"},"modified":"2025-10-02T11:19:02","modified_gmt":"2025-10-02T09:19:02","slug":"la-lonja-de-leon-constata-subidas-en-la-alfalfa-por-la-mayor-demanda-ganadera-y-la-exportacion","status":"publish","type":"post","link":"https:\/\/www.asajacyl.com\/palencia\/asaja-palencia-informa\/la-lonja-de-leon-constata-subidas-en-la-alfalfa-por-la-mayor-demanda-ganadera-y-la-exportacion","title":{"rendered":"La Lonja de Le\u00f3n constata subidas en la alfalfa, por la mayor demanda ganadera y la exportaci\u00f3n"},"content":{"rendered":"\n<h2 class=\"wp-block-heading\">La Lonja de Le\u00f3n ha constatado esta semana subidas de diez euros por tonelada en la alfalfa, debido al crecimiento de la demanda entre la ganader\u00eda de leche. Tambi\u00e9n registr\u00f3 subida el girasol, ante una cosecha inferior a la esperada, mientras repitieron precio los cereales de invierno y las patatas, que empezaron a cotizar la pasada semana a unos niveles que no cubren costes.<\/h2>\n\n\n\n<p>Tras la subida de diez euros por tonelada que se anot\u00f3 en la sesi\u00f3n de este mi\u00e9rcoles, el paquete de alfalfa en rama opera a 175 euros\/tonelada, mientras la deshidratada cotiza a 220 \u20ac\/t. <\/p>\n\n\n\n<p>Desde la lonja leonesa explican que \u00abestos precios a\u00fan son competitivos con respecto a otros productos para las raciones alimenticias, sobre todo en las ganader\u00edas de leche, principal destino de este forraje, puesto que aumenta la productividad en un momento dulce del precio que percibe el ganadero por el litro de leche\u00bb. Asimismo, la exportaci\u00f3n tambi\u00e9n est\u00e1 tirando de la demanda de la alfalfa y, por tanto, reactivando su cotizaci\u00f3n.<\/p>\n\n\n\n<p>En t\u00e9rminos generales, la ausencia de lluvias en la recolecci\u00f3n ha contribuido a la calidad de la alfalfa. No obstante, en algunas zonas, como en Campos, el exceso de calor ha estropeado los \u00faltimos cortes. <\/p>\n\n\n\n<p><strong>M\u00c1S DE 25 000 HECT\u00c1REAS. <\/strong>En la provincia de Palencia se cultivan esta campa\u00f1a algo m\u00e1s de 17 200 hect\u00e1reas de alfalfa en secano y unas 8500 hect\u00e1reas en regad\u00edo, seg\u00fan los datos de la Junta de Castilla y Le\u00f3n extra\u00eddos de las solicitudes de la PAC 2025 presentadas en la Consejer\u00eda de Agricultura, Ganader\u00eda y Desarrollo Rural. <\/p>\n\n\n\n<p>Es decir, no se han alcanzado las 25 800 hect\u00e1reas, cifra algo inferior a las cultivadas de alfalfa la pasada campa\u00f1a (28 500 ha). En todo caso, Palencia se mantiene desde 2010 como la primera provincia de Castilla y Le\u00f3n en superficie de alfalfa.<\/p>\n\n\n\n<p>Los rendimientos calculados a mediados de verano para toda la campa\u00f1a de alfalfa en Palencia se han corregido ligeramente a la baja hasta situarse en los 18 000 kilos\/hect\u00e1rea en los secanos y los 44 000 kilos\/hect\u00e1rea en los regad\u00edos. Por ello, se esperan unas producciones totales de unas 310 000 y 375 000 toneladas, respectivamente.<\/p>\n\n\n\n<p>En el <strong>girasol<\/strong>, la menor cosecha con respecto a las expectativas iniciales explica la subida de cinco euros por tonelada, tanto en el linoleico como en el alto oleico. En ambos casos operan ya a diez euros m\u00e1s por tonelada que al principio de la campa\u00f1a.<strong>\/<\/strong><\/p>\n\n\n\n<figure class=\"wp-block-image size-large is-resized\"><img loading=\"lazy\" decoding=\"async\" width=\"1024\" height=\"768\" src=\"https:\/\/www.asajacyl.com\/palencia\/wp-content\/uploads\/sites\/3\/2025\/10\/Precios-agricultura-1oct2025-1-1024x768.png\" alt=\"\" class=\"wp-image-21098\" style=\"width:1068px;height:auto\" srcset=\"https:\/\/www.asajacyl.com\/palencia\/wp-content\/uploads\/sites\/3\/2025\/10\/Precios-agricultura-1oct2025-1-1024x768.png 1024w, https:\/\/www.asajacyl.com\/palencia\/wp-content\/uploads\/sites\/3\/2025\/10\/Precios-agricultura-1oct2025-1-300x225.png 300w, https:\/\/www.asajacyl.com\/palencia\/wp-content\/uploads\/sites\/3\/2025\/10\/Precios-agricultura-1oct2025-1-768x576.png 768w, https:\/\/www.asajacyl.com\/palencia\/wp-content\/uploads\/sites\/3\/2025\/10\/Precios-agricultura-1oct2025-1-1536x1152.png 1536w, https:\/\/www.asajacyl.com\/palencia\/wp-content\/uploads\/sites\/3\/2025\/10\/Precios-agricultura-1oct2025-1-2048x1536.png 2048w, https:\/\/www.asajacyl.com\/palencia\/wp-content\/uploads\/sites\/3\/2025\/10\/Precios-agricultura-1oct2025-1-560x420.png 560w, https:\/\/www.asajacyl.com\/palencia\/wp-content\/uploads\/sites\/3\/2025\/10\/Precios-agricultura-1oct2025-1-80x60.png 80w, https:\/\/www.asajacyl.com\/palencia\/wp-content\/uploads\/sites\/3\/2025\/10\/Precios-agricultura-1oct2025-1-696x522.png 696w, https:\/\/www.asajacyl.com\/palencia\/wp-content\/uploads\/sites\/3\/2025\/10\/Precios-agricultura-1oct2025-1-1068x801.png 1068w, https:\/\/www.asajacyl.com\/palencia\/wp-content\/uploads\/sites\/3\/2025\/10\/Precios-agricultura-1oct2025-1-1920x1440.png 1920w\" sizes=\"(max-width: 1024px) 100vw, 1024px\" \/><\/figure>\n","protected":false},"excerpt":{"rendered":"<p>La Lonja de Le\u00f3n ha constatado esta semana subidas de diez euros por tonelada en la alfalfa, debido al crecimiento de la demanda entre la ganader\u00eda de leche. Tambi\u00e9n registr\u00f3 subida el girasol, ante una cosecha inferior a la esperada, mientras repitieron precio los cereales de invierno y las patatas, que empezaron a cotizar la [&hellip;]<\/p>\n","protected":false},"author":9,"featured_media":21099,"comment_status":"open","ping_status":"open","sticky":false,"template":"","format":"standard","meta":{"footnotes":""},"categories":[9,29,36,28,13],"tags":[58,148,221,289,46,77,145,468,1588,293,92,198,147,93,220],"yoast_head":"<!-- This site is optimized with the Yoast SEO plugin v24.5 - https:\/\/yoast.com\/wordpress\/plugins\/seo\/ -->\n<title>La Lonja de Le\u00f3n constata subidas en la alfalfa, por la mayor demanda ganadera y la exportaci\u00f3n - ASAJA Palencia<\/title>\n<meta name=\"description\" content=\"La Lonja de Le\u00f3n ha constatado esta semana subidas de diez euros por tonelada en la alfalfa, debido al crecimiento de la demanda entre la ganader\u00eda de\" \/>\n<meta name=\"robots\" content=\"index, follow, max-snippet:-1, max-image-preview:large, max-video-preview:-1\" \/>\n<link rel=\"canonical\" href=\"https:\/\/www.asajacyl.com\/palencia\/asaja-palencia-informa\/la-lonja-de-leon-constata-subidas-en-la-alfalfa-por-la-mayor-demanda-ganadera-y-la-exportacion\" \/>\n<meta property=\"og:locale\" content=\"es_ES\" \/>\n<meta property=\"og:type\" content=\"article\" \/>\n<meta property=\"og:title\" content=\"La Lonja de Le\u00f3n constata subidas en la alfalfa, por la mayor demanda ganadera y la exportaci\u00f3n - ASAJA Palencia\" \/>\n<meta property=\"og:description\" content=\"La Lonja de Le\u00f3n ha constatado esta semana subidas de diez euros por tonelada en la alfalfa, debido al crecimiento de la demanda entre la ganader\u00eda de\" \/>\n<meta property=\"og:url\" content=\"https:\/\/www.asajacyl.com\/palencia\/asaja-palencia-informa\/la-lonja-de-leon-constata-subidas-en-la-alfalfa-por-la-mayor-demanda-ganadera-y-la-exportacion\" \/>\n<meta property=\"og:site_name\" content=\"ASAJA Palencia\" \/>\n<meta property=\"article:published_time\" content=\"2025-10-02T09:19:00+00:00\" \/>\n<meta property=\"article:modified_time\" content=\"2025-10-02T09:19:02+00:00\" \/>\n<meta property=\"og:image\" content=\"https:\/\/www.asajacyl.com\/palencia\/wp-content\/uploads\/sites\/3\/2025\/10\/Alfalfa-web-c-JF-Curieses-Villada.jpg\" \/>\n\t<meta property=\"og:image:width\" content=\"1890\" \/>\n\t<meta property=\"og:image:height\" content=\"1654\" \/>\n\t<meta property=\"og:image:type\" content=\"image\/jpeg\" \/>\n<meta name=\"author\" content=\"Administrador\" \/>\n<meta name=\"twitter:card\" content=\"summary_large_image\" \/>\n<meta name=\"twitter:label1\" content=\"Escrito por\" \/>\n\t<meta name=\"twitter:data1\" content=\"Administrador\" \/>\n\t<meta name=\"twitter:label2\" content=\"Tiempo de lectura\" \/>\n\t<meta name=\"twitter:data2\" content=\"3 minutos\" \/>\n<script type=\"application\/ld+json\" class=\"yoast-schema-graph\">{\"@context\":\"https:\/\/schema.org\",\"@graph\":[{\"@type\":\"WebPage\",\"@id\":\"https:\/\/www.asajacyl.com\/palencia\/asaja-palencia-informa\/la-lonja-de-leon-constata-subidas-en-la-alfalfa-por-la-mayor-demanda-ganadera-y-la-exportacion\",\"url\":\"https:\/\/www.asajacyl.com\/palencia\/asaja-palencia-informa\/la-lonja-de-leon-constata-subidas-en-la-alfalfa-por-la-mayor-demanda-ganadera-y-la-exportacion\",\"name\":\"La Lonja de Le\u00f3n constata subidas en la alfalfa, por la mayor demanda ganadera y la exportaci\u00f3n - ASAJA Palencia\",\"isPartOf\":{\"@id\":\"https:\/\/www.asajacyl.com\/palencia\/#website\"},\"primaryImageOfPage\":{\"@id\":\"https:\/\/www.asajacyl.com\/palencia\/asaja-palencia-informa\/la-lonja-de-leon-constata-subidas-en-la-alfalfa-por-la-mayor-demanda-ganadera-y-la-exportacion#primaryimage\"},\"image\":{\"@id\":\"https:\/\/www.asajacyl.com\/palencia\/asaja-palencia-informa\/la-lonja-de-leon-constata-subidas-en-la-alfalfa-por-la-mayor-demanda-ganadera-y-la-exportacion#primaryimage\"},\"thumbnailUrl\":\"https:\/\/www.asajacyl.com\/palencia\/wp-content\/uploads\/sites\/3\/2025\/10\/Alfalfa-web-c-JF-Curieses-Villada.jpg\",\"datePublished\":\"2025-10-02T09:19:00+00:00\",\"dateModified\":\"2025-10-02T09:19:02+00:00\",\"author\":{\"@id\":\"https:\/\/www.asajacyl.com\/palencia\/#\/schema\/person\/3ab17aeb03527485c317557fae64aab1\"},\"description\":\"La Lonja de Le\u00f3n ha constatado esta semana subidas de diez euros por tonelada en la alfalfa, debido al crecimiento de la demanda entre la ganader\u00eda de\",\"breadcrumb\":{\"@id\":\"https:\/\/www.asajacyl.com\/palencia\/asaja-palencia-informa\/la-lonja-de-leon-constata-subidas-en-la-alfalfa-por-la-mayor-demanda-ganadera-y-la-exportacion#breadcrumb\"},\"inLanguage\":\"es\",\"potentialAction\":[{\"@type\":\"ReadAction\",\"target\":[\"https:\/\/www.asajacyl.com\/palencia\/asaja-palencia-informa\/la-lonja-de-leon-constata-subidas-en-la-alfalfa-por-la-mayor-demanda-ganadera-y-la-exportacion\"]}]},{\"@type\":\"ImageObject\",\"inLanguage\":\"es\",\"@id\":\"https:\/\/www.asajacyl.com\/palencia\/asaja-palencia-informa\/la-lonja-de-leon-constata-subidas-en-la-alfalfa-por-la-mayor-demanda-ganadera-y-la-exportacion#primaryimage\",\"url\":\"https:\/\/www.asajacyl.com\/palencia\/wp-content\/uploads\/sites\/3\/2025\/10\/Alfalfa-web-c-JF-Curieses-Villada.jpg\",\"contentUrl\":\"https:\/\/www.asajacyl.com\/palencia\/wp-content\/uploads\/sites\/3\/2025\/10\/Alfalfa-web-c-JF-Curieses-Villada.jpg\",\"width\":1890,\"height\":1654},{\"@type\":\"BreadcrumbList\",\"@id\":\"https:\/\/www.asajacyl.com\/palencia\/asaja-palencia-informa\/la-lonja-de-leon-constata-subidas-en-la-alfalfa-por-la-mayor-demanda-ganadera-y-la-exportacion#breadcrumb\",\"itemListElement\":[{\"@type\":\"ListItem\",\"position\":1,\"name\":\"Portada\",\"item\":\"https:\/\/www.asajacyl.com\/palencia\/\"},{\"@type\":\"ListItem\",\"position\":2,\"name\":\"La Lonja de Le\u00f3n constata subidas en la alfalfa, por la mayor demanda ganadera y la exportaci\u00f3n\"}]},{\"@type\":\"WebSite\",\"@id\":\"https:\/\/www.asajacyl.com\/palencia\/#website\",\"url\":\"https:\/\/www.asajacyl.com\/palencia\/\",\"name\":\"ASAJA Palencia\",\"description\":\"Otro sitio m\u00e1s de Provincias ASAJA Castilla y Le\u00f3n\",\"potentialAction\":[{\"@type\":\"SearchAction\",\"target\":{\"@type\":\"EntryPoint\",\"urlTemplate\":\"https:\/\/www.asajacyl.com\/palencia\/?s={search_term_string}\"},\"query-input\":{\"@type\":\"PropertyValueSpecification\",\"valueRequired\":true,\"valueName\":\"search_term_string\"}}],\"inLanguage\":\"es\"},{\"@type\":\"Person\",\"@id\":\"https:\/\/www.asajacyl.com\/palencia\/#\/schema\/person\/3ab17aeb03527485c317557fae64aab1\",\"name\":\"Administrador\",\"image\":{\"@type\":\"ImageObject\",\"inLanguage\":\"es\",\"@id\":\"https:\/\/www.asajacyl.com\/palencia\/#\/schema\/person\/image\/\",\"url\":\"https:\/\/secure.gravatar.com\/avatar\/517384810d242ca9e38c180f3c9fb973?s=96&d=mm&r=g\",\"contentUrl\":\"https:\/\/secure.gravatar.com\/avatar\/517384810d242ca9e38c180f3c9fb973?s=96&d=mm&r=g\",\"caption\":\"Administrador\"},\"url\":\"https:\/\/www.asajacyl.com\/palencia\/author\/carlosrm\"}]}<\/script>\n<!-- \/ Yoast SEO plugin. -->","yoast_head_json":{"title":"La Lonja de Le\u00f3n constata subidas en la alfalfa, por la mayor demanda ganadera y la exportaci\u00f3n - ASAJA Palencia","description":"La Lonja de Le\u00f3n ha constatado esta semana subidas de diez euros por tonelada en la alfalfa, debido al crecimiento de la demanda entre la ganader\u00eda de","robots":{"index":"index","follow":"follow","max-snippet":"max-snippet:-1","max-image-preview":"max-image-preview:large","max-video-preview":"max-video-preview:-1"},"canonical":"https:\/\/www.asajacyl.com\/palencia\/asaja-palencia-informa\/la-lonja-de-leon-constata-subidas-en-la-alfalfa-por-la-mayor-demanda-ganadera-y-la-exportacion","og_locale":"es_ES","og_type":"article","og_title":"La Lonja de Le\u00f3n constata subidas en la alfalfa, por la mayor demanda ganadera y la exportaci\u00f3n - ASAJA Palencia","og_description":"La Lonja de Le\u00f3n ha constatado esta semana subidas de diez euros por tonelada en la alfalfa, debido al crecimiento de la demanda entre la ganader\u00eda de","og_url":"https:\/\/www.asajacyl.com\/palencia\/asaja-palencia-informa\/la-lonja-de-leon-constata-subidas-en-la-alfalfa-por-la-mayor-demanda-ganadera-y-la-exportacion","og_site_name":"ASAJA Palencia","article_published_time":"2025-10-02T09:19:00+00:00","article_modified_time":"2025-10-02T09:19:02+00:00","og_image":[{"width":1890,"height":1654,"url":"https:\/\/www.asajacyl.com\/palencia\/wp-content\/uploads\/sites\/3\/2025\/10\/Alfalfa-web-c-JF-Curieses-Villada.jpg","type":"image\/jpeg"}],"author":"Administrador","twitter_card":"summary_large_image","twitter_misc":{"Escrito por":"Administrador","Tiempo de lectura":"3 minutos"},"schema":{"@context":"https:\/\/schema.org","@graph":[{"@type":"WebPage","@id":"https:\/\/www.asajacyl.com\/palencia\/asaja-palencia-informa\/la-lonja-de-leon-constata-subidas-en-la-alfalfa-por-la-mayor-demanda-ganadera-y-la-exportacion","url":"https:\/\/www.asajacyl.com\/palencia\/asaja-palencia-informa\/la-lonja-de-leon-constata-subidas-en-la-alfalfa-por-la-mayor-demanda-ganadera-y-la-exportacion","name":"La Lonja de Le\u00f3n constata subidas en la alfalfa, por la mayor demanda ganadera y la exportaci\u00f3n - ASAJA Palencia","isPartOf":{"@id":"https:\/\/www.asajacyl.com\/palencia\/#website"},"primaryImageOfPage":{"@id":"https:\/\/www.asajacyl.com\/palencia\/asaja-palencia-informa\/la-lonja-de-leon-constata-subidas-en-la-alfalfa-por-la-mayor-demanda-ganadera-y-la-exportacion#primaryimage"},"image":{"@id":"https:\/\/www.asajacyl.com\/palencia\/asaja-palencia-informa\/la-lonja-de-leon-constata-subidas-en-la-alfalfa-por-la-mayor-demanda-ganadera-y-la-exportacion#primaryimage"},"thumbnailUrl":"https:\/\/www.asajacyl.com\/palencia\/wp-content\/uploads\/sites\/3\/2025\/10\/Alfalfa-web-c-JF-Curieses-Villada.jpg","datePublished":"2025-10-02T09:19:00+00:00","dateModified":"2025-10-02T09:19:02+00:00","author":{"@id":"https:\/\/www.asajacyl.com\/palencia\/#\/schema\/person\/3ab17aeb03527485c317557fae64aab1"},"description":"La Lonja de Le\u00f3n ha constatado esta semana subidas de diez euros por tonelada en la alfalfa, debido al crecimiento de la demanda entre la ganader\u00eda de","breadcrumb":{"@id":"https:\/\/www.asajacyl.com\/palencia\/asaja-palencia-informa\/la-lonja-de-leon-constata-subidas-en-la-alfalfa-por-la-mayor-demanda-ganadera-y-la-exportacion#breadcrumb"},"inLanguage":"es","potentialAction":[{"@type":"ReadAction","target":["https:\/\/www.asajacyl.com\/palencia\/asaja-palencia-informa\/la-lonja-de-leon-constata-subidas-en-la-alfalfa-por-la-mayor-demanda-ganadera-y-la-exportacion"]}]},{"@type":"ImageObject","inLanguage":"es","@id":"https:\/\/www.asajacyl.com\/palencia\/asaja-palencia-informa\/la-lonja-de-leon-constata-subidas-en-la-alfalfa-por-la-mayor-demanda-ganadera-y-la-exportacion#primaryimage","url":"https:\/\/www.asajacyl.com\/palencia\/wp-content\/uploads\/sites\/3\/2025\/10\/Alfalfa-web-c-JF-Curieses-Villada.jpg","contentUrl":"https:\/\/www.asajacyl.com\/palencia\/wp-content\/uploads\/sites\/3\/2025\/10\/Alfalfa-web-c-JF-Curieses-Villada.jpg","width":1890,"height":1654},{"@type":"BreadcrumbList","@id":"https:\/\/www.asajacyl.com\/palencia\/asaja-palencia-informa\/la-lonja-de-leon-constata-subidas-en-la-alfalfa-por-la-mayor-demanda-ganadera-y-la-exportacion#breadcrumb","itemListElement":[{"@type":"ListItem","position":1,"name":"Portada","item":"https:\/\/www.asajacyl.com\/palencia\/"},{"@type":"ListItem","position":2,"name":"La Lonja de Le\u00f3n constata subidas en la alfalfa, por la mayor demanda ganadera y la exportaci\u00f3n"}]},{"@type":"WebSite","@id":"https:\/\/www.asajacyl.com\/palencia\/#website","url":"https:\/\/www.asajacyl.com\/palencia\/","name":"ASAJA Palencia","description":"Otro sitio m\u00e1s de Provincias ASAJA Castilla y Le\u00f3n","potentialAction":[{"@type":"SearchAction","target":{"@type":"EntryPoint","urlTemplate":"https:\/\/www.asajacyl.com\/palencia\/?s={search_term_string}"},"query-input":{"@type":"PropertyValueSpecification","valueRequired":true,"valueName":"search_term_string"}}],"inLanguage":"es"},{"@type":"Person","@id":"https:\/\/www.asajacyl.com\/palencia\/#\/schema\/person\/3ab17aeb03527485c317557fae64aab1","name":"Administrador","image":{"@type":"ImageObject","inLanguage":"es","@id":"https:\/\/www.asajacyl.com\/palencia\/#\/schema\/person\/image\/","url":"https:\/\/secure.gravatar.com\/avatar\/517384810d242ca9e38c180f3c9fb973?s=96&d=mm&r=g","contentUrl":"https:\/\/secure.gravatar.com\/avatar\/517384810d242ca9e38c180f3c9fb973?s=96&d=mm&r=g","caption":"Administrador"},"url":"https:\/\/www.asajacyl.com\/palencia\/author\/carlosrm"}]}},"_links":{"self":[{"href":"https:\/\/www.asajacyl.com\/palencia\/wp-json\/wp\/v2\/posts\/21095"}],"collection":[{"href":"https:\/\/www.asajacyl.com\/palencia\/wp-json\/wp\/v2\/posts"}],"about":[{"href":"https:\/\/www.asajacyl.com\/palencia\/wp-json\/wp\/v2\/types\/post"}],"author":[{"embeddable":true,"href":"https:\/\/www.asajacyl.com\/palencia\/wp-json\/wp\/v2\/users\/9"}],"replies":[{"embeddable":true,"href":"https:\/\/www.asajacyl.com\/palencia\/wp-json\/wp\/v2\/comments?post=21095"}],"version-history":[{"count":2,"href":"https:\/\/www.asajacyl.com\/palencia\/wp-json\/wp\/v2\/posts\/21095\/revisions"}],"predecessor-version":[{"id":21100,"href":"https:\/\/www.asajacyl.com\/palencia\/wp-json\/wp\/v2\/posts\/21095\/revisions\/21100"}],"wp:featuredmedia":[{"embeddable":true,"href":"https:\/\/www.asajacyl.com\/palencia\/wp-json\/wp\/v2\/media\/21099"}],"wp:attachment":[{"href":"https:\/\/www.asajacyl.com\/palencia\/wp-json\/wp\/v2\/media?parent=21095"}],"wp:term":[{"taxonomy":"category","embeddable":true,"href":"https:\/\/www.asajacyl.com\/palencia\/wp-json\/wp\/v2\/categories?post=21095"},{"taxonomy":"post_tag","embeddable":true,"href":"https:\/\/www.asajacyl.com\/palencia\/wp-json\/wp\/v2\/tags?post=21095"}],"curies":[{"name":"wp","href":"https:\/\/api.w.org\/{rel}","templated":true}]}}