{"id":21137,"date":"2025-10-06T12:45:08","date_gmt":"2025-10-06T10:45:08","guid":{"rendered":"https:\/\/www.asajacyl.com\/palencia\/?p=21137"},"modified":"2025-10-06T12:45:10","modified_gmt":"2025-10-06T10:45:10","slug":"12-de-octubre-ultimo-dia-para-presentarse-candidato-a-los-premios-chaleco-agricultor-2025","status":"publish","type":"post","link":"https:\/\/www.asajacyl.com\/palencia\/asaja-palencia-informa\/12-de-octubre-ultimo-dia-para-presentarse-candidato-a-los-premios-chaleco-agricultor-2025","title":{"rendered":"12 de octubre, \u00faltimo d\u00eda para presentarse candidato a los Premios Chaleco Agricultor 2025"},"content":{"rendered":"\n<h2 class=\"wp-block-heading\">ASAJA y Expo AgriTech, la feria nacional dedicada a la innovaci\u00f3n en el sector agr\u00edcola, han creado los Premios Chaleco Agricultor 2025, que aspiran a ser los &#8216;Estrella Michel\u00edn&#8217; del sector primario y se proponen reconocer experiencias innovadoras dentro de la agricultura y la ganader\u00eda. <span style=\"text-decoration: underline\">Hasta el domingo 12 de octubre <\/span>pueden presentarse candidaturas a estos galardones, dirigidos tanto a explotaciones de gran tama\u00f1o como a las peque\u00f1as y aut\u00f3nomos del sector agroganadero. <\/h2>\n\n\n\n<p>La entrega de premios se celebrar\u00e1 el 30 de octubre de 2025 en M\u00e1laga, coincidiendo con la \u00faltima jornada dela feria Expo AgriTech, que se desarrollar\u00e1 <strong>del 28 al 30 de octubre en el Palacio de Ferias y Congresos de M\u00e1laga<\/strong>\u00a0(FYCMA), donde se dar\u00e1n cita agricultores, ganaderos, empresas tecnol\u00f3gicas y expertos para mostrar maquinaria puntera, soluciones digitales y proyectos de agricultura 4.0.<\/p>\n\n\n\n<p>Los ganadores nacionales\u00a0<strong>recibir\u00e1n un cheque de 4000 euros\u00a0para invertir<\/strong> en maquinaria, sistemas de riego, equipos de cosecha, seguros o nutrientes vegetales entre los expositores. Todos los finalistas obtendr\u00e1n, adem\u00e1s, un chaleco conmemorativo. Se entregar\u00e1 un premio por cada una de las tres categor\u00edas previstas.<\/p>\n\n\n\n<p>Mediante los Premios Chaleco Agricultor, ASAJA y la feria \u2014de la que nuestra organizaci\u00f3n es socia estrat\u00e9gica\u2014 buscan dar visibilidad y reconocimiento p\u00fablico a la acciones innovadoras, sostenibles y tecnol\u00f3gicas aplicadas en el d\u00eda a d\u00eda del campo, que adem\u00e1s pueden servir de modelo para otros profesionales agroganaderos. <\/p>\n\n\n\n<p>Adem\u00e1s del reconocimiento p\u00fablico,<strong>\u00a0los premios ofrecen recursos econ\u00f3micos directos y la posibilidad de conectar con proveedores tecnol\u00f3gicos presentes en la feria<\/strong>. Esto permitir\u00e1 a los finalistas invertir en mejoras concretas para sus explotaciones y aprovechar la presencia de empresas y expertos durante la feria.<\/p>\n\n\n\n<p>Sergio Fabregat, director de la feria, ha animado al conjunto de los profesionales agrarios a participar en la convocatoria porque\u00a0\u00abson el coraz\u00f3n de nuestra sociedad, los responsables de que podamos comer de forma saludable y con productos de alt\u00edsima calidad\u00bb.\u00a0<\/p>\n\n\n\n<p>Hasta el 12 de octubre pueden presentarse candidaturas a trav\u00e9s de este\u00a0<a href=\"https:\/\/nebext.typeform.com\/to\/n67I9ElM?typeform-source=www.expoagritech.com\" target=\"_blank\" rel=\"noreferrer noopener\">formulario<\/a>\u00a0en las tres categor\u00edas previstas:<\/p>\n\n\n\n<ul>\n<li><strong>Innovaci\u00f3n en cultivos<\/strong>, para pioneros en nuevas variedades, cultivos adaptados al cambio clim\u00e1tico o insumos innovadores como derivados de larvas de insectos o algas.<\/li>\n\n\n\n<li><strong>Sostenibilidad<\/strong>, para proyectos que reduzcan el impacto ambiental, con uso eficiente de recursos, conservaci\u00f3n del suelo o medidas de econom\u00eda circular.<\/li>\n\n\n\n<li><strong>Aplicaci\u00f3n de la tecnolog\u00eda<\/strong>, para quienes han introducido soluciones avanzadas de agricultura 4.0: drones, sensores, inteligencia artificial, automatizaci\u00f3n o digitalizaci\u00f3n de operaciones.<\/li>\n<\/ul>\n\n\n\n<p><strong>De cada provincia espa\u00f1ola se seleccionar\u00e1n tres finalistas<\/strong>\u00a0(uno por cada categor\u00eda). Estos competir\u00e1n a nivel nacional en la gran gala del 30 de octubre, donde se decidir\u00e1n los ganadores.<\/p>\n\n\n\n<p>El proceso de evaluaci\u00f3n estar\u00e1 a cargo de un comit\u00e9 t\u00e9cnico de expertos del sector, innovaci\u00f3n tecnol\u00f3gica y sostenibilidad, que analizar\u00e1n el impacto, la originalidad, el equipo implicado y el potencial\u00a0de crecimiento de cada proyecto.<\/p>\n\n\n\n<p><strong>SEGUNDA EDICI\u00d3N. <\/strong>La II Expo AgriTech 2025\u00a0reunir\u00e1 durante tres d\u00edas a empresas tecnol\u00f3gicas, centros de innovaci\u00f3n y profesionales del sector agr\u00edcola y\u00a0llega tras el \u00e9xito de la primera edici\u00f3n, en la que participaron miles de profesionales del sector agroalimentario de toda Espa\u00f1a, m\u00e1s de un centenar de firmas expositoras y centenares de expertos que debatieron sobre inteligencia artificial, drones, robotizaci\u00f3n, agricultura regenerativa y nuevas fuentes de energ\u00eda para el campo.\u00a0<\/p>\n\n\n\n<p>Aquel encuentro sirvi\u00f3 para mostrar\u00a0innovaciones como tractores aut\u00f3nomos, robots de recogida, drones de monitorizaci\u00f3n o equipos electr\u00f3nicos para capturar plagas.<\/p>\n\n\n\n<p>En este entorno, los agricultores asistentes podr\u00e1n<strong>&nbsp;conocer maquinaria, sistemas de riego de \u00faltima generaci\u00f3n, soluciones de conectividad y herramientas digitales&nbsp;<\/strong>para mejorar la productividad y sostenibilidad de sus explotaciones.&nbsp;<\/p>\n\n\n\n<p>M\u00e1s informaci\u00f3n sobre el premio, bases y formulario de participaci\u00f3n en <a href=\"https:\/\/www.expoagritech.com\/premios-chaleco-agricultor-2025\">https:\/\/www.expoagritech.com\/premios-chaleco-agricultor-2025<\/a><\/p>\n","protected":false},"excerpt":{"rendered":"<p>ASAJA y Expo AgriTech, la feria nacional dedicada a la innovaci\u00f3n en el sector agr\u00edcola, han creado los Premios Chaleco Agricultor 2025, que aspiran a ser los &#8216;Estrella Michel\u00edn&#8217; del sector primario y se proponen reconocer experiencias innovadoras dentro de la agricultura y la ganader\u00eda. Hasta el domingo 12 de octubre pueden presentarse candidaturas a [&hellip;]<\/p>\n","protected":false},"author":9,"featured_media":21138,"comment_status":"open","ping_status":"open","sticky":false,"template":"","format":"standard","meta":{"footnotes":""},"categories":[9,31,29,28,13],"tags":[58,1236,479,248,351,795,77,491,153,1597,154],"yoast_head":"<!-- This site is optimized with the Yoast SEO plugin v24.5 - https:\/\/yoast.com\/wordpress\/plugins\/seo\/ -->\n<title>12 de octubre, \u00faltimo d\u00eda para presentarse candidato a los Premios Chaleco Agricultor 2025 - ASAJA Palencia<\/title>\n<meta name=\"description\" content=\"ASAJA y Expo AgriTech, la feria nacional dedicada a la innovaci\u00f3n en el sector agr\u00edcola, han creado los Premios Chaleco Agricultor 2025, que aspiran a ser\" \/>\n<meta name=\"robots\" content=\"index, follow, max-snippet:-1, max-image-preview:large, max-video-preview:-1\" \/>\n<link rel=\"canonical\" href=\"https:\/\/www.asajacyl.com\/palencia\/asaja-palencia-informa\/12-de-octubre-ultimo-dia-para-presentarse-candidato-a-los-premios-chaleco-agricultor-2025\" \/>\n<meta property=\"og:locale\" content=\"es_ES\" \/>\n<meta property=\"og:type\" content=\"article\" \/>\n<meta property=\"og:title\" content=\"12 de octubre, \u00faltimo d\u00eda para presentarse candidato a los Premios Chaleco Agricultor 2025 - ASAJA Palencia\" \/>\n<meta property=\"og:description\" content=\"ASAJA y Expo AgriTech, la feria nacional dedicada a la innovaci\u00f3n en el sector agr\u00edcola, han creado los Premios Chaleco Agricultor 2025, que aspiran a ser\" \/>\n<meta property=\"og:url\" content=\"https:\/\/www.asajacyl.com\/palencia\/asaja-palencia-informa\/12-de-octubre-ultimo-dia-para-presentarse-candidato-a-los-premios-chaleco-agricultor-2025\" \/>\n<meta property=\"og:site_name\" content=\"ASAJA Palencia\" \/>\n<meta property=\"article:published_time\" content=\"2025-10-06T10:45:08+00:00\" \/>\n<meta property=\"article:modified_time\" content=\"2025-10-06T10:45:10+00:00\" \/>\n<meta property=\"og:image\" content=\"https:\/\/www.asajacyl.com\/palencia\/wp-content\/uploads\/sites\/3\/2025\/10\/Premios-Chalecos-Agricultor-2025.jpg\" \/>\n\t<meta property=\"og:image:width\" content=\"1890\" \/>\n\t<meta property=\"og:image:height\" content=\"1654\" \/>\n\t<meta property=\"og:image:type\" content=\"image\/jpeg\" \/>\n<meta name=\"author\" content=\"Administrador\" \/>\n<meta name=\"twitter:card\" content=\"summary_large_image\" \/>\n<meta name=\"twitter:label1\" content=\"Escrito por\" \/>\n\t<meta name=\"twitter:data1\" content=\"Administrador\" \/>\n\t<meta name=\"twitter:label2\" content=\"Tiempo de lectura\" \/>\n\t<meta name=\"twitter:data2\" content=\"3 minutos\" \/>\n<script type=\"application\/ld+json\" class=\"yoast-schema-graph\">{\"@context\":\"https:\/\/schema.org\",\"@graph\":[{\"@type\":\"WebPage\",\"@id\":\"https:\/\/www.asajacyl.com\/palencia\/asaja-palencia-informa\/12-de-octubre-ultimo-dia-para-presentarse-candidato-a-los-premios-chaleco-agricultor-2025\",\"url\":\"https:\/\/www.asajacyl.com\/palencia\/asaja-palencia-informa\/12-de-octubre-ultimo-dia-para-presentarse-candidato-a-los-premios-chaleco-agricultor-2025\",\"name\":\"12 de octubre, \u00faltimo d\u00eda para presentarse candidato a los Premios Chaleco Agricultor 2025 - ASAJA Palencia\",\"isPartOf\":{\"@id\":\"https:\/\/www.asajacyl.com\/palencia\/#website\"},\"primaryImageOfPage\":{\"@id\":\"https:\/\/www.asajacyl.com\/palencia\/asaja-palencia-informa\/12-de-octubre-ultimo-dia-para-presentarse-candidato-a-los-premios-chaleco-agricultor-2025#primaryimage\"},\"image\":{\"@id\":\"https:\/\/www.asajacyl.com\/palencia\/asaja-palencia-informa\/12-de-octubre-ultimo-dia-para-presentarse-candidato-a-los-premios-chaleco-agricultor-2025#primaryimage\"},\"thumbnailUrl\":\"https:\/\/www.asajacyl.com\/palencia\/wp-content\/uploads\/sites\/3\/2025\/10\/Premios-Chalecos-Agricultor-2025.jpg\",\"datePublished\":\"2025-10-06T10:45:08+00:00\",\"dateModified\":\"2025-10-06T10:45:10+00:00\",\"author\":{\"@id\":\"https:\/\/www.asajacyl.com\/palencia\/#\/schema\/person\/3ab17aeb03527485c317557fae64aab1\"},\"description\":\"ASAJA y Expo AgriTech, la feria nacional dedicada a la innovaci\u00f3n en el sector agr\u00edcola, han creado los Premios Chaleco Agricultor 2025, que aspiran a ser\",\"breadcrumb\":{\"@id\":\"https:\/\/www.asajacyl.com\/palencia\/asaja-palencia-informa\/12-de-octubre-ultimo-dia-para-presentarse-candidato-a-los-premios-chaleco-agricultor-2025#breadcrumb\"},\"inLanguage\":\"es\",\"potentialAction\":[{\"@type\":\"ReadAction\",\"target\":[\"https:\/\/www.asajacyl.com\/palencia\/asaja-palencia-informa\/12-de-octubre-ultimo-dia-para-presentarse-candidato-a-los-premios-chaleco-agricultor-2025\"]}]},{\"@type\":\"ImageObject\",\"inLanguage\":\"es\",\"@id\":\"https:\/\/www.asajacyl.com\/palencia\/asaja-palencia-informa\/12-de-octubre-ultimo-dia-para-presentarse-candidato-a-los-premios-chaleco-agricultor-2025#primaryimage\",\"url\":\"https:\/\/www.asajacyl.com\/palencia\/wp-content\/uploads\/sites\/3\/2025\/10\/Premios-Chalecos-Agricultor-2025.jpg\",\"contentUrl\":\"https:\/\/www.asajacyl.com\/palencia\/wp-content\/uploads\/sites\/3\/2025\/10\/Premios-Chalecos-Agricultor-2025.jpg\",\"width\":1890,\"height\":1654},{\"@type\":\"BreadcrumbList\",\"@id\":\"https:\/\/www.asajacyl.com\/palencia\/asaja-palencia-informa\/12-de-octubre-ultimo-dia-para-presentarse-candidato-a-los-premios-chaleco-agricultor-2025#breadcrumb\",\"itemListElement\":[{\"@type\":\"ListItem\",\"position\":1,\"name\":\"Portada\",\"item\":\"https:\/\/www.asajacyl.com\/palencia\/\"},{\"@type\":\"ListItem\",\"position\":2,\"name\":\"12 de octubre, \u00faltimo d\u00eda para presentarse candidato a los Premios Chaleco Agricultor 2025\"}]},{\"@type\":\"WebSite\",\"@id\":\"https:\/\/www.asajacyl.com\/palencia\/#website\",\"url\":\"https:\/\/www.asajacyl.com\/palencia\/\",\"name\":\"ASAJA Palencia\",\"description\":\"Otro sitio m\u00e1s de Provincias ASAJA Castilla y Le\u00f3n\",\"potentialAction\":[{\"@type\":\"SearchAction\",\"target\":{\"@type\":\"EntryPoint\",\"urlTemplate\":\"https:\/\/www.asajacyl.com\/palencia\/?s={search_term_string}\"},\"query-input\":{\"@type\":\"PropertyValueSpecification\",\"valueRequired\":true,\"valueName\":\"search_term_string\"}}],\"inLanguage\":\"es\"},{\"@type\":\"Person\",\"@id\":\"https:\/\/www.asajacyl.com\/palencia\/#\/schema\/person\/3ab17aeb03527485c317557fae64aab1\",\"name\":\"Administrador\",\"image\":{\"@type\":\"ImageObject\",\"inLanguage\":\"es\",\"@id\":\"https:\/\/www.asajacyl.com\/palencia\/#\/schema\/person\/image\/\",\"url\":\"https:\/\/secure.gravatar.com\/avatar\/517384810d242ca9e38c180f3c9fb973?s=96&d=mm&r=g\",\"contentUrl\":\"https:\/\/secure.gravatar.com\/avatar\/517384810d242ca9e38c180f3c9fb973?s=96&d=mm&r=g\",\"caption\":\"Administrador\"},\"url\":\"https:\/\/www.asajacyl.com\/palencia\/author\/carlosrm\"}]}<\/script>\n<!-- \/ Yoast SEO plugin. -->","yoast_head_json":{"title":"12 de octubre, \u00faltimo d\u00eda para presentarse candidato a los Premios Chaleco Agricultor 2025 - ASAJA Palencia","description":"ASAJA y Expo AgriTech, la feria nacional dedicada a la innovaci\u00f3n en el sector agr\u00edcola, han creado los Premios Chaleco Agricultor 2025, que aspiran a ser","robots":{"index":"index","follow":"follow","max-snippet":"max-snippet:-1","max-image-preview":"max-image-preview:large","max-video-preview":"max-video-preview:-1"},"canonical":"https:\/\/www.asajacyl.com\/palencia\/asaja-palencia-informa\/12-de-octubre-ultimo-dia-para-presentarse-candidato-a-los-premios-chaleco-agricultor-2025","og_locale":"es_ES","og_type":"article","og_title":"12 de octubre, \u00faltimo d\u00eda para presentarse candidato a los Premios Chaleco Agricultor 2025 - ASAJA Palencia","og_description":"ASAJA y Expo AgriTech, la feria nacional dedicada a la innovaci\u00f3n en el sector agr\u00edcola, han creado los Premios Chaleco Agricultor 2025, que aspiran a ser","og_url":"https:\/\/www.asajacyl.com\/palencia\/asaja-palencia-informa\/12-de-octubre-ultimo-dia-para-presentarse-candidato-a-los-premios-chaleco-agricultor-2025","og_site_name":"ASAJA Palencia","article_published_time":"2025-10-06T10:45:08+00:00","article_modified_time":"2025-10-06T10:45:10+00:00","og_image":[{"width":1890,"height":1654,"url":"https:\/\/www.asajacyl.com\/palencia\/wp-content\/uploads\/sites\/3\/2025\/10\/Premios-Chalecos-Agricultor-2025.jpg","type":"image\/jpeg"}],"author":"Administrador","twitter_card":"summary_large_image","twitter_misc":{"Escrito por":"Administrador","Tiempo de lectura":"3 minutos"},"schema":{"@context":"https:\/\/schema.org","@graph":[{"@type":"WebPage","@id":"https:\/\/www.asajacyl.com\/palencia\/asaja-palencia-informa\/12-de-octubre-ultimo-dia-para-presentarse-candidato-a-los-premios-chaleco-agricultor-2025","url":"https:\/\/www.asajacyl.com\/palencia\/asaja-palencia-informa\/12-de-octubre-ultimo-dia-para-presentarse-candidato-a-los-premios-chaleco-agricultor-2025","name":"12 de octubre, \u00faltimo d\u00eda para presentarse candidato a los Premios Chaleco Agricultor 2025 - ASAJA Palencia","isPartOf":{"@id":"https:\/\/www.asajacyl.com\/palencia\/#website"},"primaryImageOfPage":{"@id":"https:\/\/www.asajacyl.com\/palencia\/asaja-palencia-informa\/12-de-octubre-ultimo-dia-para-presentarse-candidato-a-los-premios-chaleco-agricultor-2025#primaryimage"},"image":{"@id":"https:\/\/www.asajacyl.com\/palencia\/asaja-palencia-informa\/12-de-octubre-ultimo-dia-para-presentarse-candidato-a-los-premios-chaleco-agricultor-2025#primaryimage"},"thumbnailUrl":"https:\/\/www.asajacyl.com\/palencia\/wp-content\/uploads\/sites\/3\/2025\/10\/Premios-Chalecos-Agricultor-2025.jpg","datePublished":"2025-10-06T10:45:08+00:00","dateModified":"2025-10-06T10:45:10+00:00","author":{"@id":"https:\/\/www.asajacyl.com\/palencia\/#\/schema\/person\/3ab17aeb03527485c317557fae64aab1"},"description":"ASAJA y Expo AgriTech, la feria nacional dedicada a la innovaci\u00f3n en el sector agr\u00edcola, han creado los Premios Chaleco Agricultor 2025, que aspiran a ser","breadcrumb":{"@id":"https:\/\/www.asajacyl.com\/palencia\/asaja-palencia-informa\/12-de-octubre-ultimo-dia-para-presentarse-candidato-a-los-premios-chaleco-agricultor-2025#breadcrumb"},"inLanguage":"es","potentialAction":[{"@type":"ReadAction","target":["https:\/\/www.asajacyl.com\/palencia\/asaja-palencia-informa\/12-de-octubre-ultimo-dia-para-presentarse-candidato-a-los-premios-chaleco-agricultor-2025"]}]},{"@type":"ImageObject","inLanguage":"es","@id":"https:\/\/www.asajacyl.com\/palencia\/asaja-palencia-informa\/12-de-octubre-ultimo-dia-para-presentarse-candidato-a-los-premios-chaleco-agricultor-2025#primaryimage","url":"https:\/\/www.asajacyl.com\/palencia\/wp-content\/uploads\/sites\/3\/2025\/10\/Premios-Chalecos-Agricultor-2025.jpg","contentUrl":"https:\/\/www.asajacyl.com\/palencia\/wp-content\/uploads\/sites\/3\/2025\/10\/Premios-Chalecos-Agricultor-2025.jpg","width":1890,"height":1654},{"@type":"BreadcrumbList","@id":"https:\/\/www.asajacyl.com\/palencia\/asaja-palencia-informa\/12-de-octubre-ultimo-dia-para-presentarse-candidato-a-los-premios-chaleco-agricultor-2025#breadcrumb","itemListElement":[{"@type":"ListItem","position":1,"name":"Portada","item":"https:\/\/www.asajacyl.com\/palencia\/"},{"@type":"ListItem","position":2,"name":"12 de octubre, \u00faltimo d\u00eda para presentarse candidato a los Premios Chaleco Agricultor 2025"}]},{"@type":"WebSite","@id":"https:\/\/www.asajacyl.com\/palencia\/#website","url":"https:\/\/www.asajacyl.com\/palencia\/","name":"ASAJA Palencia","description":"Otro sitio m\u00e1s de Provincias ASAJA Castilla y Le\u00f3n","potentialAction":[{"@type":"SearchAction","target":{"@type":"EntryPoint","urlTemplate":"https:\/\/www.asajacyl.com\/palencia\/?s={search_term_string}"},"query-input":{"@type":"PropertyValueSpecification","valueRequired":true,"valueName":"search_term_string"}}],"inLanguage":"es"},{"@type":"Person","@id":"https:\/\/www.asajacyl.com\/palencia\/#\/schema\/person\/3ab17aeb03527485c317557fae64aab1","name":"Administrador","image":{"@type":"ImageObject","inLanguage":"es","@id":"https:\/\/www.asajacyl.com\/palencia\/#\/schema\/person\/image\/","url":"https:\/\/secure.gravatar.com\/avatar\/517384810d242ca9e38c180f3c9fb973?s=96&d=mm&r=g","contentUrl":"https:\/\/secure.gravatar.com\/avatar\/517384810d242ca9e38c180f3c9fb973?s=96&d=mm&r=g","caption":"Administrador"},"url":"https:\/\/www.asajacyl.com\/palencia\/author\/carlosrm"}]}},"_links":{"self":[{"href":"https:\/\/www.asajacyl.com\/palencia\/wp-json\/wp\/v2\/posts\/21137"}],"collection":[{"href":"https:\/\/www.asajacyl.com\/palencia\/wp-json\/wp\/v2\/posts"}],"about":[{"href":"https:\/\/www.asajacyl.com\/palencia\/wp-json\/wp\/v2\/types\/post"}],"author":[{"embeddable":true,"href":"https:\/\/www.asajacyl.com\/palencia\/wp-json\/wp\/v2\/users\/9"}],"replies":[{"embeddable":true,"href":"https:\/\/www.asajacyl.com\/palencia\/wp-json\/wp\/v2\/comments?post=21137"}],"version-history":[{"count":1,"href":"https:\/\/www.asajacyl.com\/palencia\/wp-json\/wp\/v2\/posts\/21137\/revisions"}],"predecessor-version":[{"id":21139,"href":"https:\/\/www.asajacyl.com\/palencia\/wp-json\/wp\/v2\/posts\/21137\/revisions\/21139"}],"wp:featuredmedia":[{"embeddable":true,"href":"https:\/\/www.asajacyl.com\/palencia\/wp-json\/wp\/v2\/media\/21138"}],"wp:attachment":[{"href":"https:\/\/www.asajacyl.com\/palencia\/wp-json\/wp\/v2\/media?parent=21137"}],"wp:term":[{"taxonomy":"category","embeddable":true,"href":"https:\/\/www.asajacyl.com\/palencia\/wp-json\/wp\/v2\/categories?post=21137"},{"taxonomy":"post_tag","embeddable":true,"href":"https:\/\/www.asajacyl.com\/palencia\/wp-json\/wp\/v2\/tags?post=21137"}],"curies":[{"name":"wp","href":"https:\/\/api.w.org\/{rel}","templated":true}]}}