{"id":21146,"date":"2025-10-08T09:27:18","date_gmt":"2025-10-08T07:27:18","guid":{"rendered":"https:\/\/www.asajacyl.com\/palencia\/?p=21146"},"modified":"2025-10-08T09:27:21","modified_gmt":"2025-10-08T07:27:21","slug":"castrejon-de-la-pena-celebra-este-sabado-11-de-octubre-su-iv-feria-de-la-miel","status":"publish","type":"post","link":"https:\/\/www.asajacyl.com\/palencia\/asaja-palencia-informa\/castrejon-de-la-pena-celebra-este-sabado-11-de-octubre-su-iv-feria-de-la-miel","title":{"rendered":"Castrej\u00f3n de la Pe\u00f1a celebra este s\u00e1bado 11 de octubre su IV Feria de la Miel"},"content":{"rendered":"\n<h2 class=\"wp-block-heading\">Castrej\u00f3n de la Pe\u00f1a celebrar\u00e1 este s\u00e1bado, 11 de octubre, su IV Feria de la Miel, con un amplio y variado programa de actos que empezar\u00e1 a las 10:30 horas, con la apertura de los expositores de venta de productos ap\u00edcolas y artesan\u00eda de la zona, alrededor de cuarenta profesionales que permanecer\u00e1n durante toda la jornada en la bolera municipal. Las actividades concluir\u00e1n a las 21 horas con un concierto a cargo de Isabel Marco.<\/h2>\n\n\n\n<p>La\u00a0apicultura mueve en la provincia de Palencia\u00a0unos veinticinco millones de euros anuales, con una producci\u00f3n que ronda las trescientes toneladas entre\u00a0productores profesionales y aficionados. Se trata de una actividad importante para la econom\u00eda rural, as\u00ed como para la\u00a0polinizaci\u00f3n y la sostenibilidad de los ecosistemas.<\/p>\n\n\n\n<p>La imagen adjunta muestra el programa completo de la IV Feria de la Miel de Castrej\u00f3n de la Pe\u00f1a, localidad en la que se encuentra el <strong>Museo de las Abejas<\/strong>, que celebrar\u00e1 una jornada de puertas abiertas durante este d\u00edas. Su objetivo es dar a conocer, de forma did\u00e1ctica y amena, el mundo de las abejas: el tiempo que viven, las tareas que realizan, la importancia de la polinizaci\u00f3n, c\u00f3mo elaboran la miel, la organizaci\u00f3n de la colmena, etc\u00e9tera. El museo muestra las t\u00e9cnicas de obtenci\u00f3n de los productos que proporcionan las abejas, adem\u00e1s de reconocer y difundir el trabajo tradicional de los apicultores.<\/p>\n\n\n<div class=\"wp-block-image\">\n<figure class=\"aligncenter size-large is-resized\"><img loading=\"lazy\" decoding=\"async\" width=\"510\" height=\"1024\" src=\"https:\/\/www.asajacyl.com\/palencia\/wp-content\/uploads\/sites\/3\/2025\/10\/image-510x1024.jpg\" alt=\"\" class=\"wp-image-21147\" style=\"width:1072px;height:auto\" srcset=\"https:\/\/www.asajacyl.com\/palencia\/wp-content\/uploads\/sites\/3\/2025\/10\/image-510x1024.jpg 510w, https:\/\/www.asajacyl.com\/palencia\/wp-content\/uploads\/sites\/3\/2025\/10\/image-149x300.jpg 149w, https:\/\/www.asajacyl.com\/palencia\/wp-content\/uploads\/sites\/3\/2025\/10\/image-768x1543.jpg 768w, https:\/\/www.asajacyl.com\/palencia\/wp-content\/uploads\/sites\/3\/2025\/10\/image-764x1536.jpg 764w, https:\/\/www.asajacyl.com\/palencia\/wp-content\/uploads\/sites\/3\/2025\/10\/image-1019x2048.jpg 1019w, https:\/\/www.asajacyl.com\/palencia\/wp-content\/uploads\/sites\/3\/2025\/10\/image-209x420.jpg 209w, https:\/\/www.asajacyl.com\/palencia\/wp-content\/uploads\/sites\/3\/2025\/10\/image-696x1398.jpg 696w, https:\/\/www.asajacyl.com\/palencia\/wp-content\/uploads\/sites\/3\/2025\/10\/image-1068x2146.jpg 1068w, https:\/\/www.asajacyl.com\/palencia\/wp-content\/uploads\/sites\/3\/2025\/10\/image.jpg 1199w\" sizes=\"(max-width: 510px) 100vw, 510px\" \/><\/figure><\/div>\n\n\n<p>f<\/p>\n","protected":false},"excerpt":{"rendered":"<p>Castrej\u00f3n de la Pe\u00f1a celebrar\u00e1 este s\u00e1bado, 11 de octubre, su IV Feria de la Miel, con un amplio y variado programa de actos que empezar\u00e1 a las 10:30 horas, con la apertura de los expositores de venta de productos ap\u00edcolas y artesan\u00eda de la zona, alrededor de cuarenta profesionales que permanecer\u00e1n durante toda la [&hellip;]<\/p>\n","protected":false},"author":9,"featured_media":21148,"comment_status":"open","ping_status":"open","sticky":false,"template":"","format":"standard","meta":{"footnotes":""},"categories":[9,31,29,28,13],"tags":[58,195,51,1112,351,50,123],"yoast_head":"<!-- This site is optimized with the Yoast SEO plugin v24.5 - https:\/\/yoast.com\/wordpress\/plugins\/seo\/ -->\n<title>Castrej\u00f3n de la Pe\u00f1a celebra este s\u00e1bado 11 de octubre su IV Feria de la Miel - ASAJA Palencia<\/title>\n<meta name=\"description\" content=\"Castrej\u00f3n de la Pe\u00f1a celebrar\u00e1 este s\u00e1bado, 11 de octubre, su IV Feria de la Miel, con un amplio y variado programa de actos que empezar\u00e1 a las 10:30\" \/>\n<meta name=\"robots\" content=\"index, follow, max-snippet:-1, max-image-preview:large, max-video-preview:-1\" \/>\n<link rel=\"canonical\" href=\"https:\/\/www.asajacyl.com\/palencia\/asaja-palencia-informa\/castrejon-de-la-pena-celebra-este-sabado-11-de-octubre-su-iv-feria-de-la-miel\" \/>\n<meta property=\"og:locale\" content=\"es_ES\" \/>\n<meta property=\"og:type\" content=\"article\" \/>\n<meta property=\"og:title\" content=\"Castrej\u00f3n de la Pe\u00f1a celebra este s\u00e1bado 11 de octubre su IV Feria de la Miel - ASAJA Palencia\" \/>\n<meta property=\"og:description\" content=\"Castrej\u00f3n de la Pe\u00f1a celebrar\u00e1 este s\u00e1bado, 11 de octubre, su IV Feria de la Miel, con un amplio y variado programa de actos que empezar\u00e1 a las 10:30\" \/>\n<meta property=\"og:url\" content=\"https:\/\/www.asajacyl.com\/palencia\/asaja-palencia-informa\/castrejon-de-la-pena-celebra-este-sabado-11-de-octubre-su-iv-feria-de-la-miel\" \/>\n<meta property=\"og:site_name\" content=\"ASAJA Palencia\" \/>\n<meta property=\"article:published_time\" content=\"2025-10-08T07:27:18+00:00\" \/>\n<meta property=\"article:modified_time\" content=\"2025-10-08T07:27:21+00:00\" \/>\n<meta property=\"og:image\" content=\"https:\/\/www.asajacyl.com\/palencia\/wp-content\/uploads\/sites\/3\/2025\/10\/IV-Feria-Miel-Castrejon-web.jpg\" \/>\n\t<meta property=\"og:image:width\" content=\"1890\" \/>\n\t<meta property=\"og:image:height\" content=\"1654\" \/>\n\t<meta property=\"og:image:type\" content=\"image\/jpeg\" \/>\n<meta name=\"author\" content=\"Administrador\" \/>\n<meta name=\"twitter:card\" content=\"summary_large_image\" \/>\n<meta name=\"twitter:label1\" content=\"Escrito por\" \/>\n\t<meta name=\"twitter:data1\" content=\"Administrador\" \/>\n\t<meta name=\"twitter:label2\" content=\"Tiempo de lectura\" \/>\n\t<meta name=\"twitter:data2\" content=\"2 minutos\" \/>\n<script type=\"application\/ld+json\" class=\"yoast-schema-graph\">{\"@context\":\"https:\/\/schema.org\",\"@graph\":[{\"@type\":\"WebPage\",\"@id\":\"https:\/\/www.asajacyl.com\/palencia\/asaja-palencia-informa\/castrejon-de-la-pena-celebra-este-sabado-11-de-octubre-su-iv-feria-de-la-miel\",\"url\":\"https:\/\/www.asajacyl.com\/palencia\/asaja-palencia-informa\/castrejon-de-la-pena-celebra-este-sabado-11-de-octubre-su-iv-feria-de-la-miel\",\"name\":\"Castrej\u00f3n de la Pe\u00f1a celebra este s\u00e1bado 11 de octubre su IV Feria de la Miel - ASAJA Palencia\",\"isPartOf\":{\"@id\":\"https:\/\/www.asajacyl.com\/palencia\/#website\"},\"primaryImageOfPage\":{\"@id\":\"https:\/\/www.asajacyl.com\/palencia\/asaja-palencia-informa\/castrejon-de-la-pena-celebra-este-sabado-11-de-octubre-su-iv-feria-de-la-miel#primaryimage\"},\"image\":{\"@id\":\"https:\/\/www.asajacyl.com\/palencia\/asaja-palencia-informa\/castrejon-de-la-pena-celebra-este-sabado-11-de-octubre-su-iv-feria-de-la-miel#primaryimage\"},\"thumbnailUrl\":\"https:\/\/www.asajacyl.com\/palencia\/wp-content\/uploads\/sites\/3\/2025\/10\/IV-Feria-Miel-Castrejon-web.jpg\",\"datePublished\":\"2025-10-08T07:27:18+00:00\",\"dateModified\":\"2025-10-08T07:27:21+00:00\",\"author\":{\"@id\":\"https:\/\/www.asajacyl.com\/palencia\/#\/schema\/person\/3ab17aeb03527485c317557fae64aab1\"},\"description\":\"Castrej\u00f3n de la Pe\u00f1a celebrar\u00e1 este s\u00e1bado, 11 de octubre, su IV Feria de la Miel, con un amplio y variado programa de actos que empezar\u00e1 a las 10:30\",\"breadcrumb\":{\"@id\":\"https:\/\/www.asajacyl.com\/palencia\/asaja-palencia-informa\/castrejon-de-la-pena-celebra-este-sabado-11-de-octubre-su-iv-feria-de-la-miel#breadcrumb\"},\"inLanguage\":\"es\",\"potentialAction\":[{\"@type\":\"ReadAction\",\"target\":[\"https:\/\/www.asajacyl.com\/palencia\/asaja-palencia-informa\/castrejon-de-la-pena-celebra-este-sabado-11-de-octubre-su-iv-feria-de-la-miel\"]}]},{\"@type\":\"ImageObject\",\"inLanguage\":\"es\",\"@id\":\"https:\/\/www.asajacyl.com\/palencia\/asaja-palencia-informa\/castrejon-de-la-pena-celebra-este-sabado-11-de-octubre-su-iv-feria-de-la-miel#primaryimage\",\"url\":\"https:\/\/www.asajacyl.com\/palencia\/wp-content\/uploads\/sites\/3\/2025\/10\/IV-Feria-Miel-Castrejon-web.jpg\",\"contentUrl\":\"https:\/\/www.asajacyl.com\/palencia\/wp-content\/uploads\/sites\/3\/2025\/10\/IV-Feria-Miel-Castrejon-web.jpg\",\"width\":1890,\"height\":1654},{\"@type\":\"BreadcrumbList\",\"@id\":\"https:\/\/www.asajacyl.com\/palencia\/asaja-palencia-informa\/castrejon-de-la-pena-celebra-este-sabado-11-de-octubre-su-iv-feria-de-la-miel#breadcrumb\",\"itemListElement\":[{\"@type\":\"ListItem\",\"position\":1,\"name\":\"Portada\",\"item\":\"https:\/\/www.asajacyl.com\/palencia\/\"},{\"@type\":\"ListItem\",\"position\":2,\"name\":\"Castrej\u00f3n de la Pe\u00f1a celebra este s\u00e1bado 11 de octubre su IV Feria de la Miel\"}]},{\"@type\":\"WebSite\",\"@id\":\"https:\/\/www.asajacyl.com\/palencia\/#website\",\"url\":\"https:\/\/www.asajacyl.com\/palencia\/\",\"name\":\"ASAJA Palencia\",\"description\":\"Otro sitio m\u00e1s de Provincias ASAJA Castilla y Le\u00f3n\",\"potentialAction\":[{\"@type\":\"SearchAction\",\"target\":{\"@type\":\"EntryPoint\",\"urlTemplate\":\"https:\/\/www.asajacyl.com\/palencia\/?s={search_term_string}\"},\"query-input\":{\"@type\":\"PropertyValueSpecification\",\"valueRequired\":true,\"valueName\":\"search_term_string\"}}],\"inLanguage\":\"es\"},{\"@type\":\"Person\",\"@id\":\"https:\/\/www.asajacyl.com\/palencia\/#\/schema\/person\/3ab17aeb03527485c317557fae64aab1\",\"name\":\"Administrador\",\"image\":{\"@type\":\"ImageObject\",\"inLanguage\":\"es\",\"@id\":\"https:\/\/www.asajacyl.com\/palencia\/#\/schema\/person\/image\/\",\"url\":\"https:\/\/secure.gravatar.com\/avatar\/517384810d242ca9e38c180f3c9fb973?s=96&d=mm&r=g\",\"contentUrl\":\"https:\/\/secure.gravatar.com\/avatar\/517384810d242ca9e38c180f3c9fb973?s=96&d=mm&r=g\",\"caption\":\"Administrador\"},\"url\":\"https:\/\/www.asajacyl.com\/palencia\/author\/carlosrm\"}]}<\/script>\n<!-- \/ Yoast SEO plugin. -->","yoast_head_json":{"title":"Castrej\u00f3n de la Pe\u00f1a celebra este s\u00e1bado 11 de octubre su IV Feria de la Miel - ASAJA Palencia","description":"Castrej\u00f3n de la Pe\u00f1a celebrar\u00e1 este s\u00e1bado, 11 de octubre, su IV Feria de la Miel, con un amplio y variado programa de actos que empezar\u00e1 a las 10:30","robots":{"index":"index","follow":"follow","max-snippet":"max-snippet:-1","max-image-preview":"max-image-preview:large","max-video-preview":"max-video-preview:-1"},"canonical":"https:\/\/www.asajacyl.com\/palencia\/asaja-palencia-informa\/castrejon-de-la-pena-celebra-este-sabado-11-de-octubre-su-iv-feria-de-la-miel","og_locale":"es_ES","og_type":"article","og_title":"Castrej\u00f3n de la Pe\u00f1a celebra este s\u00e1bado 11 de octubre su IV Feria de la Miel - ASAJA Palencia","og_description":"Castrej\u00f3n de la Pe\u00f1a celebrar\u00e1 este s\u00e1bado, 11 de octubre, su IV Feria de la Miel, con un amplio y variado programa de actos que empezar\u00e1 a las 10:30","og_url":"https:\/\/www.asajacyl.com\/palencia\/asaja-palencia-informa\/castrejon-de-la-pena-celebra-este-sabado-11-de-octubre-su-iv-feria-de-la-miel","og_site_name":"ASAJA Palencia","article_published_time":"2025-10-08T07:27:18+00:00","article_modified_time":"2025-10-08T07:27:21+00:00","og_image":[{"width":1890,"height":1654,"url":"https:\/\/www.asajacyl.com\/palencia\/wp-content\/uploads\/sites\/3\/2025\/10\/IV-Feria-Miel-Castrejon-web.jpg","type":"image\/jpeg"}],"author":"Administrador","twitter_card":"summary_large_image","twitter_misc":{"Escrito por":"Administrador","Tiempo de lectura":"2 minutos"},"schema":{"@context":"https:\/\/schema.org","@graph":[{"@type":"WebPage","@id":"https:\/\/www.asajacyl.com\/palencia\/asaja-palencia-informa\/castrejon-de-la-pena-celebra-este-sabado-11-de-octubre-su-iv-feria-de-la-miel","url":"https:\/\/www.asajacyl.com\/palencia\/asaja-palencia-informa\/castrejon-de-la-pena-celebra-este-sabado-11-de-octubre-su-iv-feria-de-la-miel","name":"Castrej\u00f3n de la Pe\u00f1a celebra este s\u00e1bado 11 de octubre su IV Feria de la Miel - ASAJA Palencia","isPartOf":{"@id":"https:\/\/www.asajacyl.com\/palencia\/#website"},"primaryImageOfPage":{"@id":"https:\/\/www.asajacyl.com\/palencia\/asaja-palencia-informa\/castrejon-de-la-pena-celebra-este-sabado-11-de-octubre-su-iv-feria-de-la-miel#primaryimage"},"image":{"@id":"https:\/\/www.asajacyl.com\/palencia\/asaja-palencia-informa\/castrejon-de-la-pena-celebra-este-sabado-11-de-octubre-su-iv-feria-de-la-miel#primaryimage"},"thumbnailUrl":"https:\/\/www.asajacyl.com\/palencia\/wp-content\/uploads\/sites\/3\/2025\/10\/IV-Feria-Miel-Castrejon-web.jpg","datePublished":"2025-10-08T07:27:18+00:00","dateModified":"2025-10-08T07:27:21+00:00","author":{"@id":"https:\/\/www.asajacyl.com\/palencia\/#\/schema\/person\/3ab17aeb03527485c317557fae64aab1"},"description":"Castrej\u00f3n de la Pe\u00f1a celebrar\u00e1 este s\u00e1bado, 11 de octubre, su IV Feria de la Miel, con un amplio y variado programa de actos que empezar\u00e1 a las 10:30","breadcrumb":{"@id":"https:\/\/www.asajacyl.com\/palencia\/asaja-palencia-informa\/castrejon-de-la-pena-celebra-este-sabado-11-de-octubre-su-iv-feria-de-la-miel#breadcrumb"},"inLanguage":"es","potentialAction":[{"@type":"ReadAction","target":["https:\/\/www.asajacyl.com\/palencia\/asaja-palencia-informa\/castrejon-de-la-pena-celebra-este-sabado-11-de-octubre-su-iv-feria-de-la-miel"]}]},{"@type":"ImageObject","inLanguage":"es","@id":"https:\/\/www.asajacyl.com\/palencia\/asaja-palencia-informa\/castrejon-de-la-pena-celebra-este-sabado-11-de-octubre-su-iv-feria-de-la-miel#primaryimage","url":"https:\/\/www.asajacyl.com\/palencia\/wp-content\/uploads\/sites\/3\/2025\/10\/IV-Feria-Miel-Castrejon-web.jpg","contentUrl":"https:\/\/www.asajacyl.com\/palencia\/wp-content\/uploads\/sites\/3\/2025\/10\/IV-Feria-Miel-Castrejon-web.jpg","width":1890,"height":1654},{"@type":"BreadcrumbList","@id":"https:\/\/www.asajacyl.com\/palencia\/asaja-palencia-informa\/castrejon-de-la-pena-celebra-este-sabado-11-de-octubre-su-iv-feria-de-la-miel#breadcrumb","itemListElement":[{"@type":"ListItem","position":1,"name":"Portada","item":"https:\/\/www.asajacyl.com\/palencia\/"},{"@type":"ListItem","position":2,"name":"Castrej\u00f3n de la Pe\u00f1a celebra este s\u00e1bado 11 de octubre su IV Feria de la Miel"}]},{"@type":"WebSite","@id":"https:\/\/www.asajacyl.com\/palencia\/#website","url":"https:\/\/www.asajacyl.com\/palencia\/","name":"ASAJA Palencia","description":"Otro sitio m\u00e1s de Provincias ASAJA Castilla y Le\u00f3n","potentialAction":[{"@type":"SearchAction","target":{"@type":"EntryPoint","urlTemplate":"https:\/\/www.asajacyl.com\/palencia\/?s={search_term_string}"},"query-input":{"@type":"PropertyValueSpecification","valueRequired":true,"valueName":"search_term_string"}}],"inLanguage":"es"},{"@type":"Person","@id":"https:\/\/www.asajacyl.com\/palencia\/#\/schema\/person\/3ab17aeb03527485c317557fae64aab1","name":"Administrador","image":{"@type":"ImageObject","inLanguage":"es","@id":"https:\/\/www.asajacyl.com\/palencia\/#\/schema\/person\/image\/","url":"https:\/\/secure.gravatar.com\/avatar\/517384810d242ca9e38c180f3c9fb973?s=96&d=mm&r=g","contentUrl":"https:\/\/secure.gravatar.com\/avatar\/517384810d242ca9e38c180f3c9fb973?s=96&d=mm&r=g","caption":"Administrador"},"url":"https:\/\/www.asajacyl.com\/palencia\/author\/carlosrm"}]}},"_links":{"self":[{"href":"https:\/\/www.asajacyl.com\/palencia\/wp-json\/wp\/v2\/posts\/21146"}],"collection":[{"href":"https:\/\/www.asajacyl.com\/palencia\/wp-json\/wp\/v2\/posts"}],"about":[{"href":"https:\/\/www.asajacyl.com\/palencia\/wp-json\/wp\/v2\/types\/post"}],"author":[{"embeddable":true,"href":"https:\/\/www.asajacyl.com\/palencia\/wp-json\/wp\/v2\/users\/9"}],"replies":[{"embeddable":true,"href":"https:\/\/www.asajacyl.com\/palencia\/wp-json\/wp\/v2\/comments?post=21146"}],"version-history":[{"count":1,"href":"https:\/\/www.asajacyl.com\/palencia\/wp-json\/wp\/v2\/posts\/21146\/revisions"}],"predecessor-version":[{"id":21149,"href":"https:\/\/www.asajacyl.com\/palencia\/wp-json\/wp\/v2\/posts\/21146\/revisions\/21149"}],"wp:featuredmedia":[{"embeddable":true,"href":"https:\/\/www.asajacyl.com\/palencia\/wp-json\/wp\/v2\/media\/21148"}],"wp:attachment":[{"href":"https:\/\/www.asajacyl.com\/palencia\/wp-json\/wp\/v2\/media?parent=21146"}],"wp:term":[{"taxonomy":"category","embeddable":true,"href":"https:\/\/www.asajacyl.com\/palencia\/wp-json\/wp\/v2\/categories?post=21146"},{"taxonomy":"post_tag","embeddable":true,"href":"https:\/\/www.asajacyl.com\/palencia\/wp-json\/wp\/v2\/tags?post=21146"}],"curies":[{"name":"wp","href":"https:\/\/api.w.org\/{rel}","templated":true}]}}