{"id":21150,"date":"2025-10-08T10:11:16","date_gmt":"2025-10-08T08:11:16","guid":{"rendered":"https:\/\/www.asajacyl.com\/palencia\/?p=21150"},"modified":"2025-10-08T10:11:19","modified_gmt":"2025-10-08T08:11:19","slug":"segundo-caso-en-espana-de-la-dermatosis-nodular-contagiosa-que-afecta-al-ganado-bovino","status":"publish","type":"post","link":"https:\/\/www.asajacyl.com\/palencia\/asaja-palencia-informa\/segundo-caso-en-espana-de-la-dermatosis-nodular-contagiosa-que-afecta-al-ganado-bovino","title":{"rendered":"Segundo caso en Espa\u00f1a de la dermatosis nodular contagiosa, que afecta al ganado bovino"},"content":{"rendered":"\n<h2 class=\"wp-block-heading\">El Ministerio de Agricultura, Pesca y Alimentaci\u00f3n (MAPA) ha informado que los servicios veterinarios oficiales de la Generalitat de Catalunya y el Laboratorio Central de Veterinaria de Algete han confirmado la presencia de la dermatosis nodular contagiosa (DNC) en una segunda explotaci\u00f3n en Espa\u00f1a. Se trata de una granja de bovino de Perelada (Gerona), con 270 cabezas, dedicada a reproducci\u00f3n para producci\u00f3n l\u00e1ctea. La DNC no infecta al ser humano ni por contacto con animales enfermos ni por consumo de productos, pero constituye una nueva amenaza para la sanidad ganadera que puede acarrear muchos problemas, ya  exige \u2014entre otras medidas\u2014 sacrificar todos los animales de la explotaci\u00f3n afectada, adem\u00e1s restringir en un \u00e1rea circundante los movimientos de ganado y de sus productos.<\/h2>\n\n\n\n<p>Los animales infectados presentan como s\u00edntomas principales la fiebre y unos n\u00f3dulos en la piel. El reglamento europeo plantea en estos casos la inmovilizaci\u00f3n y vaciado sanitario de la explotaci\u00f3n, la eliminaci\u00f3n de cad\u00e1veres de animales sacrificados, la eliminaci\u00f3n de los productos susceptibles de estar contaminados, as\u00ed como la investigaci\u00f3n epidemiol\u00f3gica para tratar de identificar los contactos de riesgo, entre otras medidas.<\/p>\n\n\n\n<p>Esta explotaci\u00f3n se encuentra pr\u00f3xima a la primera granja afectada, cuyo caso se confirm\u00f3 el pasado 3 de octubre. Se mantiene la zona de restricci\u00f3n ya establecida compuesta por una zona de protecci\u00f3n de un radio de veinte kil\u00f3metros y otra de vigilancia de un radio de cincuenta kil\u00f3metros, donde se ha restringido el movimiento de animales de la especie bovina y de sus productos que pudieran vehicular el virus, con inspecciones cl\u00ednicas en las explotaciones de la zona y toma de muestras en caso necesario.<\/p>\n\n\n\n<p><strong>EXTREMAR MEDIDAS. <\/strong>La DNC est\u00e1 considerada como enfermedad de categor\u00eda A en la Uni\u00f3n Europea, por lo que resulta obligatorio adoptar las medidas precisas para lograr su erradicaci\u00f3n. Adem\u00e1s, teniendo en cuenta la situaci\u00f3n epidemiol\u00f3gica de la enfermedad en nuestro pa\u00eds, el Ministerio aconseja extremar las medidas de bioseguridad en todas las explotaciones de ganado bovino y en el transporte de animales de esta especie.<\/p>\n\n\n\n<p>Asimismo, recuerda la <span style=\"text-decoration: underline\">obligaci\u00f3n de comunicar a los servicios veterinarios obligatorios cualquier sospecha de enfermedad<\/span>. La detecci\u00f3n precoz resulta cr\u00edtica para reducir el impacto en caso de entrada en zonas libres.<\/p>\n\n\n\n<p>El gr\u00e1fico adjunto recoge las medidas preventivas y de vigilancia que aconseja el Ministerio.<\/p>\n\n\n<div class=\"wp-block-image\">\n<figure class=\"aligncenter size-large is-resized\"><img loading=\"lazy\" decoding=\"async\" width=\"741\" height=\"1024\" src=\"https:\/\/www.asajacyl.com\/palencia\/wp-content\/uploads\/sites\/3\/2025\/10\/Folleto-informativo-DNC-1-741x1024.jpg\" alt=\"\" class=\"wp-image-21151\" style=\"width:1049px;height:auto\" srcset=\"https:\/\/www.asajacyl.com\/palencia\/wp-content\/uploads\/sites\/3\/2025\/10\/Folleto-informativo-DNC-1-741x1024.jpg 741w, https:\/\/www.asajacyl.com\/palencia\/wp-content\/uploads\/sites\/3\/2025\/10\/Folleto-informativo-DNC-1-217x300.jpg 217w, https:\/\/www.asajacyl.com\/palencia\/wp-content\/uploads\/sites\/3\/2025\/10\/Folleto-informativo-DNC-1-768x1061.jpg 768w, https:\/\/www.asajacyl.com\/palencia\/wp-content\/uploads\/sites\/3\/2025\/10\/Folleto-informativo-DNC-1-1112x1536.jpg 1112w, https:\/\/www.asajacyl.com\/palencia\/wp-content\/uploads\/sites\/3\/2025\/10\/Folleto-informativo-DNC-1-1483x2048.jpg 1483w, https:\/\/www.asajacyl.com\/palencia\/wp-content\/uploads\/sites\/3\/2025\/10\/Folleto-informativo-DNC-1-304x420.jpg 304w, https:\/\/www.asajacyl.com\/palencia\/wp-content\/uploads\/sites\/3\/2025\/10\/Folleto-informativo-DNC-1-696x961.jpg 696w, https:\/\/www.asajacyl.com\/palencia\/wp-content\/uploads\/sites\/3\/2025\/10\/Folleto-informativo-DNC-1-1068x1475.jpg 1068w, https:\/\/www.asajacyl.com\/palencia\/wp-content\/uploads\/sites\/3\/2025\/10\/Folleto-informativo-DNC-1.jpg 1810w\" sizes=\"(max-width: 741px) 100vw, 741px\" \/><\/figure><\/div>","protected":false},"excerpt":{"rendered":"<p>El Ministerio de Agricultura, Pesca y Alimentaci\u00f3n (MAPA) ha informado que los servicios veterinarios oficiales de la Generalitat de Catalunya y el Laboratorio Central de Veterinaria de Algete han confirmado la presencia de la dermatosis nodular contagiosa (DNC) en una segunda explotaci\u00f3n en Espa\u00f1a. Se trata de una granja de bovino de Perelada (Gerona), con [&hellip;]<\/p>\n","protected":false},"author":9,"featured_media":21152,"comment_status":"open","ping_status":"open","sticky":false,"template":"","format":"standard","meta":{"footnotes":""},"categories":[9,31,29,28,13],"tags":[234,1490,77,110,365,168,144],"yoast_head":"<!-- This site is optimized with the Yoast SEO plugin v24.5 - https:\/\/yoast.com\/wordpress\/plugins\/seo\/ -->\n<title>Segundo caso en Espa\u00f1a de la dermatosis nodular contagiosa, que afecta al ganado bovino - ASAJA Palencia<\/title>\n<meta name=\"description\" content=\"El Ministerio de Agricultura, Pesca y Alimentaci\u00f3n (MAPA) ha informado que los servicios veterinarios oficiales de la Generalitat de Catalunya y el\" \/>\n<meta name=\"robots\" content=\"index, follow, max-snippet:-1, max-image-preview:large, max-video-preview:-1\" \/>\n<link rel=\"canonical\" href=\"https:\/\/www.asajacyl.com\/palencia\/asaja-palencia-informa\/segundo-caso-en-espana-de-la-dermatosis-nodular-contagiosa-que-afecta-al-ganado-bovino\" \/>\n<meta property=\"og:locale\" content=\"es_ES\" \/>\n<meta property=\"og:type\" content=\"article\" \/>\n<meta property=\"og:title\" content=\"Segundo caso en Espa\u00f1a de la dermatosis nodular contagiosa, que afecta al ganado bovino - ASAJA Palencia\" \/>\n<meta property=\"og:description\" content=\"El Ministerio de Agricultura, Pesca y Alimentaci\u00f3n (MAPA) ha informado que los servicios veterinarios oficiales de la Generalitat de Catalunya y el\" \/>\n<meta property=\"og:url\" content=\"https:\/\/www.asajacyl.com\/palencia\/asaja-palencia-informa\/segundo-caso-en-espana-de-la-dermatosis-nodular-contagiosa-que-afecta-al-ganado-bovino\" \/>\n<meta property=\"og:site_name\" content=\"ASAJA Palencia\" \/>\n<meta property=\"article:published_time\" content=\"2025-10-08T08:11:16+00:00\" \/>\n<meta property=\"article:modified_time\" content=\"2025-10-08T08:11:19+00:00\" \/>\n<meta property=\"og:image\" content=\"https:\/\/www.asajacyl.com\/palencia\/wp-content\/uploads\/sites\/3\/2025\/10\/Nodulos-en-ubres-web-c-Tsviatko-Alexandrov.jpg\" \/>\n\t<meta property=\"og:image:width\" content=\"1890\" \/>\n\t<meta property=\"og:image:height\" content=\"1654\" \/>\n\t<meta property=\"og:image:type\" content=\"image\/jpeg\" \/>\n<meta name=\"author\" content=\"Administrador\" \/>\n<meta name=\"twitter:card\" content=\"summary_large_image\" \/>\n<meta name=\"twitter:label1\" content=\"Escrito por\" \/>\n\t<meta name=\"twitter:data1\" content=\"Administrador\" \/>\n\t<meta name=\"twitter:label2\" content=\"Tiempo de lectura\" \/>\n\t<meta name=\"twitter:data2\" content=\"3 minutos\" \/>\n<script type=\"application\/ld+json\" class=\"yoast-schema-graph\">{\"@context\":\"https:\/\/schema.org\",\"@graph\":[{\"@type\":\"WebPage\",\"@id\":\"https:\/\/www.asajacyl.com\/palencia\/asaja-palencia-informa\/segundo-caso-en-espana-de-la-dermatosis-nodular-contagiosa-que-afecta-al-ganado-bovino\",\"url\":\"https:\/\/www.asajacyl.com\/palencia\/asaja-palencia-informa\/segundo-caso-en-espana-de-la-dermatosis-nodular-contagiosa-que-afecta-al-ganado-bovino\",\"name\":\"Segundo caso en Espa\u00f1a de la dermatosis nodular contagiosa, que afecta al ganado bovino - ASAJA Palencia\",\"isPartOf\":{\"@id\":\"https:\/\/www.asajacyl.com\/palencia\/#website\"},\"primaryImageOfPage\":{\"@id\":\"https:\/\/www.asajacyl.com\/palencia\/asaja-palencia-informa\/segundo-caso-en-espana-de-la-dermatosis-nodular-contagiosa-que-afecta-al-ganado-bovino#primaryimage\"},\"image\":{\"@id\":\"https:\/\/www.asajacyl.com\/palencia\/asaja-palencia-informa\/segundo-caso-en-espana-de-la-dermatosis-nodular-contagiosa-que-afecta-al-ganado-bovino#primaryimage\"},\"thumbnailUrl\":\"https:\/\/www.asajacyl.com\/palencia\/wp-content\/uploads\/sites\/3\/2025\/10\/Nodulos-en-ubres-web-c-Tsviatko-Alexandrov.jpg\",\"datePublished\":\"2025-10-08T08:11:16+00:00\",\"dateModified\":\"2025-10-08T08:11:19+00:00\",\"author\":{\"@id\":\"https:\/\/www.asajacyl.com\/palencia\/#\/schema\/person\/3ab17aeb03527485c317557fae64aab1\"},\"description\":\"El Ministerio de Agricultura, Pesca y Alimentaci\u00f3n (MAPA) ha informado que los servicios veterinarios oficiales de la Generalitat de Catalunya y el\",\"breadcrumb\":{\"@id\":\"https:\/\/www.asajacyl.com\/palencia\/asaja-palencia-informa\/segundo-caso-en-espana-de-la-dermatosis-nodular-contagiosa-que-afecta-al-ganado-bovino#breadcrumb\"},\"inLanguage\":\"es\",\"potentialAction\":[{\"@type\":\"ReadAction\",\"target\":[\"https:\/\/www.asajacyl.com\/palencia\/asaja-palencia-informa\/segundo-caso-en-espana-de-la-dermatosis-nodular-contagiosa-que-afecta-al-ganado-bovino\"]}]},{\"@type\":\"ImageObject\",\"inLanguage\":\"es\",\"@id\":\"https:\/\/www.asajacyl.com\/palencia\/asaja-palencia-informa\/segundo-caso-en-espana-de-la-dermatosis-nodular-contagiosa-que-afecta-al-ganado-bovino#primaryimage\",\"url\":\"https:\/\/www.asajacyl.com\/palencia\/wp-content\/uploads\/sites\/3\/2025\/10\/Nodulos-en-ubres-web-c-Tsviatko-Alexandrov.jpg\",\"contentUrl\":\"https:\/\/www.asajacyl.com\/palencia\/wp-content\/uploads\/sites\/3\/2025\/10\/Nodulos-en-ubres-web-c-Tsviatko-Alexandrov.jpg\",\"width\":1890,\"height\":1654},{\"@type\":\"BreadcrumbList\",\"@id\":\"https:\/\/www.asajacyl.com\/palencia\/asaja-palencia-informa\/segundo-caso-en-espana-de-la-dermatosis-nodular-contagiosa-que-afecta-al-ganado-bovino#breadcrumb\",\"itemListElement\":[{\"@type\":\"ListItem\",\"position\":1,\"name\":\"Portada\",\"item\":\"https:\/\/www.asajacyl.com\/palencia\/\"},{\"@type\":\"ListItem\",\"position\":2,\"name\":\"Segundo caso en Espa\u00f1a de la dermatosis nodular contagiosa, que afecta al ganado bovino\"}]},{\"@type\":\"WebSite\",\"@id\":\"https:\/\/www.asajacyl.com\/palencia\/#website\",\"url\":\"https:\/\/www.asajacyl.com\/palencia\/\",\"name\":\"ASAJA Palencia\",\"description\":\"Otro sitio m\u00e1s de Provincias ASAJA Castilla y Le\u00f3n\",\"potentialAction\":[{\"@type\":\"SearchAction\",\"target\":{\"@type\":\"EntryPoint\",\"urlTemplate\":\"https:\/\/www.asajacyl.com\/palencia\/?s={search_term_string}\"},\"query-input\":{\"@type\":\"PropertyValueSpecification\",\"valueRequired\":true,\"valueName\":\"search_term_string\"}}],\"inLanguage\":\"es\"},{\"@type\":\"Person\",\"@id\":\"https:\/\/www.asajacyl.com\/palencia\/#\/schema\/person\/3ab17aeb03527485c317557fae64aab1\",\"name\":\"Administrador\",\"image\":{\"@type\":\"ImageObject\",\"inLanguage\":\"es\",\"@id\":\"https:\/\/www.asajacyl.com\/palencia\/#\/schema\/person\/image\/\",\"url\":\"https:\/\/secure.gravatar.com\/avatar\/517384810d242ca9e38c180f3c9fb973?s=96&d=mm&r=g\",\"contentUrl\":\"https:\/\/secure.gravatar.com\/avatar\/517384810d242ca9e38c180f3c9fb973?s=96&d=mm&r=g\",\"caption\":\"Administrador\"},\"url\":\"https:\/\/www.asajacyl.com\/palencia\/author\/carlosrm\"}]}<\/script>\n<!-- \/ Yoast SEO plugin. -->","yoast_head_json":{"title":"Segundo caso en Espa\u00f1a de la dermatosis nodular contagiosa, que afecta al ganado bovino - ASAJA Palencia","description":"El Ministerio de Agricultura, Pesca y Alimentaci\u00f3n (MAPA) ha informado que los servicios veterinarios oficiales de la Generalitat de Catalunya y el","robots":{"index":"index","follow":"follow","max-snippet":"max-snippet:-1","max-image-preview":"max-image-preview:large","max-video-preview":"max-video-preview:-1"},"canonical":"https:\/\/www.asajacyl.com\/palencia\/asaja-palencia-informa\/segundo-caso-en-espana-de-la-dermatosis-nodular-contagiosa-que-afecta-al-ganado-bovino","og_locale":"es_ES","og_type":"article","og_title":"Segundo caso en Espa\u00f1a de la dermatosis nodular contagiosa, que afecta al ganado bovino - ASAJA Palencia","og_description":"El Ministerio de Agricultura, Pesca y Alimentaci\u00f3n (MAPA) ha informado que los servicios veterinarios oficiales de la Generalitat de Catalunya y el","og_url":"https:\/\/www.asajacyl.com\/palencia\/asaja-palencia-informa\/segundo-caso-en-espana-de-la-dermatosis-nodular-contagiosa-que-afecta-al-ganado-bovino","og_site_name":"ASAJA Palencia","article_published_time":"2025-10-08T08:11:16+00:00","article_modified_time":"2025-10-08T08:11:19+00:00","og_image":[{"width":1890,"height":1654,"url":"https:\/\/www.asajacyl.com\/palencia\/wp-content\/uploads\/sites\/3\/2025\/10\/Nodulos-en-ubres-web-c-Tsviatko-Alexandrov.jpg","type":"image\/jpeg"}],"author":"Administrador","twitter_card":"summary_large_image","twitter_misc":{"Escrito por":"Administrador","Tiempo de lectura":"3 minutos"},"schema":{"@context":"https:\/\/schema.org","@graph":[{"@type":"WebPage","@id":"https:\/\/www.asajacyl.com\/palencia\/asaja-palencia-informa\/segundo-caso-en-espana-de-la-dermatosis-nodular-contagiosa-que-afecta-al-ganado-bovino","url":"https:\/\/www.asajacyl.com\/palencia\/asaja-palencia-informa\/segundo-caso-en-espana-de-la-dermatosis-nodular-contagiosa-que-afecta-al-ganado-bovino","name":"Segundo caso en Espa\u00f1a de la dermatosis nodular contagiosa, que afecta al ganado bovino - ASAJA Palencia","isPartOf":{"@id":"https:\/\/www.asajacyl.com\/palencia\/#website"},"primaryImageOfPage":{"@id":"https:\/\/www.asajacyl.com\/palencia\/asaja-palencia-informa\/segundo-caso-en-espana-de-la-dermatosis-nodular-contagiosa-que-afecta-al-ganado-bovino#primaryimage"},"image":{"@id":"https:\/\/www.asajacyl.com\/palencia\/asaja-palencia-informa\/segundo-caso-en-espana-de-la-dermatosis-nodular-contagiosa-que-afecta-al-ganado-bovino#primaryimage"},"thumbnailUrl":"https:\/\/www.asajacyl.com\/palencia\/wp-content\/uploads\/sites\/3\/2025\/10\/Nodulos-en-ubres-web-c-Tsviatko-Alexandrov.jpg","datePublished":"2025-10-08T08:11:16+00:00","dateModified":"2025-10-08T08:11:19+00:00","author":{"@id":"https:\/\/www.asajacyl.com\/palencia\/#\/schema\/person\/3ab17aeb03527485c317557fae64aab1"},"description":"El Ministerio de Agricultura, Pesca y Alimentaci\u00f3n (MAPA) ha informado que los servicios veterinarios oficiales de la Generalitat de Catalunya y el","breadcrumb":{"@id":"https:\/\/www.asajacyl.com\/palencia\/asaja-palencia-informa\/segundo-caso-en-espana-de-la-dermatosis-nodular-contagiosa-que-afecta-al-ganado-bovino#breadcrumb"},"inLanguage":"es","potentialAction":[{"@type":"ReadAction","target":["https:\/\/www.asajacyl.com\/palencia\/asaja-palencia-informa\/segundo-caso-en-espana-de-la-dermatosis-nodular-contagiosa-que-afecta-al-ganado-bovino"]}]},{"@type":"ImageObject","inLanguage":"es","@id":"https:\/\/www.asajacyl.com\/palencia\/asaja-palencia-informa\/segundo-caso-en-espana-de-la-dermatosis-nodular-contagiosa-que-afecta-al-ganado-bovino#primaryimage","url":"https:\/\/www.asajacyl.com\/palencia\/wp-content\/uploads\/sites\/3\/2025\/10\/Nodulos-en-ubres-web-c-Tsviatko-Alexandrov.jpg","contentUrl":"https:\/\/www.asajacyl.com\/palencia\/wp-content\/uploads\/sites\/3\/2025\/10\/Nodulos-en-ubres-web-c-Tsviatko-Alexandrov.jpg","width":1890,"height":1654},{"@type":"BreadcrumbList","@id":"https:\/\/www.asajacyl.com\/palencia\/asaja-palencia-informa\/segundo-caso-en-espana-de-la-dermatosis-nodular-contagiosa-que-afecta-al-ganado-bovino#breadcrumb","itemListElement":[{"@type":"ListItem","position":1,"name":"Portada","item":"https:\/\/www.asajacyl.com\/palencia\/"},{"@type":"ListItem","position":2,"name":"Segundo caso en Espa\u00f1a de la dermatosis nodular contagiosa, que afecta al ganado bovino"}]},{"@type":"WebSite","@id":"https:\/\/www.asajacyl.com\/palencia\/#website","url":"https:\/\/www.asajacyl.com\/palencia\/","name":"ASAJA Palencia","description":"Otro sitio m\u00e1s de Provincias ASAJA Castilla y Le\u00f3n","potentialAction":[{"@type":"SearchAction","target":{"@type":"EntryPoint","urlTemplate":"https:\/\/www.asajacyl.com\/palencia\/?s={search_term_string}"},"query-input":{"@type":"PropertyValueSpecification","valueRequired":true,"valueName":"search_term_string"}}],"inLanguage":"es"},{"@type":"Person","@id":"https:\/\/www.asajacyl.com\/palencia\/#\/schema\/person\/3ab17aeb03527485c317557fae64aab1","name":"Administrador","image":{"@type":"ImageObject","inLanguage":"es","@id":"https:\/\/www.asajacyl.com\/palencia\/#\/schema\/person\/image\/","url":"https:\/\/secure.gravatar.com\/avatar\/517384810d242ca9e38c180f3c9fb973?s=96&d=mm&r=g","contentUrl":"https:\/\/secure.gravatar.com\/avatar\/517384810d242ca9e38c180f3c9fb973?s=96&d=mm&r=g","caption":"Administrador"},"url":"https:\/\/www.asajacyl.com\/palencia\/author\/carlosrm"}]}},"_links":{"self":[{"href":"https:\/\/www.asajacyl.com\/palencia\/wp-json\/wp\/v2\/posts\/21150"}],"collection":[{"href":"https:\/\/www.asajacyl.com\/palencia\/wp-json\/wp\/v2\/posts"}],"about":[{"href":"https:\/\/www.asajacyl.com\/palencia\/wp-json\/wp\/v2\/types\/post"}],"author":[{"embeddable":true,"href":"https:\/\/www.asajacyl.com\/palencia\/wp-json\/wp\/v2\/users\/9"}],"replies":[{"embeddable":true,"href":"https:\/\/www.asajacyl.com\/palencia\/wp-json\/wp\/v2\/comments?post=21150"}],"version-history":[{"count":1,"href":"https:\/\/www.asajacyl.com\/palencia\/wp-json\/wp\/v2\/posts\/21150\/revisions"}],"predecessor-version":[{"id":21153,"href":"https:\/\/www.asajacyl.com\/palencia\/wp-json\/wp\/v2\/posts\/21150\/revisions\/21153"}],"wp:featuredmedia":[{"embeddable":true,"href":"https:\/\/www.asajacyl.com\/palencia\/wp-json\/wp\/v2\/media\/21152"}],"wp:attachment":[{"href":"https:\/\/www.asajacyl.com\/palencia\/wp-json\/wp\/v2\/media?parent=21150"}],"wp:term":[{"taxonomy":"category","embeddable":true,"href":"https:\/\/www.asajacyl.com\/palencia\/wp-json\/wp\/v2\/categories?post=21150"},{"taxonomy":"post_tag","embeddable":true,"href":"https:\/\/www.asajacyl.com\/palencia\/wp-json\/wp\/v2\/tags?post=21150"}],"curies":[{"name":"wp","href":"https:\/\/api.w.org\/{rel}","templated":true}]}}