{"id":21166,"date":"2025-10-09T07:30:00","date_gmt":"2025-10-09T05:30:00","guid":{"rendered":"https:\/\/www.asajacyl.com\/palencia\/?p=21166"},"modified":"2025-10-08T14:15:13","modified_gmt":"2025-10-08T12:15:13","slug":"el-plazo-para-solicitar-las-ayudas-del-kit-digital-se-cierra-el-proximo-31-de-octubre","status":"publish","type":"post","link":"https:\/\/www.asajacyl.com\/palencia\/asaja-palencia-informa\/el-plazo-para-solicitar-las-ayudas-del-kit-digital-se-cierra-el-proximo-31-de-octubre","title":{"rendered":"El plazo para solicitar las ayudas del KIT Digital se cierra el pr\u00f3ximo 31 de octubre"},"content":{"rendered":"\n<h2 class=\"wp-block-heading\">ASAJA hace un llamamiento a los profesionales del sector agr\u00edcola y ganadero para que se informen y aprovechen las oportunidades de digitalizaci\u00f3n que brinda el Programa Kit Digital, una iniciativa del Gobierno de Espa\u00f1a gestionada por red.es, cuyo plazo de solicitud se cierra ya el pr\u00f3ximo 31 de octubre. <\/h2>\n\n\n\n<p>El programa se suplement\u00f3 presupuestariamente en mil millones de euros m\u00e1s, para reforzar las ayudas y abrir el campo de posibles beneficiarios. En lugar de los 2000 euros iniciales, pueden solicitarse 3000 y adquirir un ordenador (Puesto de Trabajo Seguro) para el segmento III, es decir, aut\u00f3nomos y microempresas con un m\u00e1ximo de dos empleos. Quienes ya recibieron 2000 euros pueden solicitar el incremento adicional de esos 1000 euros, asegurando un mayor apoyo financiero para la digitalizaci\u00f3n.<\/p>\n\n\n\n<p>El Puesto de Trabajo Seguro es una soluci\u00f3n dise\u00f1ada para proporcionar un ordenador equipado con caracter\u00edsticas avanzadas de seguridad y servicios de soporte t\u00e9cnico y ciberseguridad. Esta opci\u00f3n est\u00e1 disponible exclusivamente para aquellos que ya hayan validado otro acuerdo de digitalizaci\u00f3n dentro del programa.<\/p>\n\n\n\n<p><strong>IMPLANTACI\u00d3N PAULATINA Y VOLUNTARIA. <\/strong>ASAJA-Palencia apuesta por una implantaci\u00f3n paulatina y voluntaria de la digitalizaci\u00f3n en el sector agrario, porque conoce y comprende las dificultades de adaptaci\u00f3n por parte de ciertos profesionales, en especial quienes ya encaran la recta final de su dedicaci\u00f3n al campo, o quienes disponen de una explotaci\u00f3n de peque\u00f1o tama\u00f1o. <\/p>\n\n\n\n<p>No obstante, la adopci\u00f3n de tecnolog\u00edas digitales en la agricultura y la ganader\u00eda ofrece ventajas, por lo que conviene aprovechar las ayudas, que se financian con los fondos europeos Next Generation impulsados tras la pandemia. Entre esas ventajas de la digitalizaci\u00f3n cabe mencionar las siguientes:<\/p>\n\n\n\n<ul>\n<li>M\u00e1s productividad: La digitalizaci\u00f3n permite una gesti\u00f3n m\u00e1s eficiente de los cultivos y el ganado, al optimizar los recursos y reducir los costos operativos.<\/li>\n\n\n\n<li>Sostenibilidad ambiental: Las pr\u00e1cticas agr\u00edcolas y ganaderas digitales contribuyen a un uso m\u00e1s eficiente de los recursos naturales y a una menor huella ambiental\u200b.<\/li>\n\n\n\n<li>Toma de decisiones informadas: El acceso a datos en tiempo real mejora la toma de decisiones, la gesti\u00f3n de riesgos y la planificaci\u00f3n estrat\u00e9gica\u200b.<\/li>\n\n\n\n<li>Competitividad mejorada: Los agricultores y ganaderos que adoptan tecnolog\u00edas digitales pueden adaptarse mejor a las demandas del mercado y a las condiciones clim\u00e1ticas cambiantes, manteni\u00e9ndose a la vanguardia de la industria\u200b.<\/li>\n<\/ul>\n\n\n\n<p>M\u00e1s informaci\u00f3n en&nbsp;<a href=\"http:\/\/www.asajakitdigital.es\/\">www.asajakitdigital.es<\/a>&nbsp;y en la oficina de ASAJA-Palencia.<strong>\/<\/strong><\/p>\n\n\n<div class=\"wp-block-image\">\n<figure class=\"aligncenter size-large is-resized\"><img loading=\"lazy\" decoding=\"async\" width=\"1024\" height=\"1024\" src=\"https:\/\/www.asajacyl.com\/palencia\/wp-content\/uploads\/sites\/3\/2025\/10\/image-1-1024x1024.jpg\" alt=\"\" class=\"wp-image-21167\" style=\"width:1050px;height:auto\" srcset=\"https:\/\/www.asajacyl.com\/palencia\/wp-content\/uploads\/sites\/3\/2025\/10\/image-1-1024x1024.jpg 1024w, https:\/\/www.asajacyl.com\/palencia\/wp-content\/uploads\/sites\/3\/2025\/10\/image-1-300x300.jpg 300w, https:\/\/www.asajacyl.com\/palencia\/wp-content\/uploads\/sites\/3\/2025\/10\/image-1-150x150.jpg 150w, https:\/\/www.asajacyl.com\/palencia\/wp-content\/uploads\/sites\/3\/2025\/10\/image-1-768x768.jpg 768w, https:\/\/www.asajacyl.com\/palencia\/wp-content\/uploads\/sites\/3\/2025\/10\/image-1-420x420.jpg 420w, https:\/\/www.asajacyl.com\/palencia\/wp-content\/uploads\/sites\/3\/2025\/10\/image-1-696x696.jpg 696w, https:\/\/www.asajacyl.com\/palencia\/wp-content\/uploads\/sites\/3\/2025\/10\/image-1-1068x1068.jpg 1068w, https:\/\/www.asajacyl.com\/palencia\/wp-content\/uploads\/sites\/3\/2025\/10\/image-1.jpg 1080w\" sizes=\"(max-width: 1024px) 100vw, 1024px\" \/><\/figure><\/div>\n\n\n<p><a href=\"https:\/\/www.asajacyl.com\/wp-content\/uploads\/2024\/07\/kit-digital-online.jpg\"><\/a><\/p>\n","protected":false},"excerpt":{"rendered":"<p>ASAJA hace un llamamiento a los profesionales del sector agr\u00edcola y ganadero para que se informen y aprovechen las oportunidades de digitalizaci\u00f3n que brinda el Programa Kit Digital, una iniciativa del Gobierno de Espa\u00f1a gestionada por red.es, cuyo plazo de solicitud se cierra ya el pr\u00f3ximo 31 de octubre. El programa se suplement\u00f3 presupuestariamente en [&hellip;]<\/p>\n","protected":false},"author":9,"featured_media":21168,"comment_status":"open","ping_status":"open","sticky":false,"template":"","format":"standard","meta":{"footnotes":""},"categories":[9,31,38,28,13],"tags":[58,59,351,726,1600,77,888],"yoast_head":"<!-- This site is optimized with the Yoast SEO plugin v24.5 - https:\/\/yoast.com\/wordpress\/plugins\/seo\/ -->\n<title>El plazo para solicitar las ayudas del KIT Digital se cierra el pr\u00f3ximo 31 de octubre - ASAJA Palencia<\/title>\n<meta name=\"description\" content=\"ASAJA hace un llamamiento a los profesionales del sector agr\u00edcola y ganadero para que se informen y aprovechen las oportunidades de digitalizaci\u00f3n que\" \/>\n<meta name=\"robots\" content=\"index, follow, max-snippet:-1, max-image-preview:large, max-video-preview:-1\" \/>\n<link rel=\"canonical\" href=\"https:\/\/www.asajacyl.com\/palencia\/asaja-palencia-informa\/el-plazo-para-solicitar-las-ayudas-del-kit-digital-se-cierra-el-proximo-31-de-octubre\" \/>\n<meta property=\"og:locale\" content=\"es_ES\" \/>\n<meta property=\"og:type\" content=\"article\" \/>\n<meta property=\"og:title\" content=\"El plazo para solicitar las ayudas del KIT Digital se cierra el pr\u00f3ximo 31 de octubre - ASAJA Palencia\" \/>\n<meta property=\"og:description\" content=\"ASAJA hace un llamamiento a los profesionales del sector agr\u00edcola y ganadero para que se informen y aprovechen las oportunidades de digitalizaci\u00f3n que\" \/>\n<meta property=\"og:url\" content=\"https:\/\/www.asajacyl.com\/palencia\/asaja-palencia-informa\/el-plazo-para-solicitar-las-ayudas-del-kit-digital-se-cierra-el-proximo-31-de-octubre\" \/>\n<meta property=\"og:site_name\" content=\"ASAJA Palencia\" \/>\n<meta property=\"article:published_time\" content=\"2025-10-09T05:30:00+00:00\" \/>\n<meta property=\"og:image\" content=\"https:\/\/www.asajacyl.com\/palencia\/wp-content\/uploads\/sites\/3\/2025\/10\/Kit-Digital-web.jpg\" \/>\n\t<meta property=\"og:image:width\" content=\"1890\" \/>\n\t<meta property=\"og:image:height\" content=\"1654\" \/>\n\t<meta property=\"og:image:type\" content=\"image\/jpeg\" \/>\n<meta name=\"author\" content=\"Administrador\" \/>\n<meta name=\"twitter:card\" content=\"summary_large_image\" \/>\n<meta name=\"twitter:label1\" content=\"Escrito por\" \/>\n\t<meta name=\"twitter:data1\" content=\"Administrador\" \/>\n\t<meta name=\"twitter:label2\" content=\"Tiempo de lectura\" \/>\n\t<meta name=\"twitter:data2\" content=\"3 minutos\" \/>\n<script type=\"application\/ld+json\" class=\"yoast-schema-graph\">{\"@context\":\"https:\/\/schema.org\",\"@graph\":[{\"@type\":\"WebPage\",\"@id\":\"https:\/\/www.asajacyl.com\/palencia\/asaja-palencia-informa\/el-plazo-para-solicitar-las-ayudas-del-kit-digital-se-cierra-el-proximo-31-de-octubre\",\"url\":\"https:\/\/www.asajacyl.com\/palencia\/asaja-palencia-informa\/el-plazo-para-solicitar-las-ayudas-del-kit-digital-se-cierra-el-proximo-31-de-octubre\",\"name\":\"El plazo para solicitar las ayudas del KIT Digital se cierra el pr\u00f3ximo 31 de octubre - ASAJA Palencia\",\"isPartOf\":{\"@id\":\"https:\/\/www.asajacyl.com\/palencia\/#website\"},\"primaryImageOfPage\":{\"@id\":\"https:\/\/www.asajacyl.com\/palencia\/asaja-palencia-informa\/el-plazo-para-solicitar-las-ayudas-del-kit-digital-se-cierra-el-proximo-31-de-octubre#primaryimage\"},\"image\":{\"@id\":\"https:\/\/www.asajacyl.com\/palencia\/asaja-palencia-informa\/el-plazo-para-solicitar-las-ayudas-del-kit-digital-se-cierra-el-proximo-31-de-octubre#primaryimage\"},\"thumbnailUrl\":\"https:\/\/www.asajacyl.com\/palencia\/wp-content\/uploads\/sites\/3\/2025\/10\/Kit-Digital-web.jpg\",\"datePublished\":\"2025-10-09T05:30:00+00:00\",\"author\":{\"@id\":\"https:\/\/www.asajacyl.com\/palencia\/#\/schema\/person\/3ab17aeb03527485c317557fae64aab1\"},\"description\":\"ASAJA hace un llamamiento a los profesionales del sector agr\u00edcola y ganadero para que se informen y aprovechen las oportunidades de digitalizaci\u00f3n que\",\"breadcrumb\":{\"@id\":\"https:\/\/www.asajacyl.com\/palencia\/asaja-palencia-informa\/el-plazo-para-solicitar-las-ayudas-del-kit-digital-se-cierra-el-proximo-31-de-octubre#breadcrumb\"},\"inLanguage\":\"es\",\"potentialAction\":[{\"@type\":\"ReadAction\",\"target\":[\"https:\/\/www.asajacyl.com\/palencia\/asaja-palencia-informa\/el-plazo-para-solicitar-las-ayudas-del-kit-digital-se-cierra-el-proximo-31-de-octubre\"]}]},{\"@type\":\"ImageObject\",\"inLanguage\":\"es\",\"@id\":\"https:\/\/www.asajacyl.com\/palencia\/asaja-palencia-informa\/el-plazo-para-solicitar-las-ayudas-del-kit-digital-se-cierra-el-proximo-31-de-octubre#primaryimage\",\"url\":\"https:\/\/www.asajacyl.com\/palencia\/wp-content\/uploads\/sites\/3\/2025\/10\/Kit-Digital-web.jpg\",\"contentUrl\":\"https:\/\/www.asajacyl.com\/palencia\/wp-content\/uploads\/sites\/3\/2025\/10\/Kit-Digital-web.jpg\",\"width\":1890,\"height\":1654},{\"@type\":\"BreadcrumbList\",\"@id\":\"https:\/\/www.asajacyl.com\/palencia\/asaja-palencia-informa\/el-plazo-para-solicitar-las-ayudas-del-kit-digital-se-cierra-el-proximo-31-de-octubre#breadcrumb\",\"itemListElement\":[{\"@type\":\"ListItem\",\"position\":1,\"name\":\"Portada\",\"item\":\"https:\/\/www.asajacyl.com\/palencia\/\"},{\"@type\":\"ListItem\",\"position\":2,\"name\":\"El plazo para solicitar las ayudas del KIT Digital se cierra el pr\u00f3ximo 31 de octubre\"}]},{\"@type\":\"WebSite\",\"@id\":\"https:\/\/www.asajacyl.com\/palencia\/#website\",\"url\":\"https:\/\/www.asajacyl.com\/palencia\/\",\"name\":\"ASAJA Palencia\",\"description\":\"Otro sitio m\u00e1s de Provincias ASAJA Castilla y Le\u00f3n\",\"potentialAction\":[{\"@type\":\"SearchAction\",\"target\":{\"@type\":\"EntryPoint\",\"urlTemplate\":\"https:\/\/www.asajacyl.com\/palencia\/?s={search_term_string}\"},\"query-input\":{\"@type\":\"PropertyValueSpecification\",\"valueRequired\":true,\"valueName\":\"search_term_string\"}}],\"inLanguage\":\"es\"},{\"@type\":\"Person\",\"@id\":\"https:\/\/www.asajacyl.com\/palencia\/#\/schema\/person\/3ab17aeb03527485c317557fae64aab1\",\"name\":\"Administrador\",\"image\":{\"@type\":\"ImageObject\",\"inLanguage\":\"es\",\"@id\":\"https:\/\/www.asajacyl.com\/palencia\/#\/schema\/person\/image\/\",\"url\":\"https:\/\/secure.gravatar.com\/avatar\/517384810d242ca9e38c180f3c9fb973?s=96&d=mm&r=g\",\"contentUrl\":\"https:\/\/secure.gravatar.com\/avatar\/517384810d242ca9e38c180f3c9fb973?s=96&d=mm&r=g\",\"caption\":\"Administrador\"},\"url\":\"https:\/\/www.asajacyl.com\/palencia\/author\/carlosrm\"}]}<\/script>\n<!-- \/ Yoast SEO plugin. -->","yoast_head_json":{"title":"El plazo para solicitar las ayudas del KIT Digital se cierra el pr\u00f3ximo 31 de octubre - ASAJA Palencia","description":"ASAJA hace un llamamiento a los profesionales del sector agr\u00edcola y ganadero para que se informen y aprovechen las oportunidades de digitalizaci\u00f3n que","robots":{"index":"index","follow":"follow","max-snippet":"max-snippet:-1","max-image-preview":"max-image-preview:large","max-video-preview":"max-video-preview:-1"},"canonical":"https:\/\/www.asajacyl.com\/palencia\/asaja-palencia-informa\/el-plazo-para-solicitar-las-ayudas-del-kit-digital-se-cierra-el-proximo-31-de-octubre","og_locale":"es_ES","og_type":"article","og_title":"El plazo para solicitar las ayudas del KIT Digital se cierra el pr\u00f3ximo 31 de octubre - ASAJA Palencia","og_description":"ASAJA hace un llamamiento a los profesionales del sector agr\u00edcola y ganadero para que se informen y aprovechen las oportunidades de digitalizaci\u00f3n que","og_url":"https:\/\/www.asajacyl.com\/palencia\/asaja-palencia-informa\/el-plazo-para-solicitar-las-ayudas-del-kit-digital-se-cierra-el-proximo-31-de-octubre","og_site_name":"ASAJA Palencia","article_published_time":"2025-10-09T05:30:00+00:00","og_image":[{"width":1890,"height":1654,"url":"https:\/\/www.asajacyl.com\/palencia\/wp-content\/uploads\/sites\/3\/2025\/10\/Kit-Digital-web.jpg","type":"image\/jpeg"}],"author":"Administrador","twitter_card":"summary_large_image","twitter_misc":{"Escrito por":"Administrador","Tiempo de lectura":"3 minutos"},"schema":{"@context":"https:\/\/schema.org","@graph":[{"@type":"WebPage","@id":"https:\/\/www.asajacyl.com\/palencia\/asaja-palencia-informa\/el-plazo-para-solicitar-las-ayudas-del-kit-digital-se-cierra-el-proximo-31-de-octubre","url":"https:\/\/www.asajacyl.com\/palencia\/asaja-palencia-informa\/el-plazo-para-solicitar-las-ayudas-del-kit-digital-se-cierra-el-proximo-31-de-octubre","name":"El plazo para solicitar las ayudas del KIT Digital se cierra el pr\u00f3ximo 31 de octubre - ASAJA Palencia","isPartOf":{"@id":"https:\/\/www.asajacyl.com\/palencia\/#website"},"primaryImageOfPage":{"@id":"https:\/\/www.asajacyl.com\/palencia\/asaja-palencia-informa\/el-plazo-para-solicitar-las-ayudas-del-kit-digital-se-cierra-el-proximo-31-de-octubre#primaryimage"},"image":{"@id":"https:\/\/www.asajacyl.com\/palencia\/asaja-palencia-informa\/el-plazo-para-solicitar-las-ayudas-del-kit-digital-se-cierra-el-proximo-31-de-octubre#primaryimage"},"thumbnailUrl":"https:\/\/www.asajacyl.com\/palencia\/wp-content\/uploads\/sites\/3\/2025\/10\/Kit-Digital-web.jpg","datePublished":"2025-10-09T05:30:00+00:00","author":{"@id":"https:\/\/www.asajacyl.com\/palencia\/#\/schema\/person\/3ab17aeb03527485c317557fae64aab1"},"description":"ASAJA hace un llamamiento a los profesionales del sector agr\u00edcola y ganadero para que se informen y aprovechen las oportunidades de digitalizaci\u00f3n que","breadcrumb":{"@id":"https:\/\/www.asajacyl.com\/palencia\/asaja-palencia-informa\/el-plazo-para-solicitar-las-ayudas-del-kit-digital-se-cierra-el-proximo-31-de-octubre#breadcrumb"},"inLanguage":"es","potentialAction":[{"@type":"ReadAction","target":["https:\/\/www.asajacyl.com\/palencia\/asaja-palencia-informa\/el-plazo-para-solicitar-las-ayudas-del-kit-digital-se-cierra-el-proximo-31-de-octubre"]}]},{"@type":"ImageObject","inLanguage":"es","@id":"https:\/\/www.asajacyl.com\/palencia\/asaja-palencia-informa\/el-plazo-para-solicitar-las-ayudas-del-kit-digital-se-cierra-el-proximo-31-de-octubre#primaryimage","url":"https:\/\/www.asajacyl.com\/palencia\/wp-content\/uploads\/sites\/3\/2025\/10\/Kit-Digital-web.jpg","contentUrl":"https:\/\/www.asajacyl.com\/palencia\/wp-content\/uploads\/sites\/3\/2025\/10\/Kit-Digital-web.jpg","width":1890,"height":1654},{"@type":"BreadcrumbList","@id":"https:\/\/www.asajacyl.com\/palencia\/asaja-palencia-informa\/el-plazo-para-solicitar-las-ayudas-del-kit-digital-se-cierra-el-proximo-31-de-octubre#breadcrumb","itemListElement":[{"@type":"ListItem","position":1,"name":"Portada","item":"https:\/\/www.asajacyl.com\/palencia\/"},{"@type":"ListItem","position":2,"name":"El plazo para solicitar las ayudas del KIT Digital se cierra el pr\u00f3ximo 31 de octubre"}]},{"@type":"WebSite","@id":"https:\/\/www.asajacyl.com\/palencia\/#website","url":"https:\/\/www.asajacyl.com\/palencia\/","name":"ASAJA Palencia","description":"Otro sitio m\u00e1s de Provincias ASAJA Castilla y Le\u00f3n","potentialAction":[{"@type":"SearchAction","target":{"@type":"EntryPoint","urlTemplate":"https:\/\/www.asajacyl.com\/palencia\/?s={search_term_string}"},"query-input":{"@type":"PropertyValueSpecification","valueRequired":true,"valueName":"search_term_string"}}],"inLanguage":"es"},{"@type":"Person","@id":"https:\/\/www.asajacyl.com\/palencia\/#\/schema\/person\/3ab17aeb03527485c317557fae64aab1","name":"Administrador","image":{"@type":"ImageObject","inLanguage":"es","@id":"https:\/\/www.asajacyl.com\/palencia\/#\/schema\/person\/image\/","url":"https:\/\/secure.gravatar.com\/avatar\/517384810d242ca9e38c180f3c9fb973?s=96&d=mm&r=g","contentUrl":"https:\/\/secure.gravatar.com\/avatar\/517384810d242ca9e38c180f3c9fb973?s=96&d=mm&r=g","caption":"Administrador"},"url":"https:\/\/www.asajacyl.com\/palencia\/author\/carlosrm"}]}},"_links":{"self":[{"href":"https:\/\/www.asajacyl.com\/palencia\/wp-json\/wp\/v2\/posts\/21166"}],"collection":[{"href":"https:\/\/www.asajacyl.com\/palencia\/wp-json\/wp\/v2\/posts"}],"about":[{"href":"https:\/\/www.asajacyl.com\/palencia\/wp-json\/wp\/v2\/types\/post"}],"author":[{"embeddable":true,"href":"https:\/\/www.asajacyl.com\/palencia\/wp-json\/wp\/v2\/users\/9"}],"replies":[{"embeddable":true,"href":"https:\/\/www.asajacyl.com\/palencia\/wp-json\/wp\/v2\/comments?post=21166"}],"version-history":[{"count":1,"href":"https:\/\/www.asajacyl.com\/palencia\/wp-json\/wp\/v2\/posts\/21166\/revisions"}],"predecessor-version":[{"id":21169,"href":"https:\/\/www.asajacyl.com\/palencia\/wp-json\/wp\/v2\/posts\/21166\/revisions\/21169"}],"wp:featuredmedia":[{"embeddable":true,"href":"https:\/\/www.asajacyl.com\/palencia\/wp-json\/wp\/v2\/media\/21168"}],"wp:attachment":[{"href":"https:\/\/www.asajacyl.com\/palencia\/wp-json\/wp\/v2\/media?parent=21166"}],"wp:term":[{"taxonomy":"category","embeddable":true,"href":"https:\/\/www.asajacyl.com\/palencia\/wp-json\/wp\/v2\/categories?post=21166"},{"taxonomy":"post_tag","embeddable":true,"href":"https:\/\/www.asajacyl.com\/palencia\/wp-json\/wp\/v2\/tags?post=21166"}],"curies":[{"name":"wp","href":"https:\/\/api.w.org\/{rel}","templated":true}]}}