{"id":21171,"date":"2025-10-09T08:00:00","date_gmt":"2025-10-09T06:00:00","guid":{"rendered":"https:\/\/www.asajacyl.com\/palencia\/?p=21171"},"modified":"2025-10-08T18:37:50","modified_gmt":"2025-10-08T16:37:50","slug":"la-lonja-de-leon-constata-una-estabilidad-en-los-precios-de-los-cereales-el-girasol-y-las-patatas","status":"publish","type":"post","link":"https:\/\/www.asajacyl.com\/palencia\/asaja-palencia-informa\/la-lonja-de-leon-constata-una-estabilidad-en-los-precios-de-los-cereales-el-girasol-y-las-patatas","title":{"rendered":"La Lonja de Le\u00f3n constata estabilidad en los precios de los cereales, el girasol y las patatas"},"content":{"rendered":"\n<h2 class=\"wp-block-heading\">La estabilidad ha sido la t\u00f3nica dominante en la sesi\u00f3n de la Lonja de Le\u00f3n celebrada esta semana, con repetici\u00f3n de todas las cotizaciones de patata, girasol y cereales de invierno, excepto una t\u00edmida subida de un euro por tonelada en la cebada, que opera a 178 euros. La lonja leonesa decidi\u00f3 aplazar una semana el primer precio del ma\u00edz, ante la gran disparidad entre agricultores y compradores, a la espera de m\u00e1s contrataci\u00f3n que determine el fiel de la balanza.<\/h2>\n\n\n\n<p>El aplazamiento de la fijaci\u00f3n del precio del ma\u00edz ha constituido la principal noticia de la Lonja de Le\u00f3n de este mi\u00e9rcoles, 8 de octubre, pese a que la cosecha de este cereal se va generalizando, con humedades en grano \u00f3ptimas e incluso partidas que no tendr\u00e1n que acudir al secadero, al encontrarse por debajo del 15 % de humedad, debido al tiempo seco y caluroso de las \u00faltimas semanas. <\/p>\n\n\n\n<p>La provincia de Palencia cultiva unas 2650 hect\u00e1reas de ma\u00edz para grano en esta campa\u00f1a, seg\u00fan las solicitudes de ayudas de la PAC. Alrededor de cuatro mil hect\u00e1reas m\u00e1s se dedican a ma\u00edz forrajero, normalmente por parte de explotaciones agroganaderas para autoconsumo en las raciones animales. <\/p>\n\n\n\n<p>En el conjunto de Castilla y Le\u00f3n se cultivar\u00e1n este a\u00f1o 124 000 hect\u00e1reas de ma\u00edz, seg\u00fan esas mismas estimaciones de la PAC 2025, con Le\u00f3n como provincia destacada, con m\u00e1s de 76 000 hect\u00e1reas (m\u00e1s del 61,5 % del total de la superficie regional). Ese predominio es consecuencia del fuerte desarrollo del regad\u00edo en esta provincia desde la construcci\u00f3n y entrada en funcionamiento del embalse de Ria\u00f1o.<\/p>\n\n\n\n<p>En el resto de cultivos, pese a las presiones a la baja, repitieron cotizaci\u00f3n todas las variedades de patata, cuyos precios ya est\u00e1n por debajo de los costes de producci\u00f3n. La mesa de forraje no cotiz\u00f3 este mi\u00e9rcoles (lo hace en semanas alternas) y el girasol tambi\u00e9n volvi\u00f3 a marcar los precios de la pasada semana: 435 euros\/tonelada en el linoleico; y 525 euros\/tonelada en el alto oleico.<strong>\/<\/strong><\/p>\n\n\n\n<figure class=\"wp-block-image size-large is-resized\"><img loading=\"lazy\" decoding=\"async\" width=\"1024\" height=\"768\" src=\"https:\/\/www.asajacyl.com\/palencia\/wp-content\/uploads\/sites\/3\/2025\/10\/Precios-agricultura-8oct2025-1024x768.png\" alt=\"\" class=\"wp-image-21172\" style=\"width:1063px;height:auto\" srcset=\"https:\/\/www.asajacyl.com\/palencia\/wp-content\/uploads\/sites\/3\/2025\/10\/Precios-agricultura-8oct2025-1024x768.png 1024w, https:\/\/www.asajacyl.com\/palencia\/wp-content\/uploads\/sites\/3\/2025\/10\/Precios-agricultura-8oct2025-300x225.png 300w, https:\/\/www.asajacyl.com\/palencia\/wp-content\/uploads\/sites\/3\/2025\/10\/Precios-agricultura-8oct2025-768x576.png 768w, https:\/\/www.asajacyl.com\/palencia\/wp-content\/uploads\/sites\/3\/2025\/10\/Precios-agricultura-8oct2025-1536x1152.png 1536w, https:\/\/www.asajacyl.com\/palencia\/wp-content\/uploads\/sites\/3\/2025\/10\/Precios-agricultura-8oct2025-2048x1536.png 2048w, https:\/\/www.asajacyl.com\/palencia\/wp-content\/uploads\/sites\/3\/2025\/10\/Precios-agricultura-8oct2025-560x420.png 560w, https:\/\/www.asajacyl.com\/palencia\/wp-content\/uploads\/sites\/3\/2025\/10\/Precios-agricultura-8oct2025-80x60.png 80w, https:\/\/www.asajacyl.com\/palencia\/wp-content\/uploads\/sites\/3\/2025\/10\/Precios-agricultura-8oct2025-696x522.png 696w, https:\/\/www.asajacyl.com\/palencia\/wp-content\/uploads\/sites\/3\/2025\/10\/Precios-agricultura-8oct2025-1068x801.png 1068w, https:\/\/www.asajacyl.com\/palencia\/wp-content\/uploads\/sites\/3\/2025\/10\/Precios-agricultura-8oct2025-1920x1440.png 1920w\" sizes=\"(max-width: 1024px) 100vw, 1024px\" \/><\/figure>\n","protected":false},"excerpt":{"rendered":"<p>La estabilidad ha sido la t\u00f3nica dominante en la sesi\u00f3n de la Lonja de Le\u00f3n celebrada esta semana, con repetici\u00f3n de todas las cotizaciones de patata, girasol y cereales de invierno, excepto una t\u00edmida subida de un euro por tonelada en la cebada, que opera a 178 euros. La lonja leonesa decidi\u00f3 aplazar una semana [&hellip;]<\/p>\n","protected":false},"author":9,"featured_media":10931,"comment_status":"open","ping_status":"open","sticky":false,"template":"","format":"standard","meta":{"footnotes":""},"categories":[9,29,36,28,13],"tags":[58,221,289,46,99,77,145,468,1588,293,219,1017,1075,92,60,147,93,220],"yoast_head":"<!-- This site is optimized with the Yoast SEO plugin v24.5 - https:\/\/yoast.com\/wordpress\/plugins\/seo\/ -->\n<title>La Lonja de Le\u00f3n constata estabilidad en los precios de los cereales, el girasol y las patatas - ASAJA Palencia<\/title>\n<meta name=\"description\" content=\"La estabilidad ha sido la t\u00f3nica dominante en la sesi\u00f3n de la Lonja de Le\u00f3n celebrada esta semana, con repetici\u00f3n de todas las cotizaciones de patata,\" \/>\n<meta name=\"robots\" content=\"index, follow, max-snippet:-1, max-image-preview:large, max-video-preview:-1\" \/>\n<link rel=\"canonical\" href=\"https:\/\/www.asajacyl.com\/palencia\/asaja-palencia-informa\/la-lonja-de-leon-constata-una-estabilidad-en-los-precios-de-los-cereales-el-girasol-y-las-patatas\" \/>\n<meta property=\"og:locale\" content=\"es_ES\" \/>\n<meta property=\"og:type\" content=\"article\" \/>\n<meta property=\"og:title\" content=\"La Lonja de Le\u00f3n constata estabilidad en los precios de los cereales, el girasol y las patatas - ASAJA Palencia\" \/>\n<meta property=\"og:description\" content=\"La estabilidad ha sido la t\u00f3nica dominante en la sesi\u00f3n de la Lonja de Le\u00f3n celebrada esta semana, con repetici\u00f3n de todas las cotizaciones de patata,\" \/>\n<meta property=\"og:url\" content=\"https:\/\/www.asajacyl.com\/palencia\/asaja-palencia-informa\/la-lonja-de-leon-constata-una-estabilidad-en-los-precios-de-los-cereales-el-girasol-y-las-patatas\" \/>\n<meta property=\"og:site_name\" content=\"ASAJA Palencia\" \/>\n<meta property=\"article:published_time\" content=\"2025-10-09T06:00:00+00:00\" \/>\n<meta property=\"og:image\" content=\"https:\/\/www.asajacyl.com\/palencia\/wp-content\/uploads\/sites\/3\/2022\/06\/REMOLQUE-CEBADA.jpg\" \/>\n\t<meta property=\"og:image:width\" content=\"2500\" \/>\n\t<meta property=\"og:image:height\" content=\"1875\" \/>\n\t<meta property=\"og:image:type\" content=\"image\/jpeg\" \/>\n<meta name=\"author\" content=\"Administrador\" \/>\n<meta name=\"twitter:card\" content=\"summary_large_image\" \/>\n<meta name=\"twitter:label1\" content=\"Escrito por\" \/>\n\t<meta name=\"twitter:data1\" content=\"Administrador\" \/>\n\t<meta name=\"twitter:label2\" content=\"Tiempo de lectura\" \/>\n\t<meta name=\"twitter:data2\" content=\"2 minutos\" \/>\n<script type=\"application\/ld+json\" class=\"yoast-schema-graph\">{\"@context\":\"https:\/\/schema.org\",\"@graph\":[{\"@type\":\"WebPage\",\"@id\":\"https:\/\/www.asajacyl.com\/palencia\/asaja-palencia-informa\/la-lonja-de-leon-constata-una-estabilidad-en-los-precios-de-los-cereales-el-girasol-y-las-patatas\",\"url\":\"https:\/\/www.asajacyl.com\/palencia\/asaja-palencia-informa\/la-lonja-de-leon-constata-una-estabilidad-en-los-precios-de-los-cereales-el-girasol-y-las-patatas\",\"name\":\"La Lonja de Le\u00f3n constata estabilidad en los precios de los cereales, el girasol y las patatas - ASAJA Palencia\",\"isPartOf\":{\"@id\":\"https:\/\/www.asajacyl.com\/palencia\/#website\"},\"primaryImageOfPage\":{\"@id\":\"https:\/\/www.asajacyl.com\/palencia\/asaja-palencia-informa\/la-lonja-de-leon-constata-una-estabilidad-en-los-precios-de-los-cereales-el-girasol-y-las-patatas#primaryimage\"},\"image\":{\"@id\":\"https:\/\/www.asajacyl.com\/palencia\/asaja-palencia-informa\/la-lonja-de-leon-constata-una-estabilidad-en-los-precios-de-los-cereales-el-girasol-y-las-patatas#primaryimage\"},\"thumbnailUrl\":\"https:\/\/www.asajacyl.com\/palencia\/wp-content\/uploads\/sites\/3\/2022\/06\/REMOLQUE-CEBADA.jpg\",\"datePublished\":\"2025-10-09T06:00:00+00:00\",\"author\":{\"@id\":\"https:\/\/www.asajacyl.com\/palencia\/#\/schema\/person\/3ab17aeb03527485c317557fae64aab1\"},\"description\":\"La estabilidad ha sido la t\u00f3nica dominante en la sesi\u00f3n de la Lonja de Le\u00f3n celebrada esta semana, con repetici\u00f3n de todas las cotizaciones de patata,\",\"breadcrumb\":{\"@id\":\"https:\/\/www.asajacyl.com\/palencia\/asaja-palencia-informa\/la-lonja-de-leon-constata-una-estabilidad-en-los-precios-de-los-cereales-el-girasol-y-las-patatas#breadcrumb\"},\"inLanguage\":\"es\",\"potentialAction\":[{\"@type\":\"ReadAction\",\"target\":[\"https:\/\/www.asajacyl.com\/palencia\/asaja-palencia-informa\/la-lonja-de-leon-constata-una-estabilidad-en-los-precios-de-los-cereales-el-girasol-y-las-patatas\"]}]},{\"@type\":\"ImageObject\",\"inLanguage\":\"es\",\"@id\":\"https:\/\/www.asajacyl.com\/palencia\/asaja-palencia-informa\/la-lonja-de-leon-constata-una-estabilidad-en-los-precios-de-los-cereales-el-girasol-y-las-patatas#primaryimage\",\"url\":\"https:\/\/www.asajacyl.com\/palencia\/wp-content\/uploads\/sites\/3\/2022\/06\/REMOLQUE-CEBADA.jpg\",\"contentUrl\":\"https:\/\/www.asajacyl.com\/palencia\/wp-content\/uploads\/sites\/3\/2022\/06\/REMOLQUE-CEBADA.jpg\",\"width\":2500,\"height\":1875},{\"@type\":\"BreadcrumbList\",\"@id\":\"https:\/\/www.asajacyl.com\/palencia\/asaja-palencia-informa\/la-lonja-de-leon-constata-una-estabilidad-en-los-precios-de-los-cereales-el-girasol-y-las-patatas#breadcrumb\",\"itemListElement\":[{\"@type\":\"ListItem\",\"position\":1,\"name\":\"Portada\",\"item\":\"https:\/\/www.asajacyl.com\/palencia\/\"},{\"@type\":\"ListItem\",\"position\":2,\"name\":\"La Lonja de Le\u00f3n constata estabilidad en los precios de los cereales, el girasol y las patatas\"}]},{\"@type\":\"WebSite\",\"@id\":\"https:\/\/www.asajacyl.com\/palencia\/#website\",\"url\":\"https:\/\/www.asajacyl.com\/palencia\/\",\"name\":\"ASAJA Palencia\",\"description\":\"Otro sitio m\u00e1s de Provincias ASAJA Castilla y Le\u00f3n\",\"potentialAction\":[{\"@type\":\"SearchAction\",\"target\":{\"@type\":\"EntryPoint\",\"urlTemplate\":\"https:\/\/www.asajacyl.com\/palencia\/?s={search_term_string}\"},\"query-input\":{\"@type\":\"PropertyValueSpecification\",\"valueRequired\":true,\"valueName\":\"search_term_string\"}}],\"inLanguage\":\"es\"},{\"@type\":\"Person\",\"@id\":\"https:\/\/www.asajacyl.com\/palencia\/#\/schema\/person\/3ab17aeb03527485c317557fae64aab1\",\"name\":\"Administrador\",\"image\":{\"@type\":\"ImageObject\",\"inLanguage\":\"es\",\"@id\":\"https:\/\/www.asajacyl.com\/palencia\/#\/schema\/person\/image\/\",\"url\":\"https:\/\/secure.gravatar.com\/avatar\/517384810d242ca9e38c180f3c9fb973?s=96&d=mm&r=g\",\"contentUrl\":\"https:\/\/secure.gravatar.com\/avatar\/517384810d242ca9e38c180f3c9fb973?s=96&d=mm&r=g\",\"caption\":\"Administrador\"},\"url\":\"https:\/\/www.asajacyl.com\/palencia\/author\/carlosrm\"}]}<\/script>\n<!-- \/ Yoast SEO plugin. -->","yoast_head_json":{"title":"La Lonja de Le\u00f3n constata estabilidad en los precios de los cereales, el girasol y las patatas - ASAJA Palencia","description":"La estabilidad ha sido la t\u00f3nica dominante en la sesi\u00f3n de la Lonja de Le\u00f3n celebrada esta semana, con repetici\u00f3n de todas las cotizaciones de patata,","robots":{"index":"index","follow":"follow","max-snippet":"max-snippet:-1","max-image-preview":"max-image-preview:large","max-video-preview":"max-video-preview:-1"},"canonical":"https:\/\/www.asajacyl.com\/palencia\/asaja-palencia-informa\/la-lonja-de-leon-constata-una-estabilidad-en-los-precios-de-los-cereales-el-girasol-y-las-patatas","og_locale":"es_ES","og_type":"article","og_title":"La Lonja de Le\u00f3n constata estabilidad en los precios de los cereales, el girasol y las patatas - ASAJA Palencia","og_description":"La estabilidad ha sido la t\u00f3nica dominante en la sesi\u00f3n de la Lonja de Le\u00f3n celebrada esta semana, con repetici\u00f3n de todas las cotizaciones de patata,","og_url":"https:\/\/www.asajacyl.com\/palencia\/asaja-palencia-informa\/la-lonja-de-leon-constata-una-estabilidad-en-los-precios-de-los-cereales-el-girasol-y-las-patatas","og_site_name":"ASAJA Palencia","article_published_time":"2025-10-09T06:00:00+00:00","og_image":[{"width":2500,"height":1875,"url":"https:\/\/www.asajacyl.com\/palencia\/wp-content\/uploads\/sites\/3\/2022\/06\/REMOLQUE-CEBADA.jpg","type":"image\/jpeg"}],"author":"Administrador","twitter_card":"summary_large_image","twitter_misc":{"Escrito por":"Administrador","Tiempo de lectura":"2 minutos"},"schema":{"@context":"https:\/\/schema.org","@graph":[{"@type":"WebPage","@id":"https:\/\/www.asajacyl.com\/palencia\/asaja-palencia-informa\/la-lonja-de-leon-constata-una-estabilidad-en-los-precios-de-los-cereales-el-girasol-y-las-patatas","url":"https:\/\/www.asajacyl.com\/palencia\/asaja-palencia-informa\/la-lonja-de-leon-constata-una-estabilidad-en-los-precios-de-los-cereales-el-girasol-y-las-patatas","name":"La Lonja de Le\u00f3n constata estabilidad en los precios de los cereales, el girasol y las patatas - ASAJA Palencia","isPartOf":{"@id":"https:\/\/www.asajacyl.com\/palencia\/#website"},"primaryImageOfPage":{"@id":"https:\/\/www.asajacyl.com\/palencia\/asaja-palencia-informa\/la-lonja-de-leon-constata-una-estabilidad-en-los-precios-de-los-cereales-el-girasol-y-las-patatas#primaryimage"},"image":{"@id":"https:\/\/www.asajacyl.com\/palencia\/asaja-palencia-informa\/la-lonja-de-leon-constata-una-estabilidad-en-los-precios-de-los-cereales-el-girasol-y-las-patatas#primaryimage"},"thumbnailUrl":"https:\/\/www.asajacyl.com\/palencia\/wp-content\/uploads\/sites\/3\/2022\/06\/REMOLQUE-CEBADA.jpg","datePublished":"2025-10-09T06:00:00+00:00","author":{"@id":"https:\/\/www.asajacyl.com\/palencia\/#\/schema\/person\/3ab17aeb03527485c317557fae64aab1"},"description":"La estabilidad ha sido la t\u00f3nica dominante en la sesi\u00f3n de la Lonja de Le\u00f3n celebrada esta semana, con repetici\u00f3n de todas las cotizaciones de patata,","breadcrumb":{"@id":"https:\/\/www.asajacyl.com\/palencia\/asaja-palencia-informa\/la-lonja-de-leon-constata-una-estabilidad-en-los-precios-de-los-cereales-el-girasol-y-las-patatas#breadcrumb"},"inLanguage":"es","potentialAction":[{"@type":"ReadAction","target":["https:\/\/www.asajacyl.com\/palencia\/asaja-palencia-informa\/la-lonja-de-leon-constata-una-estabilidad-en-los-precios-de-los-cereales-el-girasol-y-las-patatas"]}]},{"@type":"ImageObject","inLanguage":"es","@id":"https:\/\/www.asajacyl.com\/palencia\/asaja-palencia-informa\/la-lonja-de-leon-constata-una-estabilidad-en-los-precios-de-los-cereales-el-girasol-y-las-patatas#primaryimage","url":"https:\/\/www.asajacyl.com\/palencia\/wp-content\/uploads\/sites\/3\/2022\/06\/REMOLQUE-CEBADA.jpg","contentUrl":"https:\/\/www.asajacyl.com\/palencia\/wp-content\/uploads\/sites\/3\/2022\/06\/REMOLQUE-CEBADA.jpg","width":2500,"height":1875},{"@type":"BreadcrumbList","@id":"https:\/\/www.asajacyl.com\/palencia\/asaja-palencia-informa\/la-lonja-de-leon-constata-una-estabilidad-en-los-precios-de-los-cereales-el-girasol-y-las-patatas#breadcrumb","itemListElement":[{"@type":"ListItem","position":1,"name":"Portada","item":"https:\/\/www.asajacyl.com\/palencia\/"},{"@type":"ListItem","position":2,"name":"La Lonja de Le\u00f3n constata estabilidad en los precios de los cereales, el girasol y las patatas"}]},{"@type":"WebSite","@id":"https:\/\/www.asajacyl.com\/palencia\/#website","url":"https:\/\/www.asajacyl.com\/palencia\/","name":"ASAJA Palencia","description":"Otro sitio m\u00e1s de Provincias ASAJA Castilla y Le\u00f3n","potentialAction":[{"@type":"SearchAction","target":{"@type":"EntryPoint","urlTemplate":"https:\/\/www.asajacyl.com\/palencia\/?s={search_term_string}"},"query-input":{"@type":"PropertyValueSpecification","valueRequired":true,"valueName":"search_term_string"}}],"inLanguage":"es"},{"@type":"Person","@id":"https:\/\/www.asajacyl.com\/palencia\/#\/schema\/person\/3ab17aeb03527485c317557fae64aab1","name":"Administrador","image":{"@type":"ImageObject","inLanguage":"es","@id":"https:\/\/www.asajacyl.com\/palencia\/#\/schema\/person\/image\/","url":"https:\/\/secure.gravatar.com\/avatar\/517384810d242ca9e38c180f3c9fb973?s=96&d=mm&r=g","contentUrl":"https:\/\/secure.gravatar.com\/avatar\/517384810d242ca9e38c180f3c9fb973?s=96&d=mm&r=g","caption":"Administrador"},"url":"https:\/\/www.asajacyl.com\/palencia\/author\/carlosrm"}]}},"_links":{"self":[{"href":"https:\/\/www.asajacyl.com\/palencia\/wp-json\/wp\/v2\/posts\/21171"}],"collection":[{"href":"https:\/\/www.asajacyl.com\/palencia\/wp-json\/wp\/v2\/posts"}],"about":[{"href":"https:\/\/www.asajacyl.com\/palencia\/wp-json\/wp\/v2\/types\/post"}],"author":[{"embeddable":true,"href":"https:\/\/www.asajacyl.com\/palencia\/wp-json\/wp\/v2\/users\/9"}],"replies":[{"embeddable":true,"href":"https:\/\/www.asajacyl.com\/palencia\/wp-json\/wp\/v2\/comments?post=21171"}],"version-history":[{"count":2,"href":"https:\/\/www.asajacyl.com\/palencia\/wp-json\/wp\/v2\/posts\/21171\/revisions"}],"predecessor-version":[{"id":21174,"href":"https:\/\/www.asajacyl.com\/palencia\/wp-json\/wp\/v2\/posts\/21171\/revisions\/21174"}],"wp:featuredmedia":[{"embeddable":true,"href":"https:\/\/www.asajacyl.com\/palencia\/wp-json\/wp\/v2\/media\/10931"}],"wp:attachment":[{"href":"https:\/\/www.asajacyl.com\/palencia\/wp-json\/wp\/v2\/media?parent=21171"}],"wp:term":[{"taxonomy":"category","embeddable":true,"href":"https:\/\/www.asajacyl.com\/palencia\/wp-json\/wp\/v2\/categories?post=21171"},{"taxonomy":"post_tag","embeddable":true,"href":"https:\/\/www.asajacyl.com\/palencia\/wp-json\/wp\/v2\/tags?post=21171"}],"curies":[{"name":"wp","href":"https:\/\/api.w.org\/{rel}","templated":true}]}}