{"id":21181,"date":"2025-10-12T08:00:00","date_gmt":"2025-10-12T06:00:00","guid":{"rendered":"https:\/\/www.asajacyl.com\/palencia\/?p=21181"},"modified":"2025-10-10T13:44:40","modified_gmt":"2025-10-10T11:44:40","slug":"campo-palentino-9-octubre-2025","status":"publish","type":"post","link":"https:\/\/www.asajacyl.com\/palencia\/asaja-palencia-informa\/campo-palentino-9-octubre-2025","title":{"rendered":"Campo Palentino | (9\/OCTUBRE\/2025)"},"content":{"rendered":"\n<h2 class=\"wp-block-heading\">Acudimos a Ledigos para entrevistar, a pie de explotaci\u00f3n, a Donaciano Dujo, recientemente reelegido presidente de ASAJA-Castilla y Le\u00f3n. Conversamos con \u00e9l sobre esta nueva etapa al frente de la organizaci\u00f3n profesional agraria l\u00edder de la comunidad, pero tambi\u00e9n sobre su vocaci\u00f3n de agricultor y las perspectivas ante la nueva sementera. Tambi\u00e9n hablamos con Jes\u00fas Bajo, t\u00e9cnico de ASAJA responsable de las juntas agropecuarias locales, sobre recientes cambios en la normativa de caza, que afectan tanto al cazador como al titular cineg\u00e9tico. Adem\u00e1s, nuestras habituales secciones de noticias y precios agroganaderos. <\/h2>\n\n\n\n<figure class=\"wp-block-embed is-type-video is-provider-youtube wp-block-embed-youtube wp-embed-aspect-16-9 wp-has-aspect-ratio\"><div class=\"wp-block-embed__wrapper\">\n<div class=\"youtube-embed\" data-video_id=\"jsuwe4DQk4w\"><iframe loading=\"lazy\" title=\"&#039;Campo Palentino&#039; (9-10-2025)\" width=\"696\" height=\"392\" src=\"https:\/\/www.youtube.com\/embed\/jsuwe4DQk4w?list=PL4728AF83CD6CBFC9\" frameborder=\"0\" allow=\"accelerometer; autoplay; clipboard-write; encrypted-media; gyroscope; picture-in-picture; web-share\" referrerpolicy=\"strict-origin-when-cross-origin\" allowfullscreen><\/iframe><\/div>\n<\/div><\/figure>\n","protected":false},"excerpt":{"rendered":"<p>Acudimos a Ledigos para entrevistar, a pie de explotaci\u00f3n, a Donaciano Dujo, recientemente reelegido presidente de ASAJA-Castilla y Le\u00f3n. Conversamos con \u00e9l sobre esta nueva etapa al frente de la organizaci\u00f3n profesional agraria l\u00edder de la comunidad, pero tambi\u00e9n sobre su vocaci\u00f3n de agricultor y las perspectivas ante la nueva sementera. Tambi\u00e9n hablamos con Jes\u00fas [&hellip;]<\/p>\n","protected":false},"author":9,"featured_media":21182,"comment_status":"open","ping_status":"open","sticky":false,"template":"","format":"standard","meta":{"footnotes":""},"categories":[9,29,28,8],"tags":[58,59,46,142,351,77,66,92,110,93],"yoast_head":"<!-- This site is optimized with the Yoast SEO plugin v24.5 - https:\/\/yoast.com\/wordpress\/plugins\/seo\/ -->\n<title>Campo Palentino | (9\/OCTUBRE\/2025) - ASAJA Palencia<\/title>\n<meta name=\"description\" content=\"Acudimos a Ledigos para entrevistar, a pie de explotaci\u00f3n, a Donaciano Dujo, recientemente reelegido presidente de ASAJA-Castilla y Le\u00f3n. Conversamos con\" \/>\n<meta name=\"robots\" content=\"index, follow, max-snippet:-1, max-image-preview:large, max-video-preview:-1\" \/>\n<link rel=\"canonical\" href=\"https:\/\/www.asajacyl.com\/palencia\/asaja-palencia-informa\/campo-palentino-9-octubre-2025\" \/>\n<meta property=\"og:locale\" content=\"es_ES\" \/>\n<meta property=\"og:type\" content=\"article\" \/>\n<meta property=\"og:title\" content=\"Campo Palentino | (9\/OCTUBRE\/2025) - ASAJA Palencia\" \/>\n<meta property=\"og:description\" content=\"Acudimos a Ledigos para entrevistar, a pie de explotaci\u00f3n, a Donaciano Dujo, recientemente reelegido presidente de ASAJA-Castilla y Le\u00f3n. Conversamos con\" \/>\n<meta property=\"og:url\" content=\"https:\/\/www.asajacyl.com\/palencia\/asaja-palencia-informa\/campo-palentino-9-octubre-2025\" \/>\n<meta property=\"og:site_name\" content=\"ASAJA Palencia\" \/>\n<meta property=\"article:published_time\" content=\"2025-10-12T06:00:00+00:00\" \/>\n<meta property=\"og:image\" content=\"https:\/\/www.asajacyl.com\/palencia\/wp-content\/uploads\/sites\/3\/2025\/10\/Campo-Palentino-La8-09oct2025.jpg\" \/>\n\t<meta property=\"og:image:width\" content=\"1890\" \/>\n\t<meta property=\"og:image:height\" content=\"1654\" \/>\n\t<meta property=\"og:image:type\" content=\"image\/jpeg\" \/>\n<meta name=\"author\" content=\"Administrador\" \/>\n<meta name=\"twitter:card\" content=\"summary_large_image\" \/>\n<meta name=\"twitter:label1\" content=\"Escrito por\" \/>\n\t<meta name=\"twitter:data1\" content=\"Administrador\" \/>\n\t<meta name=\"twitter:label2\" content=\"Tiempo de lectura\" \/>\n\t<meta name=\"twitter:data2\" content=\"1 minuto\" \/>\n<script type=\"application\/ld+json\" class=\"yoast-schema-graph\">{\"@context\":\"https:\/\/schema.org\",\"@graph\":[{\"@type\":\"WebPage\",\"@id\":\"https:\/\/www.asajacyl.com\/palencia\/asaja-palencia-informa\/campo-palentino-9-octubre-2025\",\"url\":\"https:\/\/www.asajacyl.com\/palencia\/asaja-palencia-informa\/campo-palentino-9-octubre-2025\",\"name\":\"Campo Palentino | (9\/OCTUBRE\/2025) - ASAJA Palencia\",\"isPartOf\":{\"@id\":\"https:\/\/www.asajacyl.com\/palencia\/#website\"},\"primaryImageOfPage\":{\"@id\":\"https:\/\/www.asajacyl.com\/palencia\/asaja-palencia-informa\/campo-palentino-9-octubre-2025#primaryimage\"},\"image\":{\"@id\":\"https:\/\/www.asajacyl.com\/palencia\/asaja-palencia-informa\/campo-palentino-9-octubre-2025#primaryimage\"},\"thumbnailUrl\":\"https:\/\/www.asajacyl.com\/palencia\/wp-content\/uploads\/sites\/3\/2025\/10\/Campo-Palentino-La8-09oct2025.jpg\",\"datePublished\":\"2025-10-12T06:00:00+00:00\",\"author\":{\"@id\":\"https:\/\/www.asajacyl.com\/palencia\/#\/schema\/person\/3ab17aeb03527485c317557fae64aab1\"},\"description\":\"Acudimos a Ledigos para entrevistar, a pie de explotaci\u00f3n, a Donaciano Dujo, recientemente reelegido presidente de ASAJA-Castilla y Le\u00f3n. Conversamos con\",\"breadcrumb\":{\"@id\":\"https:\/\/www.asajacyl.com\/palencia\/asaja-palencia-informa\/campo-palentino-9-octubre-2025#breadcrumb\"},\"inLanguage\":\"es\",\"potentialAction\":[{\"@type\":\"ReadAction\",\"target\":[\"https:\/\/www.asajacyl.com\/palencia\/asaja-palencia-informa\/campo-palentino-9-octubre-2025\"]}]},{\"@type\":\"ImageObject\",\"inLanguage\":\"es\",\"@id\":\"https:\/\/www.asajacyl.com\/palencia\/asaja-palencia-informa\/campo-palentino-9-octubre-2025#primaryimage\",\"url\":\"https:\/\/www.asajacyl.com\/palencia\/wp-content\/uploads\/sites\/3\/2025\/10\/Campo-Palentino-La8-09oct2025.jpg\",\"contentUrl\":\"https:\/\/www.asajacyl.com\/palencia\/wp-content\/uploads\/sites\/3\/2025\/10\/Campo-Palentino-La8-09oct2025.jpg\",\"width\":1890,\"height\":1654},{\"@type\":\"BreadcrumbList\",\"@id\":\"https:\/\/www.asajacyl.com\/palencia\/asaja-palencia-informa\/campo-palentino-9-octubre-2025#breadcrumb\",\"itemListElement\":[{\"@type\":\"ListItem\",\"position\":1,\"name\":\"Portada\",\"item\":\"https:\/\/www.asajacyl.com\/palencia\/\"},{\"@type\":\"ListItem\",\"position\":2,\"name\":\"Campo Palentino | (9\/OCTUBRE\/2025)\"}]},{\"@type\":\"WebSite\",\"@id\":\"https:\/\/www.asajacyl.com\/palencia\/#website\",\"url\":\"https:\/\/www.asajacyl.com\/palencia\/\",\"name\":\"ASAJA Palencia\",\"description\":\"Otro sitio m\u00e1s de Provincias ASAJA Castilla y Le\u00f3n\",\"potentialAction\":[{\"@type\":\"SearchAction\",\"target\":{\"@type\":\"EntryPoint\",\"urlTemplate\":\"https:\/\/www.asajacyl.com\/palencia\/?s={search_term_string}\"},\"query-input\":{\"@type\":\"PropertyValueSpecification\",\"valueRequired\":true,\"valueName\":\"search_term_string\"}}],\"inLanguage\":\"es\"},{\"@type\":\"Person\",\"@id\":\"https:\/\/www.asajacyl.com\/palencia\/#\/schema\/person\/3ab17aeb03527485c317557fae64aab1\",\"name\":\"Administrador\",\"image\":{\"@type\":\"ImageObject\",\"inLanguage\":\"es\",\"@id\":\"https:\/\/www.asajacyl.com\/palencia\/#\/schema\/person\/image\/\",\"url\":\"https:\/\/secure.gravatar.com\/avatar\/517384810d242ca9e38c180f3c9fb973?s=96&d=mm&r=g\",\"contentUrl\":\"https:\/\/secure.gravatar.com\/avatar\/517384810d242ca9e38c180f3c9fb973?s=96&d=mm&r=g\",\"caption\":\"Administrador\"},\"url\":\"https:\/\/www.asajacyl.com\/palencia\/author\/carlosrm\"}]}<\/script>\n<!-- \/ Yoast SEO plugin. -->","yoast_head_json":{"title":"Campo Palentino | (9\/OCTUBRE\/2025) - ASAJA Palencia","description":"Acudimos a Ledigos para entrevistar, a pie de explotaci\u00f3n, a Donaciano Dujo, recientemente reelegido presidente de ASAJA-Castilla y Le\u00f3n. Conversamos con","robots":{"index":"index","follow":"follow","max-snippet":"max-snippet:-1","max-image-preview":"max-image-preview:large","max-video-preview":"max-video-preview:-1"},"canonical":"https:\/\/www.asajacyl.com\/palencia\/asaja-palencia-informa\/campo-palentino-9-octubre-2025","og_locale":"es_ES","og_type":"article","og_title":"Campo Palentino | (9\/OCTUBRE\/2025) - ASAJA Palencia","og_description":"Acudimos a Ledigos para entrevistar, a pie de explotaci\u00f3n, a Donaciano Dujo, recientemente reelegido presidente de ASAJA-Castilla y Le\u00f3n. Conversamos con","og_url":"https:\/\/www.asajacyl.com\/palencia\/asaja-palencia-informa\/campo-palentino-9-octubre-2025","og_site_name":"ASAJA Palencia","article_published_time":"2025-10-12T06:00:00+00:00","og_image":[{"width":1890,"height":1654,"url":"https:\/\/www.asajacyl.com\/palencia\/wp-content\/uploads\/sites\/3\/2025\/10\/Campo-Palentino-La8-09oct2025.jpg","type":"image\/jpeg"}],"author":"Administrador","twitter_card":"summary_large_image","twitter_misc":{"Escrito por":"Administrador","Tiempo de lectura":"1 minuto"},"schema":{"@context":"https:\/\/schema.org","@graph":[{"@type":"WebPage","@id":"https:\/\/www.asajacyl.com\/palencia\/asaja-palencia-informa\/campo-palentino-9-octubre-2025","url":"https:\/\/www.asajacyl.com\/palencia\/asaja-palencia-informa\/campo-palentino-9-octubre-2025","name":"Campo Palentino | (9\/OCTUBRE\/2025) - ASAJA Palencia","isPartOf":{"@id":"https:\/\/www.asajacyl.com\/palencia\/#website"},"primaryImageOfPage":{"@id":"https:\/\/www.asajacyl.com\/palencia\/asaja-palencia-informa\/campo-palentino-9-octubre-2025#primaryimage"},"image":{"@id":"https:\/\/www.asajacyl.com\/palencia\/asaja-palencia-informa\/campo-palentino-9-octubre-2025#primaryimage"},"thumbnailUrl":"https:\/\/www.asajacyl.com\/palencia\/wp-content\/uploads\/sites\/3\/2025\/10\/Campo-Palentino-La8-09oct2025.jpg","datePublished":"2025-10-12T06:00:00+00:00","author":{"@id":"https:\/\/www.asajacyl.com\/palencia\/#\/schema\/person\/3ab17aeb03527485c317557fae64aab1"},"description":"Acudimos a Ledigos para entrevistar, a pie de explotaci\u00f3n, a Donaciano Dujo, recientemente reelegido presidente de ASAJA-Castilla y Le\u00f3n. Conversamos con","breadcrumb":{"@id":"https:\/\/www.asajacyl.com\/palencia\/asaja-palencia-informa\/campo-palentino-9-octubre-2025#breadcrumb"},"inLanguage":"es","potentialAction":[{"@type":"ReadAction","target":["https:\/\/www.asajacyl.com\/palencia\/asaja-palencia-informa\/campo-palentino-9-octubre-2025"]}]},{"@type":"ImageObject","inLanguage":"es","@id":"https:\/\/www.asajacyl.com\/palencia\/asaja-palencia-informa\/campo-palentino-9-octubre-2025#primaryimage","url":"https:\/\/www.asajacyl.com\/palencia\/wp-content\/uploads\/sites\/3\/2025\/10\/Campo-Palentino-La8-09oct2025.jpg","contentUrl":"https:\/\/www.asajacyl.com\/palencia\/wp-content\/uploads\/sites\/3\/2025\/10\/Campo-Palentino-La8-09oct2025.jpg","width":1890,"height":1654},{"@type":"BreadcrumbList","@id":"https:\/\/www.asajacyl.com\/palencia\/asaja-palencia-informa\/campo-palentino-9-octubre-2025#breadcrumb","itemListElement":[{"@type":"ListItem","position":1,"name":"Portada","item":"https:\/\/www.asajacyl.com\/palencia\/"},{"@type":"ListItem","position":2,"name":"Campo Palentino | (9\/OCTUBRE\/2025)"}]},{"@type":"WebSite","@id":"https:\/\/www.asajacyl.com\/palencia\/#website","url":"https:\/\/www.asajacyl.com\/palencia\/","name":"ASAJA Palencia","description":"Otro sitio m\u00e1s de Provincias ASAJA Castilla y Le\u00f3n","potentialAction":[{"@type":"SearchAction","target":{"@type":"EntryPoint","urlTemplate":"https:\/\/www.asajacyl.com\/palencia\/?s={search_term_string}"},"query-input":{"@type":"PropertyValueSpecification","valueRequired":true,"valueName":"search_term_string"}}],"inLanguage":"es"},{"@type":"Person","@id":"https:\/\/www.asajacyl.com\/palencia\/#\/schema\/person\/3ab17aeb03527485c317557fae64aab1","name":"Administrador","image":{"@type":"ImageObject","inLanguage":"es","@id":"https:\/\/www.asajacyl.com\/palencia\/#\/schema\/person\/image\/","url":"https:\/\/secure.gravatar.com\/avatar\/517384810d242ca9e38c180f3c9fb973?s=96&d=mm&r=g","contentUrl":"https:\/\/secure.gravatar.com\/avatar\/517384810d242ca9e38c180f3c9fb973?s=96&d=mm&r=g","caption":"Administrador"},"url":"https:\/\/www.asajacyl.com\/palencia\/author\/carlosrm"}]}},"_links":{"self":[{"href":"https:\/\/www.asajacyl.com\/palencia\/wp-json\/wp\/v2\/posts\/21181"}],"collection":[{"href":"https:\/\/www.asajacyl.com\/palencia\/wp-json\/wp\/v2\/posts"}],"about":[{"href":"https:\/\/www.asajacyl.com\/palencia\/wp-json\/wp\/v2\/types\/post"}],"author":[{"embeddable":true,"href":"https:\/\/www.asajacyl.com\/palencia\/wp-json\/wp\/v2\/users\/9"}],"replies":[{"embeddable":true,"href":"https:\/\/www.asajacyl.com\/palencia\/wp-json\/wp\/v2\/comments?post=21181"}],"version-history":[{"count":1,"href":"https:\/\/www.asajacyl.com\/palencia\/wp-json\/wp\/v2\/posts\/21181\/revisions"}],"predecessor-version":[{"id":21183,"href":"https:\/\/www.asajacyl.com\/palencia\/wp-json\/wp\/v2\/posts\/21181\/revisions\/21183"}],"wp:featuredmedia":[{"embeddable":true,"href":"https:\/\/www.asajacyl.com\/palencia\/wp-json\/wp\/v2\/media\/21182"}],"wp:attachment":[{"href":"https:\/\/www.asajacyl.com\/palencia\/wp-json\/wp\/v2\/media?parent=21181"}],"wp:term":[{"taxonomy":"category","embeddable":true,"href":"https:\/\/www.asajacyl.com\/palencia\/wp-json\/wp\/v2\/categories?post=21181"},{"taxonomy":"post_tag","embeddable":true,"href":"https:\/\/www.asajacyl.com\/palencia\/wp-json\/wp\/v2\/tags?post=21181"}],"curies":[{"name":"wp","href":"https:\/\/api.w.org\/{rel}","templated":true}]}}