{"id":21189,"date":"2025-10-13T08:00:00","date_gmt":"2025-10-13T06:00:00","guid":{"rendered":"https:\/\/www.asajacyl.com\/palencia\/?p=21189"},"modified":"2025-10-11T18:54:27","modified_gmt":"2025-10-11T16:54:27","slug":"asaja-exige-al-gobierno-que-adopte-el-aplazamiento-del-cuaderno-digital-para-los-fitosanitarios","status":"publish","type":"post","link":"https:\/\/www.asajacyl.com\/palencia\/asaja-palencia-informa\/asaja-exige-al-gobierno-que-adopte-el-aplazamiento-del-cuaderno-digital-para-los-fitosanitarios","title":{"rendered":"ASAJA exige al Gobierno que adopte el aplazamiento del cuaderno digital para los fitosanitarios"},"content":{"rendered":"\n<h2 class=\"wp-block-heading\">ASAJA celebra que la Comisi\u00f3n Europea haya aprobado, durante la \u00faltima reuni\u00f3n del Comit\u00e9 Permanente de Plantas, Animales, Alimentos y Piensos (SCoPAFF) sobre legislaci\u00f3n fitofarmac\u00e9utica, la\u00a0ampliaci\u00f3n del plazo para la obligatoriedad del cuaderno de explotaci\u00f3n digital para los fitosanitarios.\u00a0Esta medida, que se incorporar\u00e1 mediante la modificaci\u00f3n del Reglamento de Ejecuci\u00f3n (UE) 2023\/564, permite a los Estados miembros\u00a0posponer la obligaci\u00f3n del 1 de enero de 2026 al 1 de enero de 2027. Nuestra organizaci\u00f3n exige al Gobierno de Espa\u00f1a que incorpore de inmediato este aplazamiento y que negocie en Bruselas un aplazamiento indefinido  hasta que pueda garantizarse una transici\u00f3n adecuada para aplicarse en el medio rural. <\/h2>\n\n\n\n<p>Esta decisi\u00f3n, confirmada verbalmente por la Comisi\u00f3n al COPA-COGEGA (comit\u00e9s que engloban a las organizaciones profesionales y las cooperativas agroganaderas del espacio comunitario), supone una\u00a0gran noticia para el sector agrario europeo\u00a0y, en particular, para el espa\u00f1ol. <\/p>\n\n\n\n<p>ASAJA subraya que este avance ha sido posible\u00a0gracias al intenso trabajo de representaci\u00f3n y presi\u00f3n desde el COPA-COGECA, donde\u00a0ASAJA ejerce la vicepresidencia del grupo de trabajo de sanidad vegetal a trav\u00e9s de Miguel Minguet.<\/p>\n\n\n\n<p>Hace tan s\u00f3lo seis meses, la Comisi\u00f3n Europea consideraba poco factible aprobar un retraso de un a\u00f1o en la entrada en vigor de esta obligaci\u00f3n. <\/p>\n\n\n\n<p>Sin embargo,\u00a0la presi\u00f3n conjunta de COPA-COGECA y ASAJA ha conseguido revertir esta postura, logrando que se introduzca una cl\u00e1usula de flexibilidad que proporciona\u00a0seguridad jur\u00eddica y margen de adaptaci\u00f3n\u00a0a los agricultores profesionales de toda la Uni\u00f3n Europea.<\/p>\n\n\n\n<p>Tras este resultado en el SCoPAFF,\u00a0ASAJA exige al Gobierno de Espa\u00f1a que adopte formalmente esta pr\u00f3rroga\u00a0y se acoja a la posibilidad de retrasar la obligaci\u00f3n hasta 2027. No obstante, la organizaci\u00f3n\u00a0reclama un aplazamiento indefinido\u00a0de la medida\u00a0hasta que existan garant\u00edas reales de transici\u00f3n, con condiciones adecuadas para su aplicaci\u00f3n en el medio rural.<\/p>\n\n\n\n<p><strong>SIN CONDICIONES PARA UNA MAYOR CARGA ADMINISTRATIVA.<\/strong> ASAJA advierte de que, a d\u00eda de hoy,\u00a0no todos los agricultores disponen de conexi\u00f3n a internet suficiente, especialmente en zonas rurales con brecha digital, ni cuentan con el\u00a0asesoramiento ni la formaci\u00f3n necesarios, especialmente entre los agricultores de mayor edad. Adem\u00e1s, la organizaci\u00f3n recuerda que esta obligaci\u00f3n\u00a0no puede suponer una carga administrativa adicional\u00a0para los productores.<\/p>\n\n\n\n<p>Desde ASAJA indicamos que este es un paso muy importante para reducir la incertidumbre del sector sobre este asunto e igualmente debe ir seguido de un desarrollo pr\u00e1ctico del contenido de la reglamentaci\u00f3n europea, que en el caso espa\u00f1ol se ha planteado con una carga administrativa compleja e inasumible para las explotaciones (tipo de formato electr\u00f3nico, plazos de comunicaci\u00f3n de datos, etc\u00e9tera), que se debe evitar en su futura aplicaci\u00f3n.<\/p>\n\n\n\n<p>Por \u00faltimo, ASAJA insta a las\u00a0comunidades aut\u00f3nomas y a sus consejer\u00edas de Agricultura\u00a0a\u00a0presionar al Gobierno central para que haga o\u00edr la voz del campo espa\u00f1ol\u00a0y defienda esta posici\u00f3n a nivel comunitario.\/<\/p>\n","protected":false},"excerpt":{"rendered":"<p>ASAJA celebra que la Comisi\u00f3n Europea haya aprobado, durante la \u00faltima reuni\u00f3n del Comit\u00e9 Permanente de Plantas, Animales, Alimentos y Piensos (SCoPAFF) sobre legislaci\u00f3n fitofarmac\u00e9utica, la\u00a0ampliaci\u00f3n del plazo para la obligatoriedad del cuaderno de explotaci\u00f3n digital para los fitosanitarios.\u00a0Esta medida, que se incorporar\u00e1 mediante la modificaci\u00f3n del Reglamento de Ejecuci\u00f3n (UE) 2023\/564, permite a los [&hellip;]<\/p>\n","protected":false},"author":9,"featured_media":17752,"comment_status":"open","ping_status":"open","sticky":false,"template":"","format":"standard","meta":{"footnotes":""},"categories":[9,38,29,28,13],"tags":[58,1214,142,100,192,1062,187,351,726,141,77,66,588,110,338],"yoast_head":"<!-- This site is optimized with the Yoast SEO plugin v24.5 - https:\/\/yoast.com\/wordpress\/plugins\/seo\/ -->\n<title>ASAJA exige al Gobierno que adopte el aplazamiento del cuaderno digital para los fitosanitarios - ASAJA Palencia<\/title>\n<meta name=\"description\" content=\"ASAJA celebra que la Comisi\u00f3n Europea haya aprobado, durante la \u00faltima reuni\u00f3n del Comit\u00e9 Permanente de Plantas, Animales, Alimentos y Piensos (SCoPAFF)\" \/>\n<meta name=\"robots\" content=\"index, follow, max-snippet:-1, max-image-preview:large, max-video-preview:-1\" \/>\n<link rel=\"canonical\" href=\"https:\/\/www.asajacyl.com\/palencia\/asaja-palencia-informa\/asaja-exige-al-gobierno-que-adopte-el-aplazamiento-del-cuaderno-digital-para-los-fitosanitarios\" \/>\n<meta property=\"og:locale\" content=\"es_ES\" \/>\n<meta property=\"og:type\" content=\"article\" \/>\n<meta property=\"og:title\" content=\"ASAJA exige al Gobierno que adopte el aplazamiento del cuaderno digital para los fitosanitarios - ASAJA Palencia\" \/>\n<meta property=\"og:description\" content=\"ASAJA celebra que la Comisi\u00f3n Europea haya aprobado, durante la \u00faltima reuni\u00f3n del Comit\u00e9 Permanente de Plantas, Animales, Alimentos y Piensos (SCoPAFF)\" \/>\n<meta property=\"og:url\" content=\"https:\/\/www.asajacyl.com\/palencia\/asaja-palencia-informa\/asaja-exige-al-gobierno-que-adopte-el-aplazamiento-del-cuaderno-digital-para-los-fitosanitarios\" \/>\n<meta property=\"og:site_name\" content=\"ASAJA Palencia\" \/>\n<meta property=\"article:published_time\" content=\"2025-10-13T06:00:00+00:00\" \/>\n<meta property=\"og:image\" content=\"https:\/\/www.asajacyl.com\/palencia\/wp-content\/uploads\/sites\/3\/2024\/10\/cereal-kit-digital-web.jpg\" \/>\n\t<meta property=\"og:image:width\" content=\"1890\" \/>\n\t<meta property=\"og:image:height\" content=\"1654\" \/>\n\t<meta property=\"og:image:type\" content=\"image\/jpeg\" \/>\n<meta name=\"author\" content=\"Administrador\" \/>\n<meta name=\"twitter:card\" content=\"summary_large_image\" \/>\n<meta name=\"twitter:label1\" content=\"Escrito por\" \/>\n\t<meta name=\"twitter:data1\" content=\"Administrador\" \/>\n\t<meta name=\"twitter:label2\" content=\"Tiempo de lectura\" \/>\n\t<meta name=\"twitter:data2\" content=\"3 minutos\" \/>\n<script type=\"application\/ld+json\" class=\"yoast-schema-graph\">{\"@context\":\"https:\/\/schema.org\",\"@graph\":[{\"@type\":\"WebPage\",\"@id\":\"https:\/\/www.asajacyl.com\/palencia\/asaja-palencia-informa\/asaja-exige-al-gobierno-que-adopte-el-aplazamiento-del-cuaderno-digital-para-los-fitosanitarios\",\"url\":\"https:\/\/www.asajacyl.com\/palencia\/asaja-palencia-informa\/asaja-exige-al-gobierno-que-adopte-el-aplazamiento-del-cuaderno-digital-para-los-fitosanitarios\",\"name\":\"ASAJA exige al Gobierno que adopte el aplazamiento del cuaderno digital para los fitosanitarios - ASAJA Palencia\",\"isPartOf\":{\"@id\":\"https:\/\/www.asajacyl.com\/palencia\/#website\"},\"primaryImageOfPage\":{\"@id\":\"https:\/\/www.asajacyl.com\/palencia\/asaja-palencia-informa\/asaja-exige-al-gobierno-que-adopte-el-aplazamiento-del-cuaderno-digital-para-los-fitosanitarios#primaryimage\"},\"image\":{\"@id\":\"https:\/\/www.asajacyl.com\/palencia\/asaja-palencia-informa\/asaja-exige-al-gobierno-que-adopte-el-aplazamiento-del-cuaderno-digital-para-los-fitosanitarios#primaryimage\"},\"thumbnailUrl\":\"https:\/\/www.asajacyl.com\/palencia\/wp-content\/uploads\/sites\/3\/2024\/10\/cereal-kit-digital-web.jpg\",\"datePublished\":\"2025-10-13T06:00:00+00:00\",\"author\":{\"@id\":\"https:\/\/www.asajacyl.com\/palencia\/#\/schema\/person\/3ab17aeb03527485c317557fae64aab1\"},\"description\":\"ASAJA celebra que la Comisi\u00f3n Europea haya aprobado, durante la \u00faltima reuni\u00f3n del Comit\u00e9 Permanente de Plantas, Animales, Alimentos y Piensos (SCoPAFF)\",\"breadcrumb\":{\"@id\":\"https:\/\/www.asajacyl.com\/palencia\/asaja-palencia-informa\/asaja-exige-al-gobierno-que-adopte-el-aplazamiento-del-cuaderno-digital-para-los-fitosanitarios#breadcrumb\"},\"inLanguage\":\"es\",\"potentialAction\":[{\"@type\":\"ReadAction\",\"target\":[\"https:\/\/www.asajacyl.com\/palencia\/asaja-palencia-informa\/asaja-exige-al-gobierno-que-adopte-el-aplazamiento-del-cuaderno-digital-para-los-fitosanitarios\"]}]},{\"@type\":\"ImageObject\",\"inLanguage\":\"es\",\"@id\":\"https:\/\/www.asajacyl.com\/palencia\/asaja-palencia-informa\/asaja-exige-al-gobierno-que-adopte-el-aplazamiento-del-cuaderno-digital-para-los-fitosanitarios#primaryimage\",\"url\":\"https:\/\/www.asajacyl.com\/palencia\/wp-content\/uploads\/sites\/3\/2024\/10\/cereal-kit-digital-web.jpg\",\"contentUrl\":\"https:\/\/www.asajacyl.com\/palencia\/wp-content\/uploads\/sites\/3\/2024\/10\/cereal-kit-digital-web.jpg\",\"width\":1890,\"height\":1654},{\"@type\":\"BreadcrumbList\",\"@id\":\"https:\/\/www.asajacyl.com\/palencia\/asaja-palencia-informa\/asaja-exige-al-gobierno-que-adopte-el-aplazamiento-del-cuaderno-digital-para-los-fitosanitarios#breadcrumb\",\"itemListElement\":[{\"@type\":\"ListItem\",\"position\":1,\"name\":\"Portada\",\"item\":\"https:\/\/www.asajacyl.com\/palencia\/\"},{\"@type\":\"ListItem\",\"position\":2,\"name\":\"ASAJA exige al Gobierno que adopte el aplazamiento del cuaderno digital para los fitosanitarios\"}]},{\"@type\":\"WebSite\",\"@id\":\"https:\/\/www.asajacyl.com\/palencia\/#website\",\"url\":\"https:\/\/www.asajacyl.com\/palencia\/\",\"name\":\"ASAJA Palencia\",\"description\":\"Otro sitio m\u00e1s de Provincias ASAJA Castilla y Le\u00f3n\",\"potentialAction\":[{\"@type\":\"SearchAction\",\"target\":{\"@type\":\"EntryPoint\",\"urlTemplate\":\"https:\/\/www.asajacyl.com\/palencia\/?s={search_term_string}\"},\"query-input\":{\"@type\":\"PropertyValueSpecification\",\"valueRequired\":true,\"valueName\":\"search_term_string\"}}],\"inLanguage\":\"es\"},{\"@type\":\"Person\",\"@id\":\"https:\/\/www.asajacyl.com\/palencia\/#\/schema\/person\/3ab17aeb03527485c317557fae64aab1\",\"name\":\"Administrador\",\"image\":{\"@type\":\"ImageObject\",\"inLanguage\":\"es\",\"@id\":\"https:\/\/www.asajacyl.com\/palencia\/#\/schema\/person\/image\/\",\"url\":\"https:\/\/secure.gravatar.com\/avatar\/517384810d242ca9e38c180f3c9fb973?s=96&d=mm&r=g\",\"contentUrl\":\"https:\/\/secure.gravatar.com\/avatar\/517384810d242ca9e38c180f3c9fb973?s=96&d=mm&r=g\",\"caption\":\"Administrador\"},\"url\":\"https:\/\/www.asajacyl.com\/palencia\/author\/carlosrm\"}]}<\/script>\n<!-- \/ Yoast SEO plugin. -->","yoast_head_json":{"title":"ASAJA exige al Gobierno que adopte el aplazamiento del cuaderno digital para los fitosanitarios - ASAJA Palencia","description":"ASAJA celebra que la Comisi\u00f3n Europea haya aprobado, durante la \u00faltima reuni\u00f3n del Comit\u00e9 Permanente de Plantas, Animales, Alimentos y Piensos (SCoPAFF)","robots":{"index":"index","follow":"follow","max-snippet":"max-snippet:-1","max-image-preview":"max-image-preview:large","max-video-preview":"max-video-preview:-1"},"canonical":"https:\/\/www.asajacyl.com\/palencia\/asaja-palencia-informa\/asaja-exige-al-gobierno-que-adopte-el-aplazamiento-del-cuaderno-digital-para-los-fitosanitarios","og_locale":"es_ES","og_type":"article","og_title":"ASAJA exige al Gobierno que adopte el aplazamiento del cuaderno digital para los fitosanitarios - ASAJA Palencia","og_description":"ASAJA celebra que la Comisi\u00f3n Europea haya aprobado, durante la \u00faltima reuni\u00f3n del Comit\u00e9 Permanente de Plantas, Animales, Alimentos y Piensos (SCoPAFF)","og_url":"https:\/\/www.asajacyl.com\/palencia\/asaja-palencia-informa\/asaja-exige-al-gobierno-que-adopte-el-aplazamiento-del-cuaderno-digital-para-los-fitosanitarios","og_site_name":"ASAJA Palencia","article_published_time":"2025-10-13T06:00:00+00:00","og_image":[{"width":1890,"height":1654,"url":"https:\/\/www.asajacyl.com\/palencia\/wp-content\/uploads\/sites\/3\/2024\/10\/cereal-kit-digital-web.jpg","type":"image\/jpeg"}],"author":"Administrador","twitter_card":"summary_large_image","twitter_misc":{"Escrito por":"Administrador","Tiempo de lectura":"3 minutos"},"schema":{"@context":"https:\/\/schema.org","@graph":[{"@type":"WebPage","@id":"https:\/\/www.asajacyl.com\/palencia\/asaja-palencia-informa\/asaja-exige-al-gobierno-que-adopte-el-aplazamiento-del-cuaderno-digital-para-los-fitosanitarios","url":"https:\/\/www.asajacyl.com\/palencia\/asaja-palencia-informa\/asaja-exige-al-gobierno-que-adopte-el-aplazamiento-del-cuaderno-digital-para-los-fitosanitarios","name":"ASAJA exige al Gobierno que adopte el aplazamiento del cuaderno digital para los fitosanitarios - ASAJA Palencia","isPartOf":{"@id":"https:\/\/www.asajacyl.com\/palencia\/#website"},"primaryImageOfPage":{"@id":"https:\/\/www.asajacyl.com\/palencia\/asaja-palencia-informa\/asaja-exige-al-gobierno-que-adopte-el-aplazamiento-del-cuaderno-digital-para-los-fitosanitarios#primaryimage"},"image":{"@id":"https:\/\/www.asajacyl.com\/palencia\/asaja-palencia-informa\/asaja-exige-al-gobierno-que-adopte-el-aplazamiento-del-cuaderno-digital-para-los-fitosanitarios#primaryimage"},"thumbnailUrl":"https:\/\/www.asajacyl.com\/palencia\/wp-content\/uploads\/sites\/3\/2024\/10\/cereal-kit-digital-web.jpg","datePublished":"2025-10-13T06:00:00+00:00","author":{"@id":"https:\/\/www.asajacyl.com\/palencia\/#\/schema\/person\/3ab17aeb03527485c317557fae64aab1"},"description":"ASAJA celebra que la Comisi\u00f3n Europea haya aprobado, durante la \u00faltima reuni\u00f3n del Comit\u00e9 Permanente de Plantas, Animales, Alimentos y Piensos (SCoPAFF)","breadcrumb":{"@id":"https:\/\/www.asajacyl.com\/palencia\/asaja-palencia-informa\/asaja-exige-al-gobierno-que-adopte-el-aplazamiento-del-cuaderno-digital-para-los-fitosanitarios#breadcrumb"},"inLanguage":"es","potentialAction":[{"@type":"ReadAction","target":["https:\/\/www.asajacyl.com\/palencia\/asaja-palencia-informa\/asaja-exige-al-gobierno-que-adopte-el-aplazamiento-del-cuaderno-digital-para-los-fitosanitarios"]}]},{"@type":"ImageObject","inLanguage":"es","@id":"https:\/\/www.asajacyl.com\/palencia\/asaja-palencia-informa\/asaja-exige-al-gobierno-que-adopte-el-aplazamiento-del-cuaderno-digital-para-los-fitosanitarios#primaryimage","url":"https:\/\/www.asajacyl.com\/palencia\/wp-content\/uploads\/sites\/3\/2024\/10\/cereal-kit-digital-web.jpg","contentUrl":"https:\/\/www.asajacyl.com\/palencia\/wp-content\/uploads\/sites\/3\/2024\/10\/cereal-kit-digital-web.jpg","width":1890,"height":1654},{"@type":"BreadcrumbList","@id":"https:\/\/www.asajacyl.com\/palencia\/asaja-palencia-informa\/asaja-exige-al-gobierno-que-adopte-el-aplazamiento-del-cuaderno-digital-para-los-fitosanitarios#breadcrumb","itemListElement":[{"@type":"ListItem","position":1,"name":"Portada","item":"https:\/\/www.asajacyl.com\/palencia\/"},{"@type":"ListItem","position":2,"name":"ASAJA exige al Gobierno que adopte el aplazamiento del cuaderno digital para los fitosanitarios"}]},{"@type":"WebSite","@id":"https:\/\/www.asajacyl.com\/palencia\/#website","url":"https:\/\/www.asajacyl.com\/palencia\/","name":"ASAJA Palencia","description":"Otro sitio m\u00e1s de Provincias ASAJA Castilla y Le\u00f3n","potentialAction":[{"@type":"SearchAction","target":{"@type":"EntryPoint","urlTemplate":"https:\/\/www.asajacyl.com\/palencia\/?s={search_term_string}"},"query-input":{"@type":"PropertyValueSpecification","valueRequired":true,"valueName":"search_term_string"}}],"inLanguage":"es"},{"@type":"Person","@id":"https:\/\/www.asajacyl.com\/palencia\/#\/schema\/person\/3ab17aeb03527485c317557fae64aab1","name":"Administrador","image":{"@type":"ImageObject","inLanguage":"es","@id":"https:\/\/www.asajacyl.com\/palencia\/#\/schema\/person\/image\/","url":"https:\/\/secure.gravatar.com\/avatar\/517384810d242ca9e38c180f3c9fb973?s=96&d=mm&r=g","contentUrl":"https:\/\/secure.gravatar.com\/avatar\/517384810d242ca9e38c180f3c9fb973?s=96&d=mm&r=g","caption":"Administrador"},"url":"https:\/\/www.asajacyl.com\/palencia\/author\/carlosrm"}]}},"_links":{"self":[{"href":"https:\/\/www.asajacyl.com\/palencia\/wp-json\/wp\/v2\/posts\/21189"}],"collection":[{"href":"https:\/\/www.asajacyl.com\/palencia\/wp-json\/wp\/v2\/posts"}],"about":[{"href":"https:\/\/www.asajacyl.com\/palencia\/wp-json\/wp\/v2\/types\/post"}],"author":[{"embeddable":true,"href":"https:\/\/www.asajacyl.com\/palencia\/wp-json\/wp\/v2\/users\/9"}],"replies":[{"embeddable":true,"href":"https:\/\/www.asajacyl.com\/palencia\/wp-json\/wp\/v2\/comments?post=21189"}],"version-history":[{"count":2,"href":"https:\/\/www.asajacyl.com\/palencia\/wp-json\/wp\/v2\/posts\/21189\/revisions"}],"predecessor-version":[{"id":21191,"href":"https:\/\/www.asajacyl.com\/palencia\/wp-json\/wp\/v2\/posts\/21189\/revisions\/21191"}],"wp:featuredmedia":[{"embeddable":true,"href":"https:\/\/www.asajacyl.com\/palencia\/wp-json\/wp\/v2\/media\/17752"}],"wp:attachment":[{"href":"https:\/\/www.asajacyl.com\/palencia\/wp-json\/wp\/v2\/media?parent=21189"}],"wp:term":[{"taxonomy":"category","embeddable":true,"href":"https:\/\/www.asajacyl.com\/palencia\/wp-json\/wp\/v2\/categories?post=21189"},{"taxonomy":"post_tag","embeddable":true,"href":"https:\/\/www.asajacyl.com\/palencia\/wp-json\/wp\/v2\/tags?post=21189"}],"curies":[{"name":"wp","href":"https:\/\/api.w.org\/{rel}","templated":true}]}}