{"id":21192,"date":"2025-10-15T11:26:47","date_gmt":"2025-10-15T09:26:47","guid":{"rendered":"https:\/\/www.asajacyl.com\/palencia\/?p=21192"},"modified":"2025-10-15T11:29:50","modified_gmt":"2025-10-15T09:29:50","slug":"compas-de-espera-en-el-bovino-de-carne-a-raiz-de-la-llegada-a-espana-de-la-dermatosis-nodular-contagiosa","status":"publish","type":"post","link":"https:\/\/www.asajacyl.com\/palencia\/asaja-palencia-informa\/compas-de-espera-en-el-bovino-de-carne-a-raiz-de-la-llegada-a-espana-de-la-dermatosis-nodular-contagiosa","title":{"rendered":"Comp\u00e1s de espera en la cotizaci\u00f3n del bovino tras llegar a Espa\u00f1a la dermatosis nodular contagiosa"},"content":{"rendered":"\n<h2 class=\"wp-block-heading\">La Lonja de Salamanca (que esta semana aplaz\u00f3 su sesi\u00f3n al martes, ya que el lunes no era laborable) ha reflejado el comp\u00e1s de espera que vive el bovino de carne ante la aparici\u00f3n en Espa\u00f1a de los primeros casos de la dermatosis nodular contagiosa (DNC). Los precios repitieron en esa mesa as\u00ed como en la de bovino para vida. El Ministerio de Agricultura ha comunicado que ya son nueve los brotes de la DNC detectados, todos ellos en la provincia de Gerona.<\/h2>\n\n\n\n<p>Los ganaderos solicitaron en la lonja salmantina recoger una subida de diez c\u00e9ntimos por kilo, con el fin de aproximar las tablillas desfasadas a las operaciones reales de mercado. <\/p>\n\n\n\n<p>Sin embargo, la presidencia opt\u00f3 por una repetici\u00f3n de todas las cotizaciones, ante el incierto escenario que abre la llegada a Espa\u00f1a de la dermatosis nodular contagiosa (DNC). <\/p>\n\n\n\n<p>Tambi\u00e9n en la mesa de bovino de vida han repetido los terneros a la expectativa de c\u00f3mo evoluciona esta nueva crisis sanitaria, pese a que los ganaderos pidieron una subida de diez c\u00e9ntimos por kilo, que desestim\u00f3 la presidencia.<\/p>\n\n\n\n<p>Los primeros brotes de este nuevo problema de sanidad animal se han generado en la provincia de Gerona. El Ministerio de Agricultura comunic\u00f3 este martes, 14 de octubre, seis nuevos focos, con lo que el total se eleva ya a nueve, todos en la zona de protecci\u00f3n de un radio de veinte kil\u00f3metros que se estableci\u00f3 con la aparici\u00f3n de los primeros.<\/p>\n\n\n\n<p><strong>DECLARACI\u00d3N OBLIGATORIA. <\/strong>La DNC es una enfermedad de declaraci\u00f3n obligatoria ante los servicios veterinarios oficiales de la comunidad aut\u00f3noma. Se caracteriza por fiebre, n\u00f3dulos en la piel, las membranas mucosas y los \u00f3rganos internos; extenuaci\u00f3n, inflamaci\u00f3n de los n\u00f3dulos linf\u00e1ticos, edema cut\u00e1neo y, en ocasiones, la muerte del animal. La enfermedad tiene importancia econ\u00f3mica porque causa un elevado descenso en la producci\u00f3n, particularmente en vacas de leche.<\/p>\n\n\n\n<p>La detecci\u00f3n precoz reduce el impacto en nuevas zonas. Se trata de una enfermedad no zoon\u00f3sica, es decir, <strong>las personas no pueden infectarse ni por contacto con los animales ni por consumo de productos ganaderos<\/strong>.<\/p>\n\n\n\n<p>Los productores de bovino de carne reconocieron este martes que el mercado est\u00e1 m\u00e1s estable desde hace unos d\u00edas, pero insisten en que la Lonja de Salamanca muestra un desfase con respecto a los precios reales en los que est\u00e1 operando el sector. <\/p>\n\n\n\n<p>En todos caso, la llegada a Espa\u00f1a de la DNC implica una nueva amenaza para el bovino, y perjuicios evidentes para nuestros ganaderos, ya que se exige sacrificar todos los animales de las explotaciones afectadas, adem\u00e1s de restringir en un \u00e1rea circundante los movimientos del ganado y de sus productos.<\/p>\n\n\n\n<p><strong>CARTA A LA COMISI\u00d3N EUROPEA. <\/strong>Por ello, ASAJA ha remitido una carta al\u00a0comisario europeo de Salud y Seguridad Alimentaria, Oliv\u00e9r V\u00e1rhelyi, para solicitar a la Uni\u00f3n Europea medidas urgentes\u00a0ante la confirmaci\u00f3n en octubre de estos brotes de DNC en explotaciones de vacuno de Gerona. <\/p>\n\n\n\n<p>Pedro Barato, presidente nacional de ASAJA, advierte en su misiva que la situaci\u00f3n \u00abrequiere de una actuaci\u00f3n inmediata, coordinada y ambiciosa\u00bb por parte de la Comisi\u00f3n Europea, dada la gravedad del riesgo de propagaci\u00f3n y el enorme impacto econ\u00f3mico\u00a0que podr\u00eda tener en la ganader\u00eda espa\u00f1ola y europea.<\/p>\n\n\n\n<figure class=\"wp-block-image size-large is-resized\"><img loading=\"lazy\" decoding=\"async\" width=\"1024\" height=\"768\" src=\"https:\/\/www.asajacyl.com\/palencia\/wp-content\/uploads\/sites\/3\/2025\/10\/Tabla-precios-ganaderia-14octubre2025-1024x768.png\" alt=\"\" class=\"wp-image-21193\" style=\"width:1065px;height:auto\" srcset=\"https:\/\/www.asajacyl.com\/palencia\/wp-content\/uploads\/sites\/3\/2025\/10\/Tabla-precios-ganaderia-14octubre2025-1024x768.png 1024w, https:\/\/www.asajacyl.com\/palencia\/wp-content\/uploads\/sites\/3\/2025\/10\/Tabla-precios-ganaderia-14octubre2025-300x225.png 300w, https:\/\/www.asajacyl.com\/palencia\/wp-content\/uploads\/sites\/3\/2025\/10\/Tabla-precios-ganaderia-14octubre2025-768x576.png 768w, https:\/\/www.asajacyl.com\/palencia\/wp-content\/uploads\/sites\/3\/2025\/10\/Tabla-precios-ganaderia-14octubre2025-1536x1152.png 1536w, https:\/\/www.asajacyl.com\/palencia\/wp-content\/uploads\/sites\/3\/2025\/10\/Tabla-precios-ganaderia-14octubre2025-2048x1536.png 2048w, https:\/\/www.asajacyl.com\/palencia\/wp-content\/uploads\/sites\/3\/2025\/10\/Tabla-precios-ganaderia-14octubre2025-560x420.png 560w, https:\/\/www.asajacyl.com\/palencia\/wp-content\/uploads\/sites\/3\/2025\/10\/Tabla-precios-ganaderia-14octubre2025-80x60.png 80w, https:\/\/www.asajacyl.com\/palencia\/wp-content\/uploads\/sites\/3\/2025\/10\/Tabla-precios-ganaderia-14octubre2025-696x522.png 696w, https:\/\/www.asajacyl.com\/palencia\/wp-content\/uploads\/sites\/3\/2025\/10\/Tabla-precios-ganaderia-14octubre2025-1068x801.png 1068w, https:\/\/www.asajacyl.com\/palencia\/wp-content\/uploads\/sites\/3\/2025\/10\/Tabla-precios-ganaderia-14octubre2025-1920x1440.png 1920w\" sizes=\"(max-width: 1024px) 100vw, 1024px\" \/><\/figure>\n","protected":false},"excerpt":{"rendered":"<p>La Lonja de Salamanca (que esta semana aplaz\u00f3 su sesi\u00f3n al martes, ya que el lunes no era laborable) ha reflejado el comp\u00e1s de espera que vive el bovino de carne ante la aparici\u00f3n en Espa\u00f1a de los primeros casos de la dermatosis nodular contagiosa (DNC). Los precios repitieron en esa mesa as\u00ed como en [&hellip;]<\/p>\n","protected":false},"author":9,"featured_media":21195,"comment_status":"open","ping_status":"open","sticky":false,"template":"","format":"standard","meta":{"footnotes":""},"categories":[9,29,36,28,13],"tags":[234,478,543,351,1490,1489,77,110,144],"yoast_head":"<!-- This site is optimized with the Yoast SEO plugin v24.5 - https:\/\/yoast.com\/wordpress\/plugins\/seo\/ -->\n<title>Comp\u00e1s de espera en la cotizaci\u00f3n del bovino tras llegar a Espa\u00f1a la dermatosis nodular contagiosa - ASAJA Palencia<\/title>\n<meta name=\"description\" content=\"La Lonja de Salamanca (que esta semana aplaz\u00f3 su sesi\u00f3n al martes, ya que el lunes no era laborable) ha reflejado el comp\u00e1s de espera que vive el bovino\" \/>\n<meta name=\"robots\" content=\"index, follow, max-snippet:-1, max-image-preview:large, max-video-preview:-1\" \/>\n<link rel=\"canonical\" href=\"https:\/\/www.asajacyl.com\/palencia\/asaja-palencia-informa\/compas-de-espera-en-el-bovino-de-carne-a-raiz-de-la-llegada-a-espana-de-la-dermatosis-nodular-contagiosa\" \/>\n<meta property=\"og:locale\" content=\"es_ES\" \/>\n<meta property=\"og:type\" content=\"article\" \/>\n<meta property=\"og:title\" content=\"Comp\u00e1s de espera en la cotizaci\u00f3n del bovino tras llegar a Espa\u00f1a la dermatosis nodular contagiosa - ASAJA Palencia\" \/>\n<meta property=\"og:description\" content=\"La Lonja de Salamanca (que esta semana aplaz\u00f3 su sesi\u00f3n al martes, ya que el lunes no era laborable) ha reflejado el comp\u00e1s de espera que vive el bovino\" \/>\n<meta property=\"og:url\" content=\"https:\/\/www.asajacyl.com\/palencia\/asaja-palencia-informa\/compas-de-espera-en-el-bovino-de-carne-a-raiz-de-la-llegada-a-espana-de-la-dermatosis-nodular-contagiosa\" \/>\n<meta property=\"og:site_name\" content=\"ASAJA Palencia\" \/>\n<meta property=\"article:published_time\" content=\"2025-10-15T09:26:47+00:00\" \/>\n<meta property=\"article:modified_time\" content=\"2025-10-15T09:29:50+00:00\" \/>\n<meta property=\"og:image\" content=\"https:\/\/www.asajacyl.com\/palencia\/wp-content\/uploads\/sites\/3\/2025\/10\/DNC-Nodulos-en-cabeza-y-cuello-c-MAPA-Tsviatko-Alexandrov-web.jpg\" \/>\n\t<meta property=\"og:image:width\" content=\"1890\" \/>\n\t<meta property=\"og:image:height\" content=\"1654\" \/>\n\t<meta property=\"og:image:type\" content=\"image\/jpeg\" \/>\n<meta name=\"author\" content=\"Administrador\" \/>\n<meta name=\"twitter:card\" content=\"summary_large_image\" \/>\n<meta name=\"twitter:label1\" content=\"Escrito por\" \/>\n\t<meta name=\"twitter:data1\" content=\"Administrador\" \/>\n\t<meta name=\"twitter:label2\" content=\"Tiempo de lectura\" \/>\n\t<meta name=\"twitter:data2\" content=\"3 minutos\" \/>\n<script type=\"application\/ld+json\" class=\"yoast-schema-graph\">{\"@context\":\"https:\/\/schema.org\",\"@graph\":[{\"@type\":\"WebPage\",\"@id\":\"https:\/\/www.asajacyl.com\/palencia\/asaja-palencia-informa\/compas-de-espera-en-el-bovino-de-carne-a-raiz-de-la-llegada-a-espana-de-la-dermatosis-nodular-contagiosa\",\"url\":\"https:\/\/www.asajacyl.com\/palencia\/asaja-palencia-informa\/compas-de-espera-en-el-bovino-de-carne-a-raiz-de-la-llegada-a-espana-de-la-dermatosis-nodular-contagiosa\",\"name\":\"Comp\u00e1s de espera en la cotizaci\u00f3n del bovino tras llegar a Espa\u00f1a la dermatosis nodular contagiosa - ASAJA Palencia\",\"isPartOf\":{\"@id\":\"https:\/\/www.asajacyl.com\/palencia\/#website\"},\"primaryImageOfPage\":{\"@id\":\"https:\/\/www.asajacyl.com\/palencia\/asaja-palencia-informa\/compas-de-espera-en-el-bovino-de-carne-a-raiz-de-la-llegada-a-espana-de-la-dermatosis-nodular-contagiosa#primaryimage\"},\"image\":{\"@id\":\"https:\/\/www.asajacyl.com\/palencia\/asaja-palencia-informa\/compas-de-espera-en-el-bovino-de-carne-a-raiz-de-la-llegada-a-espana-de-la-dermatosis-nodular-contagiosa#primaryimage\"},\"thumbnailUrl\":\"https:\/\/www.asajacyl.com\/palencia\/wp-content\/uploads\/sites\/3\/2025\/10\/DNC-Nodulos-en-cabeza-y-cuello-c-MAPA-Tsviatko-Alexandrov-web.jpg\",\"datePublished\":\"2025-10-15T09:26:47+00:00\",\"dateModified\":\"2025-10-15T09:29:50+00:00\",\"author\":{\"@id\":\"https:\/\/www.asajacyl.com\/palencia\/#\/schema\/person\/3ab17aeb03527485c317557fae64aab1\"},\"description\":\"La Lonja de Salamanca (que esta semana aplaz\u00f3 su sesi\u00f3n al martes, ya que el lunes no era laborable) ha reflejado el comp\u00e1s de espera que vive el bovino\",\"breadcrumb\":{\"@id\":\"https:\/\/www.asajacyl.com\/palencia\/asaja-palencia-informa\/compas-de-espera-en-el-bovino-de-carne-a-raiz-de-la-llegada-a-espana-de-la-dermatosis-nodular-contagiosa#breadcrumb\"},\"inLanguage\":\"es\",\"potentialAction\":[{\"@type\":\"ReadAction\",\"target\":[\"https:\/\/www.asajacyl.com\/palencia\/asaja-palencia-informa\/compas-de-espera-en-el-bovino-de-carne-a-raiz-de-la-llegada-a-espana-de-la-dermatosis-nodular-contagiosa\"]}]},{\"@type\":\"ImageObject\",\"inLanguage\":\"es\",\"@id\":\"https:\/\/www.asajacyl.com\/palencia\/asaja-palencia-informa\/compas-de-espera-en-el-bovino-de-carne-a-raiz-de-la-llegada-a-espana-de-la-dermatosis-nodular-contagiosa#primaryimage\",\"url\":\"https:\/\/www.asajacyl.com\/palencia\/wp-content\/uploads\/sites\/3\/2025\/10\/DNC-Nodulos-en-cabeza-y-cuello-c-MAPA-Tsviatko-Alexandrov-web.jpg\",\"contentUrl\":\"https:\/\/www.asajacyl.com\/palencia\/wp-content\/uploads\/sites\/3\/2025\/10\/DNC-Nodulos-en-cabeza-y-cuello-c-MAPA-Tsviatko-Alexandrov-web.jpg\",\"width\":1890,\"height\":1654},{\"@type\":\"BreadcrumbList\",\"@id\":\"https:\/\/www.asajacyl.com\/palencia\/asaja-palencia-informa\/compas-de-espera-en-el-bovino-de-carne-a-raiz-de-la-llegada-a-espana-de-la-dermatosis-nodular-contagiosa#breadcrumb\",\"itemListElement\":[{\"@type\":\"ListItem\",\"position\":1,\"name\":\"Portada\",\"item\":\"https:\/\/www.asajacyl.com\/palencia\/\"},{\"@type\":\"ListItem\",\"position\":2,\"name\":\"Comp\u00e1s de espera en la cotizaci\u00f3n del bovino tras llegar a Espa\u00f1a la dermatosis nodular contagiosa\"}]},{\"@type\":\"WebSite\",\"@id\":\"https:\/\/www.asajacyl.com\/palencia\/#website\",\"url\":\"https:\/\/www.asajacyl.com\/palencia\/\",\"name\":\"ASAJA Palencia\",\"description\":\"Otro sitio m\u00e1s de Provincias ASAJA Castilla y Le\u00f3n\",\"potentialAction\":[{\"@type\":\"SearchAction\",\"target\":{\"@type\":\"EntryPoint\",\"urlTemplate\":\"https:\/\/www.asajacyl.com\/palencia\/?s={search_term_string}\"},\"query-input\":{\"@type\":\"PropertyValueSpecification\",\"valueRequired\":true,\"valueName\":\"search_term_string\"}}],\"inLanguage\":\"es\"},{\"@type\":\"Person\",\"@id\":\"https:\/\/www.asajacyl.com\/palencia\/#\/schema\/person\/3ab17aeb03527485c317557fae64aab1\",\"name\":\"Administrador\",\"image\":{\"@type\":\"ImageObject\",\"inLanguage\":\"es\",\"@id\":\"https:\/\/www.asajacyl.com\/palencia\/#\/schema\/person\/image\/\",\"url\":\"https:\/\/secure.gravatar.com\/avatar\/517384810d242ca9e38c180f3c9fb973?s=96&d=mm&r=g\",\"contentUrl\":\"https:\/\/secure.gravatar.com\/avatar\/517384810d242ca9e38c180f3c9fb973?s=96&d=mm&r=g\",\"caption\":\"Administrador\"},\"url\":\"https:\/\/www.asajacyl.com\/palencia\/author\/carlosrm\"}]}<\/script>\n<!-- \/ Yoast SEO plugin. -->","yoast_head_json":{"title":"Comp\u00e1s de espera en la cotizaci\u00f3n del bovino tras llegar a Espa\u00f1a la dermatosis nodular contagiosa - ASAJA Palencia","description":"La Lonja de Salamanca (que esta semana aplaz\u00f3 su sesi\u00f3n al martes, ya que el lunes no era laborable) ha reflejado el comp\u00e1s de espera que vive el bovino","robots":{"index":"index","follow":"follow","max-snippet":"max-snippet:-1","max-image-preview":"max-image-preview:large","max-video-preview":"max-video-preview:-1"},"canonical":"https:\/\/www.asajacyl.com\/palencia\/asaja-palencia-informa\/compas-de-espera-en-el-bovino-de-carne-a-raiz-de-la-llegada-a-espana-de-la-dermatosis-nodular-contagiosa","og_locale":"es_ES","og_type":"article","og_title":"Comp\u00e1s de espera en la cotizaci\u00f3n del bovino tras llegar a Espa\u00f1a la dermatosis nodular contagiosa - ASAJA Palencia","og_description":"La Lonja de Salamanca (que esta semana aplaz\u00f3 su sesi\u00f3n al martes, ya que el lunes no era laborable) ha reflejado el comp\u00e1s de espera que vive el bovino","og_url":"https:\/\/www.asajacyl.com\/palencia\/asaja-palencia-informa\/compas-de-espera-en-el-bovino-de-carne-a-raiz-de-la-llegada-a-espana-de-la-dermatosis-nodular-contagiosa","og_site_name":"ASAJA Palencia","article_published_time":"2025-10-15T09:26:47+00:00","article_modified_time":"2025-10-15T09:29:50+00:00","og_image":[{"width":1890,"height":1654,"url":"https:\/\/www.asajacyl.com\/palencia\/wp-content\/uploads\/sites\/3\/2025\/10\/DNC-Nodulos-en-cabeza-y-cuello-c-MAPA-Tsviatko-Alexandrov-web.jpg","type":"image\/jpeg"}],"author":"Administrador","twitter_card":"summary_large_image","twitter_misc":{"Escrito por":"Administrador","Tiempo de lectura":"3 minutos"},"schema":{"@context":"https:\/\/schema.org","@graph":[{"@type":"WebPage","@id":"https:\/\/www.asajacyl.com\/palencia\/asaja-palencia-informa\/compas-de-espera-en-el-bovino-de-carne-a-raiz-de-la-llegada-a-espana-de-la-dermatosis-nodular-contagiosa","url":"https:\/\/www.asajacyl.com\/palencia\/asaja-palencia-informa\/compas-de-espera-en-el-bovino-de-carne-a-raiz-de-la-llegada-a-espana-de-la-dermatosis-nodular-contagiosa","name":"Comp\u00e1s de espera en la cotizaci\u00f3n del bovino tras llegar a Espa\u00f1a la dermatosis nodular contagiosa - ASAJA Palencia","isPartOf":{"@id":"https:\/\/www.asajacyl.com\/palencia\/#website"},"primaryImageOfPage":{"@id":"https:\/\/www.asajacyl.com\/palencia\/asaja-palencia-informa\/compas-de-espera-en-el-bovino-de-carne-a-raiz-de-la-llegada-a-espana-de-la-dermatosis-nodular-contagiosa#primaryimage"},"image":{"@id":"https:\/\/www.asajacyl.com\/palencia\/asaja-palencia-informa\/compas-de-espera-en-el-bovino-de-carne-a-raiz-de-la-llegada-a-espana-de-la-dermatosis-nodular-contagiosa#primaryimage"},"thumbnailUrl":"https:\/\/www.asajacyl.com\/palencia\/wp-content\/uploads\/sites\/3\/2025\/10\/DNC-Nodulos-en-cabeza-y-cuello-c-MAPA-Tsviatko-Alexandrov-web.jpg","datePublished":"2025-10-15T09:26:47+00:00","dateModified":"2025-10-15T09:29:50+00:00","author":{"@id":"https:\/\/www.asajacyl.com\/palencia\/#\/schema\/person\/3ab17aeb03527485c317557fae64aab1"},"description":"La Lonja de Salamanca (que esta semana aplaz\u00f3 su sesi\u00f3n al martes, ya que el lunes no era laborable) ha reflejado el comp\u00e1s de espera que vive el bovino","breadcrumb":{"@id":"https:\/\/www.asajacyl.com\/palencia\/asaja-palencia-informa\/compas-de-espera-en-el-bovino-de-carne-a-raiz-de-la-llegada-a-espana-de-la-dermatosis-nodular-contagiosa#breadcrumb"},"inLanguage":"es","potentialAction":[{"@type":"ReadAction","target":["https:\/\/www.asajacyl.com\/palencia\/asaja-palencia-informa\/compas-de-espera-en-el-bovino-de-carne-a-raiz-de-la-llegada-a-espana-de-la-dermatosis-nodular-contagiosa"]}]},{"@type":"ImageObject","inLanguage":"es","@id":"https:\/\/www.asajacyl.com\/palencia\/asaja-palencia-informa\/compas-de-espera-en-el-bovino-de-carne-a-raiz-de-la-llegada-a-espana-de-la-dermatosis-nodular-contagiosa#primaryimage","url":"https:\/\/www.asajacyl.com\/palencia\/wp-content\/uploads\/sites\/3\/2025\/10\/DNC-Nodulos-en-cabeza-y-cuello-c-MAPA-Tsviatko-Alexandrov-web.jpg","contentUrl":"https:\/\/www.asajacyl.com\/palencia\/wp-content\/uploads\/sites\/3\/2025\/10\/DNC-Nodulos-en-cabeza-y-cuello-c-MAPA-Tsviatko-Alexandrov-web.jpg","width":1890,"height":1654},{"@type":"BreadcrumbList","@id":"https:\/\/www.asajacyl.com\/palencia\/asaja-palencia-informa\/compas-de-espera-en-el-bovino-de-carne-a-raiz-de-la-llegada-a-espana-de-la-dermatosis-nodular-contagiosa#breadcrumb","itemListElement":[{"@type":"ListItem","position":1,"name":"Portada","item":"https:\/\/www.asajacyl.com\/palencia\/"},{"@type":"ListItem","position":2,"name":"Comp\u00e1s de espera en la cotizaci\u00f3n del bovino tras llegar a Espa\u00f1a la dermatosis nodular contagiosa"}]},{"@type":"WebSite","@id":"https:\/\/www.asajacyl.com\/palencia\/#website","url":"https:\/\/www.asajacyl.com\/palencia\/","name":"ASAJA Palencia","description":"Otro sitio m\u00e1s de Provincias ASAJA Castilla y Le\u00f3n","potentialAction":[{"@type":"SearchAction","target":{"@type":"EntryPoint","urlTemplate":"https:\/\/www.asajacyl.com\/palencia\/?s={search_term_string}"},"query-input":{"@type":"PropertyValueSpecification","valueRequired":true,"valueName":"search_term_string"}}],"inLanguage":"es"},{"@type":"Person","@id":"https:\/\/www.asajacyl.com\/palencia\/#\/schema\/person\/3ab17aeb03527485c317557fae64aab1","name":"Administrador","image":{"@type":"ImageObject","inLanguage":"es","@id":"https:\/\/www.asajacyl.com\/palencia\/#\/schema\/person\/image\/","url":"https:\/\/secure.gravatar.com\/avatar\/517384810d242ca9e38c180f3c9fb973?s=96&d=mm&r=g","contentUrl":"https:\/\/secure.gravatar.com\/avatar\/517384810d242ca9e38c180f3c9fb973?s=96&d=mm&r=g","caption":"Administrador"},"url":"https:\/\/www.asajacyl.com\/palencia\/author\/carlosrm"}]}},"_links":{"self":[{"href":"https:\/\/www.asajacyl.com\/palencia\/wp-json\/wp\/v2\/posts\/21192"}],"collection":[{"href":"https:\/\/www.asajacyl.com\/palencia\/wp-json\/wp\/v2\/posts"}],"about":[{"href":"https:\/\/www.asajacyl.com\/palencia\/wp-json\/wp\/v2\/types\/post"}],"author":[{"embeddable":true,"href":"https:\/\/www.asajacyl.com\/palencia\/wp-json\/wp\/v2\/users\/9"}],"replies":[{"embeddable":true,"href":"https:\/\/www.asajacyl.com\/palencia\/wp-json\/wp\/v2\/comments?post=21192"}],"version-history":[{"count":3,"href":"https:\/\/www.asajacyl.com\/palencia\/wp-json\/wp\/v2\/posts\/21192\/revisions"}],"predecessor-version":[{"id":21197,"href":"https:\/\/www.asajacyl.com\/palencia\/wp-json\/wp\/v2\/posts\/21192\/revisions\/21197"}],"wp:featuredmedia":[{"embeddable":true,"href":"https:\/\/www.asajacyl.com\/palencia\/wp-json\/wp\/v2\/media\/21195"}],"wp:attachment":[{"href":"https:\/\/www.asajacyl.com\/palencia\/wp-json\/wp\/v2\/media?parent=21192"}],"wp:term":[{"taxonomy":"category","embeddable":true,"href":"https:\/\/www.asajacyl.com\/palencia\/wp-json\/wp\/v2\/categories?post=21192"},{"taxonomy":"post_tag","embeddable":true,"href":"https:\/\/www.asajacyl.com\/palencia\/wp-json\/wp\/v2\/tags?post=21192"}],"curies":[{"name":"wp","href":"https:\/\/api.w.org\/{rel}","templated":true}]}}