{"id":21198,"date":"2025-10-15T11:56:55","date_gmt":"2025-10-15T09:56:55","guid":{"rendered":"https:\/\/www.asajacyl.com\/palencia\/?p=21198"},"modified":"2025-10-15T11:56:58","modified_gmt":"2025-10-15T09:56:58","slug":"aprobados-los-precios-maximos-y-minimos-de-los-pastos-2026-y-las-fechas-tope-de-recoleccion","status":"publish","type":"post","link":"https:\/\/www.asajacyl.com\/palencia\/asaja-palencia-informa\/aprobados-los-precios-maximos-y-minimos-de-los-pastos-2026-y-las-fechas-tope-de-recoleccion","title":{"rendered":"Aprobados los precios m\u00e1ximos y m\u00ednimos de los pastos 2026 y las fechas tope de recolecci\u00f3n"},"content":{"rendered":"\n<h2 class=\"wp-block-heading\">De acuerdo con las propuestas del Consejo Agrario Provincial, la Junta de Castilla y Le\u00f3n ha aprobado recientemente tanto las fechas tope de recolecci\u00f3n de la cosecha para los diversos tipos de cultivo en 2026, as\u00ed como los precios m\u00ednimos y m\u00e1ximos que habr\u00e1n de regir durante el pr\u00f3ximo a\u00f1o para el aprovechamiento de pastos.<\/h2>\n\n\n\n<p>El Servicio Territorial de Agricultura, Ganader\u00eda y Desarrollo Rural de Palencia ha aprobado la siguiente resoluci\u00f3n sobre los precios m\u00ednimos y m\u00e1ximos que regir\u00e1n en 2026 para el aprovechamiento de los pastos en cada zona ganadera de la provincia:<\/p>\n\n\n\n<ul>\n<li><strong>M\u00cdNIMOS<\/strong>\n<ul>\n<li>Zona Norte: 1,48 euros\/hect\u00e1rea <\/li>\n\n\n\n<li>Zona Intermedia: 1,96 euros\/hect\u00e1rea<\/li>\n\n\n\n<li>Zona Sur: 2,87 euros \/hect\u00e1rea<\/li>\n<\/ul>\n<\/li>\n\n\n\n<li><strong>M\u00c1XIMOS<\/strong>\n<ul>\n<li>Zona Norte: 3,46 euros\/hect\u00e1rea <\/li>\n\n\n\n<li>Zona Intermedia: 3,94 euros\/hect\u00e1rea<\/li>\n\n\n\n<li>Zona Sur: 6,18 euros \/hect\u00e1rea <\/li>\n<\/ul>\n<\/li>\n<\/ul>\n\n\n\n<p>Asimismo, la administraci\u00f3n auton\u00f3mica resolvi\u00f3 sobre las fechas tope de recolecci\u00f3n de la cosecha para estas tres zonas y en funci\u00f3n de los tipos de cultivo:<\/p>\n\n\n\n<ul>\n<li><strong>Para todos los cultivos, excepto el girasol:\u00a0<\/strong>15 DE SEPTIEMBRE en las tres zonas.<\/li>\n\n\n\n<li><strong>Girasol:<\/strong>\u00a01 DE FEBRERO en las tres zonas.<\/li>\n<\/ul>\n\n\n\n<p>A partir de esta comunicaci\u00f3n, las Juntas Agrarias Locales deben actuar conforme al Reglamento General de Ordenaci\u00f3n de los Recursos Agropecuarios y otras materias de inter\u00e9s colectivo agrario en el \u00e1mbito local (art\u00edculos 48 y 52).<strong>\/<\/strong><\/p>\n","protected":false},"excerpt":{"rendered":"<p>De acuerdo con las propuestas del Consejo Agrario Provincial, la Junta de Castilla y Le\u00f3n ha aprobado recientemente tanto las fechas tope de recolecci\u00f3n de la cosecha para los diversos tipos de cultivo en 2026, as\u00ed como los precios m\u00ednimos y m\u00e1ximos que habr\u00e1n de regir durante el pr\u00f3ximo a\u00f1o para el aprovechamiento de pastos. [&hellip;]<\/p>\n","protected":false},"author":9,"featured_media":17071,"comment_status":"open","ping_status":"open","sticky":false,"template":"","format":"standard","meta":{"footnotes":""},"categories":[9,31,38,29,28,13],"tags":[58,142,1603,248,77,505,98,506],"yoast_head":"<!-- This site is optimized with the Yoast SEO plugin v24.5 - https:\/\/yoast.com\/wordpress\/plugins\/seo\/ -->\n<title>Aprobados los precios m\u00e1ximos y m\u00ednimos de los pastos 2026 y las fechas tope de recolecci\u00f3n - ASAJA Palencia<\/title>\n<meta name=\"description\" content=\"De acuerdo con las propuestas del Consejo Agrario Provincial, la Junta de Castilla y Le\u00f3n ha aprobado recientemente tanto las fechas tope de recolecci\u00f3n\" \/>\n<meta name=\"robots\" content=\"index, follow, max-snippet:-1, max-image-preview:large, max-video-preview:-1\" \/>\n<link rel=\"canonical\" href=\"https:\/\/www.asajacyl.com\/palencia\/asaja-palencia-informa\/aprobados-los-precios-maximos-y-minimos-de-los-pastos-2026-y-las-fechas-tope-de-recoleccion\" \/>\n<meta property=\"og:locale\" content=\"es_ES\" \/>\n<meta property=\"og:type\" content=\"article\" \/>\n<meta property=\"og:title\" content=\"Aprobados los precios m\u00e1ximos y m\u00ednimos de los pastos 2026 y las fechas tope de recolecci\u00f3n - ASAJA Palencia\" \/>\n<meta property=\"og:description\" content=\"De acuerdo con las propuestas del Consejo Agrario Provincial, la Junta de Castilla y Le\u00f3n ha aprobado recientemente tanto las fechas tope de recolecci\u00f3n\" \/>\n<meta property=\"og:url\" content=\"https:\/\/www.asajacyl.com\/palencia\/asaja-palencia-informa\/aprobados-los-precios-maximos-y-minimos-de-los-pastos-2026-y-las-fechas-tope-de-recoleccion\" \/>\n<meta property=\"og:site_name\" content=\"ASAJA Palencia\" \/>\n<meta property=\"article:published_time\" content=\"2025-10-15T09:56:55+00:00\" \/>\n<meta property=\"article:modified_time\" content=\"2025-10-15T09:56:58+00:00\" \/>\n<meta property=\"og:image\" content=\"https:\/\/www.asajacyl.com\/palencia\/wp-content\/uploads\/sites\/3\/2024\/08\/Rebano2web-ovino-agosto24-c-Guillermo-Escribano-1024x896.jpg\" \/>\n\t<meta property=\"og:image:width\" content=\"1024\" \/>\n\t<meta property=\"og:image:height\" content=\"896\" \/>\n\t<meta property=\"og:image:type\" content=\"image\/jpeg\" \/>\n<meta name=\"author\" content=\"Administrador\" \/>\n<meta name=\"twitter:card\" content=\"summary_large_image\" \/>\n<meta name=\"twitter:label1\" content=\"Escrito por\" \/>\n\t<meta name=\"twitter:data1\" content=\"Administrador\" \/>\n\t<meta name=\"twitter:label2\" content=\"Tiempo de lectura\" \/>\n\t<meta name=\"twitter:data2\" content=\"2 minutos\" \/>\n<script type=\"application\/ld+json\" class=\"yoast-schema-graph\">{\"@context\":\"https:\/\/schema.org\",\"@graph\":[{\"@type\":\"WebPage\",\"@id\":\"https:\/\/www.asajacyl.com\/palencia\/asaja-palencia-informa\/aprobados-los-precios-maximos-y-minimos-de-los-pastos-2026-y-las-fechas-tope-de-recoleccion\",\"url\":\"https:\/\/www.asajacyl.com\/palencia\/asaja-palencia-informa\/aprobados-los-precios-maximos-y-minimos-de-los-pastos-2026-y-las-fechas-tope-de-recoleccion\",\"name\":\"Aprobados los precios m\u00e1ximos y m\u00ednimos de los pastos 2026 y las fechas tope de recolecci\u00f3n - ASAJA Palencia\",\"isPartOf\":{\"@id\":\"https:\/\/www.asajacyl.com\/palencia\/#website\"},\"primaryImageOfPage\":{\"@id\":\"https:\/\/www.asajacyl.com\/palencia\/asaja-palencia-informa\/aprobados-los-precios-maximos-y-minimos-de-los-pastos-2026-y-las-fechas-tope-de-recoleccion#primaryimage\"},\"image\":{\"@id\":\"https:\/\/www.asajacyl.com\/palencia\/asaja-palencia-informa\/aprobados-los-precios-maximos-y-minimos-de-los-pastos-2026-y-las-fechas-tope-de-recoleccion#primaryimage\"},\"thumbnailUrl\":\"https:\/\/www.asajacyl.com\/palencia\/wp-content\/uploads\/sites\/3\/2024\/08\/Rebano2web-ovino-agosto24-c-Guillermo-Escribano.jpg\",\"datePublished\":\"2025-10-15T09:56:55+00:00\",\"dateModified\":\"2025-10-15T09:56:58+00:00\",\"author\":{\"@id\":\"https:\/\/www.asajacyl.com\/palencia\/#\/schema\/person\/3ab17aeb03527485c317557fae64aab1\"},\"description\":\"De acuerdo con las propuestas del Consejo Agrario Provincial, la Junta de Castilla y Le\u00f3n ha aprobado recientemente tanto las fechas tope de recolecci\u00f3n\",\"breadcrumb\":{\"@id\":\"https:\/\/www.asajacyl.com\/palencia\/asaja-palencia-informa\/aprobados-los-precios-maximos-y-minimos-de-los-pastos-2026-y-las-fechas-tope-de-recoleccion#breadcrumb\"},\"inLanguage\":\"es\",\"potentialAction\":[{\"@type\":\"ReadAction\",\"target\":[\"https:\/\/www.asajacyl.com\/palencia\/asaja-palencia-informa\/aprobados-los-precios-maximos-y-minimos-de-los-pastos-2026-y-las-fechas-tope-de-recoleccion\"]}]},{\"@type\":\"ImageObject\",\"inLanguage\":\"es\",\"@id\":\"https:\/\/www.asajacyl.com\/palencia\/asaja-palencia-informa\/aprobados-los-precios-maximos-y-minimos-de-los-pastos-2026-y-las-fechas-tope-de-recoleccion#primaryimage\",\"url\":\"https:\/\/www.asajacyl.com\/palencia\/wp-content\/uploads\/sites\/3\/2024\/08\/Rebano2web-ovino-agosto24-c-Guillermo-Escribano.jpg\",\"contentUrl\":\"https:\/\/www.asajacyl.com\/palencia\/wp-content\/uploads\/sites\/3\/2024\/08\/Rebano2web-ovino-agosto24-c-Guillermo-Escribano.jpg\",\"width\":1890,\"height\":1654},{\"@type\":\"BreadcrumbList\",\"@id\":\"https:\/\/www.asajacyl.com\/palencia\/asaja-palencia-informa\/aprobados-los-precios-maximos-y-minimos-de-los-pastos-2026-y-las-fechas-tope-de-recoleccion#breadcrumb\",\"itemListElement\":[{\"@type\":\"ListItem\",\"position\":1,\"name\":\"Portada\",\"item\":\"https:\/\/www.asajacyl.com\/palencia\/\"},{\"@type\":\"ListItem\",\"position\":2,\"name\":\"Aprobados los precios m\u00e1ximos y m\u00ednimos de los pastos 2026 y las fechas tope de recolecci\u00f3n\"}]},{\"@type\":\"WebSite\",\"@id\":\"https:\/\/www.asajacyl.com\/palencia\/#website\",\"url\":\"https:\/\/www.asajacyl.com\/palencia\/\",\"name\":\"ASAJA Palencia\",\"description\":\"Otro sitio m\u00e1s de Provincias ASAJA Castilla y Le\u00f3n\",\"potentialAction\":[{\"@type\":\"SearchAction\",\"target\":{\"@type\":\"EntryPoint\",\"urlTemplate\":\"https:\/\/www.asajacyl.com\/palencia\/?s={search_term_string}\"},\"query-input\":{\"@type\":\"PropertyValueSpecification\",\"valueRequired\":true,\"valueName\":\"search_term_string\"}}],\"inLanguage\":\"es\"},{\"@type\":\"Person\",\"@id\":\"https:\/\/www.asajacyl.com\/palencia\/#\/schema\/person\/3ab17aeb03527485c317557fae64aab1\",\"name\":\"Administrador\",\"image\":{\"@type\":\"ImageObject\",\"inLanguage\":\"es\",\"@id\":\"https:\/\/www.asajacyl.com\/palencia\/#\/schema\/person\/image\/\",\"url\":\"https:\/\/secure.gravatar.com\/avatar\/517384810d242ca9e38c180f3c9fb973?s=96&d=mm&r=g\",\"contentUrl\":\"https:\/\/secure.gravatar.com\/avatar\/517384810d242ca9e38c180f3c9fb973?s=96&d=mm&r=g\",\"caption\":\"Administrador\"},\"url\":\"https:\/\/www.asajacyl.com\/palencia\/author\/carlosrm\"}]}<\/script>\n<!-- \/ Yoast SEO plugin. -->","yoast_head_json":{"title":"Aprobados los precios m\u00e1ximos y m\u00ednimos de los pastos 2026 y las fechas tope de recolecci\u00f3n - ASAJA Palencia","description":"De acuerdo con las propuestas del Consejo Agrario Provincial, la Junta de Castilla y Le\u00f3n ha aprobado recientemente tanto las fechas tope de recolecci\u00f3n","robots":{"index":"index","follow":"follow","max-snippet":"max-snippet:-1","max-image-preview":"max-image-preview:large","max-video-preview":"max-video-preview:-1"},"canonical":"https:\/\/www.asajacyl.com\/palencia\/asaja-palencia-informa\/aprobados-los-precios-maximos-y-minimos-de-los-pastos-2026-y-las-fechas-tope-de-recoleccion","og_locale":"es_ES","og_type":"article","og_title":"Aprobados los precios m\u00e1ximos y m\u00ednimos de los pastos 2026 y las fechas tope de recolecci\u00f3n - ASAJA Palencia","og_description":"De acuerdo con las propuestas del Consejo Agrario Provincial, la Junta de Castilla y Le\u00f3n ha aprobado recientemente tanto las fechas tope de recolecci\u00f3n","og_url":"https:\/\/www.asajacyl.com\/palencia\/asaja-palencia-informa\/aprobados-los-precios-maximos-y-minimos-de-los-pastos-2026-y-las-fechas-tope-de-recoleccion","og_site_name":"ASAJA Palencia","article_published_time":"2025-10-15T09:56:55+00:00","article_modified_time":"2025-10-15T09:56:58+00:00","og_image":[{"width":1024,"height":896,"url":"https:\/\/www.asajacyl.com\/palencia\/wp-content\/uploads\/sites\/3\/2024\/08\/Rebano2web-ovino-agosto24-c-Guillermo-Escribano-1024x896.jpg","type":"image\/jpeg"}],"author":"Administrador","twitter_card":"summary_large_image","twitter_misc":{"Escrito por":"Administrador","Tiempo de lectura":"2 minutos"},"schema":{"@context":"https:\/\/schema.org","@graph":[{"@type":"WebPage","@id":"https:\/\/www.asajacyl.com\/palencia\/asaja-palencia-informa\/aprobados-los-precios-maximos-y-minimos-de-los-pastos-2026-y-las-fechas-tope-de-recoleccion","url":"https:\/\/www.asajacyl.com\/palencia\/asaja-palencia-informa\/aprobados-los-precios-maximos-y-minimos-de-los-pastos-2026-y-las-fechas-tope-de-recoleccion","name":"Aprobados los precios m\u00e1ximos y m\u00ednimos de los pastos 2026 y las fechas tope de recolecci\u00f3n - ASAJA Palencia","isPartOf":{"@id":"https:\/\/www.asajacyl.com\/palencia\/#website"},"primaryImageOfPage":{"@id":"https:\/\/www.asajacyl.com\/palencia\/asaja-palencia-informa\/aprobados-los-precios-maximos-y-minimos-de-los-pastos-2026-y-las-fechas-tope-de-recoleccion#primaryimage"},"image":{"@id":"https:\/\/www.asajacyl.com\/palencia\/asaja-palencia-informa\/aprobados-los-precios-maximos-y-minimos-de-los-pastos-2026-y-las-fechas-tope-de-recoleccion#primaryimage"},"thumbnailUrl":"https:\/\/www.asajacyl.com\/palencia\/wp-content\/uploads\/sites\/3\/2024\/08\/Rebano2web-ovino-agosto24-c-Guillermo-Escribano.jpg","datePublished":"2025-10-15T09:56:55+00:00","dateModified":"2025-10-15T09:56:58+00:00","author":{"@id":"https:\/\/www.asajacyl.com\/palencia\/#\/schema\/person\/3ab17aeb03527485c317557fae64aab1"},"description":"De acuerdo con las propuestas del Consejo Agrario Provincial, la Junta de Castilla y Le\u00f3n ha aprobado recientemente tanto las fechas tope de recolecci\u00f3n","breadcrumb":{"@id":"https:\/\/www.asajacyl.com\/palencia\/asaja-palencia-informa\/aprobados-los-precios-maximos-y-minimos-de-los-pastos-2026-y-las-fechas-tope-de-recoleccion#breadcrumb"},"inLanguage":"es","potentialAction":[{"@type":"ReadAction","target":["https:\/\/www.asajacyl.com\/palencia\/asaja-palencia-informa\/aprobados-los-precios-maximos-y-minimos-de-los-pastos-2026-y-las-fechas-tope-de-recoleccion"]}]},{"@type":"ImageObject","inLanguage":"es","@id":"https:\/\/www.asajacyl.com\/palencia\/asaja-palencia-informa\/aprobados-los-precios-maximos-y-minimos-de-los-pastos-2026-y-las-fechas-tope-de-recoleccion#primaryimage","url":"https:\/\/www.asajacyl.com\/palencia\/wp-content\/uploads\/sites\/3\/2024\/08\/Rebano2web-ovino-agosto24-c-Guillermo-Escribano.jpg","contentUrl":"https:\/\/www.asajacyl.com\/palencia\/wp-content\/uploads\/sites\/3\/2024\/08\/Rebano2web-ovino-agosto24-c-Guillermo-Escribano.jpg","width":1890,"height":1654},{"@type":"BreadcrumbList","@id":"https:\/\/www.asajacyl.com\/palencia\/asaja-palencia-informa\/aprobados-los-precios-maximos-y-minimos-de-los-pastos-2026-y-las-fechas-tope-de-recoleccion#breadcrumb","itemListElement":[{"@type":"ListItem","position":1,"name":"Portada","item":"https:\/\/www.asajacyl.com\/palencia\/"},{"@type":"ListItem","position":2,"name":"Aprobados los precios m\u00e1ximos y m\u00ednimos de los pastos 2026 y las fechas tope de recolecci\u00f3n"}]},{"@type":"WebSite","@id":"https:\/\/www.asajacyl.com\/palencia\/#website","url":"https:\/\/www.asajacyl.com\/palencia\/","name":"ASAJA Palencia","description":"Otro sitio m\u00e1s de Provincias ASAJA Castilla y Le\u00f3n","potentialAction":[{"@type":"SearchAction","target":{"@type":"EntryPoint","urlTemplate":"https:\/\/www.asajacyl.com\/palencia\/?s={search_term_string}"},"query-input":{"@type":"PropertyValueSpecification","valueRequired":true,"valueName":"search_term_string"}}],"inLanguage":"es"},{"@type":"Person","@id":"https:\/\/www.asajacyl.com\/palencia\/#\/schema\/person\/3ab17aeb03527485c317557fae64aab1","name":"Administrador","image":{"@type":"ImageObject","inLanguage":"es","@id":"https:\/\/www.asajacyl.com\/palencia\/#\/schema\/person\/image\/","url":"https:\/\/secure.gravatar.com\/avatar\/517384810d242ca9e38c180f3c9fb973?s=96&d=mm&r=g","contentUrl":"https:\/\/secure.gravatar.com\/avatar\/517384810d242ca9e38c180f3c9fb973?s=96&d=mm&r=g","caption":"Administrador"},"url":"https:\/\/www.asajacyl.com\/palencia\/author\/carlosrm"}]}},"_links":{"self":[{"href":"https:\/\/www.asajacyl.com\/palencia\/wp-json\/wp\/v2\/posts\/21198"}],"collection":[{"href":"https:\/\/www.asajacyl.com\/palencia\/wp-json\/wp\/v2\/posts"}],"about":[{"href":"https:\/\/www.asajacyl.com\/palencia\/wp-json\/wp\/v2\/types\/post"}],"author":[{"embeddable":true,"href":"https:\/\/www.asajacyl.com\/palencia\/wp-json\/wp\/v2\/users\/9"}],"replies":[{"embeddable":true,"href":"https:\/\/www.asajacyl.com\/palencia\/wp-json\/wp\/v2\/comments?post=21198"}],"version-history":[{"count":1,"href":"https:\/\/www.asajacyl.com\/palencia\/wp-json\/wp\/v2\/posts\/21198\/revisions"}],"predecessor-version":[{"id":21199,"href":"https:\/\/www.asajacyl.com\/palencia\/wp-json\/wp\/v2\/posts\/21198\/revisions\/21199"}],"wp:featuredmedia":[{"embeddable":true,"href":"https:\/\/www.asajacyl.com\/palencia\/wp-json\/wp\/v2\/media\/17071"}],"wp:attachment":[{"href":"https:\/\/www.asajacyl.com\/palencia\/wp-json\/wp\/v2\/media?parent=21198"}],"wp:term":[{"taxonomy":"category","embeddable":true,"href":"https:\/\/www.asajacyl.com\/palencia\/wp-json\/wp\/v2\/categories?post=21198"},{"taxonomy":"post_tag","embeddable":true,"href":"https:\/\/www.asajacyl.com\/palencia\/wp-json\/wp\/v2\/tags?post=21198"}],"curies":[{"name":"wp","href":"https:\/\/api.w.org\/{rel}","templated":true}]}}