{"id":21210,"date":"2025-10-16T11:00:20","date_gmt":"2025-10-16T09:00:20","guid":{"rendered":"https:\/\/www.asajacyl.com\/palencia\/?p=21210"},"modified":"2025-10-16T11:00:23","modified_gmt":"2025-10-16T09:00:23","slug":"215-euros-tonelada-primer-precio-de-campana-del-maiz-para-secadero-en-la-lonja-de-leon","status":"publish","type":"post","link":"https:\/\/www.asajacyl.com\/palencia\/asaja-palencia-informa\/215-euros-tonelada-primer-precio-de-campana-del-maiz-para-secadero-en-la-lonja-de-leon","title":{"rendered":"215 euros\/tonelada, primer precio de campa\u00f1a del ma\u00edz para secadero en la Lonja de Le\u00f3n"},"content":{"rendered":"\n<h2 class=\"wp-block-heading\">La principal novedad de la sesi\u00f3n semanal de la Lonja de Le\u00f3n celebrada este mi\u00e9rcoles, 15 de octubre, fue el primer precio del ma\u00edz con destino a secadero, que arranca la campa\u00f1a a 215 euros\/tonelada. En l\u00ednea con la bajada de precios generalizada en los cereales, esta cotizaci\u00f3n es significativamente menor que la inicial del oto\u00f1o de 2024, cuando empez\u00f3 a operar en 237 euros\/tonelada, para situarse en los 230 pr\u00e1cticamente toda la campa\u00f1a anterior.<\/h2>\n\n\n\n<p>Despu\u00e9s de que en la anterior sesi\u00f3n de la lonja leonesa resultase imposible consensuar un precio, debido a ofertas muy dispares, esta semana se ha ofrecido un primer precio para el ma\u00edz con destino a secadero, que viene a situarse en torno a quince euros menos por tonelada que el a\u00f1o pasado. <\/p>\n\n\n\n<p>Representa un descenso interanual del 6,5 % en un cereal que se cultiva poco en la provincia de Palencia: 2656 hect\u00e1reas, seg\u00fan los datos de la Delegaci\u00f3n Territorial de la Junta (se cultivan otras cuatro mil hect\u00e1reas de ma\u00edz forrajero, muy vinculadas con explotaciones agroganaderas de proximidad, para autoconsumo y completar las raciones de la alimentaci\u00f3n animal a un coste relativamente barato, al evitarse intermediarios). <\/p>\n\n\n\n<p>El tiempo seco de las \u00faltimas semanas ha motivado que la humedad del grano de ma\u00edz esta campa\u00f1a sea \u00f3ptima, seg\u00fan comentan desde la Lonja de Le\u00f3n, una provincia donde el ma\u00edz s\u00ed representa un cultivo importante para su agricultura, con m\u00e1s de 72 100 hect\u00e1reas, en torno al 6 % m\u00e1s que la pasada campa\u00f1a (68 100 hect\u00e1reas). El impulso al regad\u00edo en Le\u00f3n durante las \u00faltimas d\u00e9cadas se plasma en esta pujanza del ma\u00edz en la provincia vecina. <\/p>\n\n\n\n<p>En la tablilla de la mesa de cereal se registr\u00f3 un \u00fanico movimiento, con la subida de dos euros por tonelada en la <strong>cebada<\/strong>, que opera actualmente a 180 euros, seg\u00fan los contratos visados en la lonja leonesa. Las mesas de <strong>patata <\/strong>y <strong>girasol <\/strong>mantuvieron los precios, mientras volvi\u00f3 a registrase una subida en la <strong>alfalfa<\/strong> en rama, cinco euros m\u00e1s por tonelada, hasta situarse tambi\u00e9n a 180 euros. La escasez de lluvias de las \u00faltimas semanas y, por tanto, de pasto para la ganader\u00eda, pueden explicar ambos retoques al alza en dos producciones muy demandadas para la nutrici\u00f3n animal.<strong>\/<\/strong><\/p>\n\n\n\n<figure class=\"wp-block-image size-large is-resized\"><img loading=\"lazy\" decoding=\"async\" width=\"1024\" height=\"768\" src=\"https:\/\/www.asajacyl.com\/palencia\/wp-content\/uploads\/sites\/3\/2025\/10\/Precios-agricultura-15oct2025-1024x768.png\" alt=\"\" class=\"wp-image-21211\" style=\"width:1065px;height:auto\" srcset=\"https:\/\/www.asajacyl.com\/palencia\/wp-content\/uploads\/sites\/3\/2025\/10\/Precios-agricultura-15oct2025-1024x768.png 1024w, https:\/\/www.asajacyl.com\/palencia\/wp-content\/uploads\/sites\/3\/2025\/10\/Precios-agricultura-15oct2025-300x225.png 300w, https:\/\/www.asajacyl.com\/palencia\/wp-content\/uploads\/sites\/3\/2025\/10\/Precios-agricultura-15oct2025-768x576.png 768w, https:\/\/www.asajacyl.com\/palencia\/wp-content\/uploads\/sites\/3\/2025\/10\/Precios-agricultura-15oct2025-1536x1152.png 1536w, https:\/\/www.asajacyl.com\/palencia\/wp-content\/uploads\/sites\/3\/2025\/10\/Precios-agricultura-15oct2025-2048x1536.png 2048w, https:\/\/www.asajacyl.com\/palencia\/wp-content\/uploads\/sites\/3\/2025\/10\/Precios-agricultura-15oct2025-560x420.png 560w, https:\/\/www.asajacyl.com\/palencia\/wp-content\/uploads\/sites\/3\/2025\/10\/Precios-agricultura-15oct2025-80x60.png 80w, https:\/\/www.asajacyl.com\/palencia\/wp-content\/uploads\/sites\/3\/2025\/10\/Precios-agricultura-15oct2025-696x522.png 696w, https:\/\/www.asajacyl.com\/palencia\/wp-content\/uploads\/sites\/3\/2025\/10\/Precios-agricultura-15oct2025-1068x801.png 1068w, https:\/\/www.asajacyl.com\/palencia\/wp-content\/uploads\/sites\/3\/2025\/10\/Precios-agricultura-15oct2025-1920x1440.png 1920w\" sizes=\"(max-width: 1024px) 100vw, 1024px\" \/><\/figure>\n","protected":false},"excerpt":{"rendered":"<p>La principal novedad de la sesi\u00f3n semanal de la Lonja de Le\u00f3n celebrada este mi\u00e9rcoles, 15 de octubre, fue el primer precio del ma\u00edz con destino a secadero, que arranca la campa\u00f1a a 215 euros\/tonelada. En l\u00ednea con la bajada de precios generalizada en los cereales, esta cotizaci\u00f3n es significativamente menor que la inicial del [&hellip;]<\/p>\n","protected":false},"author":9,"featured_media":21212,"comment_status":"open","ping_status":"open","sticky":false,"template":"","format":"standard","meta":{"footnotes":""},"categories":[9,29,36,28,13],"tags":[58,148,289,46,99,77,145,293,219,1017,147,93],"yoast_head":"<!-- This site is optimized with the Yoast SEO plugin v24.5 - https:\/\/yoast.com\/wordpress\/plugins\/seo\/ -->\n<title>215 euros\/tonelada, primer precio de campa\u00f1a del ma\u00edz para secadero en la Lonja de Le\u00f3n - ASAJA Palencia<\/title>\n<meta name=\"description\" content=\"La principal novedad de la sesi\u00f3n semanal de la Lonja de Le\u00f3n celebrada este mi\u00e9rcoles, 15 de octubre, fue el primer precio del ma\u00edz con destino a\" \/>\n<meta name=\"robots\" content=\"index, follow, max-snippet:-1, max-image-preview:large, max-video-preview:-1\" \/>\n<link rel=\"canonical\" href=\"https:\/\/www.asajacyl.com\/palencia\/asaja-palencia-informa\/215-euros-tonelada-primer-precio-de-campana-del-maiz-para-secadero-en-la-lonja-de-leon\" \/>\n<meta property=\"og:locale\" content=\"es_ES\" \/>\n<meta property=\"og:type\" content=\"article\" \/>\n<meta property=\"og:title\" content=\"215 euros\/tonelada, primer precio de campa\u00f1a del ma\u00edz para secadero en la Lonja de Le\u00f3n - ASAJA Palencia\" \/>\n<meta property=\"og:description\" content=\"La principal novedad de la sesi\u00f3n semanal de la Lonja de Le\u00f3n celebrada este mi\u00e9rcoles, 15 de octubre, fue el primer precio del ma\u00edz con destino a\" \/>\n<meta property=\"og:url\" content=\"https:\/\/www.asajacyl.com\/palencia\/asaja-palencia-informa\/215-euros-tonelada-primer-precio-de-campana-del-maiz-para-secadero-en-la-lonja-de-leon\" \/>\n<meta property=\"og:site_name\" content=\"ASAJA Palencia\" \/>\n<meta property=\"article:published_time\" content=\"2025-10-16T09:00:20+00:00\" \/>\n<meta property=\"article:modified_time\" content=\"2025-10-16T09:00:23+00:00\" \/>\n<meta property=\"og:image\" content=\"https:\/\/www.asajacyl.com\/palencia\/wp-content\/uploads\/sites\/3\/2025\/10\/Maiz-cosecha-c-ASAJA-Leon-web.jpg\" \/>\n\t<meta property=\"og:image:width\" content=\"1890\" \/>\n\t<meta property=\"og:image:height\" content=\"1654\" \/>\n\t<meta property=\"og:image:type\" content=\"image\/jpeg\" \/>\n<meta name=\"author\" content=\"Administrador\" \/>\n<meta name=\"twitter:card\" content=\"summary_large_image\" \/>\n<meta name=\"twitter:label1\" content=\"Escrito por\" \/>\n\t<meta name=\"twitter:data1\" content=\"Administrador\" \/>\n\t<meta name=\"twitter:label2\" content=\"Tiempo de lectura\" \/>\n\t<meta name=\"twitter:data2\" content=\"3 minutos\" \/>\n<script type=\"application\/ld+json\" class=\"yoast-schema-graph\">{\"@context\":\"https:\/\/schema.org\",\"@graph\":[{\"@type\":\"WebPage\",\"@id\":\"https:\/\/www.asajacyl.com\/palencia\/asaja-palencia-informa\/215-euros-tonelada-primer-precio-de-campana-del-maiz-para-secadero-en-la-lonja-de-leon\",\"url\":\"https:\/\/www.asajacyl.com\/palencia\/asaja-palencia-informa\/215-euros-tonelada-primer-precio-de-campana-del-maiz-para-secadero-en-la-lonja-de-leon\",\"name\":\"215 euros\/tonelada, primer precio de campa\u00f1a del ma\u00edz para secadero en la Lonja de Le\u00f3n - ASAJA Palencia\",\"isPartOf\":{\"@id\":\"https:\/\/www.asajacyl.com\/palencia\/#website\"},\"primaryImageOfPage\":{\"@id\":\"https:\/\/www.asajacyl.com\/palencia\/asaja-palencia-informa\/215-euros-tonelada-primer-precio-de-campana-del-maiz-para-secadero-en-la-lonja-de-leon#primaryimage\"},\"image\":{\"@id\":\"https:\/\/www.asajacyl.com\/palencia\/asaja-palencia-informa\/215-euros-tonelada-primer-precio-de-campana-del-maiz-para-secadero-en-la-lonja-de-leon#primaryimage\"},\"thumbnailUrl\":\"https:\/\/www.asajacyl.com\/palencia\/wp-content\/uploads\/sites\/3\/2025\/10\/Maiz-cosecha-c-ASAJA-Leon-web.jpg\",\"datePublished\":\"2025-10-16T09:00:20+00:00\",\"dateModified\":\"2025-10-16T09:00:23+00:00\",\"author\":{\"@id\":\"https:\/\/www.asajacyl.com\/palencia\/#\/schema\/person\/3ab17aeb03527485c317557fae64aab1\"},\"description\":\"La principal novedad de la sesi\u00f3n semanal de la Lonja de Le\u00f3n celebrada este mi\u00e9rcoles, 15 de octubre, fue el primer precio del ma\u00edz con destino a\",\"breadcrumb\":{\"@id\":\"https:\/\/www.asajacyl.com\/palencia\/asaja-palencia-informa\/215-euros-tonelada-primer-precio-de-campana-del-maiz-para-secadero-en-la-lonja-de-leon#breadcrumb\"},\"inLanguage\":\"es\",\"potentialAction\":[{\"@type\":\"ReadAction\",\"target\":[\"https:\/\/www.asajacyl.com\/palencia\/asaja-palencia-informa\/215-euros-tonelada-primer-precio-de-campana-del-maiz-para-secadero-en-la-lonja-de-leon\"]}]},{\"@type\":\"ImageObject\",\"inLanguage\":\"es\",\"@id\":\"https:\/\/www.asajacyl.com\/palencia\/asaja-palencia-informa\/215-euros-tonelada-primer-precio-de-campana-del-maiz-para-secadero-en-la-lonja-de-leon#primaryimage\",\"url\":\"https:\/\/www.asajacyl.com\/palencia\/wp-content\/uploads\/sites\/3\/2025\/10\/Maiz-cosecha-c-ASAJA-Leon-web.jpg\",\"contentUrl\":\"https:\/\/www.asajacyl.com\/palencia\/wp-content\/uploads\/sites\/3\/2025\/10\/Maiz-cosecha-c-ASAJA-Leon-web.jpg\",\"width\":1890,\"height\":1654},{\"@type\":\"BreadcrumbList\",\"@id\":\"https:\/\/www.asajacyl.com\/palencia\/asaja-palencia-informa\/215-euros-tonelada-primer-precio-de-campana-del-maiz-para-secadero-en-la-lonja-de-leon#breadcrumb\",\"itemListElement\":[{\"@type\":\"ListItem\",\"position\":1,\"name\":\"Portada\",\"item\":\"https:\/\/www.asajacyl.com\/palencia\/\"},{\"@type\":\"ListItem\",\"position\":2,\"name\":\"215 euros\/tonelada, primer precio de campa\u00f1a del ma\u00edz para secadero en la Lonja de Le\u00f3n\"}]},{\"@type\":\"WebSite\",\"@id\":\"https:\/\/www.asajacyl.com\/palencia\/#website\",\"url\":\"https:\/\/www.asajacyl.com\/palencia\/\",\"name\":\"ASAJA Palencia\",\"description\":\"Otro sitio m\u00e1s de Provincias ASAJA Castilla y Le\u00f3n\",\"potentialAction\":[{\"@type\":\"SearchAction\",\"target\":{\"@type\":\"EntryPoint\",\"urlTemplate\":\"https:\/\/www.asajacyl.com\/palencia\/?s={search_term_string}\"},\"query-input\":{\"@type\":\"PropertyValueSpecification\",\"valueRequired\":true,\"valueName\":\"search_term_string\"}}],\"inLanguage\":\"es\"},{\"@type\":\"Person\",\"@id\":\"https:\/\/www.asajacyl.com\/palencia\/#\/schema\/person\/3ab17aeb03527485c317557fae64aab1\",\"name\":\"Administrador\",\"image\":{\"@type\":\"ImageObject\",\"inLanguage\":\"es\",\"@id\":\"https:\/\/www.asajacyl.com\/palencia\/#\/schema\/person\/image\/\",\"url\":\"https:\/\/secure.gravatar.com\/avatar\/517384810d242ca9e38c180f3c9fb973?s=96&d=mm&r=g\",\"contentUrl\":\"https:\/\/secure.gravatar.com\/avatar\/517384810d242ca9e38c180f3c9fb973?s=96&d=mm&r=g\",\"caption\":\"Administrador\"},\"url\":\"https:\/\/www.asajacyl.com\/palencia\/author\/carlosrm\"}]}<\/script>\n<!-- \/ Yoast SEO plugin. -->","yoast_head_json":{"title":"215 euros\/tonelada, primer precio de campa\u00f1a del ma\u00edz para secadero en la Lonja de Le\u00f3n - ASAJA Palencia","description":"La principal novedad de la sesi\u00f3n semanal de la Lonja de Le\u00f3n celebrada este mi\u00e9rcoles, 15 de octubre, fue el primer precio del ma\u00edz con destino a","robots":{"index":"index","follow":"follow","max-snippet":"max-snippet:-1","max-image-preview":"max-image-preview:large","max-video-preview":"max-video-preview:-1"},"canonical":"https:\/\/www.asajacyl.com\/palencia\/asaja-palencia-informa\/215-euros-tonelada-primer-precio-de-campana-del-maiz-para-secadero-en-la-lonja-de-leon","og_locale":"es_ES","og_type":"article","og_title":"215 euros\/tonelada, primer precio de campa\u00f1a del ma\u00edz para secadero en la Lonja de Le\u00f3n - ASAJA Palencia","og_description":"La principal novedad de la sesi\u00f3n semanal de la Lonja de Le\u00f3n celebrada este mi\u00e9rcoles, 15 de octubre, fue el primer precio del ma\u00edz con destino a","og_url":"https:\/\/www.asajacyl.com\/palencia\/asaja-palencia-informa\/215-euros-tonelada-primer-precio-de-campana-del-maiz-para-secadero-en-la-lonja-de-leon","og_site_name":"ASAJA Palencia","article_published_time":"2025-10-16T09:00:20+00:00","article_modified_time":"2025-10-16T09:00:23+00:00","og_image":[{"width":1890,"height":1654,"url":"https:\/\/www.asajacyl.com\/palencia\/wp-content\/uploads\/sites\/3\/2025\/10\/Maiz-cosecha-c-ASAJA-Leon-web.jpg","type":"image\/jpeg"}],"author":"Administrador","twitter_card":"summary_large_image","twitter_misc":{"Escrito por":"Administrador","Tiempo de lectura":"3 minutos"},"schema":{"@context":"https:\/\/schema.org","@graph":[{"@type":"WebPage","@id":"https:\/\/www.asajacyl.com\/palencia\/asaja-palencia-informa\/215-euros-tonelada-primer-precio-de-campana-del-maiz-para-secadero-en-la-lonja-de-leon","url":"https:\/\/www.asajacyl.com\/palencia\/asaja-palencia-informa\/215-euros-tonelada-primer-precio-de-campana-del-maiz-para-secadero-en-la-lonja-de-leon","name":"215 euros\/tonelada, primer precio de campa\u00f1a del ma\u00edz para secadero en la Lonja de Le\u00f3n - ASAJA Palencia","isPartOf":{"@id":"https:\/\/www.asajacyl.com\/palencia\/#website"},"primaryImageOfPage":{"@id":"https:\/\/www.asajacyl.com\/palencia\/asaja-palencia-informa\/215-euros-tonelada-primer-precio-de-campana-del-maiz-para-secadero-en-la-lonja-de-leon#primaryimage"},"image":{"@id":"https:\/\/www.asajacyl.com\/palencia\/asaja-palencia-informa\/215-euros-tonelada-primer-precio-de-campana-del-maiz-para-secadero-en-la-lonja-de-leon#primaryimage"},"thumbnailUrl":"https:\/\/www.asajacyl.com\/palencia\/wp-content\/uploads\/sites\/3\/2025\/10\/Maiz-cosecha-c-ASAJA-Leon-web.jpg","datePublished":"2025-10-16T09:00:20+00:00","dateModified":"2025-10-16T09:00:23+00:00","author":{"@id":"https:\/\/www.asajacyl.com\/palencia\/#\/schema\/person\/3ab17aeb03527485c317557fae64aab1"},"description":"La principal novedad de la sesi\u00f3n semanal de la Lonja de Le\u00f3n celebrada este mi\u00e9rcoles, 15 de octubre, fue el primer precio del ma\u00edz con destino a","breadcrumb":{"@id":"https:\/\/www.asajacyl.com\/palencia\/asaja-palencia-informa\/215-euros-tonelada-primer-precio-de-campana-del-maiz-para-secadero-en-la-lonja-de-leon#breadcrumb"},"inLanguage":"es","potentialAction":[{"@type":"ReadAction","target":["https:\/\/www.asajacyl.com\/palencia\/asaja-palencia-informa\/215-euros-tonelada-primer-precio-de-campana-del-maiz-para-secadero-en-la-lonja-de-leon"]}]},{"@type":"ImageObject","inLanguage":"es","@id":"https:\/\/www.asajacyl.com\/palencia\/asaja-palencia-informa\/215-euros-tonelada-primer-precio-de-campana-del-maiz-para-secadero-en-la-lonja-de-leon#primaryimage","url":"https:\/\/www.asajacyl.com\/palencia\/wp-content\/uploads\/sites\/3\/2025\/10\/Maiz-cosecha-c-ASAJA-Leon-web.jpg","contentUrl":"https:\/\/www.asajacyl.com\/palencia\/wp-content\/uploads\/sites\/3\/2025\/10\/Maiz-cosecha-c-ASAJA-Leon-web.jpg","width":1890,"height":1654},{"@type":"BreadcrumbList","@id":"https:\/\/www.asajacyl.com\/palencia\/asaja-palencia-informa\/215-euros-tonelada-primer-precio-de-campana-del-maiz-para-secadero-en-la-lonja-de-leon#breadcrumb","itemListElement":[{"@type":"ListItem","position":1,"name":"Portada","item":"https:\/\/www.asajacyl.com\/palencia\/"},{"@type":"ListItem","position":2,"name":"215 euros\/tonelada, primer precio de campa\u00f1a del ma\u00edz para secadero en la Lonja de Le\u00f3n"}]},{"@type":"WebSite","@id":"https:\/\/www.asajacyl.com\/palencia\/#website","url":"https:\/\/www.asajacyl.com\/palencia\/","name":"ASAJA Palencia","description":"Otro sitio m\u00e1s de Provincias ASAJA Castilla y Le\u00f3n","potentialAction":[{"@type":"SearchAction","target":{"@type":"EntryPoint","urlTemplate":"https:\/\/www.asajacyl.com\/palencia\/?s={search_term_string}"},"query-input":{"@type":"PropertyValueSpecification","valueRequired":true,"valueName":"search_term_string"}}],"inLanguage":"es"},{"@type":"Person","@id":"https:\/\/www.asajacyl.com\/palencia\/#\/schema\/person\/3ab17aeb03527485c317557fae64aab1","name":"Administrador","image":{"@type":"ImageObject","inLanguage":"es","@id":"https:\/\/www.asajacyl.com\/palencia\/#\/schema\/person\/image\/","url":"https:\/\/secure.gravatar.com\/avatar\/517384810d242ca9e38c180f3c9fb973?s=96&d=mm&r=g","contentUrl":"https:\/\/secure.gravatar.com\/avatar\/517384810d242ca9e38c180f3c9fb973?s=96&d=mm&r=g","caption":"Administrador"},"url":"https:\/\/www.asajacyl.com\/palencia\/author\/carlosrm"}]}},"_links":{"self":[{"href":"https:\/\/www.asajacyl.com\/palencia\/wp-json\/wp\/v2\/posts\/21210"}],"collection":[{"href":"https:\/\/www.asajacyl.com\/palencia\/wp-json\/wp\/v2\/posts"}],"about":[{"href":"https:\/\/www.asajacyl.com\/palencia\/wp-json\/wp\/v2\/types\/post"}],"author":[{"embeddable":true,"href":"https:\/\/www.asajacyl.com\/palencia\/wp-json\/wp\/v2\/users\/9"}],"replies":[{"embeddable":true,"href":"https:\/\/www.asajacyl.com\/palencia\/wp-json\/wp\/v2\/comments?post=21210"}],"version-history":[{"count":1,"href":"https:\/\/www.asajacyl.com\/palencia\/wp-json\/wp\/v2\/posts\/21210\/revisions"}],"predecessor-version":[{"id":21213,"href":"https:\/\/www.asajacyl.com\/palencia\/wp-json\/wp\/v2\/posts\/21210\/revisions\/21213"}],"wp:featuredmedia":[{"embeddable":true,"href":"https:\/\/www.asajacyl.com\/palencia\/wp-json\/wp\/v2\/media\/21212"}],"wp:attachment":[{"href":"https:\/\/www.asajacyl.com\/palencia\/wp-json\/wp\/v2\/media?parent=21210"}],"wp:term":[{"taxonomy":"category","embeddable":true,"href":"https:\/\/www.asajacyl.com\/palencia\/wp-json\/wp\/v2\/categories?post=21210"},{"taxonomy":"post_tag","embeddable":true,"href":"https:\/\/www.asajacyl.com\/palencia\/wp-json\/wp\/v2\/tags?post=21210"}],"curies":[{"name":"wp","href":"https:\/\/api.w.org\/{rel}","templated":true}]}}