{"id":21214,"date":"2025-10-16T11:32:36","date_gmt":"2025-10-16T09:32:36","guid":{"rendered":"https:\/\/www.asajacyl.com\/palencia\/?p=21214"},"modified":"2025-10-16T11:32:38","modified_gmt":"2025-10-16T09:32:38","slug":"vinalta-programa-en-noviembre-un-curso-de-sativum-la-aplicacion-gratuita-de-gestion-agricola-del-itacyl","status":"publish","type":"post","link":"https:\/\/www.asajacyl.com\/palencia\/asaja-palencia-informa\/vinalta-programa-en-noviembre-un-curso-de-sativum-la-aplicacion-gratuita-de-gestion-agricola-del-itacyl","title":{"rendered":"Vi\u00f1alta programa en noviembre un curso de Sativum, la aplicaci\u00f3n gratuita de gesti\u00f3n agr\u00edcola del ITACyL"},"content":{"rendered":"\n<h2 class=\"wp-block-heading\">El Centro Integrado de Formaci\u00f3n Profesional Vi\u00f1alta, situado en el barrio de Allende el R\u00edo de la ciudad de Palencia, ha organizado un curso sobre Sativum, herramienta gratuita creada por el Instituto Tecnol\u00f3gico Agrario de Castilla y Le\u00f3n (ITACyL) que permite al agricultor centralizar toda la informaci\u00f3n de sus parcelas, gestionarlas, crear planes de fertilizaci\u00f3n y efectuar un seguimiento del estado de sus cultivos. <\/h2>\n\n\n\n<p>T\u00e9cnicos del ITACyL impartir\u00e1n este curso en el citado centro (Avenida de Vi\u00f1alta, s\/n | 34005 Palencia) los d\u00edas 10, 11, 17 y 18 de noviembre. Las plazas son limitadas y es recomendable disponer de port\u00e1til personal para un mejor aprovechamiento del curso.<\/p>\n\n\n\n<p>Las personas interesadas en ampliar la informaci\u00f3n o formalizar su inscripci\u00f3n, que es gratuita, pueden llamar al tel\u00e9fono\u00a0<strong>979 741 050<\/strong>, o enviar un correo electr\u00f3nico a\u00a0<strong>yolanda.matia@jcyl.es<\/strong>\u00a0<\/p>\n\n\n\n<p>Sativum es un desarrollo inform\u00e1tico del\u00a0<a href=\"http:\/\/www.itacyl.es\/\">Instituto Tecnol\u00f3gico Agrario de Castilla y Le\u00f3n<\/a>\u00a0para agricultores que permite acceder y gestionar informaci\u00f3n de parcelas agr\u00edcolas. Se asienta sobre tres pilares que se van desarrollando y perfeccionando:<\/p>\n\n\n\n<ul>\n<li>Acceso a <strong>datos sobre el suelo, el clima y el cultivo a escala de parcela<\/strong> gracias al acceso a datos de diferentes redes de sensores, sat\u00e9lites de observaci\u00f3n de la tierra y bases de datos.<\/li>\n\n\n\n<li>Ayuda en la <strong>toma de decisiones <\/strong>sobre el cultivo mediante el desarrollo de herramientas que basadas en datos y modelos agron\u00f3micos orienten al productor en la toma de decisiones de fertilizaci\u00f3n, riego, etc.<\/li>\n\n\n\n<li>Simplificaci\u00f3n de la<strong> relaci\u00f3n entre el agricultor y la Consejer\u00eda<\/strong> de Agricultura, Ganader\u00eda y Desarrollo Rural as\u00ed como una v\u00eda de comunicaci\u00f3n entre ambos para la emisi\u00f3n de avisos.<\/li>\n<\/ul>\n\n\n\n<p>M\u00e1s informaci\u00f3n sobre la aplicaci\u00f3n Sativum en\u00a0<strong><a href=\"https:\/\/www.sativum.es\/\" target=\"_blank\" rel=\"noreferrer noopener\">www.sativum.es<\/a><\/strong> \/<\/p>\n\n\n\n<p><\/p>\n","protected":false},"excerpt":{"rendered":"<p>El Centro Integrado de Formaci\u00f3n Profesional Vi\u00f1alta, situado en el barrio de Allende el R\u00edo de la ciudad de Palencia, ha organizado un curso sobre Sativum, herramienta gratuita creada por el Instituto Tecnol\u00f3gico Agrario de Castilla y Le\u00f3n (ITACyL) que permite al agricultor centralizar toda la informaci\u00f3n de sus parcelas, gestionarlas, crear planes de fertilizaci\u00f3n [&hellip;]<\/p>\n","protected":false},"author":9,"featured_media":15926,"comment_status":"open","ping_status":"open","sticky":false,"template":"","format":"standard","meta":{"footnotes":""},"categories":[9,31,39,29,28,13],"tags":[58,751,142,193,726,63,66,889,803,154,1003],"yoast_head":"<!-- This site is optimized with the Yoast SEO plugin v24.5 - https:\/\/yoast.com\/wordpress\/plugins\/seo\/ -->\n<title>Vi\u00f1alta programa en noviembre un curso de Sativum, la aplicaci\u00f3n gratuita de gesti\u00f3n agr\u00edcola del ITACyL - ASAJA Palencia<\/title>\n<meta name=\"description\" content=\"El Centro Integrado de Formaci\u00f3n Profesional Vi\u00f1alta, situado en el barrio de Allende el R\u00edo de la ciudad de Palencia, ha organizado un curso sobre\" \/>\n<meta name=\"robots\" content=\"index, follow, max-snippet:-1, max-image-preview:large, max-video-preview:-1\" \/>\n<link rel=\"canonical\" href=\"https:\/\/www.asajacyl.com\/palencia\/asaja-palencia-informa\/vinalta-programa-en-noviembre-un-curso-de-sativum-la-aplicacion-gratuita-de-gestion-agricola-del-itacyl\" \/>\n<meta property=\"og:locale\" content=\"es_ES\" \/>\n<meta property=\"og:type\" content=\"article\" \/>\n<meta property=\"og:title\" content=\"Vi\u00f1alta programa en noviembre un curso de Sativum, la aplicaci\u00f3n gratuita de gesti\u00f3n agr\u00edcola del ITACyL - ASAJA Palencia\" \/>\n<meta property=\"og:description\" content=\"El Centro Integrado de Formaci\u00f3n Profesional Vi\u00f1alta, situado en el barrio de Allende el R\u00edo de la ciudad de Palencia, ha organizado un curso sobre\" \/>\n<meta property=\"og:url\" content=\"https:\/\/www.asajacyl.com\/palencia\/asaja-palencia-informa\/vinalta-programa-en-noviembre-un-curso-de-sativum-la-aplicacion-gratuita-de-gestion-agricola-del-itacyl\" \/>\n<meta property=\"og:site_name\" content=\"ASAJA Palencia\" \/>\n<meta property=\"article:published_time\" content=\"2025-10-16T09:32:36+00:00\" \/>\n<meta property=\"article:modified_time\" content=\"2025-10-16T09:32:38+00:00\" \/>\n<meta property=\"og:image\" content=\"https:\/\/www.asajacyl.com\/palencia\/wp-content\/uploads\/sites\/3\/2024\/04\/Sativum-mano.jpg\" \/>\n\t<meta property=\"og:image:width\" content=\"1890\" \/>\n\t<meta property=\"og:image:height\" content=\"1654\" \/>\n\t<meta property=\"og:image:type\" content=\"image\/jpeg\" \/>\n<meta name=\"author\" content=\"Administrador\" \/>\n<meta name=\"twitter:card\" content=\"summary_large_image\" \/>\n<meta name=\"twitter:label1\" content=\"Escrito por\" \/>\n\t<meta name=\"twitter:data1\" content=\"Administrador\" \/>\n\t<meta name=\"twitter:label2\" content=\"Tiempo de lectura\" \/>\n\t<meta name=\"twitter:data2\" content=\"2 minutos\" \/>\n<script type=\"application\/ld+json\" class=\"yoast-schema-graph\">{\"@context\":\"https:\/\/schema.org\",\"@graph\":[{\"@type\":\"WebPage\",\"@id\":\"https:\/\/www.asajacyl.com\/palencia\/asaja-palencia-informa\/vinalta-programa-en-noviembre-un-curso-de-sativum-la-aplicacion-gratuita-de-gestion-agricola-del-itacyl\",\"url\":\"https:\/\/www.asajacyl.com\/palencia\/asaja-palencia-informa\/vinalta-programa-en-noviembre-un-curso-de-sativum-la-aplicacion-gratuita-de-gestion-agricola-del-itacyl\",\"name\":\"Vi\u00f1alta programa en noviembre un curso de Sativum, la aplicaci\u00f3n gratuita de gesti\u00f3n agr\u00edcola del ITACyL - ASAJA Palencia\",\"isPartOf\":{\"@id\":\"https:\/\/www.asajacyl.com\/palencia\/#website\"},\"primaryImageOfPage\":{\"@id\":\"https:\/\/www.asajacyl.com\/palencia\/asaja-palencia-informa\/vinalta-programa-en-noviembre-un-curso-de-sativum-la-aplicacion-gratuita-de-gestion-agricola-del-itacyl#primaryimage\"},\"image\":{\"@id\":\"https:\/\/www.asajacyl.com\/palencia\/asaja-palencia-informa\/vinalta-programa-en-noviembre-un-curso-de-sativum-la-aplicacion-gratuita-de-gestion-agricola-del-itacyl#primaryimage\"},\"thumbnailUrl\":\"https:\/\/www.asajacyl.com\/palencia\/wp-content\/uploads\/sites\/3\/2024\/04\/Sativum-mano.jpg\",\"datePublished\":\"2025-10-16T09:32:36+00:00\",\"dateModified\":\"2025-10-16T09:32:38+00:00\",\"author\":{\"@id\":\"https:\/\/www.asajacyl.com\/palencia\/#\/schema\/person\/3ab17aeb03527485c317557fae64aab1\"},\"description\":\"El Centro Integrado de Formaci\u00f3n Profesional Vi\u00f1alta, situado en el barrio de Allende el R\u00edo de la ciudad de Palencia, ha organizado un curso sobre\",\"breadcrumb\":{\"@id\":\"https:\/\/www.asajacyl.com\/palencia\/asaja-palencia-informa\/vinalta-programa-en-noviembre-un-curso-de-sativum-la-aplicacion-gratuita-de-gestion-agricola-del-itacyl#breadcrumb\"},\"inLanguage\":\"es\",\"potentialAction\":[{\"@type\":\"ReadAction\",\"target\":[\"https:\/\/www.asajacyl.com\/palencia\/asaja-palencia-informa\/vinalta-programa-en-noviembre-un-curso-de-sativum-la-aplicacion-gratuita-de-gestion-agricola-del-itacyl\"]}]},{\"@type\":\"ImageObject\",\"inLanguage\":\"es\",\"@id\":\"https:\/\/www.asajacyl.com\/palencia\/asaja-palencia-informa\/vinalta-programa-en-noviembre-un-curso-de-sativum-la-aplicacion-gratuita-de-gestion-agricola-del-itacyl#primaryimage\",\"url\":\"https:\/\/www.asajacyl.com\/palencia\/wp-content\/uploads\/sites\/3\/2024\/04\/Sativum-mano.jpg\",\"contentUrl\":\"https:\/\/www.asajacyl.com\/palencia\/wp-content\/uploads\/sites\/3\/2024\/04\/Sativum-mano.jpg\",\"width\":1890,\"height\":1654},{\"@type\":\"BreadcrumbList\",\"@id\":\"https:\/\/www.asajacyl.com\/palencia\/asaja-palencia-informa\/vinalta-programa-en-noviembre-un-curso-de-sativum-la-aplicacion-gratuita-de-gestion-agricola-del-itacyl#breadcrumb\",\"itemListElement\":[{\"@type\":\"ListItem\",\"position\":1,\"name\":\"Portada\",\"item\":\"https:\/\/www.asajacyl.com\/palencia\/\"},{\"@type\":\"ListItem\",\"position\":2,\"name\":\"Vi\u00f1alta programa en noviembre un curso de Sativum, la aplicaci\u00f3n gratuita de gesti\u00f3n agr\u00edcola del ITACyL\"}]},{\"@type\":\"WebSite\",\"@id\":\"https:\/\/www.asajacyl.com\/palencia\/#website\",\"url\":\"https:\/\/www.asajacyl.com\/palencia\/\",\"name\":\"ASAJA Palencia\",\"description\":\"Otro sitio m\u00e1s de Provincias ASAJA Castilla y Le\u00f3n\",\"potentialAction\":[{\"@type\":\"SearchAction\",\"target\":{\"@type\":\"EntryPoint\",\"urlTemplate\":\"https:\/\/www.asajacyl.com\/palencia\/?s={search_term_string}\"},\"query-input\":{\"@type\":\"PropertyValueSpecification\",\"valueRequired\":true,\"valueName\":\"search_term_string\"}}],\"inLanguage\":\"es\"},{\"@type\":\"Person\",\"@id\":\"https:\/\/www.asajacyl.com\/palencia\/#\/schema\/person\/3ab17aeb03527485c317557fae64aab1\",\"name\":\"Administrador\",\"image\":{\"@type\":\"ImageObject\",\"inLanguage\":\"es\",\"@id\":\"https:\/\/www.asajacyl.com\/palencia\/#\/schema\/person\/image\/\",\"url\":\"https:\/\/secure.gravatar.com\/avatar\/517384810d242ca9e38c180f3c9fb973?s=96&d=mm&r=g\",\"contentUrl\":\"https:\/\/secure.gravatar.com\/avatar\/517384810d242ca9e38c180f3c9fb973?s=96&d=mm&r=g\",\"caption\":\"Administrador\"},\"url\":\"https:\/\/www.asajacyl.com\/palencia\/author\/carlosrm\"}]}<\/script>\n<!-- \/ Yoast SEO plugin. -->","yoast_head_json":{"title":"Vi\u00f1alta programa en noviembre un curso de Sativum, la aplicaci\u00f3n gratuita de gesti\u00f3n agr\u00edcola del ITACyL - ASAJA Palencia","description":"El Centro Integrado de Formaci\u00f3n Profesional Vi\u00f1alta, situado en el barrio de Allende el R\u00edo de la ciudad de Palencia, ha organizado un curso sobre","robots":{"index":"index","follow":"follow","max-snippet":"max-snippet:-1","max-image-preview":"max-image-preview:large","max-video-preview":"max-video-preview:-1"},"canonical":"https:\/\/www.asajacyl.com\/palencia\/asaja-palencia-informa\/vinalta-programa-en-noviembre-un-curso-de-sativum-la-aplicacion-gratuita-de-gestion-agricola-del-itacyl","og_locale":"es_ES","og_type":"article","og_title":"Vi\u00f1alta programa en noviembre un curso de Sativum, la aplicaci\u00f3n gratuita de gesti\u00f3n agr\u00edcola del ITACyL - ASAJA Palencia","og_description":"El Centro Integrado de Formaci\u00f3n Profesional Vi\u00f1alta, situado en el barrio de Allende el R\u00edo de la ciudad de Palencia, ha organizado un curso sobre","og_url":"https:\/\/www.asajacyl.com\/palencia\/asaja-palencia-informa\/vinalta-programa-en-noviembre-un-curso-de-sativum-la-aplicacion-gratuita-de-gestion-agricola-del-itacyl","og_site_name":"ASAJA Palencia","article_published_time":"2025-10-16T09:32:36+00:00","article_modified_time":"2025-10-16T09:32:38+00:00","og_image":[{"width":1890,"height":1654,"url":"https:\/\/www.asajacyl.com\/palencia\/wp-content\/uploads\/sites\/3\/2024\/04\/Sativum-mano.jpg","type":"image\/jpeg"}],"author":"Administrador","twitter_card":"summary_large_image","twitter_misc":{"Escrito por":"Administrador","Tiempo de lectura":"2 minutos"},"schema":{"@context":"https:\/\/schema.org","@graph":[{"@type":"WebPage","@id":"https:\/\/www.asajacyl.com\/palencia\/asaja-palencia-informa\/vinalta-programa-en-noviembre-un-curso-de-sativum-la-aplicacion-gratuita-de-gestion-agricola-del-itacyl","url":"https:\/\/www.asajacyl.com\/palencia\/asaja-palencia-informa\/vinalta-programa-en-noviembre-un-curso-de-sativum-la-aplicacion-gratuita-de-gestion-agricola-del-itacyl","name":"Vi\u00f1alta programa en noviembre un curso de Sativum, la aplicaci\u00f3n gratuita de gesti\u00f3n agr\u00edcola del ITACyL - ASAJA Palencia","isPartOf":{"@id":"https:\/\/www.asajacyl.com\/palencia\/#website"},"primaryImageOfPage":{"@id":"https:\/\/www.asajacyl.com\/palencia\/asaja-palencia-informa\/vinalta-programa-en-noviembre-un-curso-de-sativum-la-aplicacion-gratuita-de-gestion-agricola-del-itacyl#primaryimage"},"image":{"@id":"https:\/\/www.asajacyl.com\/palencia\/asaja-palencia-informa\/vinalta-programa-en-noviembre-un-curso-de-sativum-la-aplicacion-gratuita-de-gestion-agricola-del-itacyl#primaryimage"},"thumbnailUrl":"https:\/\/www.asajacyl.com\/palencia\/wp-content\/uploads\/sites\/3\/2024\/04\/Sativum-mano.jpg","datePublished":"2025-10-16T09:32:36+00:00","dateModified":"2025-10-16T09:32:38+00:00","author":{"@id":"https:\/\/www.asajacyl.com\/palencia\/#\/schema\/person\/3ab17aeb03527485c317557fae64aab1"},"description":"El Centro Integrado de Formaci\u00f3n Profesional Vi\u00f1alta, situado en el barrio de Allende el R\u00edo de la ciudad de Palencia, ha organizado un curso sobre","breadcrumb":{"@id":"https:\/\/www.asajacyl.com\/palencia\/asaja-palencia-informa\/vinalta-programa-en-noviembre-un-curso-de-sativum-la-aplicacion-gratuita-de-gestion-agricola-del-itacyl#breadcrumb"},"inLanguage":"es","potentialAction":[{"@type":"ReadAction","target":["https:\/\/www.asajacyl.com\/palencia\/asaja-palencia-informa\/vinalta-programa-en-noviembre-un-curso-de-sativum-la-aplicacion-gratuita-de-gestion-agricola-del-itacyl"]}]},{"@type":"ImageObject","inLanguage":"es","@id":"https:\/\/www.asajacyl.com\/palencia\/asaja-palencia-informa\/vinalta-programa-en-noviembre-un-curso-de-sativum-la-aplicacion-gratuita-de-gestion-agricola-del-itacyl#primaryimage","url":"https:\/\/www.asajacyl.com\/palencia\/wp-content\/uploads\/sites\/3\/2024\/04\/Sativum-mano.jpg","contentUrl":"https:\/\/www.asajacyl.com\/palencia\/wp-content\/uploads\/sites\/3\/2024\/04\/Sativum-mano.jpg","width":1890,"height":1654},{"@type":"BreadcrumbList","@id":"https:\/\/www.asajacyl.com\/palencia\/asaja-palencia-informa\/vinalta-programa-en-noviembre-un-curso-de-sativum-la-aplicacion-gratuita-de-gestion-agricola-del-itacyl#breadcrumb","itemListElement":[{"@type":"ListItem","position":1,"name":"Portada","item":"https:\/\/www.asajacyl.com\/palencia\/"},{"@type":"ListItem","position":2,"name":"Vi\u00f1alta programa en noviembre un curso de Sativum, la aplicaci\u00f3n gratuita de gesti\u00f3n agr\u00edcola del ITACyL"}]},{"@type":"WebSite","@id":"https:\/\/www.asajacyl.com\/palencia\/#website","url":"https:\/\/www.asajacyl.com\/palencia\/","name":"ASAJA Palencia","description":"Otro sitio m\u00e1s de Provincias ASAJA Castilla y Le\u00f3n","potentialAction":[{"@type":"SearchAction","target":{"@type":"EntryPoint","urlTemplate":"https:\/\/www.asajacyl.com\/palencia\/?s={search_term_string}"},"query-input":{"@type":"PropertyValueSpecification","valueRequired":true,"valueName":"search_term_string"}}],"inLanguage":"es"},{"@type":"Person","@id":"https:\/\/www.asajacyl.com\/palencia\/#\/schema\/person\/3ab17aeb03527485c317557fae64aab1","name":"Administrador","image":{"@type":"ImageObject","inLanguage":"es","@id":"https:\/\/www.asajacyl.com\/palencia\/#\/schema\/person\/image\/","url":"https:\/\/secure.gravatar.com\/avatar\/517384810d242ca9e38c180f3c9fb973?s=96&d=mm&r=g","contentUrl":"https:\/\/secure.gravatar.com\/avatar\/517384810d242ca9e38c180f3c9fb973?s=96&d=mm&r=g","caption":"Administrador"},"url":"https:\/\/www.asajacyl.com\/palencia\/author\/carlosrm"}]}},"_links":{"self":[{"href":"https:\/\/www.asajacyl.com\/palencia\/wp-json\/wp\/v2\/posts\/21214"}],"collection":[{"href":"https:\/\/www.asajacyl.com\/palencia\/wp-json\/wp\/v2\/posts"}],"about":[{"href":"https:\/\/www.asajacyl.com\/palencia\/wp-json\/wp\/v2\/types\/post"}],"author":[{"embeddable":true,"href":"https:\/\/www.asajacyl.com\/palencia\/wp-json\/wp\/v2\/users\/9"}],"replies":[{"embeddable":true,"href":"https:\/\/www.asajacyl.com\/palencia\/wp-json\/wp\/v2\/comments?post=21214"}],"version-history":[{"count":2,"href":"https:\/\/www.asajacyl.com\/palencia\/wp-json\/wp\/v2\/posts\/21214\/revisions"}],"predecessor-version":[{"id":21216,"href":"https:\/\/www.asajacyl.com\/palencia\/wp-json\/wp\/v2\/posts\/21214\/revisions\/21216"}],"wp:featuredmedia":[{"embeddable":true,"href":"https:\/\/www.asajacyl.com\/palencia\/wp-json\/wp\/v2\/media\/15926"}],"wp:attachment":[{"href":"https:\/\/www.asajacyl.com\/palencia\/wp-json\/wp\/v2\/media?parent=21214"}],"wp:term":[{"taxonomy":"category","embeddable":true,"href":"https:\/\/www.asajacyl.com\/palencia\/wp-json\/wp\/v2\/categories?post=21214"},{"taxonomy":"post_tag","embeddable":true,"href":"https:\/\/www.asajacyl.com\/palencia\/wp-json\/wp\/v2\/tags?post=21214"}],"curies":[{"name":"wp","href":"https:\/\/api.w.org\/{rel}","templated":true}]}}