{"id":21234,"date":"2025-07-28T00:41:00","date_gmt":"2025-07-27T22:41:00","guid":{"rendered":"https:\/\/www.asajacyl.com\/palencia\/?p=21234"},"modified":"2025-10-20T12:44:22","modified_gmt":"2025-10-20T10:44:22","slug":"camuflaje","status":"publish","type":"post","link":"https:\/\/www.asajacyl.com\/palencia\/asaja-palencia-informa\/opinion-asaja\/camuflaje","title":{"rendered":"Camuflaje"},"content":{"rendered":"\n<h2 class=\"wp-block-heading\">JOS\u00c9 LUIS MARCOS | Presidente de ASAJA-Palencia<\/h2>\n\n\n\n<p>JULIO Y AGOSTO PODR\u00cdAN haber resultado meses de satisfacci\u00f3n para los agricultores de Palencia, basta que casi todos cultivamos cereal de invierno, eje sobre el que giran nuestras explotaciones. Seg\u00fan los datos de la Junta de Castilla y Le\u00f3n, esta campa\u00f1a volv\u00edamos a superar de largo las 280 000 hect\u00e1reas. Tras un par de a\u00f1os a la baja, la superficie se acerca de nuevo a ese nivel de las trescientas mil hect\u00e1reas que rondaba el cereal de invierno en la d\u00e9cada anterior al importante descenso de las campa\u00f1as cosechadas en los veranos de 2023 y 2024.<\/p>\n\n\n\n<p>Con rendimientos superiores a la media, la tradicional apuesta del cereal podr\u00eda haber generado unas muy necesarias alegr\u00edas para el campo palentino\u2026 e indirectamente para la econom\u00eda y el empleo de la provincia. Siempre se recrea m\u00e1s la vista <em>pasando el peine <\/em>y viendo que el remolque se carga m\u00e1s r\u00e1pido que otros veranos, y que la misma parcela r\u00e1cana de pasadas campa\u00f1as se muestra generosa en kilos.<\/p>\n\n\n\n<p><strong>FAENA SIN REMATAR. <\/strong>Pero, como bien saben nuestros agricultores, el buen rendimiento no conlleva esta vez buena rentabilidad. La espada no acaba rematando la faena. Al contrario: el grano ha vuelto hoy a unos precios tan bajos que, en t\u00e9rminos absolutos, no se conoc\u00edan desde oto\u00f1o de 2020. <\/p>\n\n\n\n<p>Pero deber\u00edamos retrotraernos much\u00edsimo m\u00e1s atr\u00e1s si los miramos en t\u00e9rminos reales; es decir, si consideramos el IPC general (no digamos ya la galopante inflaci\u00f3n de costes que venimos padeciendo). En ese sentido, <strong>aquellos 175-180 euros a los que operaba el trigo hace ahora una d\u00e9cada \u2014verano de 2015\u2014<\/strong>, por citar solo el principal cultivo de Palencia, <strong>equivalen en poder adquisitivo a los 220-225 euros de hoy d\u00eda\u2026<\/strong> \u00a1Pero va a costar Dios y ayuda que se nos pague el trigo de esta campa\u00f1a a m\u00e1s de doscientos euros la tonelada!<\/p>\n\n\n\n<p>A nadie se le oculta que la causa principal de los precios de derribo es la masiva importaci\u00f3n de grano sin arancel que Espa\u00f1a efect\u00faa desde 2022 para ayudar a Ucrania a costear la guerra. Somos los l\u00edderes de la Uni\u00f3n Europea en ese aspecto por una raz\u00f3n pol\u00edtica: el Gobierno no puede prestar m\u00e1s apoyo militar directo, porque algunos de sus socios y apoyos parlamentarios se desmarcar\u00edan de esa medida.<\/p>\n\n\n\n<p><strong>UN TRIENIO. <\/strong>Dicho de otro modo, el Gobierno espa\u00f1ol y la UE llevan un trienio de generosa solidaridad con Ucrania&#8230; \u00a1pero a cuenta del bolsillo de los productores cerealistas espa\u00f1oles! Ellos <em>invitan; <\/em>nosotros pagamos las rondas.<\/p>\n\n\n\n<p>Para colmo de males (y acabar de aguar la hipot\u00e9tica fiesta de buena cosecha que, en t\u00e9rminos de rentabilidad, no es tal), la UE anunci\u00f3 este julio su plan de recortar y desvirtuar la PAC a partir de 2028. La ronda de multiplicar por diez el gasto comunitario en defensa, seguridad y carrera espacial (pasaremos de los trece mil millones de euros del periodo 2021-2027 a m\u00e1s de 130 000 millones en 2028-2034) tambi\u00e9n la pagan la agricultura y la ganader\u00eda; o sea, las bases de la soberan\u00eda y seguridad alimentarias de los europeos, as\u00ed como el pilar del desarrollo y la demograf\u00eda del medio rural de los pa\u00edses miembros.<\/p>\n\n\n\n<p>Para ir al campo \u2014y a las manifestaciones que se avecinan\u2014 tendremos que llevar ropa de camuflaje. A ver si as\u00ed nos toman en serio.<\/p>\n\n\n\n<blockquote class=\"wp-block-quote is-layout-flow wp-block-quote-is-layout-flow\">\n<p>\u00abA NADIE SE LE OCULTA QUE LA CAUSA PRINCIPAL DE LOS PRECIOS DE DERRIBO DEL CEREAL ES LA MASIVA IMPORTACI\u00d3N DE GRANO SIN ARANCEL QUE ESPA\u00d1A EFECT\u00daA DESDE 2022 PARA AYUDAR A UCRANIA A COSTEAR LA GUERRA (&#8230;) DICHO DE OTRO MODO, EL GOBIERNO ESPA\u00d1OL Y LA UE LLEVAN UN TRIENIO DE GENEROSA SOLIDARIDAD CON UCRANIA&#8230; \u00a1PERO A CUENTA DEL BOLSILLO DE LOS PRODUCTORES CEREALISTAS ESPA\u00d1OLES! ELLOS &#8216;INVITAN&#8217;; NOSOTROS PAGAMOS LAS RONDAS.\u00bb <\/p>\n<\/blockquote>\n","protected":false},"excerpt":{"rendered":"<p>JOS\u00c9 LUIS MARCOS | Presidente de ASAJA-Palencia JULIO Y AGOSTO PODR\u00cdAN haber resultado meses de satisfacci\u00f3n para los agricultores de Palencia, basta que casi todos cultivamos cereal de invierno, eje sobre el que giran nuestras explotaciones. Seg\u00fan los datos de la Junta de Castilla y Le\u00f3n, esta campa\u00f1a volv\u00edamos a superar de largo las 280 [&hellip;]<\/p>\n","protected":false},"author":9,"featured_media":15857,"comment_status":"open","ping_status":"open","sticky":false,"template":"","format":"standard","meta":{"footnotes":""},"categories":[30],"tags":[58,46,351,77,137],"yoast_head":"<!-- This site is optimized with the Yoast SEO plugin v24.5 - https:\/\/yoast.com\/wordpress\/plugins\/seo\/ -->\n<title>Camuflaje - ASAJA Palencia<\/title>\n<meta name=\"description\" content=\"JOS\u00c9 LUIS MARCOS | Presidente de ASAJA-Palencia JULIO Y AGOSTO PODR\u00cdAN haber resultado meses de satisfacci\u00f3n para los agricultores de Palencia, basta que\" \/>\n<meta name=\"robots\" content=\"index, follow, max-snippet:-1, max-image-preview:large, max-video-preview:-1\" \/>\n<link rel=\"canonical\" href=\"https:\/\/www.asajacyl.com\/palencia\/asaja-palencia-informa\/opinion-asaja\/camuflaje\" \/>\n<meta property=\"og:locale\" content=\"es_ES\" \/>\n<meta property=\"og:type\" content=\"article\" \/>\n<meta property=\"og:title\" content=\"Camuflaje - ASAJA Palencia\" \/>\n<meta property=\"og:description\" content=\"JOS\u00c9 LUIS MARCOS | Presidente de ASAJA-Palencia JULIO Y AGOSTO PODR\u00cdAN haber resultado meses de satisfacci\u00f3n para los agricultores de Palencia, basta que\" \/>\n<meta property=\"og:url\" content=\"https:\/\/www.asajacyl.com\/palencia\/asaja-palencia-informa\/opinion-asaja\/camuflaje\" \/>\n<meta property=\"og:site_name\" content=\"ASAJA Palencia\" \/>\n<meta property=\"article:published_time\" content=\"2025-07-27T22:41:00+00:00\" \/>\n<meta property=\"article:modified_time\" content=\"2025-10-20T10:44:22+00:00\" \/>\n<meta property=\"og:image\" content=\"https:\/\/www.asajacyl.com\/palencia\/wp-content\/uploads\/sites\/3\/2024\/04\/Jose-Luis-Marcos-para-web.jpg\" \/>\n\t<meta property=\"og:image:width\" content=\"1890\" \/>\n\t<meta property=\"og:image:height\" content=\"1654\" \/>\n\t<meta property=\"og:image:type\" content=\"image\/jpeg\" \/>\n<meta name=\"author\" content=\"Administrador\" \/>\n<meta name=\"twitter:card\" content=\"summary_large_image\" \/>\n<meta name=\"twitter:label1\" content=\"Escrito por\" \/>\n\t<meta name=\"twitter:data1\" content=\"Administrador\" \/>\n\t<meta name=\"twitter:label2\" content=\"Tiempo de lectura\" \/>\n\t<meta name=\"twitter:data2\" content=\"3 minutos\" \/>\n<script type=\"application\/ld+json\" class=\"yoast-schema-graph\">{\"@context\":\"https:\/\/schema.org\",\"@graph\":[{\"@type\":\"WebPage\",\"@id\":\"https:\/\/www.asajacyl.com\/palencia\/asaja-palencia-informa\/opinion-asaja\/camuflaje\",\"url\":\"https:\/\/www.asajacyl.com\/palencia\/asaja-palencia-informa\/opinion-asaja\/camuflaje\",\"name\":\"Camuflaje - ASAJA Palencia\",\"isPartOf\":{\"@id\":\"https:\/\/www.asajacyl.com\/palencia\/#website\"},\"primaryImageOfPage\":{\"@id\":\"https:\/\/www.asajacyl.com\/palencia\/asaja-palencia-informa\/opinion-asaja\/camuflaje#primaryimage\"},\"image\":{\"@id\":\"https:\/\/www.asajacyl.com\/palencia\/asaja-palencia-informa\/opinion-asaja\/camuflaje#primaryimage\"},\"thumbnailUrl\":\"https:\/\/www.asajacyl.com\/palencia\/wp-content\/uploads\/sites\/3\/2024\/04\/Jose-Luis-Marcos-para-web.jpg\",\"datePublished\":\"2025-07-27T22:41:00+00:00\",\"dateModified\":\"2025-10-20T10:44:22+00:00\",\"author\":{\"@id\":\"https:\/\/www.asajacyl.com\/palencia\/#\/schema\/person\/3ab17aeb03527485c317557fae64aab1\"},\"description\":\"JOS\u00c9 LUIS MARCOS | Presidente de ASAJA-Palencia JULIO Y AGOSTO PODR\u00cdAN haber resultado meses de satisfacci\u00f3n para los agricultores de Palencia, basta que\",\"breadcrumb\":{\"@id\":\"https:\/\/www.asajacyl.com\/palencia\/asaja-palencia-informa\/opinion-asaja\/camuflaje#breadcrumb\"},\"inLanguage\":\"es\",\"potentialAction\":[{\"@type\":\"ReadAction\",\"target\":[\"https:\/\/www.asajacyl.com\/palencia\/asaja-palencia-informa\/opinion-asaja\/camuflaje\"]}]},{\"@type\":\"ImageObject\",\"inLanguage\":\"es\",\"@id\":\"https:\/\/www.asajacyl.com\/palencia\/asaja-palencia-informa\/opinion-asaja\/camuflaje#primaryimage\",\"url\":\"https:\/\/www.asajacyl.com\/palencia\/wp-content\/uploads\/sites\/3\/2024\/04\/Jose-Luis-Marcos-para-web.jpg\",\"contentUrl\":\"https:\/\/www.asajacyl.com\/palencia\/wp-content\/uploads\/sites\/3\/2024\/04\/Jose-Luis-Marcos-para-web.jpg\",\"width\":1890,\"height\":1654},{\"@type\":\"BreadcrumbList\",\"@id\":\"https:\/\/www.asajacyl.com\/palencia\/asaja-palencia-informa\/opinion-asaja\/camuflaje#breadcrumb\",\"itemListElement\":[{\"@type\":\"ListItem\",\"position\":1,\"name\":\"Portada\",\"item\":\"https:\/\/www.asajacyl.com\/palencia\/\"},{\"@type\":\"ListItem\",\"position\":2,\"name\":\"Camuflaje\"}]},{\"@type\":\"WebSite\",\"@id\":\"https:\/\/www.asajacyl.com\/palencia\/#website\",\"url\":\"https:\/\/www.asajacyl.com\/palencia\/\",\"name\":\"ASAJA Palencia\",\"description\":\"Otro sitio m\u00e1s de Provincias ASAJA Castilla y Le\u00f3n\",\"potentialAction\":[{\"@type\":\"SearchAction\",\"target\":{\"@type\":\"EntryPoint\",\"urlTemplate\":\"https:\/\/www.asajacyl.com\/palencia\/?s={search_term_string}\"},\"query-input\":{\"@type\":\"PropertyValueSpecification\",\"valueRequired\":true,\"valueName\":\"search_term_string\"}}],\"inLanguage\":\"es\"},{\"@type\":\"Person\",\"@id\":\"https:\/\/www.asajacyl.com\/palencia\/#\/schema\/person\/3ab17aeb03527485c317557fae64aab1\",\"name\":\"Administrador\",\"image\":{\"@type\":\"ImageObject\",\"inLanguage\":\"es\",\"@id\":\"https:\/\/www.asajacyl.com\/palencia\/#\/schema\/person\/image\/\",\"url\":\"https:\/\/secure.gravatar.com\/avatar\/517384810d242ca9e38c180f3c9fb973?s=96&d=mm&r=g\",\"contentUrl\":\"https:\/\/secure.gravatar.com\/avatar\/517384810d242ca9e38c180f3c9fb973?s=96&d=mm&r=g\",\"caption\":\"Administrador\"},\"url\":\"https:\/\/www.asajacyl.com\/palencia\/author\/carlosrm\"}]}<\/script>\n<!-- \/ Yoast SEO plugin. -->","yoast_head_json":{"title":"Camuflaje - ASAJA Palencia","description":"JOS\u00c9 LUIS MARCOS | Presidente de ASAJA-Palencia JULIO Y AGOSTO PODR\u00cdAN haber resultado meses de satisfacci\u00f3n para los agricultores de Palencia, basta que","robots":{"index":"index","follow":"follow","max-snippet":"max-snippet:-1","max-image-preview":"max-image-preview:large","max-video-preview":"max-video-preview:-1"},"canonical":"https:\/\/www.asajacyl.com\/palencia\/asaja-palencia-informa\/opinion-asaja\/camuflaje","og_locale":"es_ES","og_type":"article","og_title":"Camuflaje - ASAJA Palencia","og_description":"JOS\u00c9 LUIS MARCOS | Presidente de ASAJA-Palencia JULIO Y AGOSTO PODR\u00cdAN haber resultado meses de satisfacci\u00f3n para los agricultores de Palencia, basta que","og_url":"https:\/\/www.asajacyl.com\/palencia\/asaja-palencia-informa\/opinion-asaja\/camuflaje","og_site_name":"ASAJA Palencia","article_published_time":"2025-07-27T22:41:00+00:00","article_modified_time":"2025-10-20T10:44:22+00:00","og_image":[{"width":1890,"height":1654,"url":"https:\/\/www.asajacyl.com\/palencia\/wp-content\/uploads\/sites\/3\/2024\/04\/Jose-Luis-Marcos-para-web.jpg","type":"image\/jpeg"}],"author":"Administrador","twitter_card":"summary_large_image","twitter_misc":{"Escrito por":"Administrador","Tiempo de lectura":"3 minutos"},"schema":{"@context":"https:\/\/schema.org","@graph":[{"@type":"WebPage","@id":"https:\/\/www.asajacyl.com\/palencia\/asaja-palencia-informa\/opinion-asaja\/camuflaje","url":"https:\/\/www.asajacyl.com\/palencia\/asaja-palencia-informa\/opinion-asaja\/camuflaje","name":"Camuflaje - ASAJA Palencia","isPartOf":{"@id":"https:\/\/www.asajacyl.com\/palencia\/#website"},"primaryImageOfPage":{"@id":"https:\/\/www.asajacyl.com\/palencia\/asaja-palencia-informa\/opinion-asaja\/camuflaje#primaryimage"},"image":{"@id":"https:\/\/www.asajacyl.com\/palencia\/asaja-palencia-informa\/opinion-asaja\/camuflaje#primaryimage"},"thumbnailUrl":"https:\/\/www.asajacyl.com\/palencia\/wp-content\/uploads\/sites\/3\/2024\/04\/Jose-Luis-Marcos-para-web.jpg","datePublished":"2025-07-27T22:41:00+00:00","dateModified":"2025-10-20T10:44:22+00:00","author":{"@id":"https:\/\/www.asajacyl.com\/palencia\/#\/schema\/person\/3ab17aeb03527485c317557fae64aab1"},"description":"JOS\u00c9 LUIS MARCOS | Presidente de ASAJA-Palencia JULIO Y AGOSTO PODR\u00cdAN haber resultado meses de satisfacci\u00f3n para los agricultores de Palencia, basta que","breadcrumb":{"@id":"https:\/\/www.asajacyl.com\/palencia\/asaja-palencia-informa\/opinion-asaja\/camuflaje#breadcrumb"},"inLanguage":"es","potentialAction":[{"@type":"ReadAction","target":["https:\/\/www.asajacyl.com\/palencia\/asaja-palencia-informa\/opinion-asaja\/camuflaje"]}]},{"@type":"ImageObject","inLanguage":"es","@id":"https:\/\/www.asajacyl.com\/palencia\/asaja-palencia-informa\/opinion-asaja\/camuflaje#primaryimage","url":"https:\/\/www.asajacyl.com\/palencia\/wp-content\/uploads\/sites\/3\/2024\/04\/Jose-Luis-Marcos-para-web.jpg","contentUrl":"https:\/\/www.asajacyl.com\/palencia\/wp-content\/uploads\/sites\/3\/2024\/04\/Jose-Luis-Marcos-para-web.jpg","width":1890,"height":1654},{"@type":"BreadcrumbList","@id":"https:\/\/www.asajacyl.com\/palencia\/asaja-palencia-informa\/opinion-asaja\/camuflaje#breadcrumb","itemListElement":[{"@type":"ListItem","position":1,"name":"Portada","item":"https:\/\/www.asajacyl.com\/palencia\/"},{"@type":"ListItem","position":2,"name":"Camuflaje"}]},{"@type":"WebSite","@id":"https:\/\/www.asajacyl.com\/palencia\/#website","url":"https:\/\/www.asajacyl.com\/palencia\/","name":"ASAJA Palencia","description":"Otro sitio m\u00e1s de Provincias ASAJA Castilla y Le\u00f3n","potentialAction":[{"@type":"SearchAction","target":{"@type":"EntryPoint","urlTemplate":"https:\/\/www.asajacyl.com\/palencia\/?s={search_term_string}"},"query-input":{"@type":"PropertyValueSpecification","valueRequired":true,"valueName":"search_term_string"}}],"inLanguage":"es"},{"@type":"Person","@id":"https:\/\/www.asajacyl.com\/palencia\/#\/schema\/person\/3ab17aeb03527485c317557fae64aab1","name":"Administrador","image":{"@type":"ImageObject","inLanguage":"es","@id":"https:\/\/www.asajacyl.com\/palencia\/#\/schema\/person\/image\/","url":"https:\/\/secure.gravatar.com\/avatar\/517384810d242ca9e38c180f3c9fb973?s=96&d=mm&r=g","contentUrl":"https:\/\/secure.gravatar.com\/avatar\/517384810d242ca9e38c180f3c9fb973?s=96&d=mm&r=g","caption":"Administrador"},"url":"https:\/\/www.asajacyl.com\/palencia\/author\/carlosrm"}]}},"_links":{"self":[{"href":"https:\/\/www.asajacyl.com\/palencia\/wp-json\/wp\/v2\/posts\/21234"}],"collection":[{"href":"https:\/\/www.asajacyl.com\/palencia\/wp-json\/wp\/v2\/posts"}],"about":[{"href":"https:\/\/www.asajacyl.com\/palencia\/wp-json\/wp\/v2\/types\/post"}],"author":[{"embeddable":true,"href":"https:\/\/www.asajacyl.com\/palencia\/wp-json\/wp\/v2\/users\/9"}],"replies":[{"embeddable":true,"href":"https:\/\/www.asajacyl.com\/palencia\/wp-json\/wp\/v2\/comments?post=21234"}],"version-history":[{"count":1,"href":"https:\/\/www.asajacyl.com\/palencia\/wp-json\/wp\/v2\/posts\/21234\/revisions"}],"predecessor-version":[{"id":21235,"href":"https:\/\/www.asajacyl.com\/palencia\/wp-json\/wp\/v2\/posts\/21234\/revisions\/21235"}],"wp:featuredmedia":[{"embeddable":true,"href":"https:\/\/www.asajacyl.com\/palencia\/wp-json\/wp\/v2\/media\/15857"}],"wp:attachment":[{"href":"https:\/\/www.asajacyl.com\/palencia\/wp-json\/wp\/v2\/media?parent=21234"}],"wp:term":[{"taxonomy":"category","embeddable":true,"href":"https:\/\/www.asajacyl.com\/palencia\/wp-json\/wp\/v2\/categories?post=21234"},{"taxonomy":"post_tag","embeddable":true,"href":"https:\/\/www.asajacyl.com\/palencia\/wp-json\/wp\/v2\/tags?post=21234"}],"curies":[{"name":"wp","href":"https:\/\/api.w.org\/{rel}","templated":true}]}}