{"id":21236,"date":"2025-10-20T13:37:33","date_gmt":"2025-10-20T11:37:33","guid":{"rendered":"https:\/\/www.asajacyl.com\/palencia\/?p=21236"},"modified":"2025-10-20T14:13:43","modified_gmt":"2025-10-20T12:13:43","slug":"margenes","status":"publish","type":"post","link":"https:\/\/www.asajacyl.com\/palencia\/asaja-palencia-informa\/margenes","title":{"rendered":"M\u00e1rgenes"},"content":{"rendered":"\n<h2 class=\"wp-block-heading\">JOS\u00c9 LUIS MARCOS | Presidente de ASAJA-Palencia<\/h2>\n\n\n\n<p>GRACIAS a que el partido del <em>honorable <\/em>pr\u00f3fugo se nos cobra muy cara cada pieza que pesca en el r\u00edo revuelto del Gobierno de Espa\u00f1a, no sali\u00f3 adelante en septiembre en el Congreso de los Diputados la rebaja a treinta y siete horas y media (de manera obligatoria, en todos los sectores y en todo el pa\u00eds) de la jornada laboral m\u00e1xima a la semana.<\/p>\n\n\n\n<p>El Ejecutivo y la ministra de Trabajo y vicepresidenta segunda, Yolanda D\u00edaz, bas\u00e1ndose en la memoria que acompa\u00f1aba la medida legal, consideran que existen hoy en nuestro pa\u00eds tres sectores econ\u00f3micos con <em>margen <\/em>m\u00e1s que suficiente para asumir esa reducci\u00f3n de jornada. Entre esos tres, figura nuestro sector agroganadero, junto con la hosteler\u00eda y el comercio.<\/p>\n\n\n\n<p><strong>ARA\u00d1AR VOTOS. <\/strong>Como en tantas otras decisiones pol\u00edticas que vemos actualmente en las administraciones p\u00fablicas, se busca ara\u00f1ar votos. Y esto de la jornada laboral no es una excepci\u00f3n, m\u00e1xime viendo esos tres sectores a los que mira el Ejecutivo; y que en otros \u00e1mbitos ese m\u00e1ximo de jornada semanal lleva tiempo establecido\u2026 y disfrutado.<\/p>\n\n\n\n<p>La memoria del proyecto de ley se apoya en datos del Observatorio de M\u00e1rgenes y del Impuesto de Sociedades, y se remonta a los aumentos desde 2009, para argumentar que esos tres sectores, incluido el agroganadero, han registrado una subida notable de sus beneficios para poder asumir la medida.<\/p>\n\n\n\n<p>Pero este organismo observador del Ministerio de Econom\u00eda, Comercio y Empresa, el Banco de Espa\u00f1a y la Agencia Tributaria, analiza ah\u00ed el beneficio empresarial bas\u00e1ndose en los datos del Impuesto de Sociedades y del IVA.&nbsp; Es decir, considera los aumentos de margen en las empresas que, por volumen y configuraci\u00f3n, liquidan ambos tributos, lo que no es com\u00fan entre nuestros agricultores y ganaderos. Y menos en esta provincia, con explotaciones de tipo familiar.<\/p>\n\n\n\n<p><strong>MISMO SACO. <\/strong>Pero la medida nos afectar\u00eda a todos: igual al ganadero y al agricultor con uno o dos asalariados que a una gran firma recolectora y exportadora de fruta y hortaliza, o que a una cadena con varios establecimientos de comercio y hosteler\u00eda. Meter en el mismo saco a todos es una trampa\u2026 y el Gobierno lo sabe, porque usa unos pocos datos oficiales y a su conveniencia.<\/p>\n\n\n\n<p>Como la se\u00f1ora vicepresidenta no ha pisado un rastrojo en su vida, renunciamos a explicarle cu\u00e1nto distan de lo que ella estima el <em>margen <\/em>que, por ejemplo, le quedar\u00e1 al agricultor cerealista esta campa\u00f1a (aun excepcional en rendimiento), o al ganadero en su venta de leche.<\/p>\n\n\n\n<p>Do\u00f1a Yolanda entender\u00e1 mejor que ese margen queda lejos de los m\u00e1s de cien mil euros brutos anuales que ella cobra como cargo p\u00fablico. Por cierto, catorce mil en dietas por asistir al Congreso como diputada, donde al parecer se quita el traje de ministra y se queda s\u00f3lo en diputada. Ah\u00ed s\u00ed que hay <em>margen<\/em>, \u00bfno? Tendremos que ensayar a ver si ganamos algo m\u00e1s poni\u00e9ndonos y quit\u00e1ndonos el buzo de faena seg\u00fan trabajemos en el campo, la nave, el tractor\u2026 Para hacer todo el papeleo ya nos lo quitamos y, desde luego, eso no aumenta nuestros&#8230; <em>m\u00e1rgenes<\/em>: a menudo nos los reduce.<\/p>\n\n\n\n<blockquote class=\"wp-block-quote is-layout-flow wp-block-quote-is-layout-flow\">\n<p>\u00abEl gobierno de espa\u00f1a y su ministra de Trabajo y vicepresidenta segunda, Yolanda D\u00edaz, consideran que existen hoy en nuestro pa\u00eds tres sectores econ\u00f3micos con <em>margen <\/em>m\u00e1s que suficiente para asumir esa reducci\u00f3n de jornada LABORAL. Entre esos tres, figura nuestro sector agroganadero, junto con la hosteler\u00eda y el comercio.\u00bb<\/p>\n<\/blockquote>\n","protected":false},"excerpt":{"rendered":"<p>JOS\u00c9 LUIS MARCOS | Presidente de ASAJA-Palencia GRACIAS a que el partido del honorable pr\u00f3fugo se nos cobra muy cara cada pieza que pesca en el r\u00edo revuelto del Gobierno de Espa\u00f1a, no sali\u00f3 adelante en septiembre en el Congreso de los Diputados la rebaja a treinta y siete horas y media (de manera obligatoria, [&hellip;]<\/p>\n","protected":false},"author":9,"featured_media":15857,"comment_status":"open","ping_status":"open","sticky":false,"template":"","format":"standard","meta":{"footnotes":""},"categories":[9,29,30,28],"tags":[580,58,662,351,77,239,1610,583,280,1272,1560,241],"yoast_head":"<!-- This site is optimized with the Yoast SEO plugin v24.5 - https:\/\/yoast.com\/wordpress\/plugins\/seo\/ -->\n<title>M\u00e1rgenes - ASAJA Palencia<\/title>\n<meta name=\"description\" content=\"JOS\u00c9 LUIS MARCOS | Presidente de ASAJA-Palencia GRACIAS a que el partido del honorable pr\u00f3fugo se nos cobra muy cara cada pieza que pesca en el r\u00edo\" \/>\n<meta name=\"robots\" content=\"index, follow, max-snippet:-1, max-image-preview:large, max-video-preview:-1\" \/>\n<link rel=\"canonical\" href=\"https:\/\/www.asajacyl.com\/palencia\/asaja-palencia-informa\/margenes\" \/>\n<meta property=\"og:locale\" content=\"es_ES\" \/>\n<meta property=\"og:type\" content=\"article\" \/>\n<meta property=\"og:title\" content=\"M\u00e1rgenes - ASAJA Palencia\" \/>\n<meta property=\"og:description\" content=\"JOS\u00c9 LUIS MARCOS | Presidente de ASAJA-Palencia GRACIAS a que el partido del honorable pr\u00f3fugo se nos cobra muy cara cada pieza que pesca en el r\u00edo\" \/>\n<meta property=\"og:url\" content=\"https:\/\/www.asajacyl.com\/palencia\/asaja-palencia-informa\/margenes\" \/>\n<meta property=\"og:site_name\" content=\"ASAJA Palencia\" \/>\n<meta property=\"article:published_time\" content=\"2025-10-20T11:37:33+00:00\" \/>\n<meta property=\"article:modified_time\" content=\"2025-10-20T12:13:43+00:00\" \/>\n<meta property=\"og:image\" content=\"https:\/\/www.asajacyl.com\/palencia\/wp-content\/uploads\/sites\/3\/2024\/04\/Jose-Luis-Marcos-para-web.jpg\" \/>\n\t<meta property=\"og:image:width\" content=\"1890\" \/>\n\t<meta property=\"og:image:height\" content=\"1654\" \/>\n\t<meta property=\"og:image:type\" content=\"image\/jpeg\" \/>\n<meta name=\"author\" content=\"Administrador\" \/>\n<meta name=\"twitter:card\" content=\"summary_large_image\" \/>\n<meta name=\"twitter:label1\" content=\"Escrito por\" \/>\n\t<meta name=\"twitter:data1\" content=\"Administrador\" \/>\n\t<meta name=\"twitter:label2\" content=\"Tiempo de lectura\" \/>\n\t<meta name=\"twitter:data2\" content=\"3 minutos\" \/>\n<script type=\"application\/ld+json\" class=\"yoast-schema-graph\">{\"@context\":\"https:\/\/schema.org\",\"@graph\":[{\"@type\":\"WebPage\",\"@id\":\"https:\/\/www.asajacyl.com\/palencia\/asaja-palencia-informa\/margenes\",\"url\":\"https:\/\/www.asajacyl.com\/palencia\/asaja-palencia-informa\/margenes\",\"name\":\"M\u00e1rgenes - ASAJA Palencia\",\"isPartOf\":{\"@id\":\"https:\/\/www.asajacyl.com\/palencia\/#website\"},\"primaryImageOfPage\":{\"@id\":\"https:\/\/www.asajacyl.com\/palencia\/asaja-palencia-informa\/margenes#primaryimage\"},\"image\":{\"@id\":\"https:\/\/www.asajacyl.com\/palencia\/asaja-palencia-informa\/margenes#primaryimage\"},\"thumbnailUrl\":\"https:\/\/www.asajacyl.com\/palencia\/wp-content\/uploads\/sites\/3\/2024\/04\/Jose-Luis-Marcos-para-web.jpg\",\"datePublished\":\"2025-10-20T11:37:33+00:00\",\"dateModified\":\"2025-10-20T12:13:43+00:00\",\"author\":{\"@id\":\"https:\/\/www.asajacyl.com\/palencia\/#\/schema\/person\/3ab17aeb03527485c317557fae64aab1\"},\"description\":\"JOS\u00c9 LUIS MARCOS | Presidente de ASAJA-Palencia GRACIAS a que el partido del honorable pr\u00f3fugo se nos cobra muy cara cada pieza que pesca en el r\u00edo\",\"breadcrumb\":{\"@id\":\"https:\/\/www.asajacyl.com\/palencia\/asaja-palencia-informa\/margenes#breadcrumb\"},\"inLanguage\":\"es\",\"potentialAction\":[{\"@type\":\"ReadAction\",\"target\":[\"https:\/\/www.asajacyl.com\/palencia\/asaja-palencia-informa\/margenes\"]}]},{\"@type\":\"ImageObject\",\"inLanguage\":\"es\",\"@id\":\"https:\/\/www.asajacyl.com\/palencia\/asaja-palencia-informa\/margenes#primaryimage\",\"url\":\"https:\/\/www.asajacyl.com\/palencia\/wp-content\/uploads\/sites\/3\/2024\/04\/Jose-Luis-Marcos-para-web.jpg\",\"contentUrl\":\"https:\/\/www.asajacyl.com\/palencia\/wp-content\/uploads\/sites\/3\/2024\/04\/Jose-Luis-Marcos-para-web.jpg\",\"width\":1890,\"height\":1654},{\"@type\":\"BreadcrumbList\",\"@id\":\"https:\/\/www.asajacyl.com\/palencia\/asaja-palencia-informa\/margenes#breadcrumb\",\"itemListElement\":[{\"@type\":\"ListItem\",\"position\":1,\"name\":\"Portada\",\"item\":\"https:\/\/www.asajacyl.com\/palencia\/\"},{\"@type\":\"ListItem\",\"position\":2,\"name\":\"M\u00e1rgenes\"}]},{\"@type\":\"WebSite\",\"@id\":\"https:\/\/www.asajacyl.com\/palencia\/#website\",\"url\":\"https:\/\/www.asajacyl.com\/palencia\/\",\"name\":\"ASAJA Palencia\",\"description\":\"Otro sitio m\u00e1s de Provincias ASAJA Castilla y Le\u00f3n\",\"potentialAction\":[{\"@type\":\"SearchAction\",\"target\":{\"@type\":\"EntryPoint\",\"urlTemplate\":\"https:\/\/www.asajacyl.com\/palencia\/?s={search_term_string}\"},\"query-input\":{\"@type\":\"PropertyValueSpecification\",\"valueRequired\":true,\"valueName\":\"search_term_string\"}}],\"inLanguage\":\"es\"},{\"@type\":\"Person\",\"@id\":\"https:\/\/www.asajacyl.com\/palencia\/#\/schema\/person\/3ab17aeb03527485c317557fae64aab1\",\"name\":\"Administrador\",\"image\":{\"@type\":\"ImageObject\",\"inLanguage\":\"es\",\"@id\":\"https:\/\/www.asajacyl.com\/palencia\/#\/schema\/person\/image\/\",\"url\":\"https:\/\/secure.gravatar.com\/avatar\/517384810d242ca9e38c180f3c9fb973?s=96&d=mm&r=g\",\"contentUrl\":\"https:\/\/secure.gravatar.com\/avatar\/517384810d242ca9e38c180f3c9fb973?s=96&d=mm&r=g\",\"caption\":\"Administrador\"},\"url\":\"https:\/\/www.asajacyl.com\/palencia\/author\/carlosrm\"}]}<\/script>\n<!-- \/ Yoast SEO plugin. -->","yoast_head_json":{"title":"M\u00e1rgenes - ASAJA Palencia","description":"JOS\u00c9 LUIS MARCOS | Presidente de ASAJA-Palencia GRACIAS a que el partido del honorable pr\u00f3fugo se nos cobra muy cara cada pieza que pesca en el r\u00edo","robots":{"index":"index","follow":"follow","max-snippet":"max-snippet:-1","max-image-preview":"max-image-preview:large","max-video-preview":"max-video-preview:-1"},"canonical":"https:\/\/www.asajacyl.com\/palencia\/asaja-palencia-informa\/margenes","og_locale":"es_ES","og_type":"article","og_title":"M\u00e1rgenes - ASAJA Palencia","og_description":"JOS\u00c9 LUIS MARCOS | Presidente de ASAJA-Palencia GRACIAS a que el partido del honorable pr\u00f3fugo se nos cobra muy cara cada pieza que pesca en el r\u00edo","og_url":"https:\/\/www.asajacyl.com\/palencia\/asaja-palencia-informa\/margenes","og_site_name":"ASAJA Palencia","article_published_time":"2025-10-20T11:37:33+00:00","article_modified_time":"2025-10-20T12:13:43+00:00","og_image":[{"width":1890,"height":1654,"url":"https:\/\/www.asajacyl.com\/palencia\/wp-content\/uploads\/sites\/3\/2024\/04\/Jose-Luis-Marcos-para-web.jpg","type":"image\/jpeg"}],"author":"Administrador","twitter_card":"summary_large_image","twitter_misc":{"Escrito por":"Administrador","Tiempo de lectura":"3 minutos"},"schema":{"@context":"https:\/\/schema.org","@graph":[{"@type":"WebPage","@id":"https:\/\/www.asajacyl.com\/palencia\/asaja-palencia-informa\/margenes","url":"https:\/\/www.asajacyl.com\/palencia\/asaja-palencia-informa\/margenes","name":"M\u00e1rgenes - ASAJA Palencia","isPartOf":{"@id":"https:\/\/www.asajacyl.com\/palencia\/#website"},"primaryImageOfPage":{"@id":"https:\/\/www.asajacyl.com\/palencia\/asaja-palencia-informa\/margenes#primaryimage"},"image":{"@id":"https:\/\/www.asajacyl.com\/palencia\/asaja-palencia-informa\/margenes#primaryimage"},"thumbnailUrl":"https:\/\/www.asajacyl.com\/palencia\/wp-content\/uploads\/sites\/3\/2024\/04\/Jose-Luis-Marcos-para-web.jpg","datePublished":"2025-10-20T11:37:33+00:00","dateModified":"2025-10-20T12:13:43+00:00","author":{"@id":"https:\/\/www.asajacyl.com\/palencia\/#\/schema\/person\/3ab17aeb03527485c317557fae64aab1"},"description":"JOS\u00c9 LUIS MARCOS | Presidente de ASAJA-Palencia GRACIAS a que el partido del honorable pr\u00f3fugo se nos cobra muy cara cada pieza que pesca en el r\u00edo","breadcrumb":{"@id":"https:\/\/www.asajacyl.com\/palencia\/asaja-palencia-informa\/margenes#breadcrumb"},"inLanguage":"es","potentialAction":[{"@type":"ReadAction","target":["https:\/\/www.asajacyl.com\/palencia\/asaja-palencia-informa\/margenes"]}]},{"@type":"ImageObject","inLanguage":"es","@id":"https:\/\/www.asajacyl.com\/palencia\/asaja-palencia-informa\/margenes#primaryimage","url":"https:\/\/www.asajacyl.com\/palencia\/wp-content\/uploads\/sites\/3\/2024\/04\/Jose-Luis-Marcos-para-web.jpg","contentUrl":"https:\/\/www.asajacyl.com\/palencia\/wp-content\/uploads\/sites\/3\/2024\/04\/Jose-Luis-Marcos-para-web.jpg","width":1890,"height":1654},{"@type":"BreadcrumbList","@id":"https:\/\/www.asajacyl.com\/palencia\/asaja-palencia-informa\/margenes#breadcrumb","itemListElement":[{"@type":"ListItem","position":1,"name":"Portada","item":"https:\/\/www.asajacyl.com\/palencia\/"},{"@type":"ListItem","position":2,"name":"M\u00e1rgenes"}]},{"@type":"WebSite","@id":"https:\/\/www.asajacyl.com\/palencia\/#website","url":"https:\/\/www.asajacyl.com\/palencia\/","name":"ASAJA Palencia","description":"Otro sitio m\u00e1s de Provincias ASAJA Castilla y Le\u00f3n","potentialAction":[{"@type":"SearchAction","target":{"@type":"EntryPoint","urlTemplate":"https:\/\/www.asajacyl.com\/palencia\/?s={search_term_string}"},"query-input":{"@type":"PropertyValueSpecification","valueRequired":true,"valueName":"search_term_string"}}],"inLanguage":"es"},{"@type":"Person","@id":"https:\/\/www.asajacyl.com\/palencia\/#\/schema\/person\/3ab17aeb03527485c317557fae64aab1","name":"Administrador","image":{"@type":"ImageObject","inLanguage":"es","@id":"https:\/\/www.asajacyl.com\/palencia\/#\/schema\/person\/image\/","url":"https:\/\/secure.gravatar.com\/avatar\/517384810d242ca9e38c180f3c9fb973?s=96&d=mm&r=g","contentUrl":"https:\/\/secure.gravatar.com\/avatar\/517384810d242ca9e38c180f3c9fb973?s=96&d=mm&r=g","caption":"Administrador"},"url":"https:\/\/www.asajacyl.com\/palencia\/author\/carlosrm"}]}},"_links":{"self":[{"href":"https:\/\/www.asajacyl.com\/palencia\/wp-json\/wp\/v2\/posts\/21236"}],"collection":[{"href":"https:\/\/www.asajacyl.com\/palencia\/wp-json\/wp\/v2\/posts"}],"about":[{"href":"https:\/\/www.asajacyl.com\/palencia\/wp-json\/wp\/v2\/types\/post"}],"author":[{"embeddable":true,"href":"https:\/\/www.asajacyl.com\/palencia\/wp-json\/wp\/v2\/users\/9"}],"replies":[{"embeddable":true,"href":"https:\/\/www.asajacyl.com\/palencia\/wp-json\/wp\/v2\/comments?post=21236"}],"version-history":[{"count":2,"href":"https:\/\/www.asajacyl.com\/palencia\/wp-json\/wp\/v2\/posts\/21236\/revisions"}],"predecessor-version":[{"id":21238,"href":"https:\/\/www.asajacyl.com\/palencia\/wp-json\/wp\/v2\/posts\/21236\/revisions\/21238"}],"wp:featuredmedia":[{"embeddable":true,"href":"https:\/\/www.asajacyl.com\/palencia\/wp-json\/wp\/v2\/media\/15857"}],"wp:attachment":[{"href":"https:\/\/www.asajacyl.com\/palencia\/wp-json\/wp\/v2\/media?parent=21236"}],"wp:term":[{"taxonomy":"category","embeddable":true,"href":"https:\/\/www.asajacyl.com\/palencia\/wp-json\/wp\/v2\/categories?post=21236"},{"taxonomy":"post_tag","embeddable":true,"href":"https:\/\/www.asajacyl.com\/palencia\/wp-json\/wp\/v2\/tags?post=21236"}],"curies":[{"name":"wp","href":"https:\/\/api.w.org\/{rel}","templated":true}]}}