{"id":21239,"date":"2025-10-21T09:37:17","date_gmt":"2025-10-21T07:37:17","guid":{"rendered":"https:\/\/www.asajacyl.com\/palencia\/?p=21239"},"modified":"2025-10-21T09:37:21","modified_gmt":"2025-10-21T07:37:21","slug":"los-ganaderos-de-bovino-de-carne-insisten-en-que-el-precio-de-lonja-esta-20-cts-kg-por-debajo-del-mercado","status":"publish","type":"post","link":"https:\/\/www.asajacyl.com\/palencia\/asaja-palencia-informa\/los-ganaderos-de-bovino-de-carne-insisten-en-que-el-precio-de-lonja-esta-20-cts-kg-por-debajo-del-mercado","title":{"rendered":"Los ganaderos de bovino de carne insisten en que el precio de lonja est\u00e1 20 cts.\/kg por debajo del mercado"},"content":{"rendered":"\n<h2 class=\"wp-block-heading\">Los ganaderos bovino de carne han insistido este lunes en la Lonja de Salamanca en manifestar que sus cotizaciones se sit\u00faan en torno a veinte c\u00e9ntimos por kilogramo m\u00e1s bajas que las operaciones reales de mercado. Por ello, como en semanas anteriores, reclaman una regularizaci\u00f3n y han ido un paso m\u00e1s all\u00e1, al solicitar que se re\u00fana la comisi\u00f3n gestora de la lonja salmantina para solucionar el bloqueo y lograr esa regularizaci\u00f3n. Por otro lado, preocupa la dermatosis nodular contagiosa, enfermedad ante la que Cantabria ya ha tomado las primeras medidas sanitarias.<\/h2>\n\n\n\n<p>Entretanto, la sesi\u00f3n del lunes 20 de octubre depart\u00f3 una nueva repetici\u00f3n de precios en todas las categor\u00edas, al igual que en la mesa del bovino de vida, donde se repiti\u00f3 la queja de desfase expresada por nuestros productores. La petici\u00f3n de diez c\u00e9ntimos de subida para los terneros para cr\u00eda no fue atendida.<\/p>\n\n\n\n<p>En la reuni\u00f3n sobrevol\u00f3 la preocupaci\u00f3n de todo el sector por la incertidumbre ante los brotes de dermatosis nodular contagiosa en Catalu\u00f1a, as\u00ed como por las medidas adoptadas en Francia para frenar la expansi\u00f3n de esta enfermedad que \u2014recordemos\u2014 no afecta al ser humano, ni por contacto con animales infectados ni por consumo de productos.<\/p>\n\n\n\n<p><strong>S\u00cdNTOMAS DE LA DERMATOSIS. <\/strong>La\u00a0dermatosis nodular contagiosa de los b\u00f3vidos\u00a0es una enfermedad producida por un virus, que se caracteriza por\u00a0fiebre, n\u00f3dulos en la piel, en membranas mucosas y \u00f3rganos internos, extenuaci\u00f3n, inflamaci\u00f3n de los n\u00f3dulos linf\u00e1ticos, edema cut\u00e1neo\u00a0y, en ocasiones, causa la muerte del animal afectado.<\/p>\n\n\n\n<p>ASAJA-Palencia aconseja a los ganaderos de bovino examinar a los animales para detectar posibles cambios, con especial atenci\u00f3n a la cabeza, el abdomen, el pecho, las axilas, el \u00e1rea genital, debajo de la cola y los muslos, as\u00ed como la presencia de n\u00f3dulos repartidos por zonas m\u00e1s habituales como cabeza, cuello o el hocico, si bien pueden presentarse por todo el cuerpo. Si se detecta alguno de esos s\u00edntomas, hay que comunicarlo a los servicios sanitarios oficiales y seguir sus indicaciones.<\/p>\n\n\n\n<p>Adem\u00e1s de prohibir la salida de todo el ganado bovino de Francia, el pa\u00eds vecino ha prohibido tambi\u00e9n toda concentraci\u00f3n festiva de ganado bovino en todo su territorio continental, as\u00ed como los mercados destinados a cr\u00eda en la zona regulada.<\/p>\n\n\n\n<p><strong>MEDIDAS EN CANTABRIA. <\/strong>Por su parte, el Gobierno de Cantabria ya ha adoptado y reforzado las medidas sanitarias contra esta enfermedad, a ra\u00edz del aumento de casos en Gerona, donde ya existe una decena de focos, que han obligado a establecer un per\u00edmetro de seguridad de noventa kil\u00f3metros. La cifra de animales afectados en la provincia catalana ronda ya las 130 000 cabezas.<\/p>\n\n\n\n<p>El ejecutivo c\u00e1ntabro ha establecido, entre otras medidas excepcionales preventivas, la suspensi\u00f3n de ferias y concursos, as\u00ed como de la actividad del Mercado de Ganados, y un mayor control del movimiento de reses bovinas.<strong>\/<\/strong>\u00a0<br><\/p>\n\n\n\n<figure class=\"wp-block-image size-large\"><img loading=\"lazy\" decoding=\"async\" width=\"1024\" height=\"768\" src=\"https:\/\/www.asajacyl.com\/palencia\/wp-content\/uploads\/sites\/3\/2025\/10\/Tabla-precios-ganaderia-20octubre2025-1024x768.png\" alt=\"\" class=\"wp-image-21242\" srcset=\"https:\/\/www.asajacyl.com\/palencia\/wp-content\/uploads\/sites\/3\/2025\/10\/Tabla-precios-ganaderia-20octubre2025-1024x768.png 1024w, https:\/\/www.asajacyl.com\/palencia\/wp-content\/uploads\/sites\/3\/2025\/10\/Tabla-precios-ganaderia-20octubre2025-300x225.png 300w, https:\/\/www.asajacyl.com\/palencia\/wp-content\/uploads\/sites\/3\/2025\/10\/Tabla-precios-ganaderia-20octubre2025-768x576.png 768w, https:\/\/www.asajacyl.com\/palencia\/wp-content\/uploads\/sites\/3\/2025\/10\/Tabla-precios-ganaderia-20octubre2025-1536x1152.png 1536w, https:\/\/www.asajacyl.com\/palencia\/wp-content\/uploads\/sites\/3\/2025\/10\/Tabla-precios-ganaderia-20octubre2025-2048x1536.png 2048w, https:\/\/www.asajacyl.com\/palencia\/wp-content\/uploads\/sites\/3\/2025\/10\/Tabla-precios-ganaderia-20octubre2025-560x420.png 560w, https:\/\/www.asajacyl.com\/palencia\/wp-content\/uploads\/sites\/3\/2025\/10\/Tabla-precios-ganaderia-20octubre2025-80x60.png 80w, https:\/\/www.asajacyl.com\/palencia\/wp-content\/uploads\/sites\/3\/2025\/10\/Tabla-precios-ganaderia-20octubre2025-696x522.png 696w, https:\/\/www.asajacyl.com\/palencia\/wp-content\/uploads\/sites\/3\/2025\/10\/Tabla-precios-ganaderia-20octubre2025-1068x801.png 1068w, https:\/\/www.asajacyl.com\/palencia\/wp-content\/uploads\/sites\/3\/2025\/10\/Tabla-precios-ganaderia-20octubre2025-1920x1440.png 1920w\" sizes=\"(max-width: 1024px) 100vw, 1024px\" \/><\/figure>\n","protected":false},"excerpt":{"rendered":"<p>Los ganaderos bovino de carne han insistido este lunes en la Lonja de Salamanca en manifestar que sus cotizaciones se sit\u00faan en torno a veinte c\u00e9ntimos por kilogramo m\u00e1s bajas que las operaciones reales de mercado. Por ello, como en semanas anteriores, reclaman una regularizaci\u00f3n y han ido un paso m\u00e1s all\u00e1, al solicitar que [&hellip;]<\/p>\n","protected":false},"author":9,"featured_media":14505,"comment_status":"open","ping_status":"open","sticky":false,"template":"","format":"standard","meta":{"footnotes":""},"categories":[9,29,36,28,13],"tags":[234,478,351,1490,77,467,365,144,294],"yoast_head":"<!-- This site is optimized with the Yoast SEO plugin v24.5 - https:\/\/yoast.com\/wordpress\/plugins\/seo\/ -->\n<title>Los ganaderos de bovino de carne insisten en que el precio de lonja est\u00e1 20 cts.\/kg por debajo del mercado - ASAJA Palencia<\/title>\n<meta name=\"description\" content=\"Los ganaderos bovino de carne han insistido este lunes en la Lonja de Salamanca en manifestar que sus cotizaciones se sit\u00faan en torno a veinte c\u00e9ntimos\" \/>\n<meta name=\"robots\" content=\"index, follow, max-snippet:-1, max-image-preview:large, max-video-preview:-1\" \/>\n<link rel=\"canonical\" href=\"https:\/\/www.asajacyl.com\/palencia\/asaja-palencia-informa\/los-ganaderos-de-bovino-de-carne-insisten-en-que-el-precio-de-lonja-esta-20-cts-kg-por-debajo-del-mercado\" \/>\n<meta property=\"og:locale\" content=\"es_ES\" \/>\n<meta property=\"og:type\" content=\"article\" \/>\n<meta property=\"og:title\" content=\"Los ganaderos de bovino de carne insisten en que el precio de lonja est\u00e1 20 cts.\/kg por debajo del mercado - ASAJA Palencia\" \/>\n<meta property=\"og:description\" content=\"Los ganaderos bovino de carne han insistido este lunes en la Lonja de Salamanca en manifestar que sus cotizaciones se sit\u00faan en torno a veinte c\u00e9ntimos\" \/>\n<meta property=\"og:url\" content=\"https:\/\/www.asajacyl.com\/palencia\/asaja-palencia-informa\/los-ganaderos-de-bovino-de-carne-insisten-en-que-el-precio-de-lonja-esta-20-cts-kg-por-debajo-del-mercado\" \/>\n<meta property=\"og:site_name\" content=\"ASAJA Palencia\" \/>\n<meta property=\"article:published_time\" content=\"2025-10-21T07:37:17+00:00\" \/>\n<meta property=\"article:modified_time\" content=\"2025-10-21T07:37:21+00:00\" \/>\n<meta property=\"og:image\" content=\"https:\/\/www.asajacyl.com\/palencia\/wp-content\/uploads\/sites\/3\/2023\/10\/Vacuno-MontanaPal-Tania3-1024x896.jpg\" \/>\n\t<meta property=\"og:image:width\" content=\"1024\" \/>\n\t<meta property=\"og:image:height\" content=\"896\" \/>\n\t<meta property=\"og:image:type\" content=\"image\/jpeg\" \/>\n<meta name=\"author\" content=\"Administrador\" \/>\n<meta name=\"twitter:card\" content=\"summary_large_image\" \/>\n<meta name=\"twitter:label1\" content=\"Escrito por\" \/>\n\t<meta name=\"twitter:data1\" content=\"Administrador\" \/>\n\t<meta name=\"twitter:label2\" content=\"Tiempo de lectura\" \/>\n\t<meta name=\"twitter:data2\" content=\"3 minutos\" \/>\n<script type=\"application\/ld+json\" class=\"yoast-schema-graph\">{\"@context\":\"https:\/\/schema.org\",\"@graph\":[{\"@type\":\"WebPage\",\"@id\":\"https:\/\/www.asajacyl.com\/palencia\/asaja-palencia-informa\/los-ganaderos-de-bovino-de-carne-insisten-en-que-el-precio-de-lonja-esta-20-cts-kg-por-debajo-del-mercado\",\"url\":\"https:\/\/www.asajacyl.com\/palencia\/asaja-palencia-informa\/los-ganaderos-de-bovino-de-carne-insisten-en-que-el-precio-de-lonja-esta-20-cts-kg-por-debajo-del-mercado\",\"name\":\"Los ganaderos de bovino de carne insisten en que el precio de lonja est\u00e1 20 cts.\/kg por debajo del mercado - ASAJA Palencia\",\"isPartOf\":{\"@id\":\"https:\/\/www.asajacyl.com\/palencia\/#website\"},\"primaryImageOfPage\":{\"@id\":\"https:\/\/www.asajacyl.com\/palencia\/asaja-palencia-informa\/los-ganaderos-de-bovino-de-carne-insisten-en-que-el-precio-de-lonja-esta-20-cts-kg-por-debajo-del-mercado#primaryimage\"},\"image\":{\"@id\":\"https:\/\/www.asajacyl.com\/palencia\/asaja-palencia-informa\/los-ganaderos-de-bovino-de-carne-insisten-en-que-el-precio-de-lonja-esta-20-cts-kg-por-debajo-del-mercado#primaryimage\"},\"thumbnailUrl\":\"https:\/\/www.asajacyl.com\/palencia\/wp-content\/uploads\/sites\/3\/2023\/10\/Vacuno-MontanaPal-Tania3.jpg\",\"datePublished\":\"2025-10-21T07:37:17+00:00\",\"dateModified\":\"2025-10-21T07:37:21+00:00\",\"author\":{\"@id\":\"https:\/\/www.asajacyl.com\/palencia\/#\/schema\/person\/3ab17aeb03527485c317557fae64aab1\"},\"description\":\"Los ganaderos bovino de carne han insistido este lunes en la Lonja de Salamanca en manifestar que sus cotizaciones se sit\u00faan en torno a veinte c\u00e9ntimos\",\"breadcrumb\":{\"@id\":\"https:\/\/www.asajacyl.com\/palencia\/asaja-palencia-informa\/los-ganaderos-de-bovino-de-carne-insisten-en-que-el-precio-de-lonja-esta-20-cts-kg-por-debajo-del-mercado#breadcrumb\"},\"inLanguage\":\"es\",\"potentialAction\":[{\"@type\":\"ReadAction\",\"target\":[\"https:\/\/www.asajacyl.com\/palencia\/asaja-palencia-informa\/los-ganaderos-de-bovino-de-carne-insisten-en-que-el-precio-de-lonja-esta-20-cts-kg-por-debajo-del-mercado\"]}]},{\"@type\":\"ImageObject\",\"inLanguage\":\"es\",\"@id\":\"https:\/\/www.asajacyl.com\/palencia\/asaja-palencia-informa\/los-ganaderos-de-bovino-de-carne-insisten-en-que-el-precio-de-lonja-esta-20-cts-kg-por-debajo-del-mercado#primaryimage\",\"url\":\"https:\/\/www.asajacyl.com\/palencia\/wp-content\/uploads\/sites\/3\/2023\/10\/Vacuno-MontanaPal-Tania3.jpg\",\"contentUrl\":\"https:\/\/www.asajacyl.com\/palencia\/wp-content\/uploads\/sites\/3\/2023\/10\/Vacuno-MontanaPal-Tania3.jpg\",\"width\":1890,\"height\":1654},{\"@type\":\"BreadcrumbList\",\"@id\":\"https:\/\/www.asajacyl.com\/palencia\/asaja-palencia-informa\/los-ganaderos-de-bovino-de-carne-insisten-en-que-el-precio-de-lonja-esta-20-cts-kg-por-debajo-del-mercado#breadcrumb\",\"itemListElement\":[{\"@type\":\"ListItem\",\"position\":1,\"name\":\"Portada\",\"item\":\"https:\/\/www.asajacyl.com\/palencia\/\"},{\"@type\":\"ListItem\",\"position\":2,\"name\":\"Los ganaderos de bovino de carne insisten en que el precio de lonja est\u00e1 20 cts.\/kg por debajo del mercado\"}]},{\"@type\":\"WebSite\",\"@id\":\"https:\/\/www.asajacyl.com\/palencia\/#website\",\"url\":\"https:\/\/www.asajacyl.com\/palencia\/\",\"name\":\"ASAJA Palencia\",\"description\":\"Otro sitio m\u00e1s de Provincias ASAJA Castilla y Le\u00f3n\",\"potentialAction\":[{\"@type\":\"SearchAction\",\"target\":{\"@type\":\"EntryPoint\",\"urlTemplate\":\"https:\/\/www.asajacyl.com\/palencia\/?s={search_term_string}\"},\"query-input\":{\"@type\":\"PropertyValueSpecification\",\"valueRequired\":true,\"valueName\":\"search_term_string\"}}],\"inLanguage\":\"es\"},{\"@type\":\"Person\",\"@id\":\"https:\/\/www.asajacyl.com\/palencia\/#\/schema\/person\/3ab17aeb03527485c317557fae64aab1\",\"name\":\"Administrador\",\"image\":{\"@type\":\"ImageObject\",\"inLanguage\":\"es\",\"@id\":\"https:\/\/www.asajacyl.com\/palencia\/#\/schema\/person\/image\/\",\"url\":\"https:\/\/secure.gravatar.com\/avatar\/517384810d242ca9e38c180f3c9fb973?s=96&d=mm&r=g\",\"contentUrl\":\"https:\/\/secure.gravatar.com\/avatar\/517384810d242ca9e38c180f3c9fb973?s=96&d=mm&r=g\",\"caption\":\"Administrador\"},\"url\":\"https:\/\/www.asajacyl.com\/palencia\/author\/carlosrm\"}]}<\/script>\n<!-- \/ Yoast SEO plugin. -->","yoast_head_json":{"title":"Los ganaderos de bovino de carne insisten en que el precio de lonja est\u00e1 20 cts.\/kg por debajo del mercado - ASAJA Palencia","description":"Los ganaderos bovino de carne han insistido este lunes en la Lonja de Salamanca en manifestar que sus cotizaciones se sit\u00faan en torno a veinte c\u00e9ntimos","robots":{"index":"index","follow":"follow","max-snippet":"max-snippet:-1","max-image-preview":"max-image-preview:large","max-video-preview":"max-video-preview:-1"},"canonical":"https:\/\/www.asajacyl.com\/palencia\/asaja-palencia-informa\/los-ganaderos-de-bovino-de-carne-insisten-en-que-el-precio-de-lonja-esta-20-cts-kg-por-debajo-del-mercado","og_locale":"es_ES","og_type":"article","og_title":"Los ganaderos de bovino de carne insisten en que el precio de lonja est\u00e1 20 cts.\/kg por debajo del mercado - ASAJA Palencia","og_description":"Los ganaderos bovino de carne han insistido este lunes en la Lonja de Salamanca en manifestar que sus cotizaciones se sit\u00faan en torno a veinte c\u00e9ntimos","og_url":"https:\/\/www.asajacyl.com\/palencia\/asaja-palencia-informa\/los-ganaderos-de-bovino-de-carne-insisten-en-que-el-precio-de-lonja-esta-20-cts-kg-por-debajo-del-mercado","og_site_name":"ASAJA Palencia","article_published_time":"2025-10-21T07:37:17+00:00","article_modified_time":"2025-10-21T07:37:21+00:00","og_image":[{"width":1024,"height":896,"url":"https:\/\/www.asajacyl.com\/palencia\/wp-content\/uploads\/sites\/3\/2023\/10\/Vacuno-MontanaPal-Tania3-1024x896.jpg","type":"image\/jpeg"}],"author":"Administrador","twitter_card":"summary_large_image","twitter_misc":{"Escrito por":"Administrador","Tiempo de lectura":"3 minutos"},"schema":{"@context":"https:\/\/schema.org","@graph":[{"@type":"WebPage","@id":"https:\/\/www.asajacyl.com\/palencia\/asaja-palencia-informa\/los-ganaderos-de-bovino-de-carne-insisten-en-que-el-precio-de-lonja-esta-20-cts-kg-por-debajo-del-mercado","url":"https:\/\/www.asajacyl.com\/palencia\/asaja-palencia-informa\/los-ganaderos-de-bovino-de-carne-insisten-en-que-el-precio-de-lonja-esta-20-cts-kg-por-debajo-del-mercado","name":"Los ganaderos de bovino de carne insisten en que el precio de lonja est\u00e1 20 cts.\/kg por debajo del mercado - ASAJA Palencia","isPartOf":{"@id":"https:\/\/www.asajacyl.com\/palencia\/#website"},"primaryImageOfPage":{"@id":"https:\/\/www.asajacyl.com\/palencia\/asaja-palencia-informa\/los-ganaderos-de-bovino-de-carne-insisten-en-que-el-precio-de-lonja-esta-20-cts-kg-por-debajo-del-mercado#primaryimage"},"image":{"@id":"https:\/\/www.asajacyl.com\/palencia\/asaja-palencia-informa\/los-ganaderos-de-bovino-de-carne-insisten-en-que-el-precio-de-lonja-esta-20-cts-kg-por-debajo-del-mercado#primaryimage"},"thumbnailUrl":"https:\/\/www.asajacyl.com\/palencia\/wp-content\/uploads\/sites\/3\/2023\/10\/Vacuno-MontanaPal-Tania3.jpg","datePublished":"2025-10-21T07:37:17+00:00","dateModified":"2025-10-21T07:37:21+00:00","author":{"@id":"https:\/\/www.asajacyl.com\/palencia\/#\/schema\/person\/3ab17aeb03527485c317557fae64aab1"},"description":"Los ganaderos bovino de carne han insistido este lunes en la Lonja de Salamanca en manifestar que sus cotizaciones se sit\u00faan en torno a veinte c\u00e9ntimos","breadcrumb":{"@id":"https:\/\/www.asajacyl.com\/palencia\/asaja-palencia-informa\/los-ganaderos-de-bovino-de-carne-insisten-en-que-el-precio-de-lonja-esta-20-cts-kg-por-debajo-del-mercado#breadcrumb"},"inLanguage":"es","potentialAction":[{"@type":"ReadAction","target":["https:\/\/www.asajacyl.com\/palencia\/asaja-palencia-informa\/los-ganaderos-de-bovino-de-carne-insisten-en-que-el-precio-de-lonja-esta-20-cts-kg-por-debajo-del-mercado"]}]},{"@type":"ImageObject","inLanguage":"es","@id":"https:\/\/www.asajacyl.com\/palencia\/asaja-palencia-informa\/los-ganaderos-de-bovino-de-carne-insisten-en-que-el-precio-de-lonja-esta-20-cts-kg-por-debajo-del-mercado#primaryimage","url":"https:\/\/www.asajacyl.com\/palencia\/wp-content\/uploads\/sites\/3\/2023\/10\/Vacuno-MontanaPal-Tania3.jpg","contentUrl":"https:\/\/www.asajacyl.com\/palencia\/wp-content\/uploads\/sites\/3\/2023\/10\/Vacuno-MontanaPal-Tania3.jpg","width":1890,"height":1654},{"@type":"BreadcrumbList","@id":"https:\/\/www.asajacyl.com\/palencia\/asaja-palencia-informa\/los-ganaderos-de-bovino-de-carne-insisten-en-que-el-precio-de-lonja-esta-20-cts-kg-por-debajo-del-mercado#breadcrumb","itemListElement":[{"@type":"ListItem","position":1,"name":"Portada","item":"https:\/\/www.asajacyl.com\/palencia\/"},{"@type":"ListItem","position":2,"name":"Los ganaderos de bovino de carne insisten en que el precio de lonja est\u00e1 20 cts.\/kg por debajo del mercado"}]},{"@type":"WebSite","@id":"https:\/\/www.asajacyl.com\/palencia\/#website","url":"https:\/\/www.asajacyl.com\/palencia\/","name":"ASAJA Palencia","description":"Otro sitio m\u00e1s de Provincias ASAJA Castilla y Le\u00f3n","potentialAction":[{"@type":"SearchAction","target":{"@type":"EntryPoint","urlTemplate":"https:\/\/www.asajacyl.com\/palencia\/?s={search_term_string}"},"query-input":{"@type":"PropertyValueSpecification","valueRequired":true,"valueName":"search_term_string"}}],"inLanguage":"es"},{"@type":"Person","@id":"https:\/\/www.asajacyl.com\/palencia\/#\/schema\/person\/3ab17aeb03527485c317557fae64aab1","name":"Administrador","image":{"@type":"ImageObject","inLanguage":"es","@id":"https:\/\/www.asajacyl.com\/palencia\/#\/schema\/person\/image\/","url":"https:\/\/secure.gravatar.com\/avatar\/517384810d242ca9e38c180f3c9fb973?s=96&d=mm&r=g","contentUrl":"https:\/\/secure.gravatar.com\/avatar\/517384810d242ca9e38c180f3c9fb973?s=96&d=mm&r=g","caption":"Administrador"},"url":"https:\/\/www.asajacyl.com\/palencia\/author\/carlosrm"}]}},"_links":{"self":[{"href":"https:\/\/www.asajacyl.com\/palencia\/wp-json\/wp\/v2\/posts\/21239"}],"collection":[{"href":"https:\/\/www.asajacyl.com\/palencia\/wp-json\/wp\/v2\/posts"}],"about":[{"href":"https:\/\/www.asajacyl.com\/palencia\/wp-json\/wp\/v2\/types\/post"}],"author":[{"embeddable":true,"href":"https:\/\/www.asajacyl.com\/palencia\/wp-json\/wp\/v2\/users\/9"}],"replies":[{"embeddable":true,"href":"https:\/\/www.asajacyl.com\/palencia\/wp-json\/wp\/v2\/comments?post=21239"}],"version-history":[{"count":3,"href":"https:\/\/www.asajacyl.com\/palencia\/wp-json\/wp\/v2\/posts\/21239\/revisions"}],"predecessor-version":[{"id":21243,"href":"https:\/\/www.asajacyl.com\/palencia\/wp-json\/wp\/v2\/posts\/21239\/revisions\/21243"}],"wp:featuredmedia":[{"embeddable":true,"href":"https:\/\/www.asajacyl.com\/palencia\/wp-json\/wp\/v2\/media\/14505"}],"wp:attachment":[{"href":"https:\/\/www.asajacyl.com\/palencia\/wp-json\/wp\/v2\/media?parent=21239"}],"wp:term":[{"taxonomy":"category","embeddable":true,"href":"https:\/\/www.asajacyl.com\/palencia\/wp-json\/wp\/v2\/categories?post=21239"},{"taxonomy":"post_tag","embeddable":true,"href":"https:\/\/www.asajacyl.com\/palencia\/wp-json\/wp\/v2\/tags?post=21239"}],"curies":[{"name":"wp","href":"https:\/\/api.w.org\/{rel}","templated":true}]}}