{"id":21252,"date":"2025-10-22T09:42:53","date_gmt":"2025-10-22T07:42:53","guid":{"rendered":"https:\/\/www.asajacyl.com\/palencia\/?p=21252"},"modified":"2025-10-22T09:42:55","modified_gmt":"2025-10-22T07:42:55","slug":"asaja-protesta-en-estrasburgo-para-defender-el-sector-agrario-de-la-ue-y-rechazar-la-nueva-pac","status":"publish","type":"post","link":"https:\/\/www.asajacyl.com\/palencia\/asaja-palencia-informa\/asaja-protesta-en-estrasburgo-para-defender-el-sector-agrario-de-la-ue-y-rechazar-la-nueva-pac","title":{"rendered":"ASAJA protesta en Estrasburgo para defender el sector agrario de la UE y rechazar la nueva PAC"},"content":{"rendered":"\n<h2 class=\"wp-block-heading\">Rugen los tractores de nuevo. ASAJA ha participado este martes en Estrasburgo ante la sede del Parlamento Europeo en la protesta expr\u00e9s convocada por el Copa y la Cogeca, las entidades que aglutinan respectivamente a las organizaciones profesionales y las cooperativas agroganaderas del espacio comunitario. El sector se ha manifestado en defensa de una PAC justa para el campo europeo y de un presupuesto s\u00f3lido que garantice el futuro de la agricultura y la ganader\u00eda de los pa\u00edses miembros de la UE. Los profesionales agroganaderos han denunciado que la nueva PAC que plantea la Comisi\u00f3n Europea supondr\u00e1 una amenaza para la competitividad del sector, acarrear\u00e1 una carga administrativa a\u00fan m\u00e1s grande y m\u00e1s compleja, y genera incertidumbre para la producci\u00f3n agraria europea, columna vertebral de la soberan\u00eda y la seguridad alimentaria de la poblaci\u00f3n comunitaria.<\/h2>\n\n\n\n<p>La delegaci\u00f3n de ASAJA respald\u00f3 ante la sede del Parlamento Europeo en Estrasburgo una concentraci\u00f3n rel\u00e1mpago cuyo objetivo es reclamar una PAC y un Marco Financiero Plurianual (MFP) realistas, acordes con los retos que afronta el sector, que garanticen el futuro de los agricultores y ganaderos europeos, y que respalden de una vez por todas el relevo generacional en el campo.<\/p>\n\n\n\n<p>La convocatoria reuni\u00f3 a cientos de agricultores y ganaderos de toda Europa, con la presencia de m\u00e1s de un centenar de tractores en las inmediaciones del Parlamento Europeo, como s\u00edmbolo de la unidad y la determinaci\u00f3n del sector.<\/p>\n\n\n\n<p>Los representantes agrarios exigen a las instituciones comunitarias que refuercen el presupuesto de la PAC y atiendan las demandas del sector primario, esencial para la seguridad y la soberan\u00eda alimentarias, la sostenibilidad y la vida en el medio rural. <\/p>\n\n\n<div class=\"wp-block-image\">\n<figure class=\"alignright size-large is-resized\"><img loading=\"lazy\" decoding=\"async\" width=\"1024\" height=\"660\" src=\"https:\/\/www.asajacyl.com\/palencia\/wp-content\/uploads\/sites\/3\/2025\/10\/Mani-Estrasburgo-21oct2025-web-1024x660.jpg\" alt=\"\" class=\"wp-image-21253\" style=\"width:796px;height:auto\" srcset=\"https:\/\/www.asajacyl.com\/palencia\/wp-content\/uploads\/sites\/3\/2025\/10\/Mani-Estrasburgo-21oct2025-web-1024x660.jpg 1024w, https:\/\/www.asajacyl.com\/palencia\/wp-content\/uploads\/sites\/3\/2025\/10\/Mani-Estrasburgo-21oct2025-web-300x193.jpg 300w, https:\/\/www.asajacyl.com\/palencia\/wp-content\/uploads\/sites\/3\/2025\/10\/Mani-Estrasburgo-21oct2025-web-768x495.jpg 768w, https:\/\/www.asajacyl.com\/palencia\/wp-content\/uploads\/sites\/3\/2025\/10\/Mani-Estrasburgo-21oct2025-web-1536x990.jpg 1536w, https:\/\/www.asajacyl.com\/palencia\/wp-content\/uploads\/sites\/3\/2025\/10\/Mani-Estrasburgo-21oct2025-web-652x420.jpg 652w, https:\/\/www.asajacyl.com\/palencia\/wp-content\/uploads\/sites\/3\/2025\/10\/Mani-Estrasburgo-21oct2025-web-696x449.jpg 696w, https:\/\/www.asajacyl.com\/palencia\/wp-content\/uploads\/sites\/3\/2025\/10\/Mani-Estrasburgo-21oct2025-web-1068x688.jpg 1068w, https:\/\/www.asajacyl.com\/palencia\/wp-content\/uploads\/sites\/3\/2025\/10\/Mani-Estrasburgo-21oct2025-web.jpg 1570w\" sizes=\"(max-width: 1024px) 100vw, 1024px\" \/><figcaption class=\"wp-element-caption\">Profesionales del campo de la UE y tractores concentrados este martes en Estrasburgo (Francia) en las inmediaciones del Parlamento Europeo.<\/figcaption><\/figure><\/div>\n\n\n<p>Los diputados al Parlamento Europeo y los estados miembros no deben permitir estas propuestas deficientes. Una soluci\u00f3n mejor y m\u00e1s equilibrada es posible y necesaria, con respeto a la estructura de dos pilares de la PAC (ayudas directas y desarrollo rural), garant\u00eda de un presupuesto espec\u00edfico a prueba de inflaci\u00f3n, y fidelidad a los tratados de la Uni\u00f3n Europea.<\/p>\n\n\n\n<p>ASAJA considera que ya no caben medias tintas, por lo que reclama pasar a la acci\u00f3n. Nuestra organizaci\u00f3n exige de forma inmediata que los eurodiputados rechacen la propuesta del marco financiero 2028-2034 en el pr\u00f3ximo pleno del Parlamento Europeo, que se celebrar\u00e1 en noviembre. Asimismo, pide al Gobierno de Espa\u00f1a, liderado por Pedro S\u00e1nchez, ese mismo rechazo en el Consejo Europeo de diciembre en Bruselas.<\/p>\n\n\n\n<p><strong>HECHOS, NO S\u00d3LO PALABRAS.<\/strong> ASAJA augura un invierno conflictivo si los pol\u00edticos no escuchan las demandas de los agricultores y ganaderos. Las lindas palabras no bastan, sino que necesitamos un compromiso serio y expl\u00edcito en el presupuesto comunitario.<\/p>\n\n\n\n<p>Nuestra organizaci\u00f3n advierte que la situaci\u00f3n del campo (especialmente de algunos sectores, como el cerealista) es muy complicada, tras varias campa\u00f1as de precios inaceptables, golpeados por la imposici\u00f3n de acuerdos internacionales donde la agricultura europea se ha utilizado como moneda de cambio. <\/p>\n\n\n\n<p>Este contexto se une al temor por los cambios negativos que supondr\u00eda la nueva PAC de aprobarse en sus t\u00e9rminos actuales planteados por la Comisi\u00f3n Europea, lo que est\u00e1 encendiendo todas las alarmas. El escenario es yesca para la protesta.<\/p>\n\n\n\n<p>COPA-COGECA recuerda que se prometi\u00f3 una visi\u00f3n clara y una br\u00fajula fiable para el sector agroganadero. En cambio, recibimos discursos grandilocuentes y acciones pol\u00edticas que van en la direcci\u00f3n contraria. La agricultura y la ganader\u00eda han quedado relegadas. La pelota est\u00e1 ahora en el tejado de los colegisladores: el Parlamento Europeo y el Consejo. Muchos diputados al Parlamento Europeo comparten nuestras preocupaciones, pero es hora de plasmarlo en hechos.<strong>\/<\/strong><a href=\"https:\/\/www.asajacyl.com\/wp-content\/uploads\/2025\/10\/copacogeca.jpeg\"><\/a><\/p>\n","protected":false},"excerpt":{"rendered":"<p>Rugen los tractores de nuevo. ASAJA ha participado este martes en Estrasburgo ante la sede del Parlamento Europeo en la protesta expr\u00e9s convocada por el Copa y la Cogeca, las entidades que aglutinan respectivamente a las organizaciones profesionales y las cooperativas agroganaderas del espacio comunitario. El sector se ha manifestado en defensa de una PAC [&hellip;]<\/p>\n","protected":false},"author":9,"featured_media":21256,"comment_status":"open","ping_status":"open","sticky":false,"template":"","format":"standard","meta":{"footnotes":""},"categories":[9,38,29,28,13],"tags":[58,46,260,351,1611,784,77,1188,191,317,335,338],"yoast_head":"<!-- This site is optimized with the Yoast SEO plugin v24.5 - https:\/\/yoast.com\/wordpress\/plugins\/seo\/ -->\n<title>ASAJA protesta en Estrasburgo para defender el sector agrario de la UE y rechazar la nueva PAC - ASAJA Palencia<\/title>\n<meta name=\"description\" content=\"Rugen los tractores de nuevo. ASAJA ha participado este martes en Estrasburgo ante la sede del Parlamento Europeo en la protesta expr\u00e9s convocada por el\" \/>\n<meta name=\"robots\" content=\"index, follow, max-snippet:-1, max-image-preview:large, max-video-preview:-1\" \/>\n<link rel=\"canonical\" href=\"https:\/\/www.asajacyl.com\/palencia\/asaja-palencia-informa\/asaja-protesta-en-estrasburgo-para-defender-el-sector-agrario-de-la-ue-y-rechazar-la-nueva-pac\" \/>\n<meta property=\"og:locale\" content=\"es_ES\" \/>\n<meta property=\"og:type\" content=\"article\" \/>\n<meta property=\"og:title\" content=\"ASAJA protesta en Estrasburgo para defender el sector agrario de la UE y rechazar la nueva PAC - ASAJA Palencia\" \/>\n<meta property=\"og:description\" content=\"Rugen los tractores de nuevo. ASAJA ha participado este martes en Estrasburgo ante la sede del Parlamento Europeo en la protesta expr\u00e9s convocada por el\" \/>\n<meta property=\"og:url\" content=\"https:\/\/www.asajacyl.com\/palencia\/asaja-palencia-informa\/asaja-protesta-en-estrasburgo-para-defender-el-sector-agrario-de-la-ue-y-rechazar-la-nueva-pac\" \/>\n<meta property=\"og:site_name\" content=\"ASAJA Palencia\" \/>\n<meta property=\"article:published_time\" content=\"2025-10-22T07:42:53+00:00\" \/>\n<meta property=\"article:modified_time\" content=\"2025-10-22T07:42:55+00:00\" \/>\n<meta property=\"og:image\" content=\"https:\/\/www.asajacyl.com\/palencia\/wp-content\/uploads\/sites\/3\/2025\/10\/Mani2-Estrasburgo-21oct2025-web-1024x896.jpg\" \/>\n\t<meta property=\"og:image:width\" content=\"1024\" \/>\n\t<meta property=\"og:image:height\" content=\"896\" \/>\n\t<meta property=\"og:image:type\" content=\"image\/jpeg\" \/>\n<meta name=\"author\" content=\"Administrador\" \/>\n<meta name=\"twitter:card\" content=\"summary_large_image\" \/>\n<meta name=\"twitter:label1\" content=\"Escrito por\" \/>\n\t<meta name=\"twitter:data1\" content=\"Administrador\" \/>\n\t<meta name=\"twitter:label2\" content=\"Tiempo de lectura\" \/>\n\t<meta name=\"twitter:data2\" content=\"4 minutos\" \/>\n<script type=\"application\/ld+json\" class=\"yoast-schema-graph\">{\"@context\":\"https:\/\/schema.org\",\"@graph\":[{\"@type\":\"WebPage\",\"@id\":\"https:\/\/www.asajacyl.com\/palencia\/asaja-palencia-informa\/asaja-protesta-en-estrasburgo-para-defender-el-sector-agrario-de-la-ue-y-rechazar-la-nueva-pac\",\"url\":\"https:\/\/www.asajacyl.com\/palencia\/asaja-palencia-informa\/asaja-protesta-en-estrasburgo-para-defender-el-sector-agrario-de-la-ue-y-rechazar-la-nueva-pac\",\"name\":\"ASAJA protesta en Estrasburgo para defender el sector agrario de la UE y rechazar la nueva PAC - ASAJA Palencia\",\"isPartOf\":{\"@id\":\"https:\/\/www.asajacyl.com\/palencia\/#website\"},\"primaryImageOfPage\":{\"@id\":\"https:\/\/www.asajacyl.com\/palencia\/asaja-palencia-informa\/asaja-protesta-en-estrasburgo-para-defender-el-sector-agrario-de-la-ue-y-rechazar-la-nueva-pac#primaryimage\"},\"image\":{\"@id\":\"https:\/\/www.asajacyl.com\/palencia\/asaja-palencia-informa\/asaja-protesta-en-estrasburgo-para-defender-el-sector-agrario-de-la-ue-y-rechazar-la-nueva-pac#primaryimage\"},\"thumbnailUrl\":\"https:\/\/www.asajacyl.com\/palencia\/wp-content\/uploads\/sites\/3\/2025\/10\/Mani2-Estrasburgo-21oct2025-web.jpg\",\"datePublished\":\"2025-10-22T07:42:53+00:00\",\"dateModified\":\"2025-10-22T07:42:55+00:00\",\"author\":{\"@id\":\"https:\/\/www.asajacyl.com\/palencia\/#\/schema\/person\/3ab17aeb03527485c317557fae64aab1\"},\"description\":\"Rugen los tractores de nuevo. ASAJA ha participado este martes en Estrasburgo ante la sede del Parlamento Europeo en la protesta expr\u00e9s convocada por el\",\"breadcrumb\":{\"@id\":\"https:\/\/www.asajacyl.com\/palencia\/asaja-palencia-informa\/asaja-protesta-en-estrasburgo-para-defender-el-sector-agrario-de-la-ue-y-rechazar-la-nueva-pac#breadcrumb\"},\"inLanguage\":\"es\",\"potentialAction\":[{\"@type\":\"ReadAction\",\"target\":[\"https:\/\/www.asajacyl.com\/palencia\/asaja-palencia-informa\/asaja-protesta-en-estrasburgo-para-defender-el-sector-agrario-de-la-ue-y-rechazar-la-nueva-pac\"]}]},{\"@type\":\"ImageObject\",\"inLanguage\":\"es\",\"@id\":\"https:\/\/www.asajacyl.com\/palencia\/asaja-palencia-informa\/asaja-protesta-en-estrasburgo-para-defender-el-sector-agrario-de-la-ue-y-rechazar-la-nueva-pac#primaryimage\",\"url\":\"https:\/\/www.asajacyl.com\/palencia\/wp-content\/uploads\/sites\/3\/2025\/10\/Mani2-Estrasburgo-21oct2025-web.jpg\",\"contentUrl\":\"https:\/\/www.asajacyl.com\/palencia\/wp-content\/uploads\/sites\/3\/2025\/10\/Mani2-Estrasburgo-21oct2025-web.jpg\",\"width\":1890,\"height\":1654},{\"@type\":\"BreadcrumbList\",\"@id\":\"https:\/\/www.asajacyl.com\/palencia\/asaja-palencia-informa\/asaja-protesta-en-estrasburgo-para-defender-el-sector-agrario-de-la-ue-y-rechazar-la-nueva-pac#breadcrumb\",\"itemListElement\":[{\"@type\":\"ListItem\",\"position\":1,\"name\":\"Portada\",\"item\":\"https:\/\/www.asajacyl.com\/palencia\/\"},{\"@type\":\"ListItem\",\"position\":2,\"name\":\"ASAJA protesta en Estrasburgo para defender el sector agrario de la UE y rechazar la nueva PAC\"}]},{\"@type\":\"WebSite\",\"@id\":\"https:\/\/www.asajacyl.com\/palencia\/#website\",\"url\":\"https:\/\/www.asajacyl.com\/palencia\/\",\"name\":\"ASAJA Palencia\",\"description\":\"Otro sitio m\u00e1s de Provincias ASAJA Castilla y Le\u00f3n\",\"potentialAction\":[{\"@type\":\"SearchAction\",\"target\":{\"@type\":\"EntryPoint\",\"urlTemplate\":\"https:\/\/www.asajacyl.com\/palencia\/?s={search_term_string}\"},\"query-input\":{\"@type\":\"PropertyValueSpecification\",\"valueRequired\":true,\"valueName\":\"search_term_string\"}}],\"inLanguage\":\"es\"},{\"@type\":\"Person\",\"@id\":\"https:\/\/www.asajacyl.com\/palencia\/#\/schema\/person\/3ab17aeb03527485c317557fae64aab1\",\"name\":\"Administrador\",\"image\":{\"@type\":\"ImageObject\",\"inLanguage\":\"es\",\"@id\":\"https:\/\/www.asajacyl.com\/palencia\/#\/schema\/person\/image\/\",\"url\":\"https:\/\/secure.gravatar.com\/avatar\/517384810d242ca9e38c180f3c9fb973?s=96&d=mm&r=g\",\"contentUrl\":\"https:\/\/secure.gravatar.com\/avatar\/517384810d242ca9e38c180f3c9fb973?s=96&d=mm&r=g\",\"caption\":\"Administrador\"},\"url\":\"https:\/\/www.asajacyl.com\/palencia\/author\/carlosrm\"}]}<\/script>\n<!-- \/ Yoast SEO plugin. -->","yoast_head_json":{"title":"ASAJA protesta en Estrasburgo para defender el sector agrario de la UE y rechazar la nueva PAC - ASAJA Palencia","description":"Rugen los tractores de nuevo. ASAJA ha participado este martes en Estrasburgo ante la sede del Parlamento Europeo en la protesta expr\u00e9s convocada por el","robots":{"index":"index","follow":"follow","max-snippet":"max-snippet:-1","max-image-preview":"max-image-preview:large","max-video-preview":"max-video-preview:-1"},"canonical":"https:\/\/www.asajacyl.com\/palencia\/asaja-palencia-informa\/asaja-protesta-en-estrasburgo-para-defender-el-sector-agrario-de-la-ue-y-rechazar-la-nueva-pac","og_locale":"es_ES","og_type":"article","og_title":"ASAJA protesta en Estrasburgo para defender el sector agrario de la UE y rechazar la nueva PAC - ASAJA Palencia","og_description":"Rugen los tractores de nuevo. ASAJA ha participado este martes en Estrasburgo ante la sede del Parlamento Europeo en la protesta expr\u00e9s convocada por el","og_url":"https:\/\/www.asajacyl.com\/palencia\/asaja-palencia-informa\/asaja-protesta-en-estrasburgo-para-defender-el-sector-agrario-de-la-ue-y-rechazar-la-nueva-pac","og_site_name":"ASAJA Palencia","article_published_time":"2025-10-22T07:42:53+00:00","article_modified_time":"2025-10-22T07:42:55+00:00","og_image":[{"width":1024,"height":896,"url":"https:\/\/www.asajacyl.com\/palencia\/wp-content\/uploads\/sites\/3\/2025\/10\/Mani2-Estrasburgo-21oct2025-web-1024x896.jpg","type":"image\/jpeg"}],"author":"Administrador","twitter_card":"summary_large_image","twitter_misc":{"Escrito por":"Administrador","Tiempo de lectura":"4 minutos"},"schema":{"@context":"https:\/\/schema.org","@graph":[{"@type":"WebPage","@id":"https:\/\/www.asajacyl.com\/palencia\/asaja-palencia-informa\/asaja-protesta-en-estrasburgo-para-defender-el-sector-agrario-de-la-ue-y-rechazar-la-nueva-pac","url":"https:\/\/www.asajacyl.com\/palencia\/asaja-palencia-informa\/asaja-protesta-en-estrasburgo-para-defender-el-sector-agrario-de-la-ue-y-rechazar-la-nueva-pac","name":"ASAJA protesta en Estrasburgo para defender el sector agrario de la UE y rechazar la nueva PAC - ASAJA Palencia","isPartOf":{"@id":"https:\/\/www.asajacyl.com\/palencia\/#website"},"primaryImageOfPage":{"@id":"https:\/\/www.asajacyl.com\/palencia\/asaja-palencia-informa\/asaja-protesta-en-estrasburgo-para-defender-el-sector-agrario-de-la-ue-y-rechazar-la-nueva-pac#primaryimage"},"image":{"@id":"https:\/\/www.asajacyl.com\/palencia\/asaja-palencia-informa\/asaja-protesta-en-estrasburgo-para-defender-el-sector-agrario-de-la-ue-y-rechazar-la-nueva-pac#primaryimage"},"thumbnailUrl":"https:\/\/www.asajacyl.com\/palencia\/wp-content\/uploads\/sites\/3\/2025\/10\/Mani2-Estrasburgo-21oct2025-web.jpg","datePublished":"2025-10-22T07:42:53+00:00","dateModified":"2025-10-22T07:42:55+00:00","author":{"@id":"https:\/\/www.asajacyl.com\/palencia\/#\/schema\/person\/3ab17aeb03527485c317557fae64aab1"},"description":"Rugen los tractores de nuevo. ASAJA ha participado este martes en Estrasburgo ante la sede del Parlamento Europeo en la protesta expr\u00e9s convocada por el","breadcrumb":{"@id":"https:\/\/www.asajacyl.com\/palencia\/asaja-palencia-informa\/asaja-protesta-en-estrasburgo-para-defender-el-sector-agrario-de-la-ue-y-rechazar-la-nueva-pac#breadcrumb"},"inLanguage":"es","potentialAction":[{"@type":"ReadAction","target":["https:\/\/www.asajacyl.com\/palencia\/asaja-palencia-informa\/asaja-protesta-en-estrasburgo-para-defender-el-sector-agrario-de-la-ue-y-rechazar-la-nueva-pac"]}]},{"@type":"ImageObject","inLanguage":"es","@id":"https:\/\/www.asajacyl.com\/palencia\/asaja-palencia-informa\/asaja-protesta-en-estrasburgo-para-defender-el-sector-agrario-de-la-ue-y-rechazar-la-nueva-pac#primaryimage","url":"https:\/\/www.asajacyl.com\/palencia\/wp-content\/uploads\/sites\/3\/2025\/10\/Mani2-Estrasburgo-21oct2025-web.jpg","contentUrl":"https:\/\/www.asajacyl.com\/palencia\/wp-content\/uploads\/sites\/3\/2025\/10\/Mani2-Estrasburgo-21oct2025-web.jpg","width":1890,"height":1654},{"@type":"BreadcrumbList","@id":"https:\/\/www.asajacyl.com\/palencia\/asaja-palencia-informa\/asaja-protesta-en-estrasburgo-para-defender-el-sector-agrario-de-la-ue-y-rechazar-la-nueva-pac#breadcrumb","itemListElement":[{"@type":"ListItem","position":1,"name":"Portada","item":"https:\/\/www.asajacyl.com\/palencia\/"},{"@type":"ListItem","position":2,"name":"ASAJA protesta en Estrasburgo para defender el sector agrario de la UE y rechazar la nueva PAC"}]},{"@type":"WebSite","@id":"https:\/\/www.asajacyl.com\/palencia\/#website","url":"https:\/\/www.asajacyl.com\/palencia\/","name":"ASAJA Palencia","description":"Otro sitio m\u00e1s de Provincias ASAJA Castilla y Le\u00f3n","potentialAction":[{"@type":"SearchAction","target":{"@type":"EntryPoint","urlTemplate":"https:\/\/www.asajacyl.com\/palencia\/?s={search_term_string}"},"query-input":{"@type":"PropertyValueSpecification","valueRequired":true,"valueName":"search_term_string"}}],"inLanguage":"es"},{"@type":"Person","@id":"https:\/\/www.asajacyl.com\/palencia\/#\/schema\/person\/3ab17aeb03527485c317557fae64aab1","name":"Administrador","image":{"@type":"ImageObject","inLanguage":"es","@id":"https:\/\/www.asajacyl.com\/palencia\/#\/schema\/person\/image\/","url":"https:\/\/secure.gravatar.com\/avatar\/517384810d242ca9e38c180f3c9fb973?s=96&d=mm&r=g","contentUrl":"https:\/\/secure.gravatar.com\/avatar\/517384810d242ca9e38c180f3c9fb973?s=96&d=mm&r=g","caption":"Administrador"},"url":"https:\/\/www.asajacyl.com\/palencia\/author\/carlosrm"}]}},"_links":{"self":[{"href":"https:\/\/www.asajacyl.com\/palencia\/wp-json\/wp\/v2\/posts\/21252"}],"collection":[{"href":"https:\/\/www.asajacyl.com\/palencia\/wp-json\/wp\/v2\/posts"}],"about":[{"href":"https:\/\/www.asajacyl.com\/palencia\/wp-json\/wp\/v2\/types\/post"}],"author":[{"embeddable":true,"href":"https:\/\/www.asajacyl.com\/palencia\/wp-json\/wp\/v2\/users\/9"}],"replies":[{"embeddable":true,"href":"https:\/\/www.asajacyl.com\/palencia\/wp-json\/wp\/v2\/comments?post=21252"}],"version-history":[{"count":3,"href":"https:\/\/www.asajacyl.com\/palencia\/wp-json\/wp\/v2\/posts\/21252\/revisions"}],"predecessor-version":[{"id":21257,"href":"https:\/\/www.asajacyl.com\/palencia\/wp-json\/wp\/v2\/posts\/21252\/revisions\/21257"}],"wp:featuredmedia":[{"embeddable":true,"href":"https:\/\/www.asajacyl.com\/palencia\/wp-json\/wp\/v2\/media\/21256"}],"wp:attachment":[{"href":"https:\/\/www.asajacyl.com\/palencia\/wp-json\/wp\/v2\/media?parent=21252"}],"wp:term":[{"taxonomy":"category","embeddable":true,"href":"https:\/\/www.asajacyl.com\/palencia\/wp-json\/wp\/v2\/categories?post=21252"},{"taxonomy":"post_tag","embeddable":true,"href":"https:\/\/www.asajacyl.com\/palencia\/wp-json\/wp\/v2\/tags?post=21252"}],"curies":[{"name":"wp","href":"https:\/\/api.w.org\/{rel}","templated":true}]}}