{"id":21258,"date":"2025-10-22T12:42:33","date_gmt":"2025-10-22T10:42:33","guid":{"rendered":"https:\/\/www.asajacyl.com\/palencia\/?p=21258"},"modified":"2025-10-22T12:43:25","modified_gmt":"2025-10-22T10:43:25","slug":"herrera-de-pisuerga-acoge-este-sabado-25-la-feria-de-exaltacion-de-la-patata-del-boedo-y-la-ojeda","status":"publish","type":"post","link":"https:\/\/www.asajacyl.com\/palencia\/asaja-palencia-informa\/herrera-de-pisuerga-acoge-este-sabado-25-la-feria-de-exaltacion-de-la-patata-del-boedo-y-la-ojeda","title":{"rendered":"Herrera de Pisuerga acoge este s\u00e1bado 25 la Feria de Exaltaci\u00f3n de la patata del Boedo y la Ojeda"},"content":{"rendered":"\n<h2 class=\"wp-block-heading\">El Boedo y La Ojeda celebran este s\u00e1bado 25 de octubre en Herrera de Pisuerga la Feria de Exaltaci\u00f3n de la Patata que producen estas dos comarcas palentinas, organizada por la mancomunidad de municipios de la zona y el ayuntamiento de la localidad. Los actos comenzar\u00e1n a las diez de la ma\u00f1ana con la apertura de los expositores. Javier San Segundo, empresario vinculado con la hosteler\u00eda, ofrecer\u00e1 el preg\u00f3n y se rendir\u00e1 homenaje al sembrador de patatas jubilado Jos\u00e9 Mar\u00eda Bravo, de B\u00e1scones de Ojeda.<\/h2>\n\n\n<div class=\"wp-block-image\">\n<figure class=\"alignright size-large is-resized\"><img loading=\"lazy\" decoding=\"async\" width=\"703\" height=\"1024\" src=\"https:\/\/www.asajacyl.com\/palencia\/wp-content\/uploads\/sites\/3\/2025\/10\/Patata-Boedo-Ojeda-1-703x1024.jpeg\" alt=\"\" class=\"wp-image-21261\" style=\"width:684px;height:auto\" srcset=\"https:\/\/www.asajacyl.com\/palencia\/wp-content\/uploads\/sites\/3\/2025\/10\/Patata-Boedo-Ojeda-1-703x1024.jpeg 703w, https:\/\/www.asajacyl.com\/palencia\/wp-content\/uploads\/sites\/3\/2025\/10\/Patata-Boedo-Ojeda-1-206x300.jpeg 206w, https:\/\/www.asajacyl.com\/palencia\/wp-content\/uploads\/sites\/3\/2025\/10\/Patata-Boedo-Ojeda-1-768x1119.jpeg 768w, https:\/\/www.asajacyl.com\/palencia\/wp-content\/uploads\/sites\/3\/2025\/10\/Patata-Boedo-Ojeda-1-288x420.jpeg 288w, https:\/\/www.asajacyl.com\/palencia\/wp-content\/uploads\/sites\/3\/2025\/10\/Patata-Boedo-Ojeda-1-696x1014.jpeg 696w, https:\/\/www.asajacyl.com\/palencia\/wp-content\/uploads\/sites\/3\/2025\/10\/Patata-Boedo-Ojeda-1.jpeg 770w\" sizes=\"(max-width: 703px) 100vw, 703px\" \/><\/figure><\/div>\n\n\n<p>La cosecha de este tub\u00e9rculo resulta esta campa\u00f1a algo peor de la esperada, debido al verano tan caluroso. Con todo, la principal preocupaci\u00f3n del agricultor que apuesta por este cultivo radica este a\u00f1o en el bajo precio de venta, pr\u00e1cticamente la mitad que la pasada campa\u00f1a, debido a la<a href=\"https:\/\/www.asajacyl.com\/palencia\/asaja-palencia-informa\/la-superproduccion-mundial-de-patata-situa-el-primer-precio-de-campana-2025-por-debajo-de-los-costes\"> abundante producci\u00f3n mundial y a la importaci\u00f3n de producto<\/a>, seg\u00fan informamos hace aproximadamente un mes, cuando la Lonja de Le\u00f3n recuper\u00f3 la cotizaci\u00f3n de patata.<\/p>\n\n\n\n<p>Los agricultores que no disponen de contrato y deben acudir al mercado libre dif\u00edcilmente cubrir\u00e1n este a\u00f1o los costes productivos a la cotizaci\u00f3n actual, que se sit\u00faa entre los 140 euros y los 180 euros por tonelada, dependiendo de variedades, seg\u00fan los contratos visados en la lonja leonesa.<\/p>\n\n\n\n<p>Esta campa\u00f1a Palencia cultiva unas 110 hect\u00e1reas de patata en secano y cerca de 500 de regad\u00edo, con una producci\u00f3n total estimada de algo m\u00e1s de 20 000 toneladas (seg\u00fan la Junta de Castilla y Le\u00f3n), que se distribuyen y consumen fundamentalmente en la provincia, aunque tambi\u00e9n en otros mercados de Castilla y Le\u00f3n, Cantabria o Galicia.<\/p>\n\n\n\n<p>En las im\u00e1genes adjuntas recogemos el programa completo, as\u00ed como las bases y normas de participaci\u00f3n de los concursos, que se celebrar\u00e1n en esta feria, que presentaron el martes 21 de octubre en la Diputaci\u00f3n de Palencia el presidente y el vicepresidente de la Mancomunidad del Boedo-Ojeda, Miguel Abia y Manuel Castilla, junto con el diputado Francisco P\u00e9rez Castrillo, delegado del \u00e1rea de Desarrollo Econ\u00f3mico, Turismo y Deporte. En la feria colaboran la Diputaci\u00f3n de Palencia, la Asociaci\u00f3n de Amas de Casa Santa Ana, Sociedad Cooperativa Leypas (productora de patata de siembra certificada, con sede en Pozancos), el almacenista de patatas Barbero (Herrera de Pisuerga) y Emilio Mata.<strong>\/<\/strong><\/p>\n\n\n\n<figure class=\"wp-block-image size-large is-resized\"><img loading=\"lazy\" decoding=\"async\" width=\"1024\" height=\"724\" src=\"https:\/\/www.asajacyl.com\/palencia\/wp-content\/uploads\/sites\/3\/2025\/10\/Patata-Boedo-Ojeda-2-1024x724.jpeg\" alt=\"\" class=\"wp-image-21262\" style=\"width:1066px;height:auto\" srcset=\"https:\/\/www.asajacyl.com\/palencia\/wp-content\/uploads\/sites\/3\/2025\/10\/Patata-Boedo-Ojeda-2-1024x724.jpeg 1024w, https:\/\/www.asajacyl.com\/palencia\/wp-content\/uploads\/sites\/3\/2025\/10\/Patata-Boedo-Ojeda-2-300x212.jpeg 300w, https:\/\/www.asajacyl.com\/palencia\/wp-content\/uploads\/sites\/3\/2025\/10\/Patata-Boedo-Ojeda-2-768x543.jpeg 768w, https:\/\/www.asajacyl.com\/palencia\/wp-content\/uploads\/sites\/3\/2025\/10\/Patata-Boedo-Ojeda-2-594x420.jpeg 594w, https:\/\/www.asajacyl.com\/palencia\/wp-content\/uploads\/sites\/3\/2025\/10\/Patata-Boedo-Ojeda-2-696x492.jpeg 696w, https:\/\/www.asajacyl.com\/palencia\/wp-content\/uploads\/sites\/3\/2025\/10\/Patata-Boedo-Ojeda-2-1068x755.jpeg 1068w, https:\/\/www.asajacyl.com\/palencia\/wp-content\/uploads\/sites\/3\/2025\/10\/Patata-Boedo-Ojeda-2.jpeg 1253w\" sizes=\"(max-width: 1024px) 100vw, 1024px\" \/><\/figure>\n\n\n\n<p><\/p>\n","protected":false},"excerpt":{"rendered":"<p>El Boedo y La Ojeda celebran este s\u00e1bado 25 de octubre en Herrera de Pisuerga la Feria de Exaltaci\u00f3n de la Patata que producen estas dos comarcas palentinas, organizada por la mancomunidad de municipios de la zona y el ayuntamiento de la localidad. Los actos comenzar\u00e1n a las diez de la ma\u00f1ana con la apertura [&hellip;]<\/p>\n","protected":false},"author":9,"featured_media":21263,"comment_status":"open","ping_status":"open","sticky":false,"template":"","format":"standard","meta":{"footnotes":""},"categories":[9,31,29,28,13],"tags":[58,1133,351,794,680,194,1134,147,780,123,824,1110,93],"yoast_head":"<!-- This site is optimized with the Yoast SEO plugin v24.5 - https:\/\/yoast.com\/wordpress\/plugins\/seo\/ -->\n<title>Herrera de Pisuerga acoge este s\u00e1bado 25 la Feria de Exaltaci\u00f3n de la patata del Boedo y la Ojeda - ASAJA Palencia<\/title>\n<meta name=\"description\" content=\"El Boedo y La Ojeda celebran este s\u00e1bado 25 de octubre en Herrera de Pisuerga la Feria de Exaltaci\u00f3n de la Patata que producen estas dos comarcas\" \/>\n<meta name=\"robots\" content=\"index, follow, max-snippet:-1, max-image-preview:large, max-video-preview:-1\" \/>\n<link rel=\"canonical\" href=\"https:\/\/www.asajacyl.com\/palencia\/asaja-palencia-informa\/herrera-de-pisuerga-acoge-este-sabado-25-la-feria-de-exaltacion-de-la-patata-del-boedo-y-la-ojeda\" \/>\n<meta property=\"og:locale\" content=\"es_ES\" \/>\n<meta property=\"og:type\" content=\"article\" \/>\n<meta property=\"og:title\" content=\"Herrera de Pisuerga acoge este s\u00e1bado 25 la Feria de Exaltaci\u00f3n de la patata del Boedo y la Ojeda - ASAJA Palencia\" \/>\n<meta property=\"og:description\" content=\"El Boedo y La Ojeda celebran este s\u00e1bado 25 de octubre en Herrera de Pisuerga la Feria de Exaltaci\u00f3n de la Patata que producen estas dos comarcas\" \/>\n<meta property=\"og:url\" content=\"https:\/\/www.asajacyl.com\/palencia\/asaja-palencia-informa\/herrera-de-pisuerga-acoge-este-sabado-25-la-feria-de-exaltacion-de-la-patata-del-boedo-y-la-ojeda\" \/>\n<meta property=\"og:site_name\" content=\"ASAJA Palencia\" \/>\n<meta property=\"article:published_time\" content=\"2025-10-22T10:42:33+00:00\" \/>\n<meta property=\"article:modified_time\" content=\"2025-10-22T10:43:25+00:00\" \/>\n<meta property=\"og:image\" content=\"https:\/\/www.asajacyl.com\/palencia\/wp-content\/uploads\/sites\/3\/2025\/10\/Patata-Boedo-Ojeda-3-web-1024x896.jpg\" \/>\n\t<meta property=\"og:image:width\" content=\"1024\" \/>\n\t<meta property=\"og:image:height\" content=\"896\" \/>\n\t<meta property=\"og:image:type\" content=\"image\/jpeg\" \/>\n<meta name=\"author\" content=\"Administrador\" \/>\n<meta name=\"twitter:card\" content=\"summary_large_image\" \/>\n<meta name=\"twitter:label1\" content=\"Escrito por\" \/>\n\t<meta name=\"twitter:data1\" content=\"Administrador\" \/>\n\t<meta name=\"twitter:label2\" content=\"Tiempo de lectura\" \/>\n\t<meta name=\"twitter:data2\" content=\"3 minutos\" \/>\n<script type=\"application\/ld+json\" class=\"yoast-schema-graph\">{\"@context\":\"https:\/\/schema.org\",\"@graph\":[{\"@type\":\"WebPage\",\"@id\":\"https:\/\/www.asajacyl.com\/palencia\/asaja-palencia-informa\/herrera-de-pisuerga-acoge-este-sabado-25-la-feria-de-exaltacion-de-la-patata-del-boedo-y-la-ojeda\",\"url\":\"https:\/\/www.asajacyl.com\/palencia\/asaja-palencia-informa\/herrera-de-pisuerga-acoge-este-sabado-25-la-feria-de-exaltacion-de-la-patata-del-boedo-y-la-ojeda\",\"name\":\"Herrera de Pisuerga acoge este s\u00e1bado 25 la Feria de Exaltaci\u00f3n de la patata del Boedo y la Ojeda - ASAJA Palencia\",\"isPartOf\":{\"@id\":\"https:\/\/www.asajacyl.com\/palencia\/#website\"},\"primaryImageOfPage\":{\"@id\":\"https:\/\/www.asajacyl.com\/palencia\/asaja-palencia-informa\/herrera-de-pisuerga-acoge-este-sabado-25-la-feria-de-exaltacion-de-la-patata-del-boedo-y-la-ojeda#primaryimage\"},\"image\":{\"@id\":\"https:\/\/www.asajacyl.com\/palencia\/asaja-palencia-informa\/herrera-de-pisuerga-acoge-este-sabado-25-la-feria-de-exaltacion-de-la-patata-del-boedo-y-la-ojeda#primaryimage\"},\"thumbnailUrl\":\"https:\/\/www.asajacyl.com\/palencia\/wp-content\/uploads\/sites\/3\/2025\/10\/Patata-Boedo-Ojeda-3-web.jpg\",\"datePublished\":\"2025-10-22T10:42:33+00:00\",\"dateModified\":\"2025-10-22T10:43:25+00:00\",\"author\":{\"@id\":\"https:\/\/www.asajacyl.com\/palencia\/#\/schema\/person\/3ab17aeb03527485c317557fae64aab1\"},\"description\":\"El Boedo y La Ojeda celebran este s\u00e1bado 25 de octubre en Herrera de Pisuerga la Feria de Exaltaci\u00f3n de la Patata que producen estas dos comarcas\",\"breadcrumb\":{\"@id\":\"https:\/\/www.asajacyl.com\/palencia\/asaja-palencia-informa\/herrera-de-pisuerga-acoge-este-sabado-25-la-feria-de-exaltacion-de-la-patata-del-boedo-y-la-ojeda#breadcrumb\"},\"inLanguage\":\"es\",\"potentialAction\":[{\"@type\":\"ReadAction\",\"target\":[\"https:\/\/www.asajacyl.com\/palencia\/asaja-palencia-informa\/herrera-de-pisuerga-acoge-este-sabado-25-la-feria-de-exaltacion-de-la-patata-del-boedo-y-la-ojeda\"]}]},{\"@type\":\"ImageObject\",\"inLanguage\":\"es\",\"@id\":\"https:\/\/www.asajacyl.com\/palencia\/asaja-palencia-informa\/herrera-de-pisuerga-acoge-este-sabado-25-la-feria-de-exaltacion-de-la-patata-del-boedo-y-la-ojeda#primaryimage\",\"url\":\"https:\/\/www.asajacyl.com\/palencia\/wp-content\/uploads\/sites\/3\/2025\/10\/Patata-Boedo-Ojeda-3-web.jpg\",\"contentUrl\":\"https:\/\/www.asajacyl.com\/palencia\/wp-content\/uploads\/sites\/3\/2025\/10\/Patata-Boedo-Ojeda-3-web.jpg\",\"width\":1890,\"height\":1654},{\"@type\":\"BreadcrumbList\",\"@id\":\"https:\/\/www.asajacyl.com\/palencia\/asaja-palencia-informa\/herrera-de-pisuerga-acoge-este-sabado-25-la-feria-de-exaltacion-de-la-patata-del-boedo-y-la-ojeda#breadcrumb\",\"itemListElement\":[{\"@type\":\"ListItem\",\"position\":1,\"name\":\"Portada\",\"item\":\"https:\/\/www.asajacyl.com\/palencia\/\"},{\"@type\":\"ListItem\",\"position\":2,\"name\":\"Herrera de Pisuerga acoge este s\u00e1bado 25 la Feria de Exaltaci\u00f3n de la patata del Boedo y la Ojeda\"}]},{\"@type\":\"WebSite\",\"@id\":\"https:\/\/www.asajacyl.com\/palencia\/#website\",\"url\":\"https:\/\/www.asajacyl.com\/palencia\/\",\"name\":\"ASAJA Palencia\",\"description\":\"Otro sitio m\u00e1s de Provincias ASAJA Castilla y Le\u00f3n\",\"potentialAction\":[{\"@type\":\"SearchAction\",\"target\":{\"@type\":\"EntryPoint\",\"urlTemplate\":\"https:\/\/www.asajacyl.com\/palencia\/?s={search_term_string}\"},\"query-input\":{\"@type\":\"PropertyValueSpecification\",\"valueRequired\":true,\"valueName\":\"search_term_string\"}}],\"inLanguage\":\"es\"},{\"@type\":\"Person\",\"@id\":\"https:\/\/www.asajacyl.com\/palencia\/#\/schema\/person\/3ab17aeb03527485c317557fae64aab1\",\"name\":\"Administrador\",\"image\":{\"@type\":\"ImageObject\",\"inLanguage\":\"es\",\"@id\":\"https:\/\/www.asajacyl.com\/palencia\/#\/schema\/person\/image\/\",\"url\":\"https:\/\/secure.gravatar.com\/avatar\/517384810d242ca9e38c180f3c9fb973?s=96&d=mm&r=g\",\"contentUrl\":\"https:\/\/secure.gravatar.com\/avatar\/517384810d242ca9e38c180f3c9fb973?s=96&d=mm&r=g\",\"caption\":\"Administrador\"},\"url\":\"https:\/\/www.asajacyl.com\/palencia\/author\/carlosrm\"}]}<\/script>\n<!-- \/ Yoast SEO plugin. -->","yoast_head_json":{"title":"Herrera de Pisuerga acoge este s\u00e1bado 25 la Feria de Exaltaci\u00f3n de la patata del Boedo y la Ojeda - ASAJA Palencia","description":"El Boedo y La Ojeda celebran este s\u00e1bado 25 de octubre en Herrera de Pisuerga la Feria de Exaltaci\u00f3n de la Patata que producen estas dos comarcas","robots":{"index":"index","follow":"follow","max-snippet":"max-snippet:-1","max-image-preview":"max-image-preview:large","max-video-preview":"max-video-preview:-1"},"canonical":"https:\/\/www.asajacyl.com\/palencia\/asaja-palencia-informa\/herrera-de-pisuerga-acoge-este-sabado-25-la-feria-de-exaltacion-de-la-patata-del-boedo-y-la-ojeda","og_locale":"es_ES","og_type":"article","og_title":"Herrera de Pisuerga acoge este s\u00e1bado 25 la Feria de Exaltaci\u00f3n de la patata del Boedo y la Ojeda - ASAJA Palencia","og_description":"El Boedo y La Ojeda celebran este s\u00e1bado 25 de octubre en Herrera de Pisuerga la Feria de Exaltaci\u00f3n de la Patata que producen estas dos comarcas","og_url":"https:\/\/www.asajacyl.com\/palencia\/asaja-palencia-informa\/herrera-de-pisuerga-acoge-este-sabado-25-la-feria-de-exaltacion-de-la-patata-del-boedo-y-la-ojeda","og_site_name":"ASAJA Palencia","article_published_time":"2025-10-22T10:42:33+00:00","article_modified_time":"2025-10-22T10:43:25+00:00","og_image":[{"width":1024,"height":896,"url":"https:\/\/www.asajacyl.com\/palencia\/wp-content\/uploads\/sites\/3\/2025\/10\/Patata-Boedo-Ojeda-3-web-1024x896.jpg","type":"image\/jpeg"}],"author":"Administrador","twitter_card":"summary_large_image","twitter_misc":{"Escrito por":"Administrador","Tiempo de lectura":"3 minutos"},"schema":{"@context":"https:\/\/schema.org","@graph":[{"@type":"WebPage","@id":"https:\/\/www.asajacyl.com\/palencia\/asaja-palencia-informa\/herrera-de-pisuerga-acoge-este-sabado-25-la-feria-de-exaltacion-de-la-patata-del-boedo-y-la-ojeda","url":"https:\/\/www.asajacyl.com\/palencia\/asaja-palencia-informa\/herrera-de-pisuerga-acoge-este-sabado-25-la-feria-de-exaltacion-de-la-patata-del-boedo-y-la-ojeda","name":"Herrera de Pisuerga acoge este s\u00e1bado 25 la Feria de Exaltaci\u00f3n de la patata del Boedo y la Ojeda - ASAJA Palencia","isPartOf":{"@id":"https:\/\/www.asajacyl.com\/palencia\/#website"},"primaryImageOfPage":{"@id":"https:\/\/www.asajacyl.com\/palencia\/asaja-palencia-informa\/herrera-de-pisuerga-acoge-este-sabado-25-la-feria-de-exaltacion-de-la-patata-del-boedo-y-la-ojeda#primaryimage"},"image":{"@id":"https:\/\/www.asajacyl.com\/palencia\/asaja-palencia-informa\/herrera-de-pisuerga-acoge-este-sabado-25-la-feria-de-exaltacion-de-la-patata-del-boedo-y-la-ojeda#primaryimage"},"thumbnailUrl":"https:\/\/www.asajacyl.com\/palencia\/wp-content\/uploads\/sites\/3\/2025\/10\/Patata-Boedo-Ojeda-3-web.jpg","datePublished":"2025-10-22T10:42:33+00:00","dateModified":"2025-10-22T10:43:25+00:00","author":{"@id":"https:\/\/www.asajacyl.com\/palencia\/#\/schema\/person\/3ab17aeb03527485c317557fae64aab1"},"description":"El Boedo y La Ojeda celebran este s\u00e1bado 25 de octubre en Herrera de Pisuerga la Feria de Exaltaci\u00f3n de la Patata que producen estas dos comarcas","breadcrumb":{"@id":"https:\/\/www.asajacyl.com\/palencia\/asaja-palencia-informa\/herrera-de-pisuerga-acoge-este-sabado-25-la-feria-de-exaltacion-de-la-patata-del-boedo-y-la-ojeda#breadcrumb"},"inLanguage":"es","potentialAction":[{"@type":"ReadAction","target":["https:\/\/www.asajacyl.com\/palencia\/asaja-palencia-informa\/herrera-de-pisuerga-acoge-este-sabado-25-la-feria-de-exaltacion-de-la-patata-del-boedo-y-la-ojeda"]}]},{"@type":"ImageObject","inLanguage":"es","@id":"https:\/\/www.asajacyl.com\/palencia\/asaja-palencia-informa\/herrera-de-pisuerga-acoge-este-sabado-25-la-feria-de-exaltacion-de-la-patata-del-boedo-y-la-ojeda#primaryimage","url":"https:\/\/www.asajacyl.com\/palencia\/wp-content\/uploads\/sites\/3\/2025\/10\/Patata-Boedo-Ojeda-3-web.jpg","contentUrl":"https:\/\/www.asajacyl.com\/palencia\/wp-content\/uploads\/sites\/3\/2025\/10\/Patata-Boedo-Ojeda-3-web.jpg","width":1890,"height":1654},{"@type":"BreadcrumbList","@id":"https:\/\/www.asajacyl.com\/palencia\/asaja-palencia-informa\/herrera-de-pisuerga-acoge-este-sabado-25-la-feria-de-exaltacion-de-la-patata-del-boedo-y-la-ojeda#breadcrumb","itemListElement":[{"@type":"ListItem","position":1,"name":"Portada","item":"https:\/\/www.asajacyl.com\/palencia\/"},{"@type":"ListItem","position":2,"name":"Herrera de Pisuerga acoge este s\u00e1bado 25 la Feria de Exaltaci\u00f3n de la patata del Boedo y la Ojeda"}]},{"@type":"WebSite","@id":"https:\/\/www.asajacyl.com\/palencia\/#website","url":"https:\/\/www.asajacyl.com\/palencia\/","name":"ASAJA Palencia","description":"Otro sitio m\u00e1s de Provincias ASAJA Castilla y Le\u00f3n","potentialAction":[{"@type":"SearchAction","target":{"@type":"EntryPoint","urlTemplate":"https:\/\/www.asajacyl.com\/palencia\/?s={search_term_string}"},"query-input":{"@type":"PropertyValueSpecification","valueRequired":true,"valueName":"search_term_string"}}],"inLanguage":"es"},{"@type":"Person","@id":"https:\/\/www.asajacyl.com\/palencia\/#\/schema\/person\/3ab17aeb03527485c317557fae64aab1","name":"Administrador","image":{"@type":"ImageObject","inLanguage":"es","@id":"https:\/\/www.asajacyl.com\/palencia\/#\/schema\/person\/image\/","url":"https:\/\/secure.gravatar.com\/avatar\/517384810d242ca9e38c180f3c9fb973?s=96&d=mm&r=g","contentUrl":"https:\/\/secure.gravatar.com\/avatar\/517384810d242ca9e38c180f3c9fb973?s=96&d=mm&r=g","caption":"Administrador"},"url":"https:\/\/www.asajacyl.com\/palencia\/author\/carlosrm"}]}},"_links":{"self":[{"href":"https:\/\/www.asajacyl.com\/palencia\/wp-json\/wp\/v2\/posts\/21258"}],"collection":[{"href":"https:\/\/www.asajacyl.com\/palencia\/wp-json\/wp\/v2\/posts"}],"about":[{"href":"https:\/\/www.asajacyl.com\/palencia\/wp-json\/wp\/v2\/types\/post"}],"author":[{"embeddable":true,"href":"https:\/\/www.asajacyl.com\/palencia\/wp-json\/wp\/v2\/users\/9"}],"replies":[{"embeddable":true,"href":"https:\/\/www.asajacyl.com\/palencia\/wp-json\/wp\/v2\/comments?post=21258"}],"version-history":[{"count":3,"href":"https:\/\/www.asajacyl.com\/palencia\/wp-json\/wp\/v2\/posts\/21258\/revisions"}],"predecessor-version":[{"id":21265,"href":"https:\/\/www.asajacyl.com\/palencia\/wp-json\/wp\/v2\/posts\/21258\/revisions\/21265"}],"wp:featuredmedia":[{"embeddable":true,"href":"https:\/\/www.asajacyl.com\/palencia\/wp-json\/wp\/v2\/media\/21263"}],"wp:attachment":[{"href":"https:\/\/www.asajacyl.com\/palencia\/wp-json\/wp\/v2\/media?parent=21258"}],"wp:term":[{"taxonomy":"category","embeddable":true,"href":"https:\/\/www.asajacyl.com\/palencia\/wp-json\/wp\/v2\/categories?post=21258"},{"taxonomy":"post_tag","embeddable":true,"href":"https:\/\/www.asajacyl.com\/palencia\/wp-json\/wp\/v2\/tags?post=21258"}],"curies":[{"name":"wp","href":"https:\/\/api.w.org\/{rel}","templated":true}]}}