{"id":21269,"date":"2025-10-23T07:30:00","date_gmt":"2025-10-23T05:30:00","guid":{"rendered":"https:\/\/www.asajacyl.com\/palencia\/?p=21269"},"modified":"2025-10-22T17:52:12","modified_gmt":"2025-10-22T15:52:12","slug":"leve-subida-de-la-cebada-y-hundimiento-de-la-cotizacion-de-la-patata-en-la-lonja-de-leon","status":"publish","type":"post","link":"https:\/\/www.asajacyl.com\/palencia\/asaja-palencia-informa\/leve-subida-de-la-cebada-y-hundimiento-de-la-cotizacion-de-la-patata-en-la-lonja-de-leon","title":{"rendered":"Leve subida del precio de la cebada y hundimiento de la cotizaci\u00f3n de las patatas en la Lonja de Le\u00f3n"},"content":{"rendered":"\n<h2 class=\"wp-block-heading\">La Lonja de Le\u00f3n ha constatado esta semana una nueva subida de la cebada (dos euros m\u00e1s por tonelada), \u00fanico cereal donde se aprecia cierto movimiento al alza, y el hundimiento de la cotizaci\u00f3n de la patata, que hace aproximadamente un mes volvi\u00f3 a las tablillas con unos primeros precios de campa\u00f1a por debajo de los costes de producci\u00f3n. La bajada es de veinte euros por tonelada en la variedad agria, que opera a tan s\u00f3lo catorce c\u00e9ntimos el kilo, seg\u00fan los \u00faltimos contratos visados en la lonja leonesa.<\/h2>\n\n\n\n<p>La cebada sigue como cereal m\u00e1s demandado, lo que explica el ligero repunte vivido en las \u00faltimas semanas. De los 177 euros\/tonelada en los que comenz\u00f3 el mes de octubre en la Lonja de Le\u00f3n ha pasado en esta misma plaza a los 182 euros\/tonelada actuales, una ganancia que acaso funcione de leve acicate para este momento de sementera en un panorama de desaliento entre los agricultores cerealistas.<\/p>\n\n\n\n<p>Recordemos que la pasada campa\u00f1a se cultivaron en la provincia de Palencia casi 107 200 hect\u00e1reas de cebada (de ellas, menos de 10 500 en regad\u00edo), que se destinaron a grano en casi su totalidad (unas 400 se cortaron para forraje), seg\u00fan las superficies declaradas en las PAC de 2025 que constan en la Consejer\u00eda de Agricultura, Ganader\u00eda y Desarrollo Rural de la Junta de Castilla y Le\u00f3n.<\/p>\n\n\n\n<p>Se trata, pues, del segundo cultivo en superficie en Palencia, s\u00f3lo superado por el trigo (136 400 hect\u00e1reas en las PAC 2025). El rendimiento de las cebadas en la pasada campa\u00f1a fue extraordinariamente bueno en el campo palentino, con un promedio de 5170 kilos\/hect\u00e1rea (unos 5100 en secano y casi 5800 en regad\u00edo). Se alcanzaron las seis toneladas por hect\u00e1rea en los regad\u00edos de Campos y unos 5400 kilos en los secanos de esta zona, cifras que no se dan todos los veranos, ni mucho menos.<\/p>\n\n\n\n<p><strong>CA\u00cdDA DEL 15 % EN DOS A\u00d1OS.<\/strong> Con todo, los precios siguen muy bajos en todos los cereales: de hecho, la misma cebada, aun despu\u00e9s de esta activaci\u00f3n de octubre, presenta hoy una ca\u00edda interanual superior al 8 % (operaba hace ahora un a\u00f1o a 198 \u20ac\/t) y de m\u00e1s del 15 % con respeto a la cotizaci\u00f3n de hace dos a\u00f1os (215 \u20ac\/t); para no remontarse a los 338 euros\/tonelada que alcanzaba en octubre de 2022, un nivel tampoco deseable por parte de los agricultores, por su repercusi\u00f3n en los costes de la alimentaci\u00f3n ganadera, inflaci\u00f3n derivada de la guerra de Ucrania que hab\u00eda empezado en febrero de ese a\u00f1o.<\/p>\n\n\n\n<p>Por su parte, en la mesa de patata de la Lonja de Le\u00f3n, todas las variedades han ca\u00eddo de precio esta semana. La agria, en mayor medida, al bajar veinte euros por tonelada, con lo que opera a tan s\u00f3lo 140 euros\/tonelada. Diez euros tonelada perdieron en la sesi\u00f3n de este mi\u00e9rcoles el resto de las variedades cotizadas. Los cultivadores de este tub\u00e9rculo que no tengan contrato van a resentirse mucho con estos niveles subterr\u00e1neos de una producci\u00f3n que se paga hoy pr\u00e1cticamente a la mitad de precio que hace un a\u00f1o.<strong>\/<\/strong> <\/p>\n\n\n\n<figure class=\"wp-block-image size-large is-resized\"><img loading=\"lazy\" decoding=\"async\" width=\"1024\" height=\"768\" src=\"https:\/\/www.asajacyl.com\/palencia\/wp-content\/uploads\/sites\/3\/2025\/10\/Precios-agricultura-22oct2025-1024x768.png\" alt=\"\" class=\"wp-image-21270\" style=\"width:1065px;height:auto\" srcset=\"https:\/\/www.asajacyl.com\/palencia\/wp-content\/uploads\/sites\/3\/2025\/10\/Precios-agricultura-22oct2025-1024x768.png 1024w, https:\/\/www.asajacyl.com\/palencia\/wp-content\/uploads\/sites\/3\/2025\/10\/Precios-agricultura-22oct2025-300x225.png 300w, https:\/\/www.asajacyl.com\/palencia\/wp-content\/uploads\/sites\/3\/2025\/10\/Precios-agricultura-22oct2025-768x576.png 768w, https:\/\/www.asajacyl.com\/palencia\/wp-content\/uploads\/sites\/3\/2025\/10\/Precios-agricultura-22oct2025-1536x1152.png 1536w, https:\/\/www.asajacyl.com\/palencia\/wp-content\/uploads\/sites\/3\/2025\/10\/Precios-agricultura-22oct2025-2048x1536.png 2048w, https:\/\/www.asajacyl.com\/palencia\/wp-content\/uploads\/sites\/3\/2025\/10\/Precios-agricultura-22oct2025-560x420.png 560w, https:\/\/www.asajacyl.com\/palencia\/wp-content\/uploads\/sites\/3\/2025\/10\/Precios-agricultura-22oct2025-80x60.png 80w, https:\/\/www.asajacyl.com\/palencia\/wp-content\/uploads\/sites\/3\/2025\/10\/Precios-agricultura-22oct2025-696x522.png 696w, https:\/\/www.asajacyl.com\/palencia\/wp-content\/uploads\/sites\/3\/2025\/10\/Precios-agricultura-22oct2025-1068x801.png 1068w, https:\/\/www.asajacyl.com\/palencia\/wp-content\/uploads\/sites\/3\/2025\/10\/Precios-agricultura-22oct2025-1920x1440.png 1920w\" sizes=\"(max-width: 1024px) 100vw, 1024px\" \/><\/figure>\n","protected":false},"excerpt":{"rendered":"<p>La Lonja de Le\u00f3n ha constatado esta semana una nueva subida de la cebada (dos euros m\u00e1s por tonelada), \u00fanico cereal donde se aprecia cierto movimiento al alza, y el hundimiento de la cotizaci\u00f3n de la patata, que hace aproximadamente un mes volvi\u00f3 a las tablillas con unos primeros precios de campa\u00f1a por debajo de [&hellip;]<\/p>\n","protected":false},"author":9,"featured_media":21272,"comment_status":"open","ping_status":"open","sticky":false,"template":"","format":"standard","meta":{"footnotes":""},"categories":[9,29,36,28,13],"tags":[58,290,221,289,46,166,77,194,293,219,147,757,824],"yoast_head":"<!-- This site is optimized with the Yoast SEO plugin v24.5 - https:\/\/yoast.com\/wordpress\/plugins\/seo\/ -->\n<title>Leve subida del precio de la cebada y hundimiento de la cotizaci\u00f3n de las patatas en la Lonja de Le\u00f3n - ASAJA Palencia<\/title>\n<meta name=\"description\" content=\"La Lonja de Le\u00f3n ha constatado esta semana una nueva subida de la cebada (dos euros m\u00e1s por tonelada), \u00fanico cereal donde se aprecia cierto movimiento al\" \/>\n<meta name=\"robots\" content=\"index, follow, max-snippet:-1, max-image-preview:large, max-video-preview:-1\" \/>\n<link rel=\"canonical\" href=\"https:\/\/www.asajacyl.com\/palencia\/asaja-palencia-informa\/leve-subida-de-la-cebada-y-hundimiento-de-la-cotizacion-de-la-patata-en-la-lonja-de-leon\" \/>\n<meta property=\"og:locale\" content=\"es_ES\" \/>\n<meta property=\"og:type\" content=\"article\" \/>\n<meta property=\"og:title\" content=\"Leve subida del precio de la cebada y hundimiento de la cotizaci\u00f3n de las patatas en la Lonja de Le\u00f3n - ASAJA Palencia\" \/>\n<meta property=\"og:description\" content=\"La Lonja de Le\u00f3n ha constatado esta semana una nueva subida de la cebada (dos euros m\u00e1s por tonelada), \u00fanico cereal donde se aprecia cierto movimiento al\" \/>\n<meta property=\"og:url\" content=\"https:\/\/www.asajacyl.com\/palencia\/asaja-palencia-informa\/leve-subida-de-la-cebada-y-hundimiento-de-la-cotizacion-de-la-patata-en-la-lonja-de-leon\" \/>\n<meta property=\"og:site_name\" content=\"ASAJA Palencia\" \/>\n<meta property=\"article:published_time\" content=\"2025-10-23T05:30:00+00:00\" \/>\n<meta property=\"og:image\" content=\"https:\/\/www.asajacyl.com\/palencia\/wp-content\/uploads\/sites\/3\/2025\/10\/Patatas-Soto-de-Cerrato-cosecha-web.jpg\" \/>\n\t<meta property=\"og:image:width\" content=\"1890\" \/>\n\t<meta property=\"og:image:height\" content=\"1654\" \/>\n\t<meta property=\"og:image:type\" content=\"image\/jpeg\" \/>\n<meta name=\"author\" content=\"Administrador\" \/>\n<meta name=\"twitter:card\" content=\"summary_large_image\" \/>\n<meta name=\"twitter:label1\" content=\"Escrito por\" \/>\n\t<meta name=\"twitter:data1\" content=\"Administrador\" \/>\n\t<meta name=\"twitter:label2\" content=\"Tiempo de lectura\" \/>\n\t<meta name=\"twitter:data2\" content=\"3 minutos\" \/>\n<script type=\"application\/ld+json\" class=\"yoast-schema-graph\">{\"@context\":\"https:\/\/schema.org\",\"@graph\":[{\"@type\":\"WebPage\",\"@id\":\"https:\/\/www.asajacyl.com\/palencia\/asaja-palencia-informa\/leve-subida-de-la-cebada-y-hundimiento-de-la-cotizacion-de-la-patata-en-la-lonja-de-leon\",\"url\":\"https:\/\/www.asajacyl.com\/palencia\/asaja-palencia-informa\/leve-subida-de-la-cebada-y-hundimiento-de-la-cotizacion-de-la-patata-en-la-lonja-de-leon\",\"name\":\"Leve subida del precio de la cebada y hundimiento de la cotizaci\u00f3n de las patatas en la Lonja de Le\u00f3n - ASAJA Palencia\",\"isPartOf\":{\"@id\":\"https:\/\/www.asajacyl.com\/palencia\/#website\"},\"primaryImageOfPage\":{\"@id\":\"https:\/\/www.asajacyl.com\/palencia\/asaja-palencia-informa\/leve-subida-de-la-cebada-y-hundimiento-de-la-cotizacion-de-la-patata-en-la-lonja-de-leon#primaryimage\"},\"image\":{\"@id\":\"https:\/\/www.asajacyl.com\/palencia\/asaja-palencia-informa\/leve-subida-de-la-cebada-y-hundimiento-de-la-cotizacion-de-la-patata-en-la-lonja-de-leon#primaryimage\"},\"thumbnailUrl\":\"https:\/\/www.asajacyl.com\/palencia\/wp-content\/uploads\/sites\/3\/2025\/10\/Patatas-Soto-de-Cerrato-cosecha-web.jpg\",\"datePublished\":\"2025-10-23T05:30:00+00:00\",\"author\":{\"@id\":\"https:\/\/www.asajacyl.com\/palencia\/#\/schema\/person\/3ab17aeb03527485c317557fae64aab1\"},\"description\":\"La Lonja de Le\u00f3n ha constatado esta semana una nueva subida de la cebada (dos euros m\u00e1s por tonelada), \u00fanico cereal donde se aprecia cierto movimiento al\",\"breadcrumb\":{\"@id\":\"https:\/\/www.asajacyl.com\/palencia\/asaja-palencia-informa\/leve-subida-de-la-cebada-y-hundimiento-de-la-cotizacion-de-la-patata-en-la-lonja-de-leon#breadcrumb\"},\"inLanguage\":\"es\",\"potentialAction\":[{\"@type\":\"ReadAction\",\"target\":[\"https:\/\/www.asajacyl.com\/palencia\/asaja-palencia-informa\/leve-subida-de-la-cebada-y-hundimiento-de-la-cotizacion-de-la-patata-en-la-lonja-de-leon\"]}]},{\"@type\":\"ImageObject\",\"inLanguage\":\"es\",\"@id\":\"https:\/\/www.asajacyl.com\/palencia\/asaja-palencia-informa\/leve-subida-de-la-cebada-y-hundimiento-de-la-cotizacion-de-la-patata-en-la-lonja-de-leon#primaryimage\",\"url\":\"https:\/\/www.asajacyl.com\/palencia\/wp-content\/uploads\/sites\/3\/2025\/10\/Patatas-Soto-de-Cerrato-cosecha-web.jpg\",\"contentUrl\":\"https:\/\/www.asajacyl.com\/palencia\/wp-content\/uploads\/sites\/3\/2025\/10\/Patatas-Soto-de-Cerrato-cosecha-web.jpg\",\"width\":1890,\"height\":1654},{\"@type\":\"BreadcrumbList\",\"@id\":\"https:\/\/www.asajacyl.com\/palencia\/asaja-palencia-informa\/leve-subida-de-la-cebada-y-hundimiento-de-la-cotizacion-de-la-patata-en-la-lonja-de-leon#breadcrumb\",\"itemListElement\":[{\"@type\":\"ListItem\",\"position\":1,\"name\":\"Portada\",\"item\":\"https:\/\/www.asajacyl.com\/palencia\/\"},{\"@type\":\"ListItem\",\"position\":2,\"name\":\"Leve subida del precio de la cebada y hundimiento de la cotizaci\u00f3n de las patatas en la Lonja de Le\u00f3n\"}]},{\"@type\":\"WebSite\",\"@id\":\"https:\/\/www.asajacyl.com\/palencia\/#website\",\"url\":\"https:\/\/www.asajacyl.com\/palencia\/\",\"name\":\"ASAJA Palencia\",\"description\":\"Otro sitio m\u00e1s de Provincias ASAJA Castilla y Le\u00f3n\",\"potentialAction\":[{\"@type\":\"SearchAction\",\"target\":{\"@type\":\"EntryPoint\",\"urlTemplate\":\"https:\/\/www.asajacyl.com\/palencia\/?s={search_term_string}\"},\"query-input\":{\"@type\":\"PropertyValueSpecification\",\"valueRequired\":true,\"valueName\":\"search_term_string\"}}],\"inLanguage\":\"es\"},{\"@type\":\"Person\",\"@id\":\"https:\/\/www.asajacyl.com\/palencia\/#\/schema\/person\/3ab17aeb03527485c317557fae64aab1\",\"name\":\"Administrador\",\"image\":{\"@type\":\"ImageObject\",\"inLanguage\":\"es\",\"@id\":\"https:\/\/www.asajacyl.com\/palencia\/#\/schema\/person\/image\/\",\"url\":\"https:\/\/secure.gravatar.com\/avatar\/517384810d242ca9e38c180f3c9fb973?s=96&d=mm&r=g\",\"contentUrl\":\"https:\/\/secure.gravatar.com\/avatar\/517384810d242ca9e38c180f3c9fb973?s=96&d=mm&r=g\",\"caption\":\"Administrador\"},\"url\":\"https:\/\/www.asajacyl.com\/palencia\/author\/carlosrm\"}]}<\/script>\n<!-- \/ Yoast SEO plugin. -->","yoast_head_json":{"title":"Leve subida del precio de la cebada y hundimiento de la cotizaci\u00f3n de las patatas en la Lonja de Le\u00f3n - ASAJA Palencia","description":"La Lonja de Le\u00f3n ha constatado esta semana una nueva subida de la cebada (dos euros m\u00e1s por tonelada), \u00fanico cereal donde se aprecia cierto movimiento al","robots":{"index":"index","follow":"follow","max-snippet":"max-snippet:-1","max-image-preview":"max-image-preview:large","max-video-preview":"max-video-preview:-1"},"canonical":"https:\/\/www.asajacyl.com\/palencia\/asaja-palencia-informa\/leve-subida-de-la-cebada-y-hundimiento-de-la-cotizacion-de-la-patata-en-la-lonja-de-leon","og_locale":"es_ES","og_type":"article","og_title":"Leve subida del precio de la cebada y hundimiento de la cotizaci\u00f3n de las patatas en la Lonja de Le\u00f3n - ASAJA Palencia","og_description":"La Lonja de Le\u00f3n ha constatado esta semana una nueva subida de la cebada (dos euros m\u00e1s por tonelada), \u00fanico cereal donde se aprecia cierto movimiento al","og_url":"https:\/\/www.asajacyl.com\/palencia\/asaja-palencia-informa\/leve-subida-de-la-cebada-y-hundimiento-de-la-cotizacion-de-la-patata-en-la-lonja-de-leon","og_site_name":"ASAJA Palencia","article_published_time":"2025-10-23T05:30:00+00:00","og_image":[{"width":1890,"height":1654,"url":"https:\/\/www.asajacyl.com\/palencia\/wp-content\/uploads\/sites\/3\/2025\/10\/Patatas-Soto-de-Cerrato-cosecha-web.jpg","type":"image\/jpeg"}],"author":"Administrador","twitter_card":"summary_large_image","twitter_misc":{"Escrito por":"Administrador","Tiempo de lectura":"3 minutos"},"schema":{"@context":"https:\/\/schema.org","@graph":[{"@type":"WebPage","@id":"https:\/\/www.asajacyl.com\/palencia\/asaja-palencia-informa\/leve-subida-de-la-cebada-y-hundimiento-de-la-cotizacion-de-la-patata-en-la-lonja-de-leon","url":"https:\/\/www.asajacyl.com\/palencia\/asaja-palencia-informa\/leve-subida-de-la-cebada-y-hundimiento-de-la-cotizacion-de-la-patata-en-la-lonja-de-leon","name":"Leve subida del precio de la cebada y hundimiento de la cotizaci\u00f3n de las patatas en la Lonja de Le\u00f3n - ASAJA Palencia","isPartOf":{"@id":"https:\/\/www.asajacyl.com\/palencia\/#website"},"primaryImageOfPage":{"@id":"https:\/\/www.asajacyl.com\/palencia\/asaja-palencia-informa\/leve-subida-de-la-cebada-y-hundimiento-de-la-cotizacion-de-la-patata-en-la-lonja-de-leon#primaryimage"},"image":{"@id":"https:\/\/www.asajacyl.com\/palencia\/asaja-palencia-informa\/leve-subida-de-la-cebada-y-hundimiento-de-la-cotizacion-de-la-patata-en-la-lonja-de-leon#primaryimage"},"thumbnailUrl":"https:\/\/www.asajacyl.com\/palencia\/wp-content\/uploads\/sites\/3\/2025\/10\/Patatas-Soto-de-Cerrato-cosecha-web.jpg","datePublished":"2025-10-23T05:30:00+00:00","author":{"@id":"https:\/\/www.asajacyl.com\/palencia\/#\/schema\/person\/3ab17aeb03527485c317557fae64aab1"},"description":"La Lonja de Le\u00f3n ha constatado esta semana una nueva subida de la cebada (dos euros m\u00e1s por tonelada), \u00fanico cereal donde se aprecia cierto movimiento al","breadcrumb":{"@id":"https:\/\/www.asajacyl.com\/palencia\/asaja-palencia-informa\/leve-subida-de-la-cebada-y-hundimiento-de-la-cotizacion-de-la-patata-en-la-lonja-de-leon#breadcrumb"},"inLanguage":"es","potentialAction":[{"@type":"ReadAction","target":["https:\/\/www.asajacyl.com\/palencia\/asaja-palencia-informa\/leve-subida-de-la-cebada-y-hundimiento-de-la-cotizacion-de-la-patata-en-la-lonja-de-leon"]}]},{"@type":"ImageObject","inLanguage":"es","@id":"https:\/\/www.asajacyl.com\/palencia\/asaja-palencia-informa\/leve-subida-de-la-cebada-y-hundimiento-de-la-cotizacion-de-la-patata-en-la-lonja-de-leon#primaryimage","url":"https:\/\/www.asajacyl.com\/palencia\/wp-content\/uploads\/sites\/3\/2025\/10\/Patatas-Soto-de-Cerrato-cosecha-web.jpg","contentUrl":"https:\/\/www.asajacyl.com\/palencia\/wp-content\/uploads\/sites\/3\/2025\/10\/Patatas-Soto-de-Cerrato-cosecha-web.jpg","width":1890,"height":1654},{"@type":"BreadcrumbList","@id":"https:\/\/www.asajacyl.com\/palencia\/asaja-palencia-informa\/leve-subida-de-la-cebada-y-hundimiento-de-la-cotizacion-de-la-patata-en-la-lonja-de-leon#breadcrumb","itemListElement":[{"@type":"ListItem","position":1,"name":"Portada","item":"https:\/\/www.asajacyl.com\/palencia\/"},{"@type":"ListItem","position":2,"name":"Leve subida del precio de la cebada y hundimiento de la cotizaci\u00f3n de las patatas en la Lonja de Le\u00f3n"}]},{"@type":"WebSite","@id":"https:\/\/www.asajacyl.com\/palencia\/#website","url":"https:\/\/www.asajacyl.com\/palencia\/","name":"ASAJA Palencia","description":"Otro sitio m\u00e1s de Provincias ASAJA Castilla y Le\u00f3n","potentialAction":[{"@type":"SearchAction","target":{"@type":"EntryPoint","urlTemplate":"https:\/\/www.asajacyl.com\/palencia\/?s={search_term_string}"},"query-input":{"@type":"PropertyValueSpecification","valueRequired":true,"valueName":"search_term_string"}}],"inLanguage":"es"},{"@type":"Person","@id":"https:\/\/www.asajacyl.com\/palencia\/#\/schema\/person\/3ab17aeb03527485c317557fae64aab1","name":"Administrador","image":{"@type":"ImageObject","inLanguage":"es","@id":"https:\/\/www.asajacyl.com\/palencia\/#\/schema\/person\/image\/","url":"https:\/\/secure.gravatar.com\/avatar\/517384810d242ca9e38c180f3c9fb973?s=96&d=mm&r=g","contentUrl":"https:\/\/secure.gravatar.com\/avatar\/517384810d242ca9e38c180f3c9fb973?s=96&d=mm&r=g","caption":"Administrador"},"url":"https:\/\/www.asajacyl.com\/palencia\/author\/carlosrm"}]}},"_links":{"self":[{"href":"https:\/\/www.asajacyl.com\/palencia\/wp-json\/wp\/v2\/posts\/21269"}],"collection":[{"href":"https:\/\/www.asajacyl.com\/palencia\/wp-json\/wp\/v2\/posts"}],"about":[{"href":"https:\/\/www.asajacyl.com\/palencia\/wp-json\/wp\/v2\/types\/post"}],"author":[{"embeddable":true,"href":"https:\/\/www.asajacyl.com\/palencia\/wp-json\/wp\/v2\/users\/9"}],"replies":[{"embeddable":true,"href":"https:\/\/www.asajacyl.com\/palencia\/wp-json\/wp\/v2\/comments?post=21269"}],"version-history":[{"count":5,"href":"https:\/\/www.asajacyl.com\/palencia\/wp-json\/wp\/v2\/posts\/21269\/revisions"}],"predecessor-version":[{"id":21277,"href":"https:\/\/www.asajacyl.com\/palencia\/wp-json\/wp\/v2\/posts\/21269\/revisions\/21277"}],"wp:featuredmedia":[{"embeddable":true,"href":"https:\/\/www.asajacyl.com\/palencia\/wp-json\/wp\/v2\/media\/21272"}],"wp:attachment":[{"href":"https:\/\/www.asajacyl.com\/palencia\/wp-json\/wp\/v2\/media?parent=21269"}],"wp:term":[{"taxonomy":"category","embeddable":true,"href":"https:\/\/www.asajacyl.com\/palencia\/wp-json\/wp\/v2\/categories?post=21269"},{"taxonomy":"post_tag","embeddable":true,"href":"https:\/\/www.asajacyl.com\/palencia\/wp-json\/wp\/v2\/tags?post=21269"}],"curies":[{"name":"wp","href":"https:\/\/api.w.org\/{rel}","templated":true}]}}