{"id":21278,"date":"2025-10-25T09:00:00","date_gmt":"2025-10-25T07:00:00","guid":{"rendered":"https:\/\/www.asajacyl.com\/palencia\/?p=21278"},"modified":"2025-10-23T08:56:49","modified_gmt":"2025-10-23T06:56:49","slug":"asaja-denuncia-la-falta-de-apoyo-real-a-los-jovenes-agricultores-por-parte-de-la-comision-europea","status":"publish","type":"post","link":"https:\/\/www.asajacyl.com\/palencia\/asaja-palencia-informa\/asaja-denuncia-la-falta-de-apoyo-real-a-los-jovenes-agricultores-por-parte-de-la-comision-europea","title":{"rendered":"ASAJA denuncia la falta de apoyo real a los j\u00f3venes agricultores por parte de la Comisi\u00f3n Europea"},"content":{"rendered":"\n<h2 class=\"wp-block-heading\">ASAJA\u00a0expresa su profunda preocupaci\u00f3n tras publicar la\u00a0Comisi\u00f3n Europea su\u00a0estrategia para el relevo generacional en la agricultura y la ganader\u00eda comunitarias. La presentaci\u00f3n por parte del comisario europeo de Agricultura, Christophe Hansen, ha coincidido con la\u00a0<a href=\"https:\/\/www.asajacyl.com\/palencia\/asaja-palencia-informa\/asaja-protesta-en-estrasburgo-para-defender-el-sector-agrario-de-la-ue-y-rechazar-la-nueva-pac\" target=\"_blank\" rel=\"noreferrer noopener\">manifestaci\u00f3n rel\u00e1mpago\u00a0organizada frente al\u00a0Parlamento Europeo\u00a0en Estrasburgo<\/a> por\u00a0las organizaciones profesionales y las cooperativas agroganaderas del espacio comunitario (Copa-Cogeca), en la que ASAJA particip\u00f3 activamente, para protestar contra las\u00a0inaceptables propuestas de reforma\u00a0del\u00a0Marco Financiero Plurianual (MFP)\u00a0y de la\u00a0Pol\u00edtica Agr\u00edcola Com\u00fan (PAC).<\/h2>\n\n\n\n<p>La propuesta de la Comisi\u00f3n Europea\u00a0carece de sentido y resulta insuficiente, especialmente en el contexto del avance de estos dos documentos para el periodo 2028-2034. Para ASAJA, la estrategia es una mera declaraci\u00f3n de intenciones, y desconcierta por la falta de coordinaci\u00f3n entre las distintas instituciones europeas, lo que deja en entredicho la ambici\u00f3n real de apoyar a los j\u00f3venes profesionales del campo.<\/p>\n\n\n\n<p>ASAJA ha presentado sus enmiendas, ha denunciado los vac\u00edos existentes y ha propuesto medidas concretas para ese apoyo real al rejuvenecimiento del sector agroganadero. Entre nuestras reclamaciones, destacan las siguientes:<\/p>\n\n\n\n<ul>\n<li>Reconocer <strong>la rentabilidad como requisito previo<\/strong>\u00a0para la renovaci\u00f3n generacional, mediante desgravaciones fiscales sobre insumos b\u00e1sicos y un mecanismo obligatorio de precios justos en toda la UE.<\/li>\n\n\n\n<li>Apoyar la<strong> agricultura familiar y profesional<\/strong>, as\u00ed como las explotaciones dirigidas por j\u00f3venes, garantizando igualdad de trato e igualdad de acceso a las ayudas, independientemente del tama\u00f1o de la explotaci\u00f3n.<\/li>\n\n\n\n<li>Introducir <strong>incentivos fiscales<\/strong>\u00a0para la compra, herencia y transmisi\u00f3n de tierras agr\u00edcolas, respetando plenamente la propiedad privada.<\/li>\n\n\n\n<li>Dar prioridad a los <strong>territorios rurales m\u00e1s vulnerables,<\/strong>\u00a0especialmente las zonas m\u00e1s despobladas y con m\u00e1s desempleo juvenil. Deben beneficiarse de mayores tasas de cofinanciaci\u00f3n, acceso preferente a fondos y apoyo t\u00e9cnico espec\u00edfico, como herramientas para frenar el \u00e9xodo rural.<\/li>\n\n\n\n<li>Asegurar la <strong>igualdad de participaci\u00f3n<\/strong>\u00a0para todos los j\u00f3venes agricultores <strong>sin distinciones sexistas<\/strong>.<\/li>\n\n\n\n<li>Garantizar la<strong> cohesi\u00f3n presupuestaria entre regiones<\/strong>\u00a0dentro de cada estado miembro, evitando desigualdades internas.<\/li>\n\n\n\n<li>Impulsar la<strong> inversi\u00f3n estrat\u00e9gica en infraestructuras de riego, modernizaci\u00f3n y digitalizaci\u00f3n<\/strong>. Esas inversiones deben incluir tanto la construcci\u00f3n y mejora de infraestructuras de riego como la modernizaci\u00f3n y automatizaci\u00f3n de sistemas existentes mediante tecnolog\u00edas digitales y sensores inteligentes. <span style=\"text-decoration: underline\">El acceso al riego debe reconocerse como un factor clave de permanencia, rentabilidad y crecimiento<\/span>: la experiencia en pa\u00edses como Espa\u00f1a muestra la fuerte correlaci\u00f3n entre riego y viabilidad econ\u00f3mica a largo plazo de las explotaciones j\u00f3venes.<\/li>\n<\/ul>\n\n\n\n<p>La organizaci\u00f3n coincide con el\u00a0Comit\u00e9 Europeo de J\u00f3venes Agricultores\u00a0(CEJA)\u00a0en que la estrategia no debe quedarse en meras declaraciones de intenci\u00f3n. Su \u00e9xito depender\u00e1 de avances reales sobre el terreno y de su aplicaci\u00f3n efectiva por parte de las instituciones europeas y los estados miembros. Sin garant\u00edas s\u00f3lidas y compromisos financieros claros a nivel de la UE, la iniciativa corre el riesgo de quedarse en papel mojado, generando desigualdades entre j\u00f3venes agricultores y ganaderos de distintos pa\u00edses y regiones.<\/p>\n\n\n\n<p><strong>PORCENTAJE M\u00cdNIMO. <\/strong>Por ello, se insiste en que todos los estados miembros deben contar con un porcentaje m\u00ednimo de presupuesto destinado a los j\u00f3venes profesionales, de modo que se garantice un compromiso financiero estable y se eviten distorsiones competitivas.\u00a0No podemos depender \u00fanicamente de la voluntad pol\u00edtica de cada pa\u00eds. S\u00f3lo una financiaci\u00f3n homog\u00e9nea permitir\u00e1 al joven agricultor y ganadero permanecer y desarrollarse en su explotaci\u00f3n.<\/p>\n\n\n\n<p>ASAJA insta al\u00a0Consejo Europeo y al Parlamento Europeo a restablecer la credibilidad de los instrumentos de la futura PAC, y a cumplir con la ambici\u00f3n de apoyar de manera real y equitativa a los j\u00f3venes agricultores y ganaderos, pilares del futuro del sector agrario europeo.<strong>\/<\/strong><\/p>\n","protected":false},"excerpt":{"rendered":"<p>ASAJA\u00a0expresa su profunda preocupaci\u00f3n tras publicar la\u00a0Comisi\u00f3n Europea su\u00a0estrategia para el relevo generacional en la agricultura y la ganader\u00eda comunitarias. La presentaci\u00f3n por parte del comisario europeo de Agricultura, Christophe Hansen, ha coincidido con la\u00a0manifestaci\u00f3n rel\u00e1mpago\u00a0organizada frente al\u00a0Parlamento Europeo\u00a0en Estrasburgo por\u00a0las organizaciones profesionales y las cooperativas agroganaderas del espacio comunitario (Copa-Cogeca), en la que ASAJA [&hellip;]<\/p>\n","protected":false},"author":9,"featured_media":21279,"comment_status":"open","ping_status":"open","sticky":false,"template":"","format":"standard","meta":{"footnotes":""},"categories":[9,38,29,28,13],"tags":[58,1613,1427,1074,101,260,332,100,192,351,128,77,1614,899,45,1188,191,805,389,338],"yoast_head":"<!-- This site is optimized with the Yoast SEO plugin v24.5 - https:\/\/yoast.com\/wordpress\/plugins\/seo\/ -->\n<title>ASAJA denuncia la falta de apoyo real a los j\u00f3venes agricultores por parte de la Comisi\u00f3n Europea - ASAJA Palencia<\/title>\n<meta name=\"description\" content=\"ASAJA\u00a0expresa su profunda preocupaci\u00f3n tras publicar la\u00a0Comisi\u00f3n Europea su\u00a0estrategia para el relevo generacional en la agricultura y la ganader\u00eda\" \/>\n<meta name=\"robots\" content=\"index, follow, max-snippet:-1, max-image-preview:large, max-video-preview:-1\" \/>\n<link rel=\"canonical\" href=\"https:\/\/www.asajacyl.com\/palencia\/asaja-palencia-informa\/asaja-denuncia-la-falta-de-apoyo-real-a-los-jovenes-agricultores-por-parte-de-la-comision-europea\" \/>\n<meta property=\"og:locale\" content=\"es_ES\" \/>\n<meta property=\"og:type\" content=\"article\" \/>\n<meta property=\"og:title\" content=\"ASAJA denuncia la falta de apoyo real a los j\u00f3venes agricultores por parte de la Comisi\u00f3n Europea - ASAJA Palencia\" \/>\n<meta property=\"og:description\" content=\"ASAJA\u00a0expresa su profunda preocupaci\u00f3n tras publicar la\u00a0Comisi\u00f3n Europea su\u00a0estrategia para el relevo generacional en la agricultura y la ganader\u00eda\" \/>\n<meta property=\"og:url\" content=\"https:\/\/www.asajacyl.com\/palencia\/asaja-palencia-informa\/asaja-denuncia-la-falta-de-apoyo-real-a-los-jovenes-agricultores-por-parte-de-la-comision-europea\" \/>\n<meta property=\"og:site_name\" content=\"ASAJA Palencia\" \/>\n<meta property=\"article:published_time\" content=\"2025-10-25T07:00:00+00:00\" \/>\n<meta property=\"og:image\" content=\"https:\/\/www.asajacyl.com\/palencia\/wp-content\/uploads\/sites\/3\/2025\/10\/Nino-Feria-Candelas-Saldana-2024.jpg\" \/>\n\t<meta property=\"og:image:width\" content=\"1890\" \/>\n\t<meta property=\"og:image:height\" content=\"1654\" \/>\n\t<meta property=\"og:image:type\" content=\"image\/jpeg\" \/>\n<meta name=\"author\" content=\"Administrador\" \/>\n<meta name=\"twitter:card\" content=\"summary_large_image\" \/>\n<meta name=\"twitter:label1\" content=\"Escrito por\" \/>\n\t<meta name=\"twitter:data1\" content=\"Administrador\" \/>\n\t<meta name=\"twitter:label2\" content=\"Tiempo de lectura\" \/>\n\t<meta name=\"twitter:data2\" content=\"3 minutos\" \/>\n<script type=\"application\/ld+json\" class=\"yoast-schema-graph\">{\"@context\":\"https:\/\/schema.org\",\"@graph\":[{\"@type\":\"WebPage\",\"@id\":\"https:\/\/www.asajacyl.com\/palencia\/asaja-palencia-informa\/asaja-denuncia-la-falta-de-apoyo-real-a-los-jovenes-agricultores-por-parte-de-la-comision-europea\",\"url\":\"https:\/\/www.asajacyl.com\/palencia\/asaja-palencia-informa\/asaja-denuncia-la-falta-de-apoyo-real-a-los-jovenes-agricultores-por-parte-de-la-comision-europea\",\"name\":\"ASAJA denuncia la falta de apoyo real a los j\u00f3venes agricultores por parte de la Comisi\u00f3n Europea - ASAJA Palencia\",\"isPartOf\":{\"@id\":\"https:\/\/www.asajacyl.com\/palencia\/#website\"},\"primaryImageOfPage\":{\"@id\":\"https:\/\/www.asajacyl.com\/palencia\/asaja-palencia-informa\/asaja-denuncia-la-falta-de-apoyo-real-a-los-jovenes-agricultores-por-parte-de-la-comision-europea#primaryimage\"},\"image\":{\"@id\":\"https:\/\/www.asajacyl.com\/palencia\/asaja-palencia-informa\/asaja-denuncia-la-falta-de-apoyo-real-a-los-jovenes-agricultores-por-parte-de-la-comision-europea#primaryimage\"},\"thumbnailUrl\":\"https:\/\/www.asajacyl.com\/palencia\/wp-content\/uploads\/sites\/3\/2025\/10\/Nino-Feria-Candelas-Saldana-2024.jpg\",\"datePublished\":\"2025-10-25T07:00:00+00:00\",\"author\":{\"@id\":\"https:\/\/www.asajacyl.com\/palencia\/#\/schema\/person\/3ab17aeb03527485c317557fae64aab1\"},\"description\":\"ASAJA\u00a0expresa su profunda preocupaci\u00f3n tras publicar la\u00a0Comisi\u00f3n Europea su\u00a0estrategia para el relevo generacional en la agricultura y la ganader\u00eda\",\"breadcrumb\":{\"@id\":\"https:\/\/www.asajacyl.com\/palencia\/asaja-palencia-informa\/asaja-denuncia-la-falta-de-apoyo-real-a-los-jovenes-agricultores-por-parte-de-la-comision-europea#breadcrumb\"},\"inLanguage\":\"es\",\"potentialAction\":[{\"@type\":\"ReadAction\",\"target\":[\"https:\/\/www.asajacyl.com\/palencia\/asaja-palencia-informa\/asaja-denuncia-la-falta-de-apoyo-real-a-los-jovenes-agricultores-por-parte-de-la-comision-europea\"]}]},{\"@type\":\"ImageObject\",\"inLanguage\":\"es\",\"@id\":\"https:\/\/www.asajacyl.com\/palencia\/asaja-palencia-informa\/asaja-denuncia-la-falta-de-apoyo-real-a-los-jovenes-agricultores-por-parte-de-la-comision-europea#primaryimage\",\"url\":\"https:\/\/www.asajacyl.com\/palencia\/wp-content\/uploads\/sites\/3\/2025\/10\/Nino-Feria-Candelas-Saldana-2024.jpg\",\"contentUrl\":\"https:\/\/www.asajacyl.com\/palencia\/wp-content\/uploads\/sites\/3\/2025\/10\/Nino-Feria-Candelas-Saldana-2024.jpg\",\"width\":1890,\"height\":1654},{\"@type\":\"BreadcrumbList\",\"@id\":\"https:\/\/www.asajacyl.com\/palencia\/asaja-palencia-informa\/asaja-denuncia-la-falta-de-apoyo-real-a-los-jovenes-agricultores-por-parte-de-la-comision-europea#breadcrumb\",\"itemListElement\":[{\"@type\":\"ListItem\",\"position\":1,\"name\":\"Portada\",\"item\":\"https:\/\/www.asajacyl.com\/palencia\/\"},{\"@type\":\"ListItem\",\"position\":2,\"name\":\"ASAJA denuncia la falta de apoyo real a los j\u00f3venes agricultores por parte de la Comisi\u00f3n Europea\"}]},{\"@type\":\"WebSite\",\"@id\":\"https:\/\/www.asajacyl.com\/palencia\/#website\",\"url\":\"https:\/\/www.asajacyl.com\/palencia\/\",\"name\":\"ASAJA Palencia\",\"description\":\"Otro sitio m\u00e1s de Provincias ASAJA Castilla y Le\u00f3n\",\"potentialAction\":[{\"@type\":\"SearchAction\",\"target\":{\"@type\":\"EntryPoint\",\"urlTemplate\":\"https:\/\/www.asajacyl.com\/palencia\/?s={search_term_string}\"},\"query-input\":{\"@type\":\"PropertyValueSpecification\",\"valueRequired\":true,\"valueName\":\"search_term_string\"}}],\"inLanguage\":\"es\"},{\"@type\":\"Person\",\"@id\":\"https:\/\/www.asajacyl.com\/palencia\/#\/schema\/person\/3ab17aeb03527485c317557fae64aab1\",\"name\":\"Administrador\",\"image\":{\"@type\":\"ImageObject\",\"inLanguage\":\"es\",\"@id\":\"https:\/\/www.asajacyl.com\/palencia\/#\/schema\/person\/image\/\",\"url\":\"https:\/\/secure.gravatar.com\/avatar\/517384810d242ca9e38c180f3c9fb973?s=96&d=mm&r=g\",\"contentUrl\":\"https:\/\/secure.gravatar.com\/avatar\/517384810d242ca9e38c180f3c9fb973?s=96&d=mm&r=g\",\"caption\":\"Administrador\"},\"url\":\"https:\/\/www.asajacyl.com\/palencia\/author\/carlosrm\"}]}<\/script>\n<!-- \/ Yoast SEO plugin. -->","yoast_head_json":{"title":"ASAJA denuncia la falta de apoyo real a los j\u00f3venes agricultores por parte de la Comisi\u00f3n Europea - ASAJA Palencia","description":"ASAJA\u00a0expresa su profunda preocupaci\u00f3n tras publicar la\u00a0Comisi\u00f3n Europea su\u00a0estrategia para el relevo generacional en la agricultura y la ganader\u00eda","robots":{"index":"index","follow":"follow","max-snippet":"max-snippet:-1","max-image-preview":"max-image-preview:large","max-video-preview":"max-video-preview:-1"},"canonical":"https:\/\/www.asajacyl.com\/palencia\/asaja-palencia-informa\/asaja-denuncia-la-falta-de-apoyo-real-a-los-jovenes-agricultores-por-parte-de-la-comision-europea","og_locale":"es_ES","og_type":"article","og_title":"ASAJA denuncia la falta de apoyo real a los j\u00f3venes agricultores por parte de la Comisi\u00f3n Europea - ASAJA Palencia","og_description":"ASAJA\u00a0expresa su profunda preocupaci\u00f3n tras publicar la\u00a0Comisi\u00f3n Europea su\u00a0estrategia para el relevo generacional en la agricultura y la ganader\u00eda","og_url":"https:\/\/www.asajacyl.com\/palencia\/asaja-palencia-informa\/asaja-denuncia-la-falta-de-apoyo-real-a-los-jovenes-agricultores-por-parte-de-la-comision-europea","og_site_name":"ASAJA Palencia","article_published_time":"2025-10-25T07:00:00+00:00","og_image":[{"width":1890,"height":1654,"url":"https:\/\/www.asajacyl.com\/palencia\/wp-content\/uploads\/sites\/3\/2025\/10\/Nino-Feria-Candelas-Saldana-2024.jpg","type":"image\/jpeg"}],"author":"Administrador","twitter_card":"summary_large_image","twitter_misc":{"Escrito por":"Administrador","Tiempo de lectura":"3 minutos"},"schema":{"@context":"https:\/\/schema.org","@graph":[{"@type":"WebPage","@id":"https:\/\/www.asajacyl.com\/palencia\/asaja-palencia-informa\/asaja-denuncia-la-falta-de-apoyo-real-a-los-jovenes-agricultores-por-parte-de-la-comision-europea","url":"https:\/\/www.asajacyl.com\/palencia\/asaja-palencia-informa\/asaja-denuncia-la-falta-de-apoyo-real-a-los-jovenes-agricultores-por-parte-de-la-comision-europea","name":"ASAJA denuncia la falta de apoyo real a los j\u00f3venes agricultores por parte de la Comisi\u00f3n Europea - ASAJA Palencia","isPartOf":{"@id":"https:\/\/www.asajacyl.com\/palencia\/#website"},"primaryImageOfPage":{"@id":"https:\/\/www.asajacyl.com\/palencia\/asaja-palencia-informa\/asaja-denuncia-la-falta-de-apoyo-real-a-los-jovenes-agricultores-por-parte-de-la-comision-europea#primaryimage"},"image":{"@id":"https:\/\/www.asajacyl.com\/palencia\/asaja-palencia-informa\/asaja-denuncia-la-falta-de-apoyo-real-a-los-jovenes-agricultores-por-parte-de-la-comision-europea#primaryimage"},"thumbnailUrl":"https:\/\/www.asajacyl.com\/palencia\/wp-content\/uploads\/sites\/3\/2025\/10\/Nino-Feria-Candelas-Saldana-2024.jpg","datePublished":"2025-10-25T07:00:00+00:00","author":{"@id":"https:\/\/www.asajacyl.com\/palencia\/#\/schema\/person\/3ab17aeb03527485c317557fae64aab1"},"description":"ASAJA\u00a0expresa su profunda preocupaci\u00f3n tras publicar la\u00a0Comisi\u00f3n Europea su\u00a0estrategia para el relevo generacional en la agricultura y la ganader\u00eda","breadcrumb":{"@id":"https:\/\/www.asajacyl.com\/palencia\/asaja-palencia-informa\/asaja-denuncia-la-falta-de-apoyo-real-a-los-jovenes-agricultores-por-parte-de-la-comision-europea#breadcrumb"},"inLanguage":"es","potentialAction":[{"@type":"ReadAction","target":["https:\/\/www.asajacyl.com\/palencia\/asaja-palencia-informa\/asaja-denuncia-la-falta-de-apoyo-real-a-los-jovenes-agricultores-por-parte-de-la-comision-europea"]}]},{"@type":"ImageObject","inLanguage":"es","@id":"https:\/\/www.asajacyl.com\/palencia\/asaja-palencia-informa\/asaja-denuncia-la-falta-de-apoyo-real-a-los-jovenes-agricultores-por-parte-de-la-comision-europea#primaryimage","url":"https:\/\/www.asajacyl.com\/palencia\/wp-content\/uploads\/sites\/3\/2025\/10\/Nino-Feria-Candelas-Saldana-2024.jpg","contentUrl":"https:\/\/www.asajacyl.com\/palencia\/wp-content\/uploads\/sites\/3\/2025\/10\/Nino-Feria-Candelas-Saldana-2024.jpg","width":1890,"height":1654},{"@type":"BreadcrumbList","@id":"https:\/\/www.asajacyl.com\/palencia\/asaja-palencia-informa\/asaja-denuncia-la-falta-de-apoyo-real-a-los-jovenes-agricultores-por-parte-de-la-comision-europea#breadcrumb","itemListElement":[{"@type":"ListItem","position":1,"name":"Portada","item":"https:\/\/www.asajacyl.com\/palencia\/"},{"@type":"ListItem","position":2,"name":"ASAJA denuncia la falta de apoyo real a los j\u00f3venes agricultores por parte de la Comisi\u00f3n Europea"}]},{"@type":"WebSite","@id":"https:\/\/www.asajacyl.com\/palencia\/#website","url":"https:\/\/www.asajacyl.com\/palencia\/","name":"ASAJA Palencia","description":"Otro sitio m\u00e1s de Provincias ASAJA Castilla y Le\u00f3n","potentialAction":[{"@type":"SearchAction","target":{"@type":"EntryPoint","urlTemplate":"https:\/\/www.asajacyl.com\/palencia\/?s={search_term_string}"},"query-input":{"@type":"PropertyValueSpecification","valueRequired":true,"valueName":"search_term_string"}}],"inLanguage":"es"},{"@type":"Person","@id":"https:\/\/www.asajacyl.com\/palencia\/#\/schema\/person\/3ab17aeb03527485c317557fae64aab1","name":"Administrador","image":{"@type":"ImageObject","inLanguage":"es","@id":"https:\/\/www.asajacyl.com\/palencia\/#\/schema\/person\/image\/","url":"https:\/\/secure.gravatar.com\/avatar\/517384810d242ca9e38c180f3c9fb973?s=96&d=mm&r=g","contentUrl":"https:\/\/secure.gravatar.com\/avatar\/517384810d242ca9e38c180f3c9fb973?s=96&d=mm&r=g","caption":"Administrador"},"url":"https:\/\/www.asajacyl.com\/palencia\/author\/carlosrm"}]}},"_links":{"self":[{"href":"https:\/\/www.asajacyl.com\/palencia\/wp-json\/wp\/v2\/posts\/21278"}],"collection":[{"href":"https:\/\/www.asajacyl.com\/palencia\/wp-json\/wp\/v2\/posts"}],"about":[{"href":"https:\/\/www.asajacyl.com\/palencia\/wp-json\/wp\/v2\/types\/post"}],"author":[{"embeddable":true,"href":"https:\/\/www.asajacyl.com\/palencia\/wp-json\/wp\/v2\/users\/9"}],"replies":[{"embeddable":true,"href":"https:\/\/www.asajacyl.com\/palencia\/wp-json\/wp\/v2\/comments?post=21278"}],"version-history":[{"count":1,"href":"https:\/\/www.asajacyl.com\/palencia\/wp-json\/wp\/v2\/posts\/21278\/revisions"}],"predecessor-version":[{"id":21280,"href":"https:\/\/www.asajacyl.com\/palencia\/wp-json\/wp\/v2\/posts\/21278\/revisions\/21280"}],"wp:featuredmedia":[{"embeddable":true,"href":"https:\/\/www.asajacyl.com\/palencia\/wp-json\/wp\/v2\/media\/21279"}],"wp:attachment":[{"href":"https:\/\/www.asajacyl.com\/palencia\/wp-json\/wp\/v2\/media?parent=21278"}],"wp:term":[{"taxonomy":"category","embeddable":true,"href":"https:\/\/www.asajacyl.com\/palencia\/wp-json\/wp\/v2\/categories?post=21278"},{"taxonomy":"post_tag","embeddable":true,"href":"https:\/\/www.asajacyl.com\/palencia\/wp-json\/wp\/v2\/tags?post=21278"}],"curies":[{"name":"wp","href":"https:\/\/api.w.org\/{rel}","templated":true}]}}