{"id":21287,"date":"2025-10-24T09:23:27","date_gmt":"2025-10-24T07:23:27","guid":{"rendered":"https:\/\/www.asajacyl.com\/palencia\/?p=21287"},"modified":"2025-10-24T09:43:23","modified_gmt":"2025-10-24T07:43:23","slug":"el-ministerio-de-agricultura-modifica-la-normativa-sobre-nutricion-sostenible-de-suelos-agrarios","status":"publish","type":"post","link":"https:\/\/www.asajacyl.com\/palencia\/asaja-palencia-informa\/el-ministerio-de-agricultura-modifica-la-normativa-sobre-nutricion-sostenible-de-suelos-agrarios","title":{"rendered":"ASAJA critica la nueva norma sobre nutrici\u00f3n de suelos agrarios porque a\u00f1ade carga burocr\u00e1tica"},"content":{"rendered":"\n<h2 class=\"wp-block-heading\">El Bolet\u00edn Oficial del Estado ha publicado este mi\u00e9rcoles, 22 de octubre, la modificaci\u00f3n del real decreto de 2022 que estableci\u00f3 las normas para la nutrici\u00f3n sostenible en los suelos agrarios. Entre otras novedades, se aplaza la fecha de entrada en vigor de la obligaci\u00f3n de elaborar un plan de abonado y de contar con asesoramiento t\u00e9cnico en materia de fertilizaci\u00f3n. ASAJA critica la normativa porque aumenta la carga burocr\u00e1tica.<a href=\"https:\/\/www.mapa.gob.es\/dam\/mapa\/contenido\/prensa\/notas-de-prensa\/imagenes\/agricultura\/21-10-2025_cmin-nutricion-sostenible-suelos.png\"><\/a><\/h2>\n\n\n\n<p>El Consejo de Ministros aprob\u00f3 el pasado martes esa modificaci\u00f3n, cuyo objetivo fundamental es ampliar el tiempo para la formaci\u00f3n, difusi\u00f3n y disponibilidad de medios para aplicar determinadas medidas previstas en el real decreto original. <\/p>\n\n\n\n<p>Seg\u00fan el Ministerio de Agricultura, Pesca y Alimentaci\u00f3n, los cambios responden al compromiso del Gobierno de avanzar en la fertilizaci\u00f3n racional de los cultivos, con el objetivo estrat\u00e9gico de aumentar o mantener la productividad de los suelos agrarios al tiempo que se disminuye el impacto ambiental de la aplicaci\u00f3n de productos fertilizantes y otras fuentes de nutrientes o materia org\u00e1nica.&nbsp;<\/p>\n\n\n\n<p>La modificaci\u00f3n deriva del acuerdo del Ministerio con una parte de las organizaciones profesionales agrarias tras las movilizaciones de 2024 (UPA y Uni\u00f3n de Uniones). No fue el caso de ASAJA, que consider\u00f3 insuficientes los planteamientos ministeriales, al igual que sucede con esta modificaci\u00f3n del real decreto, ya que desoye nuestras reivindicaciones y supondr\u00e1 otro incremento de la carga burocr\u00e1tica para los agricultores y ganaderos.<\/p>\n\n\n\n<p>ASAJA lamenta que el Gobierno haya ignorado las propuestas de simplificaci\u00f3n planteadas por nuestra organizaci\u00f3n, como excluir de estas obligaciones a las explotaciones m\u00e1s peque\u00f1as: hasta quince hect\u00e1reas de regad\u00edo y hasta treinta en secano. Asimismo, esta norma abre la puerta a futuras inspecciones t\u00e9cnicas de abonadoras y aperos usados en la fertilizaci\u00f3n, medida injustificada porque la mayor\u00eda ya cumplen las exigencias por zonas vulnerables por contaminaci\u00f3n de nitratos.<\/p>\n\n\n\n<p>Insistimos en que el sector agrario ya cumple sobradamente con los est\u00e1ndares medioambientales de la Uni\u00f3n Europea, por lo que esta normativa no aporta soluciones reales, sino que incrementa los tr\u00e1mites, los costes y las cargas administrativas para el profesional del campo.<\/p>\n\n\n\n<p><strong>NUEVAS FECHAS.<\/strong> Las nuevas fechas para la obligaci\u00f3n de contar con un <strong>plan de abonado<\/strong> son las siguientes:<\/p>\n\n\n\n<ul>\n<li>1 de enero de 2026: Explotaciones en regad\u00edo donde el cultivo se siembre o se plante entre el 1 de marzo y el 30 de junio<\/li>\n\n\n\n<li>1 de septiembre de 2026: Resto de explotaciones.<\/li>\n<\/ul>\n\n\n\n<p>Quedan liberadas de la obligaci\u00f3n de contar con ese plan de abonado dos tipos de unidades de producci\u00f3n:<\/p>\n\n\n\n<ul>\n<li>las destinadas \u00fanicamente a <span style=\"text-decoration: underline\">pastos que no se fertilicen<\/span> (no se consideran fertilizaci\u00f3n las deyecciones ganaderas depositadas en el pastoreo)<\/li>\n\n\n\n<li>las que no superen las <span style=\"text-decoration: underline\">diez hect\u00e1reas<\/span> de superficie, siempre que sean de <span style=\"text-decoration: underline\">secano<\/span> o se dediquen \u00fanicamente a pastos o <span style=\"text-decoration: underline\">cultivos forrajeros para autoconsumo<\/span>.<\/li>\n<\/ul>\n\n\n\n<p>El <strong>asesoramiento t\u00e9cnico obligatorio <\/strong>en materia de fertilizaci\u00f3n ser\u00e1 obligatorio en un plazo de uno o dos a\u00f1os (seg\u00fan ubicaciones), a partir de las fechas establecidas como obligatorias para el plan de abonado:<\/p>\n\n\n\n<ul>\n<li>Un a\u00f1o: Unidades de producci\u00f3n situadas en <span style=\"text-decoration: underline\">zonas declaradas vulnerables a la contaminaci\u00f3n por nitratos<\/span><\/li>\n\n\n\n<li>Dos a\u00f1os: Unidades de producci\u00f3n fuera de estas zonas <\/li>\n<\/ul>\n\n\n\n<p>En este enlace recogemos la lista de <a href=\"https:\/\/www.asajacyl.com\/palencia\/asaja-palencia-informa\/atencion-al-abonado-en-los-50-municipios-palentinos-en-zona-vulnerable-a-la-contaminacion-por-nitratos\">medio centenar de municipios de la provincia de Palencia declarados como zona vulnerable a la contaminaci\u00f3n por nitratos<\/a>. Adem\u00e1s, puede accederse a las p\u00e1ginas del n\u00famero de <em>Campo Palentino<\/em> de enero de 2024, donde se explican las exigencias especiales para esas zonas.<\/p>\n\n\n\n<p><strong>APLAZAMIENTO Y REPLANTEAMIENTO. <\/strong>ASAJA considera que es positivo este aplazamiento, pero apuesta por una reconsideraci\u00f3n de todo el sistema para que el agricultor pueda gestionar el abonado de su explotaci\u00f3n con menos complicaciones burocr\u00e1ticas. <\/p>\n\n\n\n<p>Dados los elevados costes de los fertilizantes, hoy m\u00e1s que nunca, el objetivo de los profesionales de la agricultura es emplear las dosis justas, por motivos de sostenibilidad pero tambi\u00e9n puramente econ\u00f3micos. El abonado constituye un coste principal en explotaciones agrarias cuya rentabilidad es m\u00ednima, como saben por experiencia nuestros agricultores.<\/p>\n\n\n\n<p><strong>REGISTRAR ANTES DE UN MES. <\/strong>Otra de las modificaciones aprobadas aclara el requisito de <strong>registrar antes de un mes toda labor de fertilizaci\u00f3n en un cuaderno de explotaci\u00f3n<\/strong>, que puede ser en papel o en formato digital, a partir del pr\u00f3ximo <span style=\"text-decoration: underline\">1 de enero de 2026<\/span>, con una serie de <span style=\"text-decoration: underline\">excepciones<\/span> que se especifican en la norma.<\/p>\n\n\n\n<p>ASAJA ha visto desatendida nuestra petici\u00f3n de suprimir esta obligaci\u00f3n, que a\u00f1ade presi\u00f3n burocr\u00e1tica innecesaria. Nuestra organizaci\u00f3n propueso retrasarlo hasta que el Ministerio publique las gu\u00edas de buenas pr\u00e1cticas y ponga en marcha un programa formativo entre los profesionales.<\/p>\n\n\n\n<p>Otras demandas no atendidas son las siguientes:<\/p>\n\n\n\n<ul>\n<li>Reducir la burocracia para quienes suministran esti\u00e9rcoles a otras explotaciones<\/li>\n\n\n\n<li>Reconocimiento oficial por parte de las administraciones (central o regional) de un programa inform\u00e1tico gratuito que permita realizar los planes de abonado sin necesidad de contratar el obligatorio asesoramiento t\u00e9cnico en fertilizaci\u00f3n<\/li>\n\n\n\n<li>Supresi\u00f3n del galimat\u00edas que supone el actual r\u00e9gimen sancionador (prev\u00e9 la aplicaci\u00f3n simult\u00e1rea de hasta siete leyes, dos reales decretos y las normas auton\u00f3micas, sin perjuicio de responsabilidades civiles, penales, medioambientales&#8230;)<\/li>\n<\/ul>\n\n\n\n<p>El nuevo decreto flexibiliza los requisitos relativos a la aplicaci\u00f3n de esti\u00e9rcoles en determinadas zonas donde no es posible hacerlo de forma localizada, excepto las parcelas inferiores a una hect\u00e1rea que no sean colindantes con otros recintos de la misma explotaci\u00f3n. Tambi\u00e9n se aclara c\u00f3mo se computan los pastos comunales para el c\u00e1lculo de la superficie de la explotaci\u00f3n.<\/p>\n\n\n\n<p><strong>PURINES. <\/strong>En concreto, se proh\u00edbe la aplicaci\u00f3n de purines mediante sistemas de plato, abanico y por ca\u00f1\u00f3n, salvo en estos casos:<\/p>\n\n\n\n<ul>\n<li>Recintos con pendientes medias superiores al 10\u202f%, o de superficie inferior a una hect\u00e1rea, cuando no sean colindantes con otros recintos de la misma explotaci\u00f3n<\/li>\n\n\n\n<li>En la explotaci\u00f3n entera cuando el resto de sus recintos (descontados los de la excepci\u00f3n anterior y los pastos comunales) representen una superficie inferior al 50\u202f% de la superficie total neta de la explotaci\u00f3n, o su conjunto no supere las dos hect\u00e1reas.<\/li>\n<\/ul>\n\n\n\n<p><\/p>\n\n\n\n<p>El real decreto, cuyo texto modificado \u00edntegro puede consultarse en este <a href=\"https:\/\/www.boe.es\/buscar\/act.php?id=BOE-A-2022-23052\">enlace al BOE<\/a>, recoge otros cambios para dar coherencia con otras normativas o aclarar aspectos diversos de su aplicaci\u00f3n pr\u00e1ctica.<strong>\/<\/strong><\/p>\n","protected":false},"excerpt":{"rendered":"<p>El Bolet\u00edn Oficial del Estado ha publicado este mi\u00e9rcoles, 22 de octubre, la modificaci\u00f3n del real decreto de 2022 que estableci\u00f3 las normas para la nutrici\u00f3n sostenible en los suelos agrarios. Entre otras novedades, se aplaza la fecha de entrada en vigor de la obligaci\u00f3n de elaborar un plan de abonado y de contar con [&hellip;]<\/p>\n","protected":false},"author":9,"featured_media":12380,"comment_status":"open","ping_status":"open","sticky":false,"template":"","format":"standard","meta":{"footnotes":""},"categories":[9,31,38,28,13],"tags":[564,58,351,77,110,1616,771],"yoast_head":"<!-- This site is optimized with the Yoast SEO plugin v24.5 - https:\/\/yoast.com\/wordpress\/plugins\/seo\/ -->\n<title>ASAJA critica la nueva norma sobre nutrici\u00f3n de suelos agrarios porque a\u00f1ade carga burocr\u00e1tica - ASAJA Palencia<\/title>\n<meta name=\"description\" content=\"El Bolet\u00edn Oficial del Estado ha publicado este mi\u00e9rcoles, 22 de octubre, la modificaci\u00f3n del real decreto de 2022 que estableci\u00f3 las normas para la\" \/>\n<meta name=\"robots\" content=\"index, follow, max-snippet:-1, max-image-preview:large, max-video-preview:-1\" \/>\n<link rel=\"canonical\" href=\"https:\/\/www.asajacyl.com\/palencia\/asaja-palencia-informa\/el-ministerio-de-agricultura-modifica-la-normativa-sobre-nutricion-sostenible-de-suelos-agrarios\" \/>\n<meta property=\"og:locale\" content=\"es_ES\" \/>\n<meta property=\"og:type\" content=\"article\" \/>\n<meta property=\"og:title\" content=\"ASAJA critica la nueva norma sobre nutrici\u00f3n de suelos agrarios porque a\u00f1ade carga burocr\u00e1tica - ASAJA Palencia\" \/>\n<meta property=\"og:description\" content=\"El Bolet\u00edn Oficial del Estado ha publicado este mi\u00e9rcoles, 22 de octubre, la modificaci\u00f3n del real decreto de 2022 que estableci\u00f3 las normas para la\" \/>\n<meta property=\"og:url\" content=\"https:\/\/www.asajacyl.com\/palencia\/asaja-palencia-informa\/el-ministerio-de-agricultura-modifica-la-normativa-sobre-nutricion-sostenible-de-suelos-agrarios\" \/>\n<meta property=\"og:site_name\" content=\"ASAJA Palencia\" \/>\n<meta property=\"article:published_time\" content=\"2025-10-24T07:23:27+00:00\" \/>\n<meta property=\"article:modified_time\" content=\"2025-10-24T07:43:23+00:00\" \/>\n<meta property=\"og:image\" content=\"https:\/\/www.asajacyl.com\/palencia\/wp-content\/uploads\/sites\/3\/2023\/02\/ABONADO.jpg\" \/>\n\t<meta property=\"og:image:width\" content=\"2048\" \/>\n\t<meta property=\"og:image:height\" content=\"1536\" \/>\n\t<meta property=\"og:image:type\" content=\"image\/jpeg\" \/>\n<meta name=\"author\" content=\"Administrador\" \/>\n<meta name=\"twitter:card\" content=\"summary_large_image\" \/>\n<meta name=\"twitter:label1\" content=\"Escrito por\" \/>\n\t<meta name=\"twitter:data1\" content=\"Administrador\" \/>\n\t<meta name=\"twitter:label2\" content=\"Tiempo de lectura\" \/>\n\t<meta name=\"twitter:data2\" content=\"5 minutos\" \/>\n<script type=\"application\/ld+json\" class=\"yoast-schema-graph\">{\"@context\":\"https:\/\/schema.org\",\"@graph\":[{\"@type\":\"WebPage\",\"@id\":\"https:\/\/www.asajacyl.com\/palencia\/asaja-palencia-informa\/el-ministerio-de-agricultura-modifica-la-normativa-sobre-nutricion-sostenible-de-suelos-agrarios\",\"url\":\"https:\/\/www.asajacyl.com\/palencia\/asaja-palencia-informa\/el-ministerio-de-agricultura-modifica-la-normativa-sobre-nutricion-sostenible-de-suelos-agrarios\",\"name\":\"ASAJA critica la nueva norma sobre nutrici\u00f3n de suelos agrarios porque a\u00f1ade carga burocr\u00e1tica - ASAJA Palencia\",\"isPartOf\":{\"@id\":\"https:\/\/www.asajacyl.com\/palencia\/#website\"},\"primaryImageOfPage\":{\"@id\":\"https:\/\/www.asajacyl.com\/palencia\/asaja-palencia-informa\/el-ministerio-de-agricultura-modifica-la-normativa-sobre-nutricion-sostenible-de-suelos-agrarios#primaryimage\"},\"image\":{\"@id\":\"https:\/\/www.asajacyl.com\/palencia\/asaja-palencia-informa\/el-ministerio-de-agricultura-modifica-la-normativa-sobre-nutricion-sostenible-de-suelos-agrarios#primaryimage\"},\"thumbnailUrl\":\"https:\/\/www.asajacyl.com\/palencia\/wp-content\/uploads\/sites\/3\/2023\/02\/ABONADO.jpg\",\"datePublished\":\"2025-10-24T07:23:27+00:00\",\"dateModified\":\"2025-10-24T07:43:23+00:00\",\"author\":{\"@id\":\"https:\/\/www.asajacyl.com\/palencia\/#\/schema\/person\/3ab17aeb03527485c317557fae64aab1\"},\"description\":\"El Bolet\u00edn Oficial del Estado ha publicado este mi\u00e9rcoles, 22 de octubre, la modificaci\u00f3n del real decreto de 2022 que estableci\u00f3 las normas para la\",\"breadcrumb\":{\"@id\":\"https:\/\/www.asajacyl.com\/palencia\/asaja-palencia-informa\/el-ministerio-de-agricultura-modifica-la-normativa-sobre-nutricion-sostenible-de-suelos-agrarios#breadcrumb\"},\"inLanguage\":\"es\",\"potentialAction\":[{\"@type\":\"ReadAction\",\"target\":[\"https:\/\/www.asajacyl.com\/palencia\/asaja-palencia-informa\/el-ministerio-de-agricultura-modifica-la-normativa-sobre-nutricion-sostenible-de-suelos-agrarios\"]}]},{\"@type\":\"ImageObject\",\"inLanguage\":\"es\",\"@id\":\"https:\/\/www.asajacyl.com\/palencia\/asaja-palencia-informa\/el-ministerio-de-agricultura-modifica-la-normativa-sobre-nutricion-sostenible-de-suelos-agrarios#primaryimage\",\"url\":\"https:\/\/www.asajacyl.com\/palencia\/wp-content\/uploads\/sites\/3\/2023\/02\/ABONADO.jpg\",\"contentUrl\":\"https:\/\/www.asajacyl.com\/palencia\/wp-content\/uploads\/sites\/3\/2023\/02\/ABONADO.jpg\",\"width\":2048,\"height\":1536},{\"@type\":\"BreadcrumbList\",\"@id\":\"https:\/\/www.asajacyl.com\/palencia\/asaja-palencia-informa\/el-ministerio-de-agricultura-modifica-la-normativa-sobre-nutricion-sostenible-de-suelos-agrarios#breadcrumb\",\"itemListElement\":[{\"@type\":\"ListItem\",\"position\":1,\"name\":\"Portada\",\"item\":\"https:\/\/www.asajacyl.com\/palencia\/\"},{\"@type\":\"ListItem\",\"position\":2,\"name\":\"ASAJA critica la nueva norma sobre nutrici\u00f3n de suelos agrarios porque a\u00f1ade carga burocr\u00e1tica\"}]},{\"@type\":\"WebSite\",\"@id\":\"https:\/\/www.asajacyl.com\/palencia\/#website\",\"url\":\"https:\/\/www.asajacyl.com\/palencia\/\",\"name\":\"ASAJA Palencia\",\"description\":\"Otro sitio m\u00e1s de Provincias ASAJA Castilla y Le\u00f3n\",\"potentialAction\":[{\"@type\":\"SearchAction\",\"target\":{\"@type\":\"EntryPoint\",\"urlTemplate\":\"https:\/\/www.asajacyl.com\/palencia\/?s={search_term_string}\"},\"query-input\":{\"@type\":\"PropertyValueSpecification\",\"valueRequired\":true,\"valueName\":\"search_term_string\"}}],\"inLanguage\":\"es\"},{\"@type\":\"Person\",\"@id\":\"https:\/\/www.asajacyl.com\/palencia\/#\/schema\/person\/3ab17aeb03527485c317557fae64aab1\",\"name\":\"Administrador\",\"image\":{\"@type\":\"ImageObject\",\"inLanguage\":\"es\",\"@id\":\"https:\/\/www.asajacyl.com\/palencia\/#\/schema\/person\/image\/\",\"url\":\"https:\/\/secure.gravatar.com\/avatar\/517384810d242ca9e38c180f3c9fb973?s=96&d=mm&r=g\",\"contentUrl\":\"https:\/\/secure.gravatar.com\/avatar\/517384810d242ca9e38c180f3c9fb973?s=96&d=mm&r=g\",\"caption\":\"Administrador\"},\"url\":\"https:\/\/www.asajacyl.com\/palencia\/author\/carlosrm\"}]}<\/script>\n<!-- \/ Yoast SEO plugin. -->","yoast_head_json":{"title":"ASAJA critica la nueva norma sobre nutrici\u00f3n de suelos agrarios porque a\u00f1ade carga burocr\u00e1tica - ASAJA Palencia","description":"El Bolet\u00edn Oficial del Estado ha publicado este mi\u00e9rcoles, 22 de octubre, la modificaci\u00f3n del real decreto de 2022 que estableci\u00f3 las normas para la","robots":{"index":"index","follow":"follow","max-snippet":"max-snippet:-1","max-image-preview":"max-image-preview:large","max-video-preview":"max-video-preview:-1"},"canonical":"https:\/\/www.asajacyl.com\/palencia\/asaja-palencia-informa\/el-ministerio-de-agricultura-modifica-la-normativa-sobre-nutricion-sostenible-de-suelos-agrarios","og_locale":"es_ES","og_type":"article","og_title":"ASAJA critica la nueva norma sobre nutrici\u00f3n de suelos agrarios porque a\u00f1ade carga burocr\u00e1tica - ASAJA Palencia","og_description":"El Bolet\u00edn Oficial del Estado ha publicado este mi\u00e9rcoles, 22 de octubre, la modificaci\u00f3n del real decreto de 2022 que estableci\u00f3 las normas para la","og_url":"https:\/\/www.asajacyl.com\/palencia\/asaja-palencia-informa\/el-ministerio-de-agricultura-modifica-la-normativa-sobre-nutricion-sostenible-de-suelos-agrarios","og_site_name":"ASAJA Palencia","article_published_time":"2025-10-24T07:23:27+00:00","article_modified_time":"2025-10-24T07:43:23+00:00","og_image":[{"width":2048,"height":1536,"url":"https:\/\/www.asajacyl.com\/palencia\/wp-content\/uploads\/sites\/3\/2023\/02\/ABONADO.jpg","type":"image\/jpeg"}],"author":"Administrador","twitter_card":"summary_large_image","twitter_misc":{"Escrito por":"Administrador","Tiempo de lectura":"5 minutos"},"schema":{"@context":"https:\/\/schema.org","@graph":[{"@type":"WebPage","@id":"https:\/\/www.asajacyl.com\/palencia\/asaja-palencia-informa\/el-ministerio-de-agricultura-modifica-la-normativa-sobre-nutricion-sostenible-de-suelos-agrarios","url":"https:\/\/www.asajacyl.com\/palencia\/asaja-palencia-informa\/el-ministerio-de-agricultura-modifica-la-normativa-sobre-nutricion-sostenible-de-suelos-agrarios","name":"ASAJA critica la nueva norma sobre nutrici\u00f3n de suelos agrarios porque a\u00f1ade carga burocr\u00e1tica - ASAJA Palencia","isPartOf":{"@id":"https:\/\/www.asajacyl.com\/palencia\/#website"},"primaryImageOfPage":{"@id":"https:\/\/www.asajacyl.com\/palencia\/asaja-palencia-informa\/el-ministerio-de-agricultura-modifica-la-normativa-sobre-nutricion-sostenible-de-suelos-agrarios#primaryimage"},"image":{"@id":"https:\/\/www.asajacyl.com\/palencia\/asaja-palencia-informa\/el-ministerio-de-agricultura-modifica-la-normativa-sobre-nutricion-sostenible-de-suelos-agrarios#primaryimage"},"thumbnailUrl":"https:\/\/www.asajacyl.com\/palencia\/wp-content\/uploads\/sites\/3\/2023\/02\/ABONADO.jpg","datePublished":"2025-10-24T07:23:27+00:00","dateModified":"2025-10-24T07:43:23+00:00","author":{"@id":"https:\/\/www.asajacyl.com\/palencia\/#\/schema\/person\/3ab17aeb03527485c317557fae64aab1"},"description":"El Bolet\u00edn Oficial del Estado ha publicado este mi\u00e9rcoles, 22 de octubre, la modificaci\u00f3n del real decreto de 2022 que estableci\u00f3 las normas para la","breadcrumb":{"@id":"https:\/\/www.asajacyl.com\/palencia\/asaja-palencia-informa\/el-ministerio-de-agricultura-modifica-la-normativa-sobre-nutricion-sostenible-de-suelos-agrarios#breadcrumb"},"inLanguage":"es","potentialAction":[{"@type":"ReadAction","target":["https:\/\/www.asajacyl.com\/palencia\/asaja-palencia-informa\/el-ministerio-de-agricultura-modifica-la-normativa-sobre-nutricion-sostenible-de-suelos-agrarios"]}]},{"@type":"ImageObject","inLanguage":"es","@id":"https:\/\/www.asajacyl.com\/palencia\/asaja-palencia-informa\/el-ministerio-de-agricultura-modifica-la-normativa-sobre-nutricion-sostenible-de-suelos-agrarios#primaryimage","url":"https:\/\/www.asajacyl.com\/palencia\/wp-content\/uploads\/sites\/3\/2023\/02\/ABONADO.jpg","contentUrl":"https:\/\/www.asajacyl.com\/palencia\/wp-content\/uploads\/sites\/3\/2023\/02\/ABONADO.jpg","width":2048,"height":1536},{"@type":"BreadcrumbList","@id":"https:\/\/www.asajacyl.com\/palencia\/asaja-palencia-informa\/el-ministerio-de-agricultura-modifica-la-normativa-sobre-nutricion-sostenible-de-suelos-agrarios#breadcrumb","itemListElement":[{"@type":"ListItem","position":1,"name":"Portada","item":"https:\/\/www.asajacyl.com\/palencia\/"},{"@type":"ListItem","position":2,"name":"ASAJA critica la nueva norma sobre nutrici\u00f3n de suelos agrarios porque a\u00f1ade carga burocr\u00e1tica"}]},{"@type":"WebSite","@id":"https:\/\/www.asajacyl.com\/palencia\/#website","url":"https:\/\/www.asajacyl.com\/palencia\/","name":"ASAJA Palencia","description":"Otro sitio m\u00e1s de Provincias ASAJA Castilla y Le\u00f3n","potentialAction":[{"@type":"SearchAction","target":{"@type":"EntryPoint","urlTemplate":"https:\/\/www.asajacyl.com\/palencia\/?s={search_term_string}"},"query-input":{"@type":"PropertyValueSpecification","valueRequired":true,"valueName":"search_term_string"}}],"inLanguage":"es"},{"@type":"Person","@id":"https:\/\/www.asajacyl.com\/palencia\/#\/schema\/person\/3ab17aeb03527485c317557fae64aab1","name":"Administrador","image":{"@type":"ImageObject","inLanguage":"es","@id":"https:\/\/www.asajacyl.com\/palencia\/#\/schema\/person\/image\/","url":"https:\/\/secure.gravatar.com\/avatar\/517384810d242ca9e38c180f3c9fb973?s=96&d=mm&r=g","contentUrl":"https:\/\/secure.gravatar.com\/avatar\/517384810d242ca9e38c180f3c9fb973?s=96&d=mm&r=g","caption":"Administrador"},"url":"https:\/\/www.asajacyl.com\/palencia\/author\/carlosrm"}]}},"_links":{"self":[{"href":"https:\/\/www.asajacyl.com\/palencia\/wp-json\/wp\/v2\/posts\/21287"}],"collection":[{"href":"https:\/\/www.asajacyl.com\/palencia\/wp-json\/wp\/v2\/posts"}],"about":[{"href":"https:\/\/www.asajacyl.com\/palencia\/wp-json\/wp\/v2\/types\/post"}],"author":[{"embeddable":true,"href":"https:\/\/www.asajacyl.com\/palencia\/wp-json\/wp\/v2\/users\/9"}],"replies":[{"embeddable":true,"href":"https:\/\/www.asajacyl.com\/palencia\/wp-json\/wp\/v2\/comments?post=21287"}],"version-history":[{"count":5,"href":"https:\/\/www.asajacyl.com\/palencia\/wp-json\/wp\/v2\/posts\/21287\/revisions"}],"predecessor-version":[{"id":21301,"href":"https:\/\/www.asajacyl.com\/palencia\/wp-json\/wp\/v2\/posts\/21287\/revisions\/21301"}],"wp:featuredmedia":[{"embeddable":true,"href":"https:\/\/www.asajacyl.com\/palencia\/wp-json\/wp\/v2\/media\/12380"}],"wp:attachment":[{"href":"https:\/\/www.asajacyl.com\/palencia\/wp-json\/wp\/v2\/media?parent=21287"}],"wp:term":[{"taxonomy":"category","embeddable":true,"href":"https:\/\/www.asajacyl.com\/palencia\/wp-json\/wp\/v2\/categories?post=21287"},{"taxonomy":"post_tag","embeddable":true,"href":"https:\/\/www.asajacyl.com\/palencia\/wp-json\/wp\/v2\/tags?post=21287"}],"curies":[{"name":"wp","href":"https:\/\/api.w.org\/{rel}","templated":true}]}}