{"id":21290,"date":"2025-10-23T12:57:37","date_gmt":"2025-10-23T10:57:37","guid":{"rendered":"https:\/\/www.asajacyl.com\/palencia\/?p=21290"},"modified":"2025-10-23T12:58:29","modified_gmt":"2025-10-23T10:58:29","slug":"castilla-y-leon-suspende-desde-el-sabado-ferias-y-mercados-ganaderos-por-la-dermatosis-nodular","status":"publish","type":"post","link":"https:\/\/www.asajacyl.com\/palencia\/asaja-palencia-informa\/castilla-y-leon-suspende-desde-el-sabado-ferias-y-mercados-ganaderos-por-la-dermatosis-nodular","title":{"rendered":"Castilla y Le\u00f3n suspende desde el s\u00e1bado 25 ferias y mercados ganaderos por la dermatosis nodular"},"content":{"rendered":"\n<h2 class=\"wp-block-heading\">La Junta de Castilla y Le\u00f3n ha decidido suspender a partir del s\u00e1bado 25 de octubre, y por un plazo de dos semanas, las ferias, los mercados y cualquier concentraci\u00f3n de ganado en la comunidad para reforzar la prevenci\u00f3n frente a la dermatosis nodular contagiosa (DNC) que afecta al ganado bovino.\u00a0ASAJA-Castilla y Le\u00f3n apela a la prudencia para minimizar los riesgos y evitar que se extienda la enfermedad. Asimismo, nuestra organizaci\u00f3n reclama una coordinaci\u00f3n a nivel nacional y europeo de un problema que trasciende los \u00e1mbitos regionales.<\/h2>\n\n\n\n<p>Con esta decisi\u00f3n de la Junta, Castilla y Le\u00f3n se suma a Cantabria y al Principado de Asturias, que tambi\u00e9n han optado por suspender ferias y mercados. Hasta el momento, se han confirmados diecisiete focos de la DNC, todos ellos en la provincia de Gerona.<\/p>\n\n\n\n<p>La decisi\u00f3n de la administraci\u00f3n auton\u00f3mica \u2014temporal y proporcionada\u2014 se ha consensuado con los representantes del sector, incluidas las organizaciones profesionales agrarias, las cooperativas (URCACyL) y otras empresas y entidades integradas en el \u00e1mbito ganadero castellanoleon\u00e9s.<\/p>\n\n\n\n<p>La medida, que se basa en el principio de m\u00e1xima prevenci\u00f3n para proteger la sanidad animal y la estabilidad del sector ganadero, se revisar\u00e1 de forma continuada en funci\u00f3n de la evoluci\u00f3n epidemiol\u00f3gica de la DNC.\u00a0<\/p>\n\n\n\n<p>La resoluci\u00f3n se publicar\u00e1 en el Bolet\u00edn Oficial de Castilla y Le\u00f3n (BOCYL) este viernes, 24 de octubre, se alinea con actuaciones recientes similares en otras regiones, donde adem\u00e1s de suspenderse las concentraciones ganaderas de manera preventiva, se han reforzado los controles de movimientos y la desinsectaci\u00f3n.\u00a0<\/p>\n\n\n\n<p><strong>REFORZAR LA BIOSEGURIDAD. <\/strong>En ese sentido, la Junta recuerda a los titulares de explotaciones, operadores y transportistas la necesidad de reforzar la aplicaci\u00f3n de pautas b\u00e1sicas de bioseguridad.\u00a0Entre ellas se encuentran las siguientes:<\/p>\n\n\n\n<ul>\n<li>limpieza, desinfecci\u00f3n y desinsectaci\u00f3n de veh\u00edculos de transporte ganadero antes y despu\u00e9s de cada movimiento<\/li>\n\n\n\n<li>control de vectores en explotaciones (mosquiteras, manejo de esti\u00e9rcoles y zonas encharcadas, estabulaci\u00f3n en horas pico de insectos)<\/li>\n\n\n\n<li>paradas y contactos innecesarios en los movimientos de ganado<\/li>\n\n\n\n<li>vigilancia del registro de entradas y salidas, as\u00ed como de la cl\u00ednica de los animales.<\/li>\n<\/ul>\n\n\n\n<p>La Junta recuerda la obligaci\u00f3n de <span style=\"text-decoration: underline\">comunicar cualquier sospecha de esta enfermedad a los servicios veterinarios oficiales<\/span>. La DNC es una enfermedad v\u00edrica de difusi\u00f3n principalmente vectorial por insectos, por lo que exige extremar la bioseguridad y reducir concentraciones que favorecen la transmisi\u00f3n indirecta. <span style=\"text-decoration: underline\">No afecta a los seres humanos ni por contacto con los animales ni por ingesti\u00f3n de productos derivados de ellos<\/span>.\u00a0<\/p>\n\n\n\n<p><strong>PRUDENCIA Y PREOCUPACI\u00d3N.<\/strong> El presidente de ASAJA-Castilla y Le\u00f3n,\u00a0Donaciano Dujo, apela a la prudencia para tratar de correr los menores riesgos posibles y evitar que se extienda la enfermedad. Asimismo, pide una coordinaci\u00f3n estatal y europea de un problema de sanidad que va m\u00e1s all\u00e1 de un solo territorio. <\/p>\n\n\n\n<p>La preocupaci\u00f3n en el sector ganadero es actualmente m\u00e1xima, por la continua aparici\u00f3n de enfermedades que ponen en riesgo el equilibrio de los mercados y, muy especialmente, la exportaci\u00f3n en vivo. Tambi\u00e9n los ganaderos reclaman que exista un remanente suficiente de vacunas por si es necesaria su utilizaci\u00f3n.<strong>\/<\/strong><\/p>\n","protected":false},"excerpt":{"rendered":"<p>La Junta de Castilla y Le\u00f3n ha decidido suspender a partir del s\u00e1bado 25 de octubre, y por un plazo de dos semanas, las ferias, los mercados y cualquier concentraci\u00f3n de ganado en la comunidad para reforzar la prevenci\u00f3n frente a la dermatosis nodular contagiosa (DNC) que afecta al ganado bovino.\u00a0ASAJA-Castilla y Le\u00f3n apela a [&hellip;]<\/p>\n","protected":false},"author":9,"featured_media":16652,"comment_status":"open","ping_status":"open","sticky":false,"template":"","format":"standard","meta":{"footnotes":""},"categories":[9,31,38,28,13],"tags":[234,1617,142,351,1490,77,1084,1619,66,110,365,449,144],"yoast_head":"<!-- This site is optimized with the Yoast SEO plugin v24.5 - https:\/\/yoast.com\/wordpress\/plugins\/seo\/ -->\n<title>Castilla y Le\u00f3n suspende desde el s\u00e1bado 25 ferias y mercados ganaderos por la dermatosis nodular - ASAJA Palencia<\/title>\n<meta name=\"description\" content=\"La Junta de Castilla y Le\u00f3n ha decidido suspender a partir del s\u00e1bado 25 de octubre, y por un plazo de dos semanas, las ferias, los mercados y cualquier\" \/>\n<meta name=\"robots\" content=\"index, follow, max-snippet:-1, max-image-preview:large, max-video-preview:-1\" \/>\n<link rel=\"canonical\" href=\"https:\/\/www.asajacyl.com\/palencia\/asaja-palencia-informa\/castilla-y-leon-suspende-desde-el-sabado-ferias-y-mercados-ganaderos-por-la-dermatosis-nodular\" \/>\n<meta property=\"og:locale\" content=\"es_ES\" \/>\n<meta property=\"og:type\" content=\"article\" \/>\n<meta property=\"og:title\" content=\"Castilla y Le\u00f3n suspende desde el s\u00e1bado 25 ferias y mercados ganaderos por la dermatosis nodular - ASAJA Palencia\" \/>\n<meta property=\"og:description\" content=\"La Junta de Castilla y Le\u00f3n ha decidido suspender a partir del s\u00e1bado 25 de octubre, y por un plazo de dos semanas, las ferias, los mercados y cualquier\" \/>\n<meta property=\"og:url\" content=\"https:\/\/www.asajacyl.com\/palencia\/asaja-palencia-informa\/castilla-y-leon-suspende-desde-el-sabado-ferias-y-mercados-ganaderos-por-la-dermatosis-nodular\" \/>\n<meta property=\"og:site_name\" content=\"ASAJA Palencia\" \/>\n<meta property=\"article:published_time\" content=\"2025-10-23T10:57:37+00:00\" \/>\n<meta property=\"article:modified_time\" content=\"2025-10-23T10:58:29+00:00\" \/>\n<meta property=\"og:image\" content=\"https:\/\/www.asajacyl.com\/palencia\/wp-content\/uploads\/sites\/3\/2024\/06\/transporte-de-ganado.jpg\" \/>\n\t<meta property=\"og:image:width\" content=\"1890\" \/>\n\t<meta property=\"og:image:height\" content=\"1654\" \/>\n\t<meta property=\"og:image:type\" content=\"image\/jpeg\" \/>\n<meta name=\"author\" content=\"Administrador\" \/>\n<meta name=\"twitter:card\" content=\"summary_large_image\" \/>\n<meta name=\"twitter:label1\" content=\"Escrito por\" \/>\n\t<meta name=\"twitter:data1\" content=\"Administrador\" \/>\n\t<meta name=\"twitter:label2\" content=\"Tiempo de lectura\" \/>\n\t<meta name=\"twitter:data2\" content=\"3 minutos\" \/>\n<script type=\"application\/ld+json\" class=\"yoast-schema-graph\">{\"@context\":\"https:\/\/schema.org\",\"@graph\":[{\"@type\":\"WebPage\",\"@id\":\"https:\/\/www.asajacyl.com\/palencia\/asaja-palencia-informa\/castilla-y-leon-suspende-desde-el-sabado-ferias-y-mercados-ganaderos-por-la-dermatosis-nodular\",\"url\":\"https:\/\/www.asajacyl.com\/palencia\/asaja-palencia-informa\/castilla-y-leon-suspende-desde-el-sabado-ferias-y-mercados-ganaderos-por-la-dermatosis-nodular\",\"name\":\"Castilla y Le\u00f3n suspende desde el s\u00e1bado 25 ferias y mercados ganaderos por la dermatosis nodular - ASAJA Palencia\",\"isPartOf\":{\"@id\":\"https:\/\/www.asajacyl.com\/palencia\/#website\"},\"primaryImageOfPage\":{\"@id\":\"https:\/\/www.asajacyl.com\/palencia\/asaja-palencia-informa\/castilla-y-leon-suspende-desde-el-sabado-ferias-y-mercados-ganaderos-por-la-dermatosis-nodular#primaryimage\"},\"image\":{\"@id\":\"https:\/\/www.asajacyl.com\/palencia\/asaja-palencia-informa\/castilla-y-leon-suspende-desde-el-sabado-ferias-y-mercados-ganaderos-por-la-dermatosis-nodular#primaryimage\"},\"thumbnailUrl\":\"https:\/\/www.asajacyl.com\/palencia\/wp-content\/uploads\/sites\/3\/2024\/06\/transporte-de-ganado.jpg\",\"datePublished\":\"2025-10-23T10:57:37+00:00\",\"dateModified\":\"2025-10-23T10:58:29+00:00\",\"author\":{\"@id\":\"https:\/\/www.asajacyl.com\/palencia\/#\/schema\/person\/3ab17aeb03527485c317557fae64aab1\"},\"description\":\"La Junta de Castilla y Le\u00f3n ha decidido suspender a partir del s\u00e1bado 25 de octubre, y por un plazo de dos semanas, las ferias, los mercados y cualquier\",\"breadcrumb\":{\"@id\":\"https:\/\/www.asajacyl.com\/palencia\/asaja-palencia-informa\/castilla-y-leon-suspende-desde-el-sabado-ferias-y-mercados-ganaderos-por-la-dermatosis-nodular#breadcrumb\"},\"inLanguage\":\"es\",\"potentialAction\":[{\"@type\":\"ReadAction\",\"target\":[\"https:\/\/www.asajacyl.com\/palencia\/asaja-palencia-informa\/castilla-y-leon-suspende-desde-el-sabado-ferias-y-mercados-ganaderos-por-la-dermatosis-nodular\"]}]},{\"@type\":\"ImageObject\",\"inLanguage\":\"es\",\"@id\":\"https:\/\/www.asajacyl.com\/palencia\/asaja-palencia-informa\/castilla-y-leon-suspende-desde-el-sabado-ferias-y-mercados-ganaderos-por-la-dermatosis-nodular#primaryimage\",\"url\":\"https:\/\/www.asajacyl.com\/palencia\/wp-content\/uploads\/sites\/3\/2024\/06\/transporte-de-ganado.jpg\",\"contentUrl\":\"https:\/\/www.asajacyl.com\/palencia\/wp-content\/uploads\/sites\/3\/2024\/06\/transporte-de-ganado.jpg\",\"width\":1890,\"height\":1654},{\"@type\":\"BreadcrumbList\",\"@id\":\"https:\/\/www.asajacyl.com\/palencia\/asaja-palencia-informa\/castilla-y-leon-suspende-desde-el-sabado-ferias-y-mercados-ganaderos-por-la-dermatosis-nodular#breadcrumb\",\"itemListElement\":[{\"@type\":\"ListItem\",\"position\":1,\"name\":\"Portada\",\"item\":\"https:\/\/www.asajacyl.com\/palencia\/\"},{\"@type\":\"ListItem\",\"position\":2,\"name\":\"Castilla y Le\u00f3n suspende desde el s\u00e1bado 25 ferias y mercados ganaderos por la dermatosis nodular\"}]},{\"@type\":\"WebSite\",\"@id\":\"https:\/\/www.asajacyl.com\/palencia\/#website\",\"url\":\"https:\/\/www.asajacyl.com\/palencia\/\",\"name\":\"ASAJA Palencia\",\"description\":\"Otro sitio m\u00e1s de Provincias ASAJA Castilla y Le\u00f3n\",\"potentialAction\":[{\"@type\":\"SearchAction\",\"target\":{\"@type\":\"EntryPoint\",\"urlTemplate\":\"https:\/\/www.asajacyl.com\/palencia\/?s={search_term_string}\"},\"query-input\":{\"@type\":\"PropertyValueSpecification\",\"valueRequired\":true,\"valueName\":\"search_term_string\"}}],\"inLanguage\":\"es\"},{\"@type\":\"Person\",\"@id\":\"https:\/\/www.asajacyl.com\/palencia\/#\/schema\/person\/3ab17aeb03527485c317557fae64aab1\",\"name\":\"Administrador\",\"image\":{\"@type\":\"ImageObject\",\"inLanguage\":\"es\",\"@id\":\"https:\/\/www.asajacyl.com\/palencia\/#\/schema\/person\/image\/\",\"url\":\"https:\/\/secure.gravatar.com\/avatar\/517384810d242ca9e38c180f3c9fb973?s=96&d=mm&r=g\",\"contentUrl\":\"https:\/\/secure.gravatar.com\/avatar\/517384810d242ca9e38c180f3c9fb973?s=96&d=mm&r=g\",\"caption\":\"Administrador\"},\"url\":\"https:\/\/www.asajacyl.com\/palencia\/author\/carlosrm\"}]}<\/script>\n<!-- \/ Yoast SEO plugin. -->","yoast_head_json":{"title":"Castilla y Le\u00f3n suspende desde el s\u00e1bado 25 ferias y mercados ganaderos por la dermatosis nodular - ASAJA Palencia","description":"La Junta de Castilla y Le\u00f3n ha decidido suspender a partir del s\u00e1bado 25 de octubre, y por un plazo de dos semanas, las ferias, los mercados y cualquier","robots":{"index":"index","follow":"follow","max-snippet":"max-snippet:-1","max-image-preview":"max-image-preview:large","max-video-preview":"max-video-preview:-1"},"canonical":"https:\/\/www.asajacyl.com\/palencia\/asaja-palencia-informa\/castilla-y-leon-suspende-desde-el-sabado-ferias-y-mercados-ganaderos-por-la-dermatosis-nodular","og_locale":"es_ES","og_type":"article","og_title":"Castilla y Le\u00f3n suspende desde el s\u00e1bado 25 ferias y mercados ganaderos por la dermatosis nodular - ASAJA Palencia","og_description":"La Junta de Castilla y Le\u00f3n ha decidido suspender a partir del s\u00e1bado 25 de octubre, y por un plazo de dos semanas, las ferias, los mercados y cualquier","og_url":"https:\/\/www.asajacyl.com\/palencia\/asaja-palencia-informa\/castilla-y-leon-suspende-desde-el-sabado-ferias-y-mercados-ganaderos-por-la-dermatosis-nodular","og_site_name":"ASAJA Palencia","article_published_time":"2025-10-23T10:57:37+00:00","article_modified_time":"2025-10-23T10:58:29+00:00","og_image":[{"width":1890,"height":1654,"url":"https:\/\/www.asajacyl.com\/palencia\/wp-content\/uploads\/sites\/3\/2024\/06\/transporte-de-ganado.jpg","type":"image\/jpeg"}],"author":"Administrador","twitter_card":"summary_large_image","twitter_misc":{"Escrito por":"Administrador","Tiempo de lectura":"3 minutos"},"schema":{"@context":"https:\/\/schema.org","@graph":[{"@type":"WebPage","@id":"https:\/\/www.asajacyl.com\/palencia\/asaja-palencia-informa\/castilla-y-leon-suspende-desde-el-sabado-ferias-y-mercados-ganaderos-por-la-dermatosis-nodular","url":"https:\/\/www.asajacyl.com\/palencia\/asaja-palencia-informa\/castilla-y-leon-suspende-desde-el-sabado-ferias-y-mercados-ganaderos-por-la-dermatosis-nodular","name":"Castilla y Le\u00f3n suspende desde el s\u00e1bado 25 ferias y mercados ganaderos por la dermatosis nodular - ASAJA Palencia","isPartOf":{"@id":"https:\/\/www.asajacyl.com\/palencia\/#website"},"primaryImageOfPage":{"@id":"https:\/\/www.asajacyl.com\/palencia\/asaja-palencia-informa\/castilla-y-leon-suspende-desde-el-sabado-ferias-y-mercados-ganaderos-por-la-dermatosis-nodular#primaryimage"},"image":{"@id":"https:\/\/www.asajacyl.com\/palencia\/asaja-palencia-informa\/castilla-y-leon-suspende-desde-el-sabado-ferias-y-mercados-ganaderos-por-la-dermatosis-nodular#primaryimage"},"thumbnailUrl":"https:\/\/www.asajacyl.com\/palencia\/wp-content\/uploads\/sites\/3\/2024\/06\/transporte-de-ganado.jpg","datePublished":"2025-10-23T10:57:37+00:00","dateModified":"2025-10-23T10:58:29+00:00","author":{"@id":"https:\/\/www.asajacyl.com\/palencia\/#\/schema\/person\/3ab17aeb03527485c317557fae64aab1"},"description":"La Junta de Castilla y Le\u00f3n ha decidido suspender a partir del s\u00e1bado 25 de octubre, y por un plazo de dos semanas, las ferias, los mercados y cualquier","breadcrumb":{"@id":"https:\/\/www.asajacyl.com\/palencia\/asaja-palencia-informa\/castilla-y-leon-suspende-desde-el-sabado-ferias-y-mercados-ganaderos-por-la-dermatosis-nodular#breadcrumb"},"inLanguage":"es","potentialAction":[{"@type":"ReadAction","target":["https:\/\/www.asajacyl.com\/palencia\/asaja-palencia-informa\/castilla-y-leon-suspende-desde-el-sabado-ferias-y-mercados-ganaderos-por-la-dermatosis-nodular"]}]},{"@type":"ImageObject","inLanguage":"es","@id":"https:\/\/www.asajacyl.com\/palencia\/asaja-palencia-informa\/castilla-y-leon-suspende-desde-el-sabado-ferias-y-mercados-ganaderos-por-la-dermatosis-nodular#primaryimage","url":"https:\/\/www.asajacyl.com\/palencia\/wp-content\/uploads\/sites\/3\/2024\/06\/transporte-de-ganado.jpg","contentUrl":"https:\/\/www.asajacyl.com\/palencia\/wp-content\/uploads\/sites\/3\/2024\/06\/transporte-de-ganado.jpg","width":1890,"height":1654},{"@type":"BreadcrumbList","@id":"https:\/\/www.asajacyl.com\/palencia\/asaja-palencia-informa\/castilla-y-leon-suspende-desde-el-sabado-ferias-y-mercados-ganaderos-por-la-dermatosis-nodular#breadcrumb","itemListElement":[{"@type":"ListItem","position":1,"name":"Portada","item":"https:\/\/www.asajacyl.com\/palencia\/"},{"@type":"ListItem","position":2,"name":"Castilla y Le\u00f3n suspende desde el s\u00e1bado 25 ferias y mercados ganaderos por la dermatosis nodular"}]},{"@type":"WebSite","@id":"https:\/\/www.asajacyl.com\/palencia\/#website","url":"https:\/\/www.asajacyl.com\/palencia\/","name":"ASAJA Palencia","description":"Otro sitio m\u00e1s de Provincias ASAJA Castilla y Le\u00f3n","potentialAction":[{"@type":"SearchAction","target":{"@type":"EntryPoint","urlTemplate":"https:\/\/www.asajacyl.com\/palencia\/?s={search_term_string}"},"query-input":{"@type":"PropertyValueSpecification","valueRequired":true,"valueName":"search_term_string"}}],"inLanguage":"es"},{"@type":"Person","@id":"https:\/\/www.asajacyl.com\/palencia\/#\/schema\/person\/3ab17aeb03527485c317557fae64aab1","name":"Administrador","image":{"@type":"ImageObject","inLanguage":"es","@id":"https:\/\/www.asajacyl.com\/palencia\/#\/schema\/person\/image\/","url":"https:\/\/secure.gravatar.com\/avatar\/517384810d242ca9e38c180f3c9fb973?s=96&d=mm&r=g","contentUrl":"https:\/\/secure.gravatar.com\/avatar\/517384810d242ca9e38c180f3c9fb973?s=96&d=mm&r=g","caption":"Administrador"},"url":"https:\/\/www.asajacyl.com\/palencia\/author\/carlosrm"}]}},"_links":{"self":[{"href":"https:\/\/www.asajacyl.com\/palencia\/wp-json\/wp\/v2\/posts\/21290"}],"collection":[{"href":"https:\/\/www.asajacyl.com\/palencia\/wp-json\/wp\/v2\/posts"}],"about":[{"href":"https:\/\/www.asajacyl.com\/palencia\/wp-json\/wp\/v2\/types\/post"}],"author":[{"embeddable":true,"href":"https:\/\/www.asajacyl.com\/palencia\/wp-json\/wp\/v2\/users\/9"}],"replies":[{"embeddable":true,"href":"https:\/\/www.asajacyl.com\/palencia\/wp-json\/wp\/v2\/comments?post=21290"}],"version-history":[{"count":3,"href":"https:\/\/www.asajacyl.com\/palencia\/wp-json\/wp\/v2\/posts\/21290\/revisions"}],"predecessor-version":[{"id":21293,"href":"https:\/\/www.asajacyl.com\/palencia\/wp-json\/wp\/v2\/posts\/21290\/revisions\/21293"}],"wp:featuredmedia":[{"embeddable":true,"href":"https:\/\/www.asajacyl.com\/palencia\/wp-json\/wp\/v2\/media\/16652"}],"wp:attachment":[{"href":"https:\/\/www.asajacyl.com\/palencia\/wp-json\/wp\/v2\/media?parent=21290"}],"wp:term":[{"taxonomy":"category","embeddable":true,"href":"https:\/\/www.asajacyl.com\/palencia\/wp-json\/wp\/v2\/categories?post=21290"},{"taxonomy":"post_tag","embeddable":true,"href":"https:\/\/www.asajacyl.com\/palencia\/wp-json\/wp\/v2\/tags?post=21290"}],"curies":[{"name":"wp","href":"https:\/\/api.w.org\/{rel}","templated":true}]}}