{"id":21294,"date":"2025-10-23T14:03:32","date_gmt":"2025-10-23T12:03:32","guid":{"rendered":"https:\/\/www.asajacyl.com\/palencia\/?p=21294"},"modified":"2025-10-23T14:03:34","modified_gmt":"2025-10-23T12:03:34","slug":"asaja-ve-injusto-e-ineficaz-el-sistema-ministerial-de-las-ayudas-por-los-danos-agrarios-de-los-incendios","status":"publish","type":"post","link":"https:\/\/www.asajacyl.com\/palencia\/asaja-palencia-informa\/asaja-ve-injusto-e-ineficaz-el-sistema-ministerial-de-las-ayudas-por-los-danos-agrarios-de-los-incendios","title":{"rendered":"ASAJA ve injusto e ineficaz el sistema ministerial de las ayudas por los da\u00f1os agrarios de los incendios"},"content":{"rendered":"\n<h2 class=\"wp-block-heading\">ASAJA considera que las cuant\u00edas de las ayudas anunciadas por el Ministerio de Agricultura, Pesca y Alimentaci\u00f3n (MAPA) para compensar da\u00f1os ocasionados en el sector agrario por los graves incendios del pasado verano no responden a la magnitud real de las p\u00e9rdidas, que superan los doscientos millones de euros. Adem\u00e1s, nuestra organizaci\u00f3n cree que el modelo de compensaci\u00f3n establecido es injusto e ineficaz. Por eso, reclama al Gobierno de Espa\u00f1a un plan de apoyo real y m\u00e1s ambicioso.<\/h2>\n\n\n\n<p>ASAJA ve claramente insuficientes las <a href=\"https:\/\/www.asajacyl.com\/palencia\/asaja-palencia-informa\/la-ayuda-del-ministerio-por-danos-de-los-incendios-en-la-actividad-agraria-oscilara-entre-1500-y-16-000-euros\" target=\"_blank\" rel=\"noreferrer noopener\">ayudas aprobadas por el Consejo de Ministros para compensar los da\u00f1os ocasionados por los incendios forestales del pasado verano<\/a>, cuyo importe total asciende a veintisiete millones de euros. <\/p>\n\n\n\n<p>Nuestra organizaci\u00f3n reconoce que menos es nada, pero cree que las subvenciones de entre 1500 y 10 000 euros por da\u00f1os en las explotaciones (de 6000 a 16 000 euros para quienes cuentan con seguro agrario) no alcanzan ni de lejos para cubrir las necesidades b\u00e1sicas de los agricultores y ganaderos afectados.<\/p>\n\n\n\n<p>Adem\u00e1s, ASAJA lamenta que algunos municipios, especialmente en Galicia, hayan quedado fuera del reparto, pese a haber sufrido tambi\u00e9n los efectos devastadores de los incendios. <\/p>\n\n\n\n<p>M\u00e1s de mil quinientos ganaderos de extensivo se han visto gravemente afectados, muchos de ellos con la p\u00e9rdida total de animales, instalaciones y viviendas, adem\u00e1s de miles de hect\u00e1reas de cultivos arrasadas. <\/p>\n\n\n\n<p><strong>INDICADOR INV\u00c1LIDO. <\/strong>ASAJA cree que el modelo de compensaci\u00f3n ministerial es injusto e ineficaz. El c\u00e1lculo de las ayudas en funci\u00f3n del 20 % de los ingresos agrarios declarados en 2024 es un criterio arbitrario, que no va a salvar a los agricultores ni a los ganaderos. <\/p>\n\n\n\n<p>Ce\u00f1irse a los ingresos agrarios de un solo ejercicio es una distorsi\u00f3n, porque no existe relaci\u00f3n directa con el volumen del da\u00f1o causado por los incendios. Adem\u00e1s, al exigirse unos ingresos declarados superiores a mil euros y tener registradas todas las explotaciones, pueden quedarse fuera peque\u00f1os productores que tambi\u00e9n lo han perdido todo.<\/p>\n\n\n\n<p>Por otro lado, tambi\u00e9n es un inconveniente que las ayudas computen dentro del r\u00e9gimen de minimis, en la medida en que, ante una hipot\u00e9tica crisis sanitaria o de mercado, los productores ver\u00e1n limitadas las ayudas porque ya se habr\u00e1 consumido parte del margen permitido por la normativa europea. Es un error que puede condicionar la respuesta del Gobierno ante futuras emergencias. <\/p>\n\n\n\n<p><strong>PLAN INTEGRAL, NO PARCHES. <\/strong>Ante esta situaci\u00f3n, ASAJA reclama al Gobierno la puesta en marcha de un plan de apoyo extraordinario que contemple ayudas directas m\u00e1s potentes, no sujetas a minimis, l\u00edneas de cr\u00e9dito bonificadas, reducciones fiscales (IRPF e IBI r\u00fastico), moratorias en pr\u00e9stamos y exenciones en las cuotas de Seguridad Social para los agricultores y ganaderos afectados.<\/p>\n\n\n\n<p>Es necesario un apoyo firme, \u00e1gil y real para quienes lo han perdido todo. No podemos permitir que los m\u00e1s golpeados por los incendios se queden atr\u00e1s. Las medidas anunciadas no est\u00e1n a la altura del drama que viven miles de familias rurales. Se necesita una respuesta urgente y proporcional, no un parche temporal.<strong>\/<\/strong><\/p>\n","protected":false},"excerpt":{"rendered":"<p>ASAJA considera que las cuant\u00edas de las ayudas anunciadas por el Ministerio de Agricultura, Pesca y Alimentaci\u00f3n (MAPA) para compensar da\u00f1os ocasionados en el sector agrario por los graves incendios del pasado verano no responden a la magnitud real de las p\u00e9rdidas, que superan los doscientos millones de euros. Adem\u00e1s, nuestra organizaci\u00f3n cree que el [&hellip;]<\/p>\n","protected":false},"author":9,"featured_media":20838,"comment_status":"open","ping_status":"open","sticky":false,"template":"","format":"standard","meta":{"footnotes":""},"categories":[9,38,29,28,13],"tags":[58,59,351,77,94,1612,922,92,110,98,501,93],"yoast_head":"<!-- This site is optimized with the Yoast SEO plugin v24.5 - https:\/\/yoast.com\/wordpress\/plugins\/seo\/ -->\n<title>ASAJA ve injusto e ineficaz el sistema ministerial de las ayudas por los da\u00f1os agrarios de los incendios - ASAJA Palencia<\/title>\n<meta name=\"description\" content=\"ASAJA considera que las cuant\u00edas de las ayudas anunciadas por el Ministerio de Agricultura, Pesca y Alimentaci\u00f3n (MAPA) para compensar da\u00f1os ocasionados\" \/>\n<meta name=\"robots\" content=\"index, follow, max-snippet:-1, max-image-preview:large, max-video-preview:-1\" \/>\n<link rel=\"canonical\" href=\"https:\/\/www.asajacyl.com\/palencia\/asaja-palencia-informa\/asaja-ve-injusto-e-ineficaz-el-sistema-ministerial-de-las-ayudas-por-los-danos-agrarios-de-los-incendios\" \/>\n<meta property=\"og:locale\" content=\"es_ES\" \/>\n<meta property=\"og:type\" content=\"article\" \/>\n<meta property=\"og:title\" content=\"ASAJA ve injusto e ineficaz el sistema ministerial de las ayudas por los da\u00f1os agrarios de los incendios - ASAJA Palencia\" \/>\n<meta property=\"og:description\" content=\"ASAJA considera que las cuant\u00edas de las ayudas anunciadas por el Ministerio de Agricultura, Pesca y Alimentaci\u00f3n (MAPA) para compensar da\u00f1os ocasionados\" \/>\n<meta property=\"og:url\" content=\"https:\/\/www.asajacyl.com\/palencia\/asaja-palencia-informa\/asaja-ve-injusto-e-ineficaz-el-sistema-ministerial-de-las-ayudas-por-los-danos-agrarios-de-los-incendios\" \/>\n<meta property=\"og:site_name\" content=\"ASAJA Palencia\" \/>\n<meta property=\"article:published_time\" content=\"2025-10-23T12:03:32+00:00\" \/>\n<meta property=\"article:modified_time\" content=\"2025-10-23T12:03:34+00:00\" \/>\n<meta property=\"og:image\" content=\"https:\/\/www.asajacyl.com\/palencia\/wp-content\/uploads\/sites\/3\/2025\/09\/Incendio-agosto-San-Pedro-de-Cansoles.jpg\" \/>\n\t<meta property=\"og:image:width\" content=\"1890\" \/>\n\t<meta property=\"og:image:height\" content=\"1654\" \/>\n\t<meta property=\"og:image:type\" content=\"image\/jpeg\" \/>\n<meta name=\"author\" content=\"Administrador\" \/>\n<meta name=\"twitter:card\" content=\"summary_large_image\" \/>\n<meta name=\"twitter:label1\" content=\"Escrito por\" \/>\n\t<meta name=\"twitter:data1\" content=\"Administrador\" \/>\n\t<meta name=\"twitter:label2\" content=\"Tiempo de lectura\" \/>\n\t<meta name=\"twitter:data2\" content=\"3 minutos\" \/>\n<script type=\"application\/ld+json\" class=\"yoast-schema-graph\">{\"@context\":\"https:\/\/schema.org\",\"@graph\":[{\"@type\":\"WebPage\",\"@id\":\"https:\/\/www.asajacyl.com\/palencia\/asaja-palencia-informa\/asaja-ve-injusto-e-ineficaz-el-sistema-ministerial-de-las-ayudas-por-los-danos-agrarios-de-los-incendios\",\"url\":\"https:\/\/www.asajacyl.com\/palencia\/asaja-palencia-informa\/asaja-ve-injusto-e-ineficaz-el-sistema-ministerial-de-las-ayudas-por-los-danos-agrarios-de-los-incendios\",\"name\":\"ASAJA ve injusto e ineficaz el sistema ministerial de las ayudas por los da\u00f1os agrarios de los incendios - ASAJA Palencia\",\"isPartOf\":{\"@id\":\"https:\/\/www.asajacyl.com\/palencia\/#website\"},\"primaryImageOfPage\":{\"@id\":\"https:\/\/www.asajacyl.com\/palencia\/asaja-palencia-informa\/asaja-ve-injusto-e-ineficaz-el-sistema-ministerial-de-las-ayudas-por-los-danos-agrarios-de-los-incendios#primaryimage\"},\"image\":{\"@id\":\"https:\/\/www.asajacyl.com\/palencia\/asaja-palencia-informa\/asaja-ve-injusto-e-ineficaz-el-sistema-ministerial-de-las-ayudas-por-los-danos-agrarios-de-los-incendios#primaryimage\"},\"thumbnailUrl\":\"https:\/\/www.asajacyl.com\/palencia\/wp-content\/uploads\/sites\/3\/2025\/09\/Incendio-agosto-San-Pedro-de-Cansoles.jpg\",\"datePublished\":\"2025-10-23T12:03:32+00:00\",\"dateModified\":\"2025-10-23T12:03:34+00:00\",\"author\":{\"@id\":\"https:\/\/www.asajacyl.com\/palencia\/#\/schema\/person\/3ab17aeb03527485c317557fae64aab1\"},\"description\":\"ASAJA considera que las cuant\u00edas de las ayudas anunciadas por el Ministerio de Agricultura, Pesca y Alimentaci\u00f3n (MAPA) para compensar da\u00f1os ocasionados\",\"breadcrumb\":{\"@id\":\"https:\/\/www.asajacyl.com\/palencia\/asaja-palencia-informa\/asaja-ve-injusto-e-ineficaz-el-sistema-ministerial-de-las-ayudas-por-los-danos-agrarios-de-los-incendios#breadcrumb\"},\"inLanguage\":\"es\",\"potentialAction\":[{\"@type\":\"ReadAction\",\"target\":[\"https:\/\/www.asajacyl.com\/palencia\/asaja-palencia-informa\/asaja-ve-injusto-e-ineficaz-el-sistema-ministerial-de-las-ayudas-por-los-danos-agrarios-de-los-incendios\"]}]},{\"@type\":\"ImageObject\",\"inLanguage\":\"es\",\"@id\":\"https:\/\/www.asajacyl.com\/palencia\/asaja-palencia-informa\/asaja-ve-injusto-e-ineficaz-el-sistema-ministerial-de-las-ayudas-por-los-danos-agrarios-de-los-incendios#primaryimage\",\"url\":\"https:\/\/www.asajacyl.com\/palencia\/wp-content\/uploads\/sites\/3\/2025\/09\/Incendio-agosto-San-Pedro-de-Cansoles.jpg\",\"contentUrl\":\"https:\/\/www.asajacyl.com\/palencia\/wp-content\/uploads\/sites\/3\/2025\/09\/Incendio-agosto-San-Pedro-de-Cansoles.jpg\",\"width\":1890,\"height\":1654},{\"@type\":\"BreadcrumbList\",\"@id\":\"https:\/\/www.asajacyl.com\/palencia\/asaja-palencia-informa\/asaja-ve-injusto-e-ineficaz-el-sistema-ministerial-de-las-ayudas-por-los-danos-agrarios-de-los-incendios#breadcrumb\",\"itemListElement\":[{\"@type\":\"ListItem\",\"position\":1,\"name\":\"Portada\",\"item\":\"https:\/\/www.asajacyl.com\/palencia\/\"},{\"@type\":\"ListItem\",\"position\":2,\"name\":\"ASAJA ve injusto e ineficaz el sistema ministerial de las ayudas por los da\u00f1os agrarios de los incendios\"}]},{\"@type\":\"WebSite\",\"@id\":\"https:\/\/www.asajacyl.com\/palencia\/#website\",\"url\":\"https:\/\/www.asajacyl.com\/palencia\/\",\"name\":\"ASAJA Palencia\",\"description\":\"Otro sitio m\u00e1s de Provincias ASAJA Castilla y Le\u00f3n\",\"potentialAction\":[{\"@type\":\"SearchAction\",\"target\":{\"@type\":\"EntryPoint\",\"urlTemplate\":\"https:\/\/www.asajacyl.com\/palencia\/?s={search_term_string}\"},\"query-input\":{\"@type\":\"PropertyValueSpecification\",\"valueRequired\":true,\"valueName\":\"search_term_string\"}}],\"inLanguage\":\"es\"},{\"@type\":\"Person\",\"@id\":\"https:\/\/www.asajacyl.com\/palencia\/#\/schema\/person\/3ab17aeb03527485c317557fae64aab1\",\"name\":\"Administrador\",\"image\":{\"@type\":\"ImageObject\",\"inLanguage\":\"es\",\"@id\":\"https:\/\/www.asajacyl.com\/palencia\/#\/schema\/person\/image\/\",\"url\":\"https:\/\/secure.gravatar.com\/avatar\/517384810d242ca9e38c180f3c9fb973?s=96&d=mm&r=g\",\"contentUrl\":\"https:\/\/secure.gravatar.com\/avatar\/517384810d242ca9e38c180f3c9fb973?s=96&d=mm&r=g\",\"caption\":\"Administrador\"},\"url\":\"https:\/\/www.asajacyl.com\/palencia\/author\/carlosrm\"}]}<\/script>\n<!-- \/ Yoast SEO plugin. -->","yoast_head_json":{"title":"ASAJA ve injusto e ineficaz el sistema ministerial de las ayudas por los da\u00f1os agrarios de los incendios - ASAJA Palencia","description":"ASAJA considera que las cuant\u00edas de las ayudas anunciadas por el Ministerio de Agricultura, Pesca y Alimentaci\u00f3n (MAPA) para compensar da\u00f1os ocasionados","robots":{"index":"index","follow":"follow","max-snippet":"max-snippet:-1","max-image-preview":"max-image-preview:large","max-video-preview":"max-video-preview:-1"},"canonical":"https:\/\/www.asajacyl.com\/palencia\/asaja-palencia-informa\/asaja-ve-injusto-e-ineficaz-el-sistema-ministerial-de-las-ayudas-por-los-danos-agrarios-de-los-incendios","og_locale":"es_ES","og_type":"article","og_title":"ASAJA ve injusto e ineficaz el sistema ministerial de las ayudas por los da\u00f1os agrarios de los incendios - ASAJA Palencia","og_description":"ASAJA considera que las cuant\u00edas de las ayudas anunciadas por el Ministerio de Agricultura, Pesca y Alimentaci\u00f3n (MAPA) para compensar da\u00f1os ocasionados","og_url":"https:\/\/www.asajacyl.com\/palencia\/asaja-palencia-informa\/asaja-ve-injusto-e-ineficaz-el-sistema-ministerial-de-las-ayudas-por-los-danos-agrarios-de-los-incendios","og_site_name":"ASAJA Palencia","article_published_time":"2025-10-23T12:03:32+00:00","article_modified_time":"2025-10-23T12:03:34+00:00","og_image":[{"width":1890,"height":1654,"url":"https:\/\/www.asajacyl.com\/palencia\/wp-content\/uploads\/sites\/3\/2025\/09\/Incendio-agosto-San-Pedro-de-Cansoles.jpg","type":"image\/jpeg"}],"author":"Administrador","twitter_card":"summary_large_image","twitter_misc":{"Escrito por":"Administrador","Tiempo de lectura":"3 minutos"},"schema":{"@context":"https:\/\/schema.org","@graph":[{"@type":"WebPage","@id":"https:\/\/www.asajacyl.com\/palencia\/asaja-palencia-informa\/asaja-ve-injusto-e-ineficaz-el-sistema-ministerial-de-las-ayudas-por-los-danos-agrarios-de-los-incendios","url":"https:\/\/www.asajacyl.com\/palencia\/asaja-palencia-informa\/asaja-ve-injusto-e-ineficaz-el-sistema-ministerial-de-las-ayudas-por-los-danos-agrarios-de-los-incendios","name":"ASAJA ve injusto e ineficaz el sistema ministerial de las ayudas por los da\u00f1os agrarios de los incendios - ASAJA Palencia","isPartOf":{"@id":"https:\/\/www.asajacyl.com\/palencia\/#website"},"primaryImageOfPage":{"@id":"https:\/\/www.asajacyl.com\/palencia\/asaja-palencia-informa\/asaja-ve-injusto-e-ineficaz-el-sistema-ministerial-de-las-ayudas-por-los-danos-agrarios-de-los-incendios#primaryimage"},"image":{"@id":"https:\/\/www.asajacyl.com\/palencia\/asaja-palencia-informa\/asaja-ve-injusto-e-ineficaz-el-sistema-ministerial-de-las-ayudas-por-los-danos-agrarios-de-los-incendios#primaryimage"},"thumbnailUrl":"https:\/\/www.asajacyl.com\/palencia\/wp-content\/uploads\/sites\/3\/2025\/09\/Incendio-agosto-San-Pedro-de-Cansoles.jpg","datePublished":"2025-10-23T12:03:32+00:00","dateModified":"2025-10-23T12:03:34+00:00","author":{"@id":"https:\/\/www.asajacyl.com\/palencia\/#\/schema\/person\/3ab17aeb03527485c317557fae64aab1"},"description":"ASAJA considera que las cuant\u00edas de las ayudas anunciadas por el Ministerio de Agricultura, Pesca y Alimentaci\u00f3n (MAPA) para compensar da\u00f1os ocasionados","breadcrumb":{"@id":"https:\/\/www.asajacyl.com\/palencia\/asaja-palencia-informa\/asaja-ve-injusto-e-ineficaz-el-sistema-ministerial-de-las-ayudas-por-los-danos-agrarios-de-los-incendios#breadcrumb"},"inLanguage":"es","potentialAction":[{"@type":"ReadAction","target":["https:\/\/www.asajacyl.com\/palencia\/asaja-palencia-informa\/asaja-ve-injusto-e-ineficaz-el-sistema-ministerial-de-las-ayudas-por-los-danos-agrarios-de-los-incendios"]}]},{"@type":"ImageObject","inLanguage":"es","@id":"https:\/\/www.asajacyl.com\/palencia\/asaja-palencia-informa\/asaja-ve-injusto-e-ineficaz-el-sistema-ministerial-de-las-ayudas-por-los-danos-agrarios-de-los-incendios#primaryimage","url":"https:\/\/www.asajacyl.com\/palencia\/wp-content\/uploads\/sites\/3\/2025\/09\/Incendio-agosto-San-Pedro-de-Cansoles.jpg","contentUrl":"https:\/\/www.asajacyl.com\/palencia\/wp-content\/uploads\/sites\/3\/2025\/09\/Incendio-agosto-San-Pedro-de-Cansoles.jpg","width":1890,"height":1654},{"@type":"BreadcrumbList","@id":"https:\/\/www.asajacyl.com\/palencia\/asaja-palencia-informa\/asaja-ve-injusto-e-ineficaz-el-sistema-ministerial-de-las-ayudas-por-los-danos-agrarios-de-los-incendios#breadcrumb","itemListElement":[{"@type":"ListItem","position":1,"name":"Portada","item":"https:\/\/www.asajacyl.com\/palencia\/"},{"@type":"ListItem","position":2,"name":"ASAJA ve injusto e ineficaz el sistema ministerial de las ayudas por los da\u00f1os agrarios de los incendios"}]},{"@type":"WebSite","@id":"https:\/\/www.asajacyl.com\/palencia\/#website","url":"https:\/\/www.asajacyl.com\/palencia\/","name":"ASAJA Palencia","description":"Otro sitio m\u00e1s de Provincias ASAJA Castilla y Le\u00f3n","potentialAction":[{"@type":"SearchAction","target":{"@type":"EntryPoint","urlTemplate":"https:\/\/www.asajacyl.com\/palencia\/?s={search_term_string}"},"query-input":{"@type":"PropertyValueSpecification","valueRequired":true,"valueName":"search_term_string"}}],"inLanguage":"es"},{"@type":"Person","@id":"https:\/\/www.asajacyl.com\/palencia\/#\/schema\/person\/3ab17aeb03527485c317557fae64aab1","name":"Administrador","image":{"@type":"ImageObject","inLanguage":"es","@id":"https:\/\/www.asajacyl.com\/palencia\/#\/schema\/person\/image\/","url":"https:\/\/secure.gravatar.com\/avatar\/517384810d242ca9e38c180f3c9fb973?s=96&d=mm&r=g","contentUrl":"https:\/\/secure.gravatar.com\/avatar\/517384810d242ca9e38c180f3c9fb973?s=96&d=mm&r=g","caption":"Administrador"},"url":"https:\/\/www.asajacyl.com\/palencia\/author\/carlosrm"}]}},"_links":{"self":[{"href":"https:\/\/www.asajacyl.com\/palencia\/wp-json\/wp\/v2\/posts\/21294"}],"collection":[{"href":"https:\/\/www.asajacyl.com\/palencia\/wp-json\/wp\/v2\/posts"}],"about":[{"href":"https:\/\/www.asajacyl.com\/palencia\/wp-json\/wp\/v2\/types\/post"}],"author":[{"embeddable":true,"href":"https:\/\/www.asajacyl.com\/palencia\/wp-json\/wp\/v2\/users\/9"}],"replies":[{"embeddable":true,"href":"https:\/\/www.asajacyl.com\/palencia\/wp-json\/wp\/v2\/comments?post=21294"}],"version-history":[{"count":2,"href":"https:\/\/www.asajacyl.com\/palencia\/wp-json\/wp\/v2\/posts\/21294\/revisions"}],"predecessor-version":[{"id":21296,"href":"https:\/\/www.asajacyl.com\/palencia\/wp-json\/wp\/v2\/posts\/21294\/revisions\/21296"}],"wp:featuredmedia":[{"embeddable":true,"href":"https:\/\/www.asajacyl.com\/palencia\/wp-json\/wp\/v2\/media\/20838"}],"wp:attachment":[{"href":"https:\/\/www.asajacyl.com\/palencia\/wp-json\/wp\/v2\/media?parent=21294"}],"wp:term":[{"taxonomy":"category","embeddable":true,"href":"https:\/\/www.asajacyl.com\/palencia\/wp-json\/wp\/v2\/categories?post=21294"},{"taxonomy":"post_tag","embeddable":true,"href":"https:\/\/www.asajacyl.com\/palencia\/wp-json\/wp\/v2\/tags?post=21294"}],"curies":[{"name":"wp","href":"https:\/\/api.w.org\/{rel}","templated":true}]}}