{"id":21309,"date":"2025-10-26T09:00:00","date_gmt":"2025-10-26T08:00:00","guid":{"rendered":"https:\/\/www.asajacyl.com\/palencia\/?p=21309"},"modified":"2025-10-24T12:55:12","modified_gmt":"2025-10-24T10:55:12","slug":"apoyo-psicologico-a-agricultores-y-ganaderos","status":"publish","type":"post","link":"https:\/\/www.asajacyl.com\/palencia\/asaja-palencia-informa\/apoyo-psicologico-a-agricultores-y-ganaderos","title":{"rendered":"Apoyo psicol\u00f3gico a agricultores y ganaderos"},"content":{"rendered":"\n<h2 class=\"wp-block-heading\">JOS\u00c9 ANTONIO TURRADO | Secretario general de ASAJA-Castilla y Le\u00f3n<\/h2>\n\n\n\n<p>En la mayor parte del mundo m\u00e1s desarrollado, que es donde se estudian y tratan estas cuestiones, se dan con frecuencia casos, entre el sector agropecuario, de trastornos mentales relacionados con la gesti\u00f3n de la explotaci\u00f3n, y muchos de ellos terminan en el suicidio. Es una cuesti\u00f3n relevante sobre la que est\u00e1n actuando las administraciones p\u00fablicas, y es una exigencia de las organizaciones agrarias m\u00e1s representativas. <\/p>\n\n\n\n<p>Sin embargo, en Espa\u00f1a, este problema no se ha puesto tan de manifiesto ni por las organizaciones agrarias, ni por los poderes p\u00fablicos, y uno se pregunta si es porque se produce de una forma m\u00e1s silenciosa, si es porque no lo asociamos a la gesti\u00f3n de la explotaci\u00f3n, o si es porque las partes no hemos tenido la sensibilidad suficiente para tratarlo.<\/p>\n\n\n\n<p><strong>REVESES. <\/strong>No todas las cabezas responden de la misma forma ante una tormenta de granizo que en una hora te arrasa toda una cosecha, ni responden igual ante una enfermedad animal que obliga a sacrificar a todo el reba\u00f1o, ni ante una ca\u00edda de precios \u2014y por tanto, de rentas\u2014 que te lleva a no poder cumplir con tus acreedores, ni ante la llamada del director del banco que te recuerda que ya has devuelto tres cuotas y que vas a entrar en la lista de morosos. <\/p>\n\n\n\n<p>No todos nos tomamos de la misma manera la decisi\u00f3n de un propietario de rescindirte el arrendamiento de las tierras o los pastos, o que alguien con mejor cartera compre las propiedades que nuestra familia ha cultivado durante d\u00e9cadas. No todos somos capaces de tomarnos con la serenidad debida una aver\u00eda del tractor que te hace un roto de treinta mil euros, y tenerlo un mes parado en el taller.<\/p>\n\n\n\n<p>La salud mental de agricultores y ganaderos es ya una materia de preocupaci\u00f3n y ocupaci\u00f3n por parte de las autoridades agrarias y de salud p\u00fablica de muchos pa\u00edses desarrollados, yo dir\u00eda que al menos de toda Europa y de Estados Unidos; como lo es la prevenci\u00f3n de riesgos laborales, donde como es sabido el sector agrario se lleva su buen porcentaje de accidentes. <\/p>\n\n\n\n<p><strong>SIN PREJUICIOS. <\/strong>Espa\u00f1a tendr\u00e1 que desarrollar planes en esta materia, y las organizaciones agrarias debemos de empezar a hablar de ello sin tapujos, sin complejos, sin prejuicios. Que la enfermedad no est\u00e9 en las estad\u00edsticas oficiales no quiere decir que no exista, no quiere decir que no sea un problema o un drama para muchas familias.<\/p>\n\n\n\n<p>Esta reflexi\u00f3n, que al ocupar un espacio tan relevante como es un editorial de Campo Regional se convierte\u00a0de facto en una reivindicaci\u00f3n, viene a cuento de una noticia de la Generalitat de Catalu\u00f1a en la que se informaba que ofrec\u00eda ayuda psicol\u00f3gica a las familias ganaderas afectadas por la nueva enfermedad de la Dermatosis Nodular Contagiosa, que obliga a sacrificar a todas las vacas del reba\u00f1o. Pues eso, alguien ten\u00eda que ser el primero.<a href=\"https:\/\/www.asajacyl.com\/wp-content\/uploads\/2017\/09\/Turradoweb.jpg\"><\/a><\/p>\n\n\n\n<blockquote class=\"wp-block-quote is-layout-flow wp-block-quote-is-layout-flow\">\n<p>\u00abLa salud mental de agricultores y ganaderos es ya una materia de <strong>preocupaci\u00f3n y ocupaci\u00f3n por parte de las autoridades agrarias y de salud p\u00fablica<\/strong> de muchos pa\u00edses desarrollados; como lo es la prevenci\u00f3n de riesgos laborales, donde el sector agrario se lleva su buen porcentaje de accidentes.\u00bb <\/p>\n<\/blockquote>\n\n\n\n<figure class=\"wp-block-pullquote\"><blockquote><p><\/p><\/blockquote><\/figure>\n","protected":false},"excerpt":{"rendered":"<p>JOS\u00c9 ANTONIO TURRADO | Secretario general de ASAJA-Castilla y Le\u00f3n En la mayor parte del mundo m\u00e1s desarrollado, que es donde se estudian y tratan estas cuestiones, se dan con frecuencia casos, entre el sector agropecuario, de trastornos mentales relacionados con la gesti\u00f3n de la explotaci\u00f3n, y muchos de ellos terminan en el suicidio. Es [&hellip;]<\/p>\n","protected":false},"author":9,"featured_media":18877,"comment_status":"open","ping_status":"open","sticky":false,"template":"","format":"standard","meta":{"footnotes":""},"categories":[9,29,30,28],"tags":[58,1427,351,77,1457,1623,1453],"yoast_head":"<!-- This site is optimized with the Yoast SEO plugin v24.5 - https:\/\/yoast.com\/wordpress\/plugins\/seo\/ -->\n<title>Apoyo psicol\u00f3gico a agricultores y ganaderos - ASAJA Palencia<\/title>\n<meta name=\"description\" content=\"JOS\u00c9 ANTONIO TURRADO | Secretario general de ASAJA-Castilla y Le\u00f3n En la mayor parte del mundo m\u00e1s desarrollado, que es donde se estudian y tratan estas\" \/>\n<meta name=\"robots\" content=\"index, follow, max-snippet:-1, max-image-preview:large, max-video-preview:-1\" \/>\n<link rel=\"canonical\" href=\"https:\/\/www.asajacyl.com\/palencia\/asaja-palencia-informa\/apoyo-psicologico-a-agricultores-y-ganaderos\" \/>\n<meta property=\"og:locale\" content=\"es_ES\" \/>\n<meta property=\"og:type\" content=\"article\" \/>\n<meta property=\"og:title\" content=\"Apoyo psicol\u00f3gico a agricultores y ganaderos - ASAJA Palencia\" \/>\n<meta property=\"og:description\" content=\"JOS\u00c9 ANTONIO TURRADO | Secretario general de ASAJA-Castilla y Le\u00f3n En la mayor parte del mundo m\u00e1s desarrollado, que es donde se estudian y tratan estas\" \/>\n<meta property=\"og:url\" content=\"https:\/\/www.asajacyl.com\/palencia\/asaja-palencia-informa\/apoyo-psicologico-a-agricultores-y-ganaderos\" \/>\n<meta property=\"og:site_name\" content=\"ASAJA Palencia\" \/>\n<meta property=\"article:published_time\" content=\"2025-10-26T08:00:00+00:00\" \/>\n<meta property=\"og:image\" content=\"https:\/\/www.asajacyl.com\/palencia\/wp-content\/uploads\/sites\/3\/2025\/02\/Jose-Antonio-Turrado-web.jpg\" \/>\n\t<meta property=\"og:image:width\" content=\"1890\" \/>\n\t<meta property=\"og:image:height\" content=\"1654\" \/>\n\t<meta property=\"og:image:type\" content=\"image\/jpeg\" \/>\n<meta name=\"author\" content=\"Administrador\" \/>\n<meta name=\"twitter:card\" content=\"summary_large_image\" \/>\n<meta name=\"twitter:label1\" content=\"Escrito por\" \/>\n\t<meta name=\"twitter:data1\" content=\"Administrador\" \/>\n\t<meta name=\"twitter:label2\" content=\"Tiempo de lectura\" \/>\n\t<meta name=\"twitter:data2\" content=\"3 minutos\" \/>\n<script type=\"application\/ld+json\" class=\"yoast-schema-graph\">{\"@context\":\"https:\/\/schema.org\",\"@graph\":[{\"@type\":\"WebPage\",\"@id\":\"https:\/\/www.asajacyl.com\/palencia\/asaja-palencia-informa\/apoyo-psicologico-a-agricultores-y-ganaderos\",\"url\":\"https:\/\/www.asajacyl.com\/palencia\/asaja-palencia-informa\/apoyo-psicologico-a-agricultores-y-ganaderos\",\"name\":\"Apoyo psicol\u00f3gico a agricultores y ganaderos - ASAJA Palencia\",\"isPartOf\":{\"@id\":\"https:\/\/www.asajacyl.com\/palencia\/#website\"},\"primaryImageOfPage\":{\"@id\":\"https:\/\/www.asajacyl.com\/palencia\/asaja-palencia-informa\/apoyo-psicologico-a-agricultores-y-ganaderos#primaryimage\"},\"image\":{\"@id\":\"https:\/\/www.asajacyl.com\/palencia\/asaja-palencia-informa\/apoyo-psicologico-a-agricultores-y-ganaderos#primaryimage\"},\"thumbnailUrl\":\"https:\/\/www.asajacyl.com\/palencia\/wp-content\/uploads\/sites\/3\/2025\/02\/Jose-Antonio-Turrado-web.jpg\",\"datePublished\":\"2025-10-26T08:00:00+00:00\",\"author\":{\"@id\":\"https:\/\/www.asajacyl.com\/palencia\/#\/schema\/person\/3ab17aeb03527485c317557fae64aab1\"},\"description\":\"JOS\u00c9 ANTONIO TURRADO | Secretario general de ASAJA-Castilla y Le\u00f3n En la mayor parte del mundo m\u00e1s desarrollado, que es donde se estudian y tratan estas\",\"breadcrumb\":{\"@id\":\"https:\/\/www.asajacyl.com\/palencia\/asaja-palencia-informa\/apoyo-psicologico-a-agricultores-y-ganaderos#breadcrumb\"},\"inLanguage\":\"es\",\"potentialAction\":[{\"@type\":\"ReadAction\",\"target\":[\"https:\/\/www.asajacyl.com\/palencia\/asaja-palencia-informa\/apoyo-psicologico-a-agricultores-y-ganaderos\"]}]},{\"@type\":\"ImageObject\",\"inLanguage\":\"es\",\"@id\":\"https:\/\/www.asajacyl.com\/palencia\/asaja-palencia-informa\/apoyo-psicologico-a-agricultores-y-ganaderos#primaryimage\",\"url\":\"https:\/\/www.asajacyl.com\/palencia\/wp-content\/uploads\/sites\/3\/2025\/02\/Jose-Antonio-Turrado-web.jpg\",\"contentUrl\":\"https:\/\/www.asajacyl.com\/palencia\/wp-content\/uploads\/sites\/3\/2025\/02\/Jose-Antonio-Turrado-web.jpg\",\"width\":1890,\"height\":1654},{\"@type\":\"BreadcrumbList\",\"@id\":\"https:\/\/www.asajacyl.com\/palencia\/asaja-palencia-informa\/apoyo-psicologico-a-agricultores-y-ganaderos#breadcrumb\",\"itemListElement\":[{\"@type\":\"ListItem\",\"position\":1,\"name\":\"Portada\",\"item\":\"https:\/\/www.asajacyl.com\/palencia\/\"},{\"@type\":\"ListItem\",\"position\":2,\"name\":\"Apoyo psicol\u00f3gico a agricultores y ganaderos\"}]},{\"@type\":\"WebSite\",\"@id\":\"https:\/\/www.asajacyl.com\/palencia\/#website\",\"url\":\"https:\/\/www.asajacyl.com\/palencia\/\",\"name\":\"ASAJA Palencia\",\"description\":\"Otro sitio m\u00e1s de Provincias ASAJA Castilla y Le\u00f3n\",\"potentialAction\":[{\"@type\":\"SearchAction\",\"target\":{\"@type\":\"EntryPoint\",\"urlTemplate\":\"https:\/\/www.asajacyl.com\/palencia\/?s={search_term_string}\"},\"query-input\":{\"@type\":\"PropertyValueSpecification\",\"valueRequired\":true,\"valueName\":\"search_term_string\"}}],\"inLanguage\":\"es\"},{\"@type\":\"Person\",\"@id\":\"https:\/\/www.asajacyl.com\/palencia\/#\/schema\/person\/3ab17aeb03527485c317557fae64aab1\",\"name\":\"Administrador\",\"image\":{\"@type\":\"ImageObject\",\"inLanguage\":\"es\",\"@id\":\"https:\/\/www.asajacyl.com\/palencia\/#\/schema\/person\/image\/\",\"url\":\"https:\/\/secure.gravatar.com\/avatar\/517384810d242ca9e38c180f3c9fb973?s=96&d=mm&r=g\",\"contentUrl\":\"https:\/\/secure.gravatar.com\/avatar\/517384810d242ca9e38c180f3c9fb973?s=96&d=mm&r=g\",\"caption\":\"Administrador\"},\"url\":\"https:\/\/www.asajacyl.com\/palencia\/author\/carlosrm\"}]}<\/script>\n<!-- \/ Yoast SEO plugin. -->","yoast_head_json":{"title":"Apoyo psicol\u00f3gico a agricultores y ganaderos - ASAJA Palencia","description":"JOS\u00c9 ANTONIO TURRADO | Secretario general de ASAJA-Castilla y Le\u00f3n En la mayor parte del mundo m\u00e1s desarrollado, que es donde se estudian y tratan estas","robots":{"index":"index","follow":"follow","max-snippet":"max-snippet:-1","max-image-preview":"max-image-preview:large","max-video-preview":"max-video-preview:-1"},"canonical":"https:\/\/www.asajacyl.com\/palencia\/asaja-palencia-informa\/apoyo-psicologico-a-agricultores-y-ganaderos","og_locale":"es_ES","og_type":"article","og_title":"Apoyo psicol\u00f3gico a agricultores y ganaderos - ASAJA Palencia","og_description":"JOS\u00c9 ANTONIO TURRADO | Secretario general de ASAJA-Castilla y Le\u00f3n En la mayor parte del mundo m\u00e1s desarrollado, que es donde se estudian y tratan estas","og_url":"https:\/\/www.asajacyl.com\/palencia\/asaja-palencia-informa\/apoyo-psicologico-a-agricultores-y-ganaderos","og_site_name":"ASAJA Palencia","article_published_time":"2025-10-26T08:00:00+00:00","og_image":[{"width":1890,"height":1654,"url":"https:\/\/www.asajacyl.com\/palencia\/wp-content\/uploads\/sites\/3\/2025\/02\/Jose-Antonio-Turrado-web.jpg","type":"image\/jpeg"}],"author":"Administrador","twitter_card":"summary_large_image","twitter_misc":{"Escrito por":"Administrador","Tiempo de lectura":"3 minutos"},"schema":{"@context":"https:\/\/schema.org","@graph":[{"@type":"WebPage","@id":"https:\/\/www.asajacyl.com\/palencia\/asaja-palencia-informa\/apoyo-psicologico-a-agricultores-y-ganaderos","url":"https:\/\/www.asajacyl.com\/palencia\/asaja-palencia-informa\/apoyo-psicologico-a-agricultores-y-ganaderos","name":"Apoyo psicol\u00f3gico a agricultores y ganaderos - ASAJA Palencia","isPartOf":{"@id":"https:\/\/www.asajacyl.com\/palencia\/#website"},"primaryImageOfPage":{"@id":"https:\/\/www.asajacyl.com\/palencia\/asaja-palencia-informa\/apoyo-psicologico-a-agricultores-y-ganaderos#primaryimage"},"image":{"@id":"https:\/\/www.asajacyl.com\/palencia\/asaja-palencia-informa\/apoyo-psicologico-a-agricultores-y-ganaderos#primaryimage"},"thumbnailUrl":"https:\/\/www.asajacyl.com\/palencia\/wp-content\/uploads\/sites\/3\/2025\/02\/Jose-Antonio-Turrado-web.jpg","datePublished":"2025-10-26T08:00:00+00:00","author":{"@id":"https:\/\/www.asajacyl.com\/palencia\/#\/schema\/person\/3ab17aeb03527485c317557fae64aab1"},"description":"JOS\u00c9 ANTONIO TURRADO | Secretario general de ASAJA-Castilla y Le\u00f3n En la mayor parte del mundo m\u00e1s desarrollado, que es donde se estudian y tratan estas","breadcrumb":{"@id":"https:\/\/www.asajacyl.com\/palencia\/asaja-palencia-informa\/apoyo-psicologico-a-agricultores-y-ganaderos#breadcrumb"},"inLanguage":"es","potentialAction":[{"@type":"ReadAction","target":["https:\/\/www.asajacyl.com\/palencia\/asaja-palencia-informa\/apoyo-psicologico-a-agricultores-y-ganaderos"]}]},{"@type":"ImageObject","inLanguage":"es","@id":"https:\/\/www.asajacyl.com\/palencia\/asaja-palencia-informa\/apoyo-psicologico-a-agricultores-y-ganaderos#primaryimage","url":"https:\/\/www.asajacyl.com\/palencia\/wp-content\/uploads\/sites\/3\/2025\/02\/Jose-Antonio-Turrado-web.jpg","contentUrl":"https:\/\/www.asajacyl.com\/palencia\/wp-content\/uploads\/sites\/3\/2025\/02\/Jose-Antonio-Turrado-web.jpg","width":1890,"height":1654},{"@type":"BreadcrumbList","@id":"https:\/\/www.asajacyl.com\/palencia\/asaja-palencia-informa\/apoyo-psicologico-a-agricultores-y-ganaderos#breadcrumb","itemListElement":[{"@type":"ListItem","position":1,"name":"Portada","item":"https:\/\/www.asajacyl.com\/palencia\/"},{"@type":"ListItem","position":2,"name":"Apoyo psicol\u00f3gico a agricultores y ganaderos"}]},{"@type":"WebSite","@id":"https:\/\/www.asajacyl.com\/palencia\/#website","url":"https:\/\/www.asajacyl.com\/palencia\/","name":"ASAJA Palencia","description":"Otro sitio m\u00e1s de Provincias ASAJA Castilla y Le\u00f3n","potentialAction":[{"@type":"SearchAction","target":{"@type":"EntryPoint","urlTemplate":"https:\/\/www.asajacyl.com\/palencia\/?s={search_term_string}"},"query-input":{"@type":"PropertyValueSpecification","valueRequired":true,"valueName":"search_term_string"}}],"inLanguage":"es"},{"@type":"Person","@id":"https:\/\/www.asajacyl.com\/palencia\/#\/schema\/person\/3ab17aeb03527485c317557fae64aab1","name":"Administrador","image":{"@type":"ImageObject","inLanguage":"es","@id":"https:\/\/www.asajacyl.com\/palencia\/#\/schema\/person\/image\/","url":"https:\/\/secure.gravatar.com\/avatar\/517384810d242ca9e38c180f3c9fb973?s=96&d=mm&r=g","contentUrl":"https:\/\/secure.gravatar.com\/avatar\/517384810d242ca9e38c180f3c9fb973?s=96&d=mm&r=g","caption":"Administrador"},"url":"https:\/\/www.asajacyl.com\/palencia\/author\/carlosrm"}]}},"_links":{"self":[{"href":"https:\/\/www.asajacyl.com\/palencia\/wp-json\/wp\/v2\/posts\/21309"}],"collection":[{"href":"https:\/\/www.asajacyl.com\/palencia\/wp-json\/wp\/v2\/posts"}],"about":[{"href":"https:\/\/www.asajacyl.com\/palencia\/wp-json\/wp\/v2\/types\/post"}],"author":[{"embeddable":true,"href":"https:\/\/www.asajacyl.com\/palencia\/wp-json\/wp\/v2\/users\/9"}],"replies":[{"embeddable":true,"href":"https:\/\/www.asajacyl.com\/palencia\/wp-json\/wp\/v2\/comments?post=21309"}],"version-history":[{"count":1,"href":"https:\/\/www.asajacyl.com\/palencia\/wp-json\/wp\/v2\/posts\/21309\/revisions"}],"predecessor-version":[{"id":21310,"href":"https:\/\/www.asajacyl.com\/palencia\/wp-json\/wp\/v2\/posts\/21309\/revisions\/21310"}],"wp:featuredmedia":[{"embeddable":true,"href":"https:\/\/www.asajacyl.com\/palencia\/wp-json\/wp\/v2\/media\/18877"}],"wp:attachment":[{"href":"https:\/\/www.asajacyl.com\/palencia\/wp-json\/wp\/v2\/media?parent=21309"}],"wp:term":[{"taxonomy":"category","embeddable":true,"href":"https:\/\/www.asajacyl.com\/palencia\/wp-json\/wp\/v2\/categories?post=21309"},{"taxonomy":"post_tag","embeddable":true,"href":"https:\/\/www.asajacyl.com\/palencia\/wp-json\/wp\/v2\/tags?post=21309"}],"curies":[{"name":"wp","href":"https:\/\/api.w.org\/{rel}","templated":true}]}}