{"id":21315,"date":"2025-10-28T09:23:47","date_gmt":"2025-10-28T08:23:47","guid":{"rendered":"https:\/\/www.asajacyl.com\/palencia\/?p=21315"},"modified":"2025-10-28T09:30:53","modified_gmt":"2025-10-28T08:30:53","slug":"compas-de-espera-en-la-cotizacion-del-bovino-de-carne-ante-la-dermatosis-nodular-contagiosa","status":"publish","type":"post","link":"https:\/\/www.asajacyl.com\/palencia\/asaja-palencia-informa\/compas-de-espera-en-la-cotizacion-del-bovino-de-carne-ante-la-dermatosis-nodular-contagiosa","title":{"rendered":"Comp\u00e1s de espera en la cotizaci\u00f3n del bovino de carne ante la dermatosis nodular contagiosa"},"content":{"rendered":"\n<h2 class=\"wp-block-heading\">El problema sanitario de la dermatosis nodular contagiosa (DNC) ha protagonizado esta semana la Lonja de Salamanca, m\u00e1xime tras la decisi\u00f3n de la Junta de Castilla y Le\u00f3n de <a href=\"https:\/\/www.asajacyl.com\/palencia\/asaja-palencia-informa\/castilla-y-leon-suspende-desde-el-sabado-ferias-y-mercados-ganaderos-por-la-dermatosis-nodular\" target=\"_blank\" rel=\"noreferrer noopener\">suspender durante dos semanas la celebraci\u00f3n de ferias y mercados ganaderos<\/a>, como en otras comunidades aut\u00f3nomas, para reforzar la prevenci\u00f3n y evitar la propagaci\u00f3n de la enfermedad. En ese contexto, todas las categor\u00edas de bovino, tanto para sacrificio como para vida, han repetido cotizaci\u00f3n, marcando un comp\u00e1s de espera por la incertidumbre.<\/h2>\n\n\n\n<p>El cierre de mercados y ferias, unido a la restricci\u00f3n de movimientos, ha creado un clima de tensa expectaci\u00f3n sobre el bovino, en un escenario de estabilidad hasta ver qu\u00e9 sucede en las pr\u00f3ximas semanas con la DNC.<\/p>\n\n\n\n<p>Hay que recordar, una vez m\u00e1s, que se trata de una enfermedad que no se contagia al ser humano, ni por el consumo de los productos del bovino (leche, carne&#8230;), ni por el contacto con animales afectados.<\/p>\n\n\n\n<p>No obstante, la obligatoriedad del sacrificio de los animales de las explotaciones donde se confirme la presencia de la DNC, junto con las restricciones al movimiento, pueden derivar en situaciones que alteren el abastecimiento, por lo que tanto ganaderos como tratantes consideran oportuna la repetici\u00f3n de precios.<\/p>\n\n\n\n<p><strong>OVINO. <\/strong>Por lo que respecta al ovino, la Mesa del Lechazo de Castilla y Le\u00f3n celebrada el viernes 24 de octubre en Tordesillas (Valladolid) tambi\u00e9n constat\u00f3 estabilidad en las categor\u00edas cotizadas, que repitieron los precios de la sesi\u00f3n anterior. <\/p>\n\n\n\n<p>S\u00ed se registr\u00f3 una leve subida en los lechales de hasta diecis\u00e9is kilos para cebar, que se cotizan en la horquilla de los 66-71 euros por animal (frente al anterior precio de 63-68 euros\/animal de primeros de octubre). Esos tres euros de subida son l\u00f3gicos a estas alturas de a\u00f1o y dejan la cotizaci\u00f3n en niveles semejantes a los de la campa\u00f1a de 2024 por estas mismas fechas (66-69 euros\/animal) en la misma lonja de referencia regional para el lechazo.<strong>\/<\/strong><\/p>\n\n\n\n<figure class=\"wp-block-image size-large is-resized\"><img loading=\"lazy\" decoding=\"async\" width=\"1024\" height=\"768\" src=\"https:\/\/www.asajacyl.com\/palencia\/wp-content\/uploads\/sites\/3\/2025\/10\/Precios-Ganaderia-27oct2025-1024x768.png\" alt=\"\" class=\"wp-image-21316\" style=\"width:1063px;height:auto\" srcset=\"https:\/\/www.asajacyl.com\/palencia\/wp-content\/uploads\/sites\/3\/2025\/10\/Precios-Ganaderia-27oct2025-1024x768.png 1024w, https:\/\/www.asajacyl.com\/palencia\/wp-content\/uploads\/sites\/3\/2025\/10\/Precios-Ganaderia-27oct2025-300x225.png 300w, https:\/\/www.asajacyl.com\/palencia\/wp-content\/uploads\/sites\/3\/2025\/10\/Precios-Ganaderia-27oct2025-768x576.png 768w, https:\/\/www.asajacyl.com\/palencia\/wp-content\/uploads\/sites\/3\/2025\/10\/Precios-Ganaderia-27oct2025-1536x1152.png 1536w, https:\/\/www.asajacyl.com\/palencia\/wp-content\/uploads\/sites\/3\/2025\/10\/Precios-Ganaderia-27oct2025-2048x1536.png 2048w, https:\/\/www.asajacyl.com\/palencia\/wp-content\/uploads\/sites\/3\/2025\/10\/Precios-Ganaderia-27oct2025-560x420.png 560w, https:\/\/www.asajacyl.com\/palencia\/wp-content\/uploads\/sites\/3\/2025\/10\/Precios-Ganaderia-27oct2025-80x60.png 80w, https:\/\/www.asajacyl.com\/palencia\/wp-content\/uploads\/sites\/3\/2025\/10\/Precios-Ganaderia-27oct2025-696x522.png 696w, https:\/\/www.asajacyl.com\/palencia\/wp-content\/uploads\/sites\/3\/2025\/10\/Precios-Ganaderia-27oct2025-1068x801.png 1068w, https:\/\/www.asajacyl.com\/palencia\/wp-content\/uploads\/sites\/3\/2025\/10\/Precios-Ganaderia-27oct2025-1920x1440.png 1920w\" sizes=\"(max-width: 1024px) 100vw, 1024px\" \/><\/figure>\n","protected":false},"excerpt":{"rendered":"<p>El problema sanitario de la dermatosis nodular contagiosa (DNC) ha protagonizado esta semana la Lonja de Salamanca, m\u00e1xime tras la decisi\u00f3n de la Junta de Castilla y Le\u00f3n de suspender durante dos semanas la celebraci\u00f3n de ferias y mercados ganaderos, como en otras comunidades aut\u00f3nomas, para reforzar la prevenci\u00f3n y evitar la propagaci\u00f3n de la [&hellip;]<\/p>\n","protected":false},"author":9,"featured_media":13354,"comment_status":"open","ping_status":"open","sticky":false,"template":"","format":"standard","meta":{"footnotes":""},"categories":[9,29,36,28,13],"tags":[648,234,478,142,77,66,1625,477,74,692,638,467,510,143,631,144],"yoast_head":"<!-- This site is optimized with the Yoast SEO plugin v24.5 - https:\/\/yoast.com\/wordpress\/plugins\/seo\/ -->\n<title>Comp\u00e1s de espera en la cotizaci\u00f3n del bovino de carne ante la dermatosis nodular contagiosa - ASAJA Palencia<\/title>\n<meta name=\"description\" content=\"El problema sanitario de la dermatosis nodular contagiosa (DNC) ha protagonizado esta semana la Lonja de Salamanca, m\u00e1xime tras la decisi\u00f3n de la Junta de\" \/>\n<meta name=\"robots\" content=\"index, follow, max-snippet:-1, max-image-preview:large, max-video-preview:-1\" \/>\n<link rel=\"canonical\" href=\"https:\/\/www.asajacyl.com\/palencia\/asaja-palencia-informa\/compas-de-espera-en-la-cotizacion-del-bovino-de-carne-ante-la-dermatosis-nodular-contagiosa\" \/>\n<meta property=\"og:locale\" content=\"es_ES\" \/>\n<meta property=\"og:type\" content=\"article\" \/>\n<meta property=\"og:title\" content=\"Comp\u00e1s de espera en la cotizaci\u00f3n del bovino de carne ante la dermatosis nodular contagiosa - ASAJA Palencia\" \/>\n<meta property=\"og:description\" content=\"El problema sanitario de la dermatosis nodular contagiosa (DNC) ha protagonizado esta semana la Lonja de Salamanca, m\u00e1xime tras la decisi\u00f3n de la Junta de\" \/>\n<meta property=\"og:url\" content=\"https:\/\/www.asajacyl.com\/palencia\/asaja-palencia-informa\/compas-de-espera-en-la-cotizacion-del-bovino-de-carne-ante-la-dermatosis-nodular-contagiosa\" \/>\n<meta property=\"og:site_name\" content=\"ASAJA Palencia\" \/>\n<meta property=\"article:published_time\" content=\"2025-10-28T08:23:47+00:00\" \/>\n<meta property=\"article:modified_time\" content=\"2025-10-28T08:30:53+00:00\" \/>\n<meta property=\"og:image\" content=\"https:\/\/www.asajacyl.com\/palencia\/wp-content\/uploads\/sites\/3\/2023\/05\/foto-transporte-ganado.jpg\" \/>\n\t<meta property=\"og:image:width\" content=\"1562\" \/>\n\t<meta property=\"og:image:height\" content=\"1233\" \/>\n\t<meta property=\"og:image:type\" content=\"image\/jpeg\" \/>\n<meta name=\"author\" content=\"Administrador\" \/>\n<meta name=\"twitter:card\" content=\"summary_large_image\" \/>\n<meta name=\"twitter:label1\" content=\"Escrito por\" \/>\n\t<meta name=\"twitter:data1\" content=\"Administrador\" \/>\n\t<meta name=\"twitter:label2\" content=\"Tiempo de lectura\" \/>\n\t<meta name=\"twitter:data2\" content=\"2 minutos\" \/>\n<script type=\"application\/ld+json\" class=\"yoast-schema-graph\">{\"@context\":\"https:\/\/schema.org\",\"@graph\":[{\"@type\":\"WebPage\",\"@id\":\"https:\/\/www.asajacyl.com\/palencia\/asaja-palencia-informa\/compas-de-espera-en-la-cotizacion-del-bovino-de-carne-ante-la-dermatosis-nodular-contagiosa\",\"url\":\"https:\/\/www.asajacyl.com\/palencia\/asaja-palencia-informa\/compas-de-espera-en-la-cotizacion-del-bovino-de-carne-ante-la-dermatosis-nodular-contagiosa\",\"name\":\"Comp\u00e1s de espera en la cotizaci\u00f3n del bovino de carne ante la dermatosis nodular contagiosa - ASAJA Palencia\",\"isPartOf\":{\"@id\":\"https:\/\/www.asajacyl.com\/palencia\/#website\"},\"primaryImageOfPage\":{\"@id\":\"https:\/\/www.asajacyl.com\/palencia\/asaja-palencia-informa\/compas-de-espera-en-la-cotizacion-del-bovino-de-carne-ante-la-dermatosis-nodular-contagiosa#primaryimage\"},\"image\":{\"@id\":\"https:\/\/www.asajacyl.com\/palencia\/asaja-palencia-informa\/compas-de-espera-en-la-cotizacion-del-bovino-de-carne-ante-la-dermatosis-nodular-contagiosa#primaryimage\"},\"thumbnailUrl\":\"https:\/\/www.asajacyl.com\/palencia\/wp-content\/uploads\/sites\/3\/2023\/05\/foto-transporte-ganado.jpg\",\"datePublished\":\"2025-10-28T08:23:47+00:00\",\"dateModified\":\"2025-10-28T08:30:53+00:00\",\"author\":{\"@id\":\"https:\/\/www.asajacyl.com\/palencia\/#\/schema\/person\/3ab17aeb03527485c317557fae64aab1\"},\"description\":\"El problema sanitario de la dermatosis nodular contagiosa (DNC) ha protagonizado esta semana la Lonja de Salamanca, m\u00e1xime tras la decisi\u00f3n de la Junta de\",\"breadcrumb\":{\"@id\":\"https:\/\/www.asajacyl.com\/palencia\/asaja-palencia-informa\/compas-de-espera-en-la-cotizacion-del-bovino-de-carne-ante-la-dermatosis-nodular-contagiosa#breadcrumb\"},\"inLanguage\":\"es\",\"potentialAction\":[{\"@type\":\"ReadAction\",\"target\":[\"https:\/\/www.asajacyl.com\/palencia\/asaja-palencia-informa\/compas-de-espera-en-la-cotizacion-del-bovino-de-carne-ante-la-dermatosis-nodular-contagiosa\"]}]},{\"@type\":\"ImageObject\",\"inLanguage\":\"es\",\"@id\":\"https:\/\/www.asajacyl.com\/palencia\/asaja-palencia-informa\/compas-de-espera-en-la-cotizacion-del-bovino-de-carne-ante-la-dermatosis-nodular-contagiosa#primaryimage\",\"url\":\"https:\/\/www.asajacyl.com\/palencia\/wp-content\/uploads\/sites\/3\/2023\/05\/foto-transporte-ganado.jpg\",\"contentUrl\":\"https:\/\/www.asajacyl.com\/palencia\/wp-content\/uploads\/sites\/3\/2023\/05\/foto-transporte-ganado.jpg\",\"width\":1562,\"height\":1233},{\"@type\":\"BreadcrumbList\",\"@id\":\"https:\/\/www.asajacyl.com\/palencia\/asaja-palencia-informa\/compas-de-espera-en-la-cotizacion-del-bovino-de-carne-ante-la-dermatosis-nodular-contagiosa#breadcrumb\",\"itemListElement\":[{\"@type\":\"ListItem\",\"position\":1,\"name\":\"Portada\",\"item\":\"https:\/\/www.asajacyl.com\/palencia\/\"},{\"@type\":\"ListItem\",\"position\":2,\"name\":\"Comp\u00e1s de espera en la cotizaci\u00f3n del bovino de carne ante la dermatosis nodular contagiosa\"}]},{\"@type\":\"WebSite\",\"@id\":\"https:\/\/www.asajacyl.com\/palencia\/#website\",\"url\":\"https:\/\/www.asajacyl.com\/palencia\/\",\"name\":\"ASAJA Palencia\",\"description\":\"Otro sitio m\u00e1s de Provincias ASAJA Castilla y Le\u00f3n\",\"potentialAction\":[{\"@type\":\"SearchAction\",\"target\":{\"@type\":\"EntryPoint\",\"urlTemplate\":\"https:\/\/www.asajacyl.com\/palencia\/?s={search_term_string}\"},\"query-input\":{\"@type\":\"PropertyValueSpecification\",\"valueRequired\":true,\"valueName\":\"search_term_string\"}}],\"inLanguage\":\"es\"},{\"@type\":\"Person\",\"@id\":\"https:\/\/www.asajacyl.com\/palencia\/#\/schema\/person\/3ab17aeb03527485c317557fae64aab1\",\"name\":\"Administrador\",\"image\":{\"@type\":\"ImageObject\",\"inLanguage\":\"es\",\"@id\":\"https:\/\/www.asajacyl.com\/palencia\/#\/schema\/person\/image\/\",\"url\":\"https:\/\/secure.gravatar.com\/avatar\/517384810d242ca9e38c180f3c9fb973?s=96&d=mm&r=g\",\"contentUrl\":\"https:\/\/secure.gravatar.com\/avatar\/517384810d242ca9e38c180f3c9fb973?s=96&d=mm&r=g\",\"caption\":\"Administrador\"},\"url\":\"https:\/\/www.asajacyl.com\/palencia\/author\/carlosrm\"}]}<\/script>\n<!-- \/ Yoast SEO plugin. -->","yoast_head_json":{"title":"Comp\u00e1s de espera en la cotizaci\u00f3n del bovino de carne ante la dermatosis nodular contagiosa - ASAJA Palencia","description":"El problema sanitario de la dermatosis nodular contagiosa (DNC) ha protagonizado esta semana la Lonja de Salamanca, m\u00e1xime tras la decisi\u00f3n de la Junta de","robots":{"index":"index","follow":"follow","max-snippet":"max-snippet:-1","max-image-preview":"max-image-preview:large","max-video-preview":"max-video-preview:-1"},"canonical":"https:\/\/www.asajacyl.com\/palencia\/asaja-palencia-informa\/compas-de-espera-en-la-cotizacion-del-bovino-de-carne-ante-la-dermatosis-nodular-contagiosa","og_locale":"es_ES","og_type":"article","og_title":"Comp\u00e1s de espera en la cotizaci\u00f3n del bovino de carne ante la dermatosis nodular contagiosa - ASAJA Palencia","og_description":"El problema sanitario de la dermatosis nodular contagiosa (DNC) ha protagonizado esta semana la Lonja de Salamanca, m\u00e1xime tras la decisi\u00f3n de la Junta de","og_url":"https:\/\/www.asajacyl.com\/palencia\/asaja-palencia-informa\/compas-de-espera-en-la-cotizacion-del-bovino-de-carne-ante-la-dermatosis-nodular-contagiosa","og_site_name":"ASAJA Palencia","article_published_time":"2025-10-28T08:23:47+00:00","article_modified_time":"2025-10-28T08:30:53+00:00","og_image":[{"width":1562,"height":1233,"url":"https:\/\/www.asajacyl.com\/palencia\/wp-content\/uploads\/sites\/3\/2023\/05\/foto-transporte-ganado.jpg","type":"image\/jpeg"}],"author":"Administrador","twitter_card":"summary_large_image","twitter_misc":{"Escrito por":"Administrador","Tiempo de lectura":"2 minutos"},"schema":{"@context":"https:\/\/schema.org","@graph":[{"@type":"WebPage","@id":"https:\/\/www.asajacyl.com\/palencia\/asaja-palencia-informa\/compas-de-espera-en-la-cotizacion-del-bovino-de-carne-ante-la-dermatosis-nodular-contagiosa","url":"https:\/\/www.asajacyl.com\/palencia\/asaja-palencia-informa\/compas-de-espera-en-la-cotizacion-del-bovino-de-carne-ante-la-dermatosis-nodular-contagiosa","name":"Comp\u00e1s de espera en la cotizaci\u00f3n del bovino de carne ante la dermatosis nodular contagiosa - ASAJA Palencia","isPartOf":{"@id":"https:\/\/www.asajacyl.com\/palencia\/#website"},"primaryImageOfPage":{"@id":"https:\/\/www.asajacyl.com\/palencia\/asaja-palencia-informa\/compas-de-espera-en-la-cotizacion-del-bovino-de-carne-ante-la-dermatosis-nodular-contagiosa#primaryimage"},"image":{"@id":"https:\/\/www.asajacyl.com\/palencia\/asaja-palencia-informa\/compas-de-espera-en-la-cotizacion-del-bovino-de-carne-ante-la-dermatosis-nodular-contagiosa#primaryimage"},"thumbnailUrl":"https:\/\/www.asajacyl.com\/palencia\/wp-content\/uploads\/sites\/3\/2023\/05\/foto-transporte-ganado.jpg","datePublished":"2025-10-28T08:23:47+00:00","dateModified":"2025-10-28T08:30:53+00:00","author":{"@id":"https:\/\/www.asajacyl.com\/palencia\/#\/schema\/person\/3ab17aeb03527485c317557fae64aab1"},"description":"El problema sanitario de la dermatosis nodular contagiosa (DNC) ha protagonizado esta semana la Lonja de Salamanca, m\u00e1xime tras la decisi\u00f3n de la Junta de","breadcrumb":{"@id":"https:\/\/www.asajacyl.com\/palencia\/asaja-palencia-informa\/compas-de-espera-en-la-cotizacion-del-bovino-de-carne-ante-la-dermatosis-nodular-contagiosa#breadcrumb"},"inLanguage":"es","potentialAction":[{"@type":"ReadAction","target":["https:\/\/www.asajacyl.com\/palencia\/asaja-palencia-informa\/compas-de-espera-en-la-cotizacion-del-bovino-de-carne-ante-la-dermatosis-nodular-contagiosa"]}]},{"@type":"ImageObject","inLanguage":"es","@id":"https:\/\/www.asajacyl.com\/palencia\/asaja-palencia-informa\/compas-de-espera-en-la-cotizacion-del-bovino-de-carne-ante-la-dermatosis-nodular-contagiosa#primaryimage","url":"https:\/\/www.asajacyl.com\/palencia\/wp-content\/uploads\/sites\/3\/2023\/05\/foto-transporte-ganado.jpg","contentUrl":"https:\/\/www.asajacyl.com\/palencia\/wp-content\/uploads\/sites\/3\/2023\/05\/foto-transporte-ganado.jpg","width":1562,"height":1233},{"@type":"BreadcrumbList","@id":"https:\/\/www.asajacyl.com\/palencia\/asaja-palencia-informa\/compas-de-espera-en-la-cotizacion-del-bovino-de-carne-ante-la-dermatosis-nodular-contagiosa#breadcrumb","itemListElement":[{"@type":"ListItem","position":1,"name":"Portada","item":"https:\/\/www.asajacyl.com\/palencia\/"},{"@type":"ListItem","position":2,"name":"Comp\u00e1s de espera en la cotizaci\u00f3n del bovino de carne ante la dermatosis nodular contagiosa"}]},{"@type":"WebSite","@id":"https:\/\/www.asajacyl.com\/palencia\/#website","url":"https:\/\/www.asajacyl.com\/palencia\/","name":"ASAJA Palencia","description":"Otro sitio m\u00e1s de Provincias ASAJA Castilla y Le\u00f3n","potentialAction":[{"@type":"SearchAction","target":{"@type":"EntryPoint","urlTemplate":"https:\/\/www.asajacyl.com\/palencia\/?s={search_term_string}"},"query-input":{"@type":"PropertyValueSpecification","valueRequired":true,"valueName":"search_term_string"}}],"inLanguage":"es"},{"@type":"Person","@id":"https:\/\/www.asajacyl.com\/palencia\/#\/schema\/person\/3ab17aeb03527485c317557fae64aab1","name":"Administrador","image":{"@type":"ImageObject","inLanguage":"es","@id":"https:\/\/www.asajacyl.com\/palencia\/#\/schema\/person\/image\/","url":"https:\/\/secure.gravatar.com\/avatar\/517384810d242ca9e38c180f3c9fb973?s=96&d=mm&r=g","contentUrl":"https:\/\/secure.gravatar.com\/avatar\/517384810d242ca9e38c180f3c9fb973?s=96&d=mm&r=g","caption":"Administrador"},"url":"https:\/\/www.asajacyl.com\/palencia\/author\/carlosrm"}]}},"_links":{"self":[{"href":"https:\/\/www.asajacyl.com\/palencia\/wp-json\/wp\/v2\/posts\/21315"}],"collection":[{"href":"https:\/\/www.asajacyl.com\/palencia\/wp-json\/wp\/v2\/posts"}],"about":[{"href":"https:\/\/www.asajacyl.com\/palencia\/wp-json\/wp\/v2\/types\/post"}],"author":[{"embeddable":true,"href":"https:\/\/www.asajacyl.com\/palencia\/wp-json\/wp\/v2\/users\/9"}],"replies":[{"embeddable":true,"href":"https:\/\/www.asajacyl.com\/palencia\/wp-json\/wp\/v2\/comments?post=21315"}],"version-history":[{"count":2,"href":"https:\/\/www.asajacyl.com\/palencia\/wp-json\/wp\/v2\/posts\/21315\/revisions"}],"predecessor-version":[{"id":21319,"href":"https:\/\/www.asajacyl.com\/palencia\/wp-json\/wp\/v2\/posts\/21315\/revisions\/21319"}],"wp:featuredmedia":[{"embeddable":true,"href":"https:\/\/www.asajacyl.com\/palencia\/wp-json\/wp\/v2\/media\/13354"}],"wp:attachment":[{"href":"https:\/\/www.asajacyl.com\/palencia\/wp-json\/wp\/v2\/media?parent=21315"}],"wp:term":[{"taxonomy":"category","embeddable":true,"href":"https:\/\/www.asajacyl.com\/palencia\/wp-json\/wp\/v2\/categories?post=21315"},{"taxonomy":"post_tag","embeddable":true,"href":"https:\/\/www.asajacyl.com\/palencia\/wp-json\/wp\/v2\/tags?post=21315"}],"curies":[{"name":"wp","href":"https:\/\/api.w.org\/{rel}","templated":true}]}}