{"id":21318,"date":"2025-10-29T07:30:00","date_gmt":"2025-10-29T06:30:00","guid":{"rendered":"https:\/\/www.asajacyl.com\/palencia\/?p=21318"},"modified":"2025-10-29T09:37:23","modified_gmt":"2025-10-29T08:37:23","slug":"campana-informativa-de-la-junta-para-reforzar-la-prevencion-y-la-vigilancia-de-la-dermatosis-bovina","status":"publish","type":"post","link":"https:\/\/www.asajacyl.com\/palencia\/asaja-palencia-informa\/campana-informativa-de-la-junta-para-reforzar-la-prevencion-y-la-vigilancia-de-la-dermatosis-bovina","title":{"rendered":"Campa\u00f1a informativa de la Junta para reforzar la prevenci\u00f3n y la vigilancia de la dermatosis bovina"},"content":{"rendered":"\n<h2 class=\"wp-block-heading\">La Junta de Castilla y Le\u00f3n ha puesto en marcha una campa\u00f1a de informaci\u00f3n dirigida a los ganaderos y los veterinarios para reforzar la prevenci\u00f3n y vigilancia frente a la dermatosis nodular contagiosa (DNC), que ya <a href=\"https:\/\/agriculturaganaderia.jcyl.es\/web\/es\/ganaderia\/avisos-novedades.html\" target=\"_blank\" rel=\"noreferrer noopener\">se puede consultar en la p\u00e1gina web de la administraci\u00f3n regional<\/a>. La campa\u00f1a se difundir\u00e1 entre los servicios territoriales y las unidades veterinarias de Castilla y Le\u00f3n.<\/h2>\n\n\n\n<p>La campa\u00f1a explica c\u00f3mo se transmite el virus, el desarrollo del periodo de incubaci\u00f3n de doce d\u00edas y diferentes recomendaciones (entre ellas, la obligaci\u00f3n de comunicar a los servicios veterinarios oficiales cualquier s\u00edntoma a fin de reducir el posible impacto de la DNC en la caba\u00f1a ganadera). <\/p>\n\n\n\n<p>ASAJA-Palencia recuerda que la DNC no se transmite al ser humano, ni por consumo de los productos, ni por contacto con los animales afectados; pero reclama una actuaci\u00f3n coordinada a nivel nacional y europeo para evitar que se produzca un grave problema de sanidad ganadera. Hasta el momento, los \u00fanicos focos en Espa\u00f1a se concentran en Catalu\u00f1a (en concreto, en la provincia de Gerona). <\/p>\n\n\n\n<p>La campa\u00f1a incluye un listado de preguntas y respuestas sobre diversas cuestiones como las medidas de bioseguridad e higiene aconsejadas, y la vacunaci\u00f3n, cuya decisi\u00f3n corresponde a la autoridad competente de Espa\u00f1a y de la Uni\u00f3n Europea en zonas afectadas o de restricci\u00f3n, seg\u00fan el comunicado de la Junta.<\/p>\n\n\n\n<p>La campa\u00f1a complementa la resoluci\u00f3n por la que se suspenden durante quince d\u00edas las ferias, los cert\u00e1menes y los mercados que impliquen la concentraci\u00f3n de animales, para reforzar la prevenci\u00f3n frente a la DNC. La medida es temporal y se revisar\u00e1 seg\u00fan la evoluci\u00f3n epidemiol\u00f3gica.<\/p>\n\n\n\n<p>Adjuntamos aqu\u00ed el folleto informativo editado por la Junta de Castilla y Le\u00f3n sobre la DNC.\/<\/p>\n\n\n\n<div data-wp-interactive=\"core\/file\" class=\"wp-block-file\"><object data-wp-bind--hidden=\"!state.hasPdfPreview\"  class=\"wp-block-file__embed\" data=\"https:\/\/www.asajacyl.com\/palencia\/wp-content\/uploads\/sites\/3\/2025\/10\/folletoDERMATOSISNODULARCONTAGIOSA.pdf\" type=\"application\/pdf\" style=\"width:100%;height:600px\" aria-label=\"Incrustado de folletoDERMATOSISNODULARCONTAGIOSA.\"><\/object><a id=\"wp-block-file--media-2752a54c-897c-4666-8ea8-863fab272057\" href=\"https:\/\/www.asajacyl.com\/palencia\/wp-content\/uploads\/sites\/3\/2025\/10\/folletoDERMATOSISNODULARCONTAGIOSA.pdf\">folletoDERMATOSISNODULARCONTAGIOSA<\/a><a href=\"https:\/\/www.asajacyl.com\/palencia\/wp-content\/uploads\/sites\/3\/2025\/10\/folletoDERMATOSISNODULARCONTAGIOSA.pdf\" class=\"wp-block-file__button wp-element-button\" download aria-describedby=\"wp-block-file--media-2752a54c-897c-4666-8ea8-863fab272057\">Descarga<\/a><\/div>\n","protected":false},"excerpt":{"rendered":"<p>La Junta de Castilla y Le\u00f3n ha puesto en marcha una campa\u00f1a de informaci\u00f3n dirigida a los ganaderos y los veterinarios para reforzar la prevenci\u00f3n y vigilancia frente a la dermatosis nodular contagiosa (DNC), que ya se puede consultar en la p\u00e1gina web de la administraci\u00f3n regional. La campa\u00f1a se difundir\u00e1 entre los servicios territoriales [&hellip;]<\/p>\n","protected":false},"author":9,"featured_media":21321,"comment_status":"open","ping_status":"open","sticky":false,"template":"","format":"standard","meta":{"footnotes":""},"categories":[9,31,38,28,13],"tags":[234,142,351,1490,1489,77,66,110,571,517,365,168,1579,144],"yoast_head":"<!-- This site is optimized with the Yoast SEO plugin v24.5 - https:\/\/yoast.com\/wordpress\/plugins\/seo\/ -->\n<title>Campa\u00f1a informativa de la Junta para reforzar la prevenci\u00f3n y la vigilancia de la dermatosis bovina - ASAJA Palencia<\/title>\n<meta name=\"description\" content=\"La Junta de Castilla y Le\u00f3n ha puesto en marcha una campa\u00f1a de informaci\u00f3n dirigida a los ganaderos y los veterinarios para reforzar la prevenci\u00f3n y\" \/>\n<meta name=\"robots\" content=\"index, follow, max-snippet:-1, max-image-preview:large, max-video-preview:-1\" \/>\n<link rel=\"canonical\" href=\"https:\/\/www.asajacyl.com\/palencia\/asaja-palencia-informa\/campana-informativa-de-la-junta-para-reforzar-la-prevencion-y-la-vigilancia-de-la-dermatosis-bovina\" \/>\n<meta property=\"og:locale\" content=\"es_ES\" \/>\n<meta property=\"og:type\" content=\"article\" \/>\n<meta property=\"og:title\" content=\"Campa\u00f1a informativa de la Junta para reforzar la prevenci\u00f3n y la vigilancia de la dermatosis bovina - ASAJA Palencia\" \/>\n<meta property=\"og:description\" content=\"La Junta de Castilla y Le\u00f3n ha puesto en marcha una campa\u00f1a de informaci\u00f3n dirigida a los ganaderos y los veterinarios para reforzar la prevenci\u00f3n y\" \/>\n<meta property=\"og:url\" content=\"https:\/\/www.asajacyl.com\/palencia\/asaja-palencia-informa\/campana-informativa-de-la-junta-para-reforzar-la-prevencion-y-la-vigilancia-de-la-dermatosis-bovina\" \/>\n<meta property=\"og:site_name\" content=\"ASAJA Palencia\" \/>\n<meta property=\"article:published_time\" content=\"2025-10-29T06:30:00+00:00\" \/>\n<meta property=\"article:modified_time\" content=\"2025-10-29T08:37:23+00:00\" \/>\n<meta property=\"og:image\" content=\"https:\/\/www.asajacyl.com\/palencia\/wp-content\/uploads\/sites\/3\/2025\/10\/Grafico-sintomas-DNC-JCyL.jpg\" \/>\n\t<meta property=\"og:image:width\" content=\"1890\" \/>\n\t<meta property=\"og:image:height\" content=\"1654\" \/>\n\t<meta property=\"og:image:type\" content=\"image\/jpeg\" \/>\n<meta name=\"author\" content=\"Administrador\" \/>\n<meta name=\"twitter:card\" content=\"summary_large_image\" \/>\n<meta name=\"twitter:label1\" content=\"Escrito por\" \/>\n\t<meta name=\"twitter:data1\" content=\"Administrador\" \/>\n\t<meta name=\"twitter:label2\" content=\"Tiempo de lectura\" \/>\n\t<meta name=\"twitter:data2\" content=\"2 minutos\" \/>\n<script type=\"application\/ld+json\" class=\"yoast-schema-graph\">{\"@context\":\"https:\/\/schema.org\",\"@graph\":[{\"@type\":\"WebPage\",\"@id\":\"https:\/\/www.asajacyl.com\/palencia\/asaja-palencia-informa\/campana-informativa-de-la-junta-para-reforzar-la-prevencion-y-la-vigilancia-de-la-dermatosis-bovina\",\"url\":\"https:\/\/www.asajacyl.com\/palencia\/asaja-palencia-informa\/campana-informativa-de-la-junta-para-reforzar-la-prevencion-y-la-vigilancia-de-la-dermatosis-bovina\",\"name\":\"Campa\u00f1a informativa de la Junta para reforzar la prevenci\u00f3n y la vigilancia de la dermatosis bovina - ASAJA Palencia\",\"isPartOf\":{\"@id\":\"https:\/\/www.asajacyl.com\/palencia\/#website\"},\"primaryImageOfPage\":{\"@id\":\"https:\/\/www.asajacyl.com\/palencia\/asaja-palencia-informa\/campana-informativa-de-la-junta-para-reforzar-la-prevencion-y-la-vigilancia-de-la-dermatosis-bovina#primaryimage\"},\"image\":{\"@id\":\"https:\/\/www.asajacyl.com\/palencia\/asaja-palencia-informa\/campana-informativa-de-la-junta-para-reforzar-la-prevencion-y-la-vigilancia-de-la-dermatosis-bovina#primaryimage\"},\"thumbnailUrl\":\"https:\/\/www.asajacyl.com\/palencia\/wp-content\/uploads\/sites\/3\/2025\/10\/Grafico-sintomas-DNC-JCyL.jpg\",\"datePublished\":\"2025-10-29T06:30:00+00:00\",\"dateModified\":\"2025-10-29T08:37:23+00:00\",\"author\":{\"@id\":\"https:\/\/www.asajacyl.com\/palencia\/#\/schema\/person\/3ab17aeb03527485c317557fae64aab1\"},\"description\":\"La Junta de Castilla y Le\u00f3n ha puesto en marcha una campa\u00f1a de informaci\u00f3n dirigida a los ganaderos y los veterinarios para reforzar la prevenci\u00f3n y\",\"breadcrumb\":{\"@id\":\"https:\/\/www.asajacyl.com\/palencia\/asaja-palencia-informa\/campana-informativa-de-la-junta-para-reforzar-la-prevencion-y-la-vigilancia-de-la-dermatosis-bovina#breadcrumb\"},\"inLanguage\":\"es\",\"potentialAction\":[{\"@type\":\"ReadAction\",\"target\":[\"https:\/\/www.asajacyl.com\/palencia\/asaja-palencia-informa\/campana-informativa-de-la-junta-para-reforzar-la-prevencion-y-la-vigilancia-de-la-dermatosis-bovina\"]}]},{\"@type\":\"ImageObject\",\"inLanguage\":\"es\",\"@id\":\"https:\/\/www.asajacyl.com\/palencia\/asaja-palencia-informa\/campana-informativa-de-la-junta-para-reforzar-la-prevencion-y-la-vigilancia-de-la-dermatosis-bovina#primaryimage\",\"url\":\"https:\/\/www.asajacyl.com\/palencia\/wp-content\/uploads\/sites\/3\/2025\/10\/Grafico-sintomas-DNC-JCyL.jpg\",\"contentUrl\":\"https:\/\/www.asajacyl.com\/palencia\/wp-content\/uploads\/sites\/3\/2025\/10\/Grafico-sintomas-DNC-JCyL.jpg\",\"width\":1890,\"height\":1654},{\"@type\":\"BreadcrumbList\",\"@id\":\"https:\/\/www.asajacyl.com\/palencia\/asaja-palencia-informa\/campana-informativa-de-la-junta-para-reforzar-la-prevencion-y-la-vigilancia-de-la-dermatosis-bovina#breadcrumb\",\"itemListElement\":[{\"@type\":\"ListItem\",\"position\":1,\"name\":\"Portada\",\"item\":\"https:\/\/www.asajacyl.com\/palencia\/\"},{\"@type\":\"ListItem\",\"position\":2,\"name\":\"Campa\u00f1a informativa de la Junta para reforzar la prevenci\u00f3n y la vigilancia de la dermatosis bovina\"}]},{\"@type\":\"WebSite\",\"@id\":\"https:\/\/www.asajacyl.com\/palencia\/#website\",\"url\":\"https:\/\/www.asajacyl.com\/palencia\/\",\"name\":\"ASAJA Palencia\",\"description\":\"Otro sitio m\u00e1s de Provincias ASAJA Castilla y Le\u00f3n\",\"potentialAction\":[{\"@type\":\"SearchAction\",\"target\":{\"@type\":\"EntryPoint\",\"urlTemplate\":\"https:\/\/www.asajacyl.com\/palencia\/?s={search_term_string}\"},\"query-input\":{\"@type\":\"PropertyValueSpecification\",\"valueRequired\":true,\"valueName\":\"search_term_string\"}}],\"inLanguage\":\"es\"},{\"@type\":\"Person\",\"@id\":\"https:\/\/www.asajacyl.com\/palencia\/#\/schema\/person\/3ab17aeb03527485c317557fae64aab1\",\"name\":\"Administrador\",\"image\":{\"@type\":\"ImageObject\",\"inLanguage\":\"es\",\"@id\":\"https:\/\/www.asajacyl.com\/palencia\/#\/schema\/person\/image\/\",\"url\":\"https:\/\/secure.gravatar.com\/avatar\/517384810d242ca9e38c180f3c9fb973?s=96&d=mm&r=g\",\"contentUrl\":\"https:\/\/secure.gravatar.com\/avatar\/517384810d242ca9e38c180f3c9fb973?s=96&d=mm&r=g\",\"caption\":\"Administrador\"},\"url\":\"https:\/\/www.asajacyl.com\/palencia\/author\/carlosrm\"}]}<\/script>\n<!-- \/ Yoast SEO plugin. -->","yoast_head_json":{"title":"Campa\u00f1a informativa de la Junta para reforzar la prevenci\u00f3n y la vigilancia de la dermatosis bovina - ASAJA Palencia","description":"La Junta de Castilla y Le\u00f3n ha puesto en marcha una campa\u00f1a de informaci\u00f3n dirigida a los ganaderos y los veterinarios para reforzar la prevenci\u00f3n y","robots":{"index":"index","follow":"follow","max-snippet":"max-snippet:-1","max-image-preview":"max-image-preview:large","max-video-preview":"max-video-preview:-1"},"canonical":"https:\/\/www.asajacyl.com\/palencia\/asaja-palencia-informa\/campana-informativa-de-la-junta-para-reforzar-la-prevencion-y-la-vigilancia-de-la-dermatosis-bovina","og_locale":"es_ES","og_type":"article","og_title":"Campa\u00f1a informativa de la Junta para reforzar la prevenci\u00f3n y la vigilancia de la dermatosis bovina - ASAJA Palencia","og_description":"La Junta de Castilla y Le\u00f3n ha puesto en marcha una campa\u00f1a de informaci\u00f3n dirigida a los ganaderos y los veterinarios para reforzar la prevenci\u00f3n y","og_url":"https:\/\/www.asajacyl.com\/palencia\/asaja-palencia-informa\/campana-informativa-de-la-junta-para-reforzar-la-prevencion-y-la-vigilancia-de-la-dermatosis-bovina","og_site_name":"ASAJA Palencia","article_published_time":"2025-10-29T06:30:00+00:00","article_modified_time":"2025-10-29T08:37:23+00:00","og_image":[{"width":1890,"height":1654,"url":"https:\/\/www.asajacyl.com\/palencia\/wp-content\/uploads\/sites\/3\/2025\/10\/Grafico-sintomas-DNC-JCyL.jpg","type":"image\/jpeg"}],"author":"Administrador","twitter_card":"summary_large_image","twitter_misc":{"Escrito por":"Administrador","Tiempo de lectura":"2 minutos"},"schema":{"@context":"https:\/\/schema.org","@graph":[{"@type":"WebPage","@id":"https:\/\/www.asajacyl.com\/palencia\/asaja-palencia-informa\/campana-informativa-de-la-junta-para-reforzar-la-prevencion-y-la-vigilancia-de-la-dermatosis-bovina","url":"https:\/\/www.asajacyl.com\/palencia\/asaja-palencia-informa\/campana-informativa-de-la-junta-para-reforzar-la-prevencion-y-la-vigilancia-de-la-dermatosis-bovina","name":"Campa\u00f1a informativa de la Junta para reforzar la prevenci\u00f3n y la vigilancia de la dermatosis bovina - ASAJA Palencia","isPartOf":{"@id":"https:\/\/www.asajacyl.com\/palencia\/#website"},"primaryImageOfPage":{"@id":"https:\/\/www.asajacyl.com\/palencia\/asaja-palencia-informa\/campana-informativa-de-la-junta-para-reforzar-la-prevencion-y-la-vigilancia-de-la-dermatosis-bovina#primaryimage"},"image":{"@id":"https:\/\/www.asajacyl.com\/palencia\/asaja-palencia-informa\/campana-informativa-de-la-junta-para-reforzar-la-prevencion-y-la-vigilancia-de-la-dermatosis-bovina#primaryimage"},"thumbnailUrl":"https:\/\/www.asajacyl.com\/palencia\/wp-content\/uploads\/sites\/3\/2025\/10\/Grafico-sintomas-DNC-JCyL.jpg","datePublished":"2025-10-29T06:30:00+00:00","dateModified":"2025-10-29T08:37:23+00:00","author":{"@id":"https:\/\/www.asajacyl.com\/palencia\/#\/schema\/person\/3ab17aeb03527485c317557fae64aab1"},"description":"La Junta de Castilla y Le\u00f3n ha puesto en marcha una campa\u00f1a de informaci\u00f3n dirigida a los ganaderos y los veterinarios para reforzar la prevenci\u00f3n y","breadcrumb":{"@id":"https:\/\/www.asajacyl.com\/palencia\/asaja-palencia-informa\/campana-informativa-de-la-junta-para-reforzar-la-prevencion-y-la-vigilancia-de-la-dermatosis-bovina#breadcrumb"},"inLanguage":"es","potentialAction":[{"@type":"ReadAction","target":["https:\/\/www.asajacyl.com\/palencia\/asaja-palencia-informa\/campana-informativa-de-la-junta-para-reforzar-la-prevencion-y-la-vigilancia-de-la-dermatosis-bovina"]}]},{"@type":"ImageObject","inLanguage":"es","@id":"https:\/\/www.asajacyl.com\/palencia\/asaja-palencia-informa\/campana-informativa-de-la-junta-para-reforzar-la-prevencion-y-la-vigilancia-de-la-dermatosis-bovina#primaryimage","url":"https:\/\/www.asajacyl.com\/palencia\/wp-content\/uploads\/sites\/3\/2025\/10\/Grafico-sintomas-DNC-JCyL.jpg","contentUrl":"https:\/\/www.asajacyl.com\/palencia\/wp-content\/uploads\/sites\/3\/2025\/10\/Grafico-sintomas-DNC-JCyL.jpg","width":1890,"height":1654},{"@type":"BreadcrumbList","@id":"https:\/\/www.asajacyl.com\/palencia\/asaja-palencia-informa\/campana-informativa-de-la-junta-para-reforzar-la-prevencion-y-la-vigilancia-de-la-dermatosis-bovina#breadcrumb","itemListElement":[{"@type":"ListItem","position":1,"name":"Portada","item":"https:\/\/www.asajacyl.com\/palencia\/"},{"@type":"ListItem","position":2,"name":"Campa\u00f1a informativa de la Junta para reforzar la prevenci\u00f3n y la vigilancia de la dermatosis bovina"}]},{"@type":"WebSite","@id":"https:\/\/www.asajacyl.com\/palencia\/#website","url":"https:\/\/www.asajacyl.com\/palencia\/","name":"ASAJA Palencia","description":"Otro sitio m\u00e1s de Provincias ASAJA Castilla y Le\u00f3n","potentialAction":[{"@type":"SearchAction","target":{"@type":"EntryPoint","urlTemplate":"https:\/\/www.asajacyl.com\/palencia\/?s={search_term_string}"},"query-input":{"@type":"PropertyValueSpecification","valueRequired":true,"valueName":"search_term_string"}}],"inLanguage":"es"},{"@type":"Person","@id":"https:\/\/www.asajacyl.com\/palencia\/#\/schema\/person\/3ab17aeb03527485c317557fae64aab1","name":"Administrador","image":{"@type":"ImageObject","inLanguage":"es","@id":"https:\/\/www.asajacyl.com\/palencia\/#\/schema\/person\/image\/","url":"https:\/\/secure.gravatar.com\/avatar\/517384810d242ca9e38c180f3c9fb973?s=96&d=mm&r=g","contentUrl":"https:\/\/secure.gravatar.com\/avatar\/517384810d242ca9e38c180f3c9fb973?s=96&d=mm&r=g","caption":"Administrador"},"url":"https:\/\/www.asajacyl.com\/palencia\/author\/carlosrm"}]}},"_links":{"self":[{"href":"https:\/\/www.asajacyl.com\/palencia\/wp-json\/wp\/v2\/posts\/21318"}],"collection":[{"href":"https:\/\/www.asajacyl.com\/palencia\/wp-json\/wp\/v2\/posts"}],"about":[{"href":"https:\/\/www.asajacyl.com\/palencia\/wp-json\/wp\/v2\/types\/post"}],"author":[{"embeddable":true,"href":"https:\/\/www.asajacyl.com\/palencia\/wp-json\/wp\/v2\/users\/9"}],"replies":[{"embeddable":true,"href":"https:\/\/www.asajacyl.com\/palencia\/wp-json\/wp\/v2\/comments?post=21318"}],"version-history":[{"count":1,"href":"https:\/\/www.asajacyl.com\/palencia\/wp-json\/wp\/v2\/posts\/21318\/revisions"}],"predecessor-version":[{"id":21322,"href":"https:\/\/www.asajacyl.com\/palencia\/wp-json\/wp\/v2\/posts\/21318\/revisions\/21322"}],"wp:featuredmedia":[{"embeddable":true,"href":"https:\/\/www.asajacyl.com\/palencia\/wp-json\/wp\/v2\/media\/21321"}],"wp:attachment":[{"href":"https:\/\/www.asajacyl.com\/palencia\/wp-json\/wp\/v2\/media?parent=21318"}],"wp:term":[{"taxonomy":"category","embeddable":true,"href":"https:\/\/www.asajacyl.com\/palencia\/wp-json\/wp\/v2\/categories?post=21318"},{"taxonomy":"post_tag","embeddable":true,"href":"https:\/\/www.asajacyl.com\/palencia\/wp-json\/wp\/v2\/tags?post=21318"}],"curies":[{"name":"wp","href":"https:\/\/api.w.org\/{rel}","templated":true}]}}