{"id":21349,"date":"2025-10-30T07:30:00","date_gmt":"2025-10-30T06:30:00","guid":{"rendered":"https:\/\/www.asajacyl.com\/palencia\/?p=21349"},"modified":"2025-10-29T19:50:59","modified_gmt":"2025-10-29T18:50:59","slug":"octubre-se-salda-con-un-ligero-repunte-de-la-cebada-y-la-estabilidad-en-los-precios-de-los-demas-cereales","status":"publish","type":"post","link":"https:\/\/www.asajacyl.com\/palencia\/asaja-palencia-informa\/octubre-se-salda-con-un-ligero-repunte-de-la-cebada-y-la-estabilidad-en-los-precios-de-los-demas-cereales","title":{"rendered":"Octubre se salda con un ligero repunte de la cebada y la estabilidad en los precios de los dem\u00e1s cereales"},"content":{"rendered":"\n<h2 class=\"wp-block-heading\">Octubre no ha alterado sustancialmente la cotizaci\u00f3n de los cereales, salvo la cebada, que s\u00ed ha venido registrando peque\u00f1as subidas en el mes que ahora concluye. As\u00ed, la Lonja de Le\u00f3n constataba este mi\u00e9rcoles, 29 de octubre, que la cebada opera a 185 euros\/tonelada, lo que supone una ganancia del 4,5 % con respecto al precio con el que comenzaba el mes (177 \u20ac\/t). No obstante, pese a estas subidas recientes, la tonelada de cebada sigue pag\u00e1ndose todav\u00eda unos diez euros menos que por estas mismas fechas de 2024 (-5 % de bajada interanual) y unos treinta euros menos que hace dos a\u00f1os (-14 %). En la mesa de forrajes, la alfalfa deshidratada subi\u00f3 cinco euros por tonelada.<\/h2>\n\n\n\n<p>La sesi\u00f3n tambi\u00e9n registr\u00f3 una m\u00ednima subida de un euro en el trigo, hasta situarse en los 193 euros\/tonelada. Seg\u00fan explican desde la lonja leonesa, \u00aben este momento es el cereal m\u00e1s presionado, con una oferta holgada en los principales pa\u00edses proveedores, que se ve acentuada con el comienzo de la cosecha en el hemisferio sur, con buenas perspectivas tanto en Argentina como en Australia, que son los principales pa\u00edses productores y exportadores\u00bb.<\/p>\n\n\n\n<p>Al igual que ha sucedido con el centeno, ese euro ha sido la m\u00ednima ganancia del trigo en octubre en el mercado leon\u00e9s, donde la avena se ha mantenido todo el mes en su nivel baj\u00edsimo de 136 euros\/tonelada. Por su parte, el ma\u00edz para secadero tampoco se ha movido de los 215 euros\/tonelada, cuya cosecha se est\u00e1 desarrollando esta campa\u00f1a de manera intermitente debido a las precipitaciones.<\/p>\n\n\n\n<p>Algunas fuentes apuntan que estas ligeras correcciones al alza en los cereales \u2014m\u00e1s visibles en la cebada\u2014 vienen motivadas por parte del sector comprador (almacenistas, intermediarios&#8230;), con el objetivo de incentivar la siembra de cereal de invierno en un momento del a\u00f1o crucial. <\/p>\n\n\n\n<p>Y es que la descorazonadora tablilla de cotizaciones actuales genera no poco desaliento entre los agricultores a la hora de plantear la pr\u00f3xima campa\u00f1a, m\u00e1xime con unos costes de producci\u00f3n (fertilizantes, gas\u00f3leo&#8230;) mayores que en las dos pasadas sementeras, y sin que nadie garantice los hist\u00f3ricos rendimientos de la \u00faltima cosecha.<strong>\/<\/strong><\/p>\n\n\n\n<figure class=\"wp-block-image size-large is-resized\"><img loading=\"lazy\" decoding=\"async\" width=\"1024\" height=\"768\" src=\"https:\/\/www.asajacyl.com\/palencia\/wp-content\/uploads\/sites\/3\/2025\/10\/Precios-agricultura-29oct2025-1024x768.jpg\" alt=\"\" class=\"wp-image-21350\" style=\"width:1065px;height:auto\" srcset=\"https:\/\/www.asajacyl.com\/palencia\/wp-content\/uploads\/sites\/3\/2025\/10\/Precios-agricultura-29oct2025-1024x768.jpg 1024w, https:\/\/www.asajacyl.com\/palencia\/wp-content\/uploads\/sites\/3\/2025\/10\/Precios-agricultura-29oct2025-300x225.jpg 300w, https:\/\/www.asajacyl.com\/palencia\/wp-content\/uploads\/sites\/3\/2025\/10\/Precios-agricultura-29oct2025-768x576.jpg 768w, https:\/\/www.asajacyl.com\/palencia\/wp-content\/uploads\/sites\/3\/2025\/10\/Precios-agricultura-29oct2025-1536x1152.jpg 1536w, https:\/\/www.asajacyl.com\/palencia\/wp-content\/uploads\/sites\/3\/2025\/10\/Precios-agricultura-29oct2025-2048x1536.jpg 2048w, https:\/\/www.asajacyl.com\/palencia\/wp-content\/uploads\/sites\/3\/2025\/10\/Precios-agricultura-29oct2025-560x420.jpg 560w, https:\/\/www.asajacyl.com\/palencia\/wp-content\/uploads\/sites\/3\/2025\/10\/Precios-agricultura-29oct2025-80x60.jpg 80w, https:\/\/www.asajacyl.com\/palencia\/wp-content\/uploads\/sites\/3\/2025\/10\/Precios-agricultura-29oct2025-696x522.jpg 696w, https:\/\/www.asajacyl.com\/palencia\/wp-content\/uploads\/sites\/3\/2025\/10\/Precios-agricultura-29oct2025-1068x801.jpg 1068w, https:\/\/www.asajacyl.com\/palencia\/wp-content\/uploads\/sites\/3\/2025\/10\/Precios-agricultura-29oct2025-1920x1440.jpg 1920w\" sizes=\"(max-width: 1024px) 100vw, 1024px\" \/><\/figure>\n","protected":false},"excerpt":{"rendered":"<p>Octubre no ha alterado sustancialmente la cotizaci\u00f3n de los cereales, salvo la cebada, que s\u00ed ha venido registrando peque\u00f1as subidas en el mes que ahora concluye. As\u00ed, la Lonja de Le\u00f3n constataba este mi\u00e9rcoles, 29 de octubre, que la cebada opera a 185 euros\/tonelada, lo que supone una ganancia del 4,5 % con respecto al [&hellip;]<\/p>\n","protected":false},"author":9,"featured_media":17381,"comment_status":"open","ping_status":"open","sticky":false,"template":"","format":"standard","meta":{"footnotes":""},"categories":[9,29,36,28,13],"tags":[58,148,290,221,289,46,689,351,77,279,293,219,147,220],"yoast_head":"<!-- This site is optimized with the Yoast SEO plugin v24.5 - https:\/\/yoast.com\/wordpress\/plugins\/seo\/ -->\n<title>Octubre se salda con un ligero repunte de la cebada y la estabilidad en los precios de los dem\u00e1s cereales - ASAJA Palencia<\/title>\n<meta name=\"description\" content=\"Octubre no ha alterado sustancialmente la cotizaci\u00f3n de los cereales, salvo la cebada, que s\u00ed ha venido registrando peque\u00f1as subidas en el mes que ahora\" \/>\n<meta name=\"robots\" content=\"index, follow, max-snippet:-1, max-image-preview:large, max-video-preview:-1\" \/>\n<link rel=\"canonical\" href=\"https:\/\/www.asajacyl.com\/palencia\/asaja-palencia-informa\/octubre-se-salda-con-un-ligero-repunte-de-la-cebada-y-la-estabilidad-en-los-precios-de-los-demas-cereales\" \/>\n<meta property=\"og:locale\" content=\"es_ES\" \/>\n<meta property=\"og:type\" content=\"article\" \/>\n<meta property=\"og:title\" content=\"Octubre se salda con un ligero repunte de la cebada y la estabilidad en los precios de los dem\u00e1s cereales - ASAJA Palencia\" \/>\n<meta property=\"og:description\" content=\"Octubre no ha alterado sustancialmente la cotizaci\u00f3n de los cereales, salvo la cebada, que s\u00ed ha venido registrando peque\u00f1as subidas en el mes que ahora\" \/>\n<meta property=\"og:url\" content=\"https:\/\/www.asajacyl.com\/palencia\/asaja-palencia-informa\/octubre-se-salda-con-un-ligero-repunte-de-la-cebada-y-la-estabilidad-en-los-precios-de-los-demas-cereales\" \/>\n<meta property=\"og:site_name\" content=\"ASAJA Palencia\" \/>\n<meta property=\"article:published_time\" content=\"2025-10-30T06:30:00+00:00\" \/>\n<meta property=\"og:image\" content=\"https:\/\/www.asajacyl.com\/palencia\/wp-content\/uploads\/sites\/3\/2024\/09\/Remolque-con-cebada-web.jpg\" \/>\n\t<meta property=\"og:image:width\" content=\"1890\" \/>\n\t<meta property=\"og:image:height\" content=\"1654\" \/>\n\t<meta property=\"og:image:type\" content=\"image\/jpeg\" \/>\n<meta name=\"author\" content=\"Administrador\" \/>\n<meta name=\"twitter:card\" content=\"summary_large_image\" \/>\n<meta name=\"twitter:label1\" content=\"Escrito por\" \/>\n\t<meta name=\"twitter:data1\" content=\"Administrador\" \/>\n\t<meta name=\"twitter:label2\" content=\"Tiempo de lectura\" \/>\n\t<meta name=\"twitter:data2\" content=\"3 minutos\" \/>\n<script type=\"application\/ld+json\" class=\"yoast-schema-graph\">{\"@context\":\"https:\/\/schema.org\",\"@graph\":[{\"@type\":\"WebPage\",\"@id\":\"https:\/\/www.asajacyl.com\/palencia\/asaja-palencia-informa\/octubre-se-salda-con-un-ligero-repunte-de-la-cebada-y-la-estabilidad-en-los-precios-de-los-demas-cereales\",\"url\":\"https:\/\/www.asajacyl.com\/palencia\/asaja-palencia-informa\/octubre-se-salda-con-un-ligero-repunte-de-la-cebada-y-la-estabilidad-en-los-precios-de-los-demas-cereales\",\"name\":\"Octubre se salda con un ligero repunte de la cebada y la estabilidad en los precios de los dem\u00e1s cereales - ASAJA Palencia\",\"isPartOf\":{\"@id\":\"https:\/\/www.asajacyl.com\/palencia\/#website\"},\"primaryImageOfPage\":{\"@id\":\"https:\/\/www.asajacyl.com\/palencia\/asaja-palencia-informa\/octubre-se-salda-con-un-ligero-repunte-de-la-cebada-y-la-estabilidad-en-los-precios-de-los-demas-cereales#primaryimage\"},\"image\":{\"@id\":\"https:\/\/www.asajacyl.com\/palencia\/asaja-palencia-informa\/octubre-se-salda-con-un-ligero-repunte-de-la-cebada-y-la-estabilidad-en-los-precios-de-los-demas-cereales#primaryimage\"},\"thumbnailUrl\":\"https:\/\/www.asajacyl.com\/palencia\/wp-content\/uploads\/sites\/3\/2024\/09\/Remolque-con-cebada-web.jpg\",\"datePublished\":\"2025-10-30T06:30:00+00:00\",\"author\":{\"@id\":\"https:\/\/www.asajacyl.com\/palencia\/#\/schema\/person\/3ab17aeb03527485c317557fae64aab1\"},\"description\":\"Octubre no ha alterado sustancialmente la cotizaci\u00f3n de los cereales, salvo la cebada, que s\u00ed ha venido registrando peque\u00f1as subidas en el mes que ahora\",\"breadcrumb\":{\"@id\":\"https:\/\/www.asajacyl.com\/palencia\/asaja-palencia-informa\/octubre-se-salda-con-un-ligero-repunte-de-la-cebada-y-la-estabilidad-en-los-precios-de-los-demas-cereales#breadcrumb\"},\"inLanguage\":\"es\",\"potentialAction\":[{\"@type\":\"ReadAction\",\"target\":[\"https:\/\/www.asajacyl.com\/palencia\/asaja-palencia-informa\/octubre-se-salda-con-un-ligero-repunte-de-la-cebada-y-la-estabilidad-en-los-precios-de-los-demas-cereales\"]}]},{\"@type\":\"ImageObject\",\"inLanguage\":\"es\",\"@id\":\"https:\/\/www.asajacyl.com\/palencia\/asaja-palencia-informa\/octubre-se-salda-con-un-ligero-repunte-de-la-cebada-y-la-estabilidad-en-los-precios-de-los-demas-cereales#primaryimage\",\"url\":\"https:\/\/www.asajacyl.com\/palencia\/wp-content\/uploads\/sites\/3\/2024\/09\/Remolque-con-cebada-web.jpg\",\"contentUrl\":\"https:\/\/www.asajacyl.com\/palencia\/wp-content\/uploads\/sites\/3\/2024\/09\/Remolque-con-cebada-web.jpg\",\"width\":1890,\"height\":1654},{\"@type\":\"BreadcrumbList\",\"@id\":\"https:\/\/www.asajacyl.com\/palencia\/asaja-palencia-informa\/octubre-se-salda-con-un-ligero-repunte-de-la-cebada-y-la-estabilidad-en-los-precios-de-los-demas-cereales#breadcrumb\",\"itemListElement\":[{\"@type\":\"ListItem\",\"position\":1,\"name\":\"Portada\",\"item\":\"https:\/\/www.asajacyl.com\/palencia\/\"},{\"@type\":\"ListItem\",\"position\":2,\"name\":\"Octubre se salda con un ligero repunte de la cebada y la estabilidad en los precios de los dem\u00e1s cereales\"}]},{\"@type\":\"WebSite\",\"@id\":\"https:\/\/www.asajacyl.com\/palencia\/#website\",\"url\":\"https:\/\/www.asajacyl.com\/palencia\/\",\"name\":\"ASAJA Palencia\",\"description\":\"Otro sitio m\u00e1s de Provincias ASAJA Castilla y Le\u00f3n\",\"potentialAction\":[{\"@type\":\"SearchAction\",\"target\":{\"@type\":\"EntryPoint\",\"urlTemplate\":\"https:\/\/www.asajacyl.com\/palencia\/?s={search_term_string}\"},\"query-input\":{\"@type\":\"PropertyValueSpecification\",\"valueRequired\":true,\"valueName\":\"search_term_string\"}}],\"inLanguage\":\"es\"},{\"@type\":\"Person\",\"@id\":\"https:\/\/www.asajacyl.com\/palencia\/#\/schema\/person\/3ab17aeb03527485c317557fae64aab1\",\"name\":\"Administrador\",\"image\":{\"@type\":\"ImageObject\",\"inLanguage\":\"es\",\"@id\":\"https:\/\/www.asajacyl.com\/palencia\/#\/schema\/person\/image\/\",\"url\":\"https:\/\/secure.gravatar.com\/avatar\/517384810d242ca9e38c180f3c9fb973?s=96&d=mm&r=g\",\"contentUrl\":\"https:\/\/secure.gravatar.com\/avatar\/517384810d242ca9e38c180f3c9fb973?s=96&d=mm&r=g\",\"caption\":\"Administrador\"},\"url\":\"https:\/\/www.asajacyl.com\/palencia\/author\/carlosrm\"}]}<\/script>\n<!-- \/ Yoast SEO plugin. -->","yoast_head_json":{"title":"Octubre se salda con un ligero repunte de la cebada y la estabilidad en los precios de los dem\u00e1s cereales - ASAJA Palencia","description":"Octubre no ha alterado sustancialmente la cotizaci\u00f3n de los cereales, salvo la cebada, que s\u00ed ha venido registrando peque\u00f1as subidas en el mes que ahora","robots":{"index":"index","follow":"follow","max-snippet":"max-snippet:-1","max-image-preview":"max-image-preview:large","max-video-preview":"max-video-preview:-1"},"canonical":"https:\/\/www.asajacyl.com\/palencia\/asaja-palencia-informa\/octubre-se-salda-con-un-ligero-repunte-de-la-cebada-y-la-estabilidad-en-los-precios-de-los-demas-cereales","og_locale":"es_ES","og_type":"article","og_title":"Octubre se salda con un ligero repunte de la cebada y la estabilidad en los precios de los dem\u00e1s cereales - ASAJA Palencia","og_description":"Octubre no ha alterado sustancialmente la cotizaci\u00f3n de los cereales, salvo la cebada, que s\u00ed ha venido registrando peque\u00f1as subidas en el mes que ahora","og_url":"https:\/\/www.asajacyl.com\/palencia\/asaja-palencia-informa\/octubre-se-salda-con-un-ligero-repunte-de-la-cebada-y-la-estabilidad-en-los-precios-de-los-demas-cereales","og_site_name":"ASAJA Palencia","article_published_time":"2025-10-30T06:30:00+00:00","og_image":[{"width":1890,"height":1654,"url":"https:\/\/www.asajacyl.com\/palencia\/wp-content\/uploads\/sites\/3\/2024\/09\/Remolque-con-cebada-web.jpg","type":"image\/jpeg"}],"author":"Administrador","twitter_card":"summary_large_image","twitter_misc":{"Escrito por":"Administrador","Tiempo de lectura":"3 minutos"},"schema":{"@context":"https:\/\/schema.org","@graph":[{"@type":"WebPage","@id":"https:\/\/www.asajacyl.com\/palencia\/asaja-palencia-informa\/octubre-se-salda-con-un-ligero-repunte-de-la-cebada-y-la-estabilidad-en-los-precios-de-los-demas-cereales","url":"https:\/\/www.asajacyl.com\/palencia\/asaja-palencia-informa\/octubre-se-salda-con-un-ligero-repunte-de-la-cebada-y-la-estabilidad-en-los-precios-de-los-demas-cereales","name":"Octubre se salda con un ligero repunte de la cebada y la estabilidad en los precios de los dem\u00e1s cereales - ASAJA Palencia","isPartOf":{"@id":"https:\/\/www.asajacyl.com\/palencia\/#website"},"primaryImageOfPage":{"@id":"https:\/\/www.asajacyl.com\/palencia\/asaja-palencia-informa\/octubre-se-salda-con-un-ligero-repunte-de-la-cebada-y-la-estabilidad-en-los-precios-de-los-demas-cereales#primaryimage"},"image":{"@id":"https:\/\/www.asajacyl.com\/palencia\/asaja-palencia-informa\/octubre-se-salda-con-un-ligero-repunte-de-la-cebada-y-la-estabilidad-en-los-precios-de-los-demas-cereales#primaryimage"},"thumbnailUrl":"https:\/\/www.asajacyl.com\/palencia\/wp-content\/uploads\/sites\/3\/2024\/09\/Remolque-con-cebada-web.jpg","datePublished":"2025-10-30T06:30:00+00:00","author":{"@id":"https:\/\/www.asajacyl.com\/palencia\/#\/schema\/person\/3ab17aeb03527485c317557fae64aab1"},"description":"Octubre no ha alterado sustancialmente la cotizaci\u00f3n de los cereales, salvo la cebada, que s\u00ed ha venido registrando peque\u00f1as subidas en el mes que ahora","breadcrumb":{"@id":"https:\/\/www.asajacyl.com\/palencia\/asaja-palencia-informa\/octubre-se-salda-con-un-ligero-repunte-de-la-cebada-y-la-estabilidad-en-los-precios-de-los-demas-cereales#breadcrumb"},"inLanguage":"es","potentialAction":[{"@type":"ReadAction","target":["https:\/\/www.asajacyl.com\/palencia\/asaja-palencia-informa\/octubre-se-salda-con-un-ligero-repunte-de-la-cebada-y-la-estabilidad-en-los-precios-de-los-demas-cereales"]}]},{"@type":"ImageObject","inLanguage":"es","@id":"https:\/\/www.asajacyl.com\/palencia\/asaja-palencia-informa\/octubre-se-salda-con-un-ligero-repunte-de-la-cebada-y-la-estabilidad-en-los-precios-de-los-demas-cereales#primaryimage","url":"https:\/\/www.asajacyl.com\/palencia\/wp-content\/uploads\/sites\/3\/2024\/09\/Remolque-con-cebada-web.jpg","contentUrl":"https:\/\/www.asajacyl.com\/palencia\/wp-content\/uploads\/sites\/3\/2024\/09\/Remolque-con-cebada-web.jpg","width":1890,"height":1654},{"@type":"BreadcrumbList","@id":"https:\/\/www.asajacyl.com\/palencia\/asaja-palencia-informa\/octubre-se-salda-con-un-ligero-repunte-de-la-cebada-y-la-estabilidad-en-los-precios-de-los-demas-cereales#breadcrumb","itemListElement":[{"@type":"ListItem","position":1,"name":"Portada","item":"https:\/\/www.asajacyl.com\/palencia\/"},{"@type":"ListItem","position":2,"name":"Octubre se salda con un ligero repunte de la cebada y la estabilidad en los precios de los dem\u00e1s cereales"}]},{"@type":"WebSite","@id":"https:\/\/www.asajacyl.com\/palencia\/#website","url":"https:\/\/www.asajacyl.com\/palencia\/","name":"ASAJA Palencia","description":"Otro sitio m\u00e1s de Provincias ASAJA Castilla y Le\u00f3n","potentialAction":[{"@type":"SearchAction","target":{"@type":"EntryPoint","urlTemplate":"https:\/\/www.asajacyl.com\/palencia\/?s={search_term_string}"},"query-input":{"@type":"PropertyValueSpecification","valueRequired":true,"valueName":"search_term_string"}}],"inLanguage":"es"},{"@type":"Person","@id":"https:\/\/www.asajacyl.com\/palencia\/#\/schema\/person\/3ab17aeb03527485c317557fae64aab1","name":"Administrador","image":{"@type":"ImageObject","inLanguage":"es","@id":"https:\/\/www.asajacyl.com\/palencia\/#\/schema\/person\/image\/","url":"https:\/\/secure.gravatar.com\/avatar\/517384810d242ca9e38c180f3c9fb973?s=96&d=mm&r=g","contentUrl":"https:\/\/secure.gravatar.com\/avatar\/517384810d242ca9e38c180f3c9fb973?s=96&d=mm&r=g","caption":"Administrador"},"url":"https:\/\/www.asajacyl.com\/palencia\/author\/carlosrm"}]}},"_links":{"self":[{"href":"https:\/\/www.asajacyl.com\/palencia\/wp-json\/wp\/v2\/posts\/21349"}],"collection":[{"href":"https:\/\/www.asajacyl.com\/palencia\/wp-json\/wp\/v2\/posts"}],"about":[{"href":"https:\/\/www.asajacyl.com\/palencia\/wp-json\/wp\/v2\/types\/post"}],"author":[{"embeddable":true,"href":"https:\/\/www.asajacyl.com\/palencia\/wp-json\/wp\/v2\/users\/9"}],"replies":[{"embeddable":true,"href":"https:\/\/www.asajacyl.com\/palencia\/wp-json\/wp\/v2\/comments?post=21349"}],"version-history":[{"count":2,"href":"https:\/\/www.asajacyl.com\/palencia\/wp-json\/wp\/v2\/posts\/21349\/revisions"}],"predecessor-version":[{"id":21354,"href":"https:\/\/www.asajacyl.com\/palencia\/wp-json\/wp\/v2\/posts\/21349\/revisions\/21354"}],"wp:featuredmedia":[{"embeddable":true,"href":"https:\/\/www.asajacyl.com\/palencia\/wp-json\/wp\/v2\/media\/17381"}],"wp:attachment":[{"href":"https:\/\/www.asajacyl.com\/palencia\/wp-json\/wp\/v2\/media?parent=21349"}],"wp:term":[{"taxonomy":"category","embeddable":true,"href":"https:\/\/www.asajacyl.com\/palencia\/wp-json\/wp\/v2\/categories?post=21349"},{"taxonomy":"post_tag","embeddable":true,"href":"https:\/\/www.asajacyl.com\/palencia\/wp-json\/wp\/v2\/tags?post=21349"}],"curies":[{"name":"wp","href":"https:\/\/api.w.org\/{rel}","templated":true}]}}