{"id":21375,"date":"2025-10-31T08:00:00","date_gmt":"2025-10-31T07:00:00","guid":{"rendered":"https:\/\/www.asajacyl.com\/palencia\/?p=21375"},"modified":"2025-10-30T13:44:25","modified_gmt":"2025-10-30T12:44:25","slug":"la-junta-declara-de-utilidad-publica-la-reconcentracion-parcelaria-de-tariego-de-cerrato-2273-hectareas","status":"publish","type":"post","link":"https:\/\/www.asajacyl.com\/palencia\/sin-categoria\/la-junta-declara-de-utilidad-publica-la-reconcentracion-parcelaria-de-tariego-de-cerrato-2273-hectareas","title":{"rendered":"La Junta declara de utilidad p\u00fablica la reconcentraci\u00f3n parcelaria de Tariego de Cerrato (2273 hect\u00e1reas)"},"content":{"rendered":"\n<h2 class=\"wp-block-heading\">La Junta de Castilla y Le\u00f3n ha declarado de utilidad p\u00fablica la reconcentraci\u00f3n parcelaria de Tariego de Cerrato, que contar\u00e1 con una inversi\u00f3n de 1,9 millones de euros, cofinanciados por el Fondo Europeo Agrario de Desarrollo Rural (FEADER). La medida fue aprobada este jueves, 20 de octubre, por el consejo de gobierno regional.<\/h2>\n\n\n\n<p>Esta iniciativa, que afecta a una superficie total de 2273 hect\u00e1reas, en algo m\u00e1s de millar y medio de parcelas, pertenecientes a 444 propietarios, integra a todo el municipio de Tariego de Cerrato y el pol\u00edgono 4 del t\u00e9rmino municipal colindante de Due\u00f1as, donde se ubican 69 explotaciones agrarias y tres ganaderas (una de ovino de leche, otra de caprino de carne y una de equino).<\/p>\n\n\n\n<p>El proyecto recoge la reordenaci\u00f3n de la propiedad por explotaciones, junto con la ejecuci\u00f3n o adecuaci\u00f3n de una red de caminos rurales de sesenta kil\u00f3metros de extensi\u00f3n, y la limpieza de casi dos kil\u00f3metros y medio de arroyos y desag\u00fces existentes. La superficie media de cada propietario actual es de 5,12 hect\u00e1reas. El promedio de las parcelas en la zona concentrable no llega a hect\u00e1rea y media (en concreto, 1,46 hect\u00e1reas).<\/p>\n\n\n\n<p>Seg\u00fan inform\u00e1bamos en su d\u00eda en esta p\u00e1gina, <a href=\"https:\/\/www.asajacyl.com\/palencia\/asaja-palencia-informa\/la-reconcentracion-parcelaria-de-tariego-de-cerrato-ii-en-fase-de-estudio-tecnico-previo\" target=\"_blank\" rel=\"noreferrer noopener\">la Direcci\u00f3n General de Desarrollo Rural de la Junta de Castilla y Le\u00f3n aprob\u00f3 el 25 de septiembre de 2024 el estudio t\u00e9cnico previo<\/a> de la concentraci\u00f3n parcelaria de la zona de Tariego de Cerrato II. El per\u00edmetro afectado tiene una superficie que ronda las 2293 hect\u00e1reas, si bien se excluyen casi una veintena de hect\u00e1reas de la zona urbana de Tariego.<\/p>\n\n\n<div class=\"wp-block-image\">\n<figure class=\"alignright size-large is-resized\"><img loading=\"lazy\" decoding=\"async\" width=\"1024\" height=\"723\" src=\"https:\/\/www.asajacyl.com\/palencia\/wp-content\/uploads\/sites\/3\/2024\/10\/Situacion-concentracion-Tariego-II-web-1024x723.jpg\" alt=\"\" class=\"wp-image-17897\" style=\"width:751px;height:auto\" srcset=\"https:\/\/www.asajacyl.com\/palencia\/wp-content\/uploads\/sites\/3\/2024\/10\/Situacion-concentracion-Tariego-II-web-1024x723.jpg 1024w, https:\/\/www.asajacyl.com\/palencia\/wp-content\/uploads\/sites\/3\/2024\/10\/Situacion-concentracion-Tariego-II-web-300x212.jpg 300w, https:\/\/www.asajacyl.com\/palencia\/wp-content\/uploads\/sites\/3\/2024\/10\/Situacion-concentracion-Tariego-II-web-768x543.jpg 768w, https:\/\/www.asajacyl.com\/palencia\/wp-content\/uploads\/sites\/3\/2024\/10\/Situacion-concentracion-Tariego-II-web-1536x1085.jpg 1536w, https:\/\/www.asajacyl.com\/palencia\/wp-content\/uploads\/sites\/3\/2024\/10\/Situacion-concentracion-Tariego-II-web-2048x1447.jpg 2048w, https:\/\/www.asajacyl.com\/palencia\/wp-content\/uploads\/sites\/3\/2024\/10\/Situacion-concentracion-Tariego-II-web-595x420.jpg 595w, https:\/\/www.asajacyl.com\/palencia\/wp-content\/uploads\/sites\/3\/2024\/10\/Situacion-concentracion-Tariego-II-web-696x492.jpg 696w, https:\/\/www.asajacyl.com\/palencia\/wp-content\/uploads\/sites\/3\/2024\/10\/Situacion-concentracion-Tariego-II-web-1068x754.jpg 1068w, https:\/\/www.asajacyl.com\/palencia\/wp-content\/uploads\/sites\/3\/2024\/10\/Situacion-concentracion-Tariego-II-web-1920x1356.jpg 1920w\" sizes=\"(max-width: 1024px) 100vw, 1024px\" \/><\/figure><\/div>\n\n\n<p><strong>REGAD\u00cdOS.\u00a0<\/strong>Seg\u00fan la informaci\u00f3n proporcionada por la Confederaci\u00f3n Hidrogr\u00e1fica del Duero, que consta en la memoria del estudio previo, existe en los pol\u00edgonos 12 y 13 de Tariego y en el 4 de Due\u00f1as un regad\u00edo comunitario, perteneciente a la Comunidad de Regantes de Tariego de unas 341 hect\u00e1reas en desuso, debido a que el derecho al uso de agua fue extinguido por una resoluci\u00f3n de la CHD del 18 de noviembre de 2015, cuyas acequias se prev\u00e9 retirar y valorizar en el nuevo proyecto.<\/p>\n\n\n\n<p>Actualmente el regad\u00edo existente consiste en trece concesiones particulares, con una superficie total que no llega a 38,3 hect\u00e1ras: tres concesiones en Tariego para una superficie total que no llega a cinco hect\u00e1reas; y diez en Due\u00f1as para una superficie total de algo m\u00e1s de treinta y tres hect\u00e1reas.<\/p>\n\n\n\n<p><strong>CAMINOS Y L\u00cdNEA DEL AVE.\u00a0<\/strong>Los caminos rurales, que se extienden por toda la zona, se ejecutaron en los anteriores procesos de concentraci\u00f3n parcelaria, hace aproximadamente medio siglo. Por ello, su estado de conservaci\u00f3n es desigual de unos pol\u00edgonos a otros. Tienen una longitud total cercana a los sesenta y cinco kil\u00f3metros. El trazado de los nuevos caminos se adaptar\u00e1 a las nuevas necesidades de la zona. Otro condicionante importantes es que la l\u00ednea ferroviaria de alta velocidad Venta de Ba\u00f1os\u2013Burgos, inaugurada el 21 de julio de 2022, atraviesa el pol\u00edgono 4 de Due\u00f1as, donde ocupa una superficie de casi 5,8 hect\u00e1reas en zona de concentraci\u00f3n<\/p>\n\n\n\n<p>El Ayuntamiento de Tariego de Cerrato aprob\u00f3 en pleno el 3 de mayo de 2023 la conveniencia de solicitar la reconcentraci\u00f3n parcelaria, previa <span style=\"text-decoration: underline\">solicitud de la Junta Agraria Local en asamblea general extraordinaria del 26 de abril de 2021<\/span>. Por su parte, el Ayuntamiento de Due\u00f1as efectu\u00f3 esa aprobaci\u00f3n en plano el 29 de febrero de este a\u00f1o, ya que se ve afectado el pol\u00edgono 4 de su t\u00e9rmino municipal, cultivado mayoritariamente por agricultores de Tariego. La Asociaci\u00f3n de Agricultores y Ganaderos de Due\u00f1as lo hab\u00eda solicitado tras la asamblea celebrada diez d\u00edas antes. Estas peticiones llevaron a que la Direcci\u00f3n General de Desarrollo Rural autorizase el 6 de marzo la redacci\u00f3n del citado estudio t\u00e9cnico previo.<strong>\/<\/strong><\/p>\n","protected":false},"excerpt":{"rendered":"<p>La Junta de Castilla y Le\u00f3n ha declarado de utilidad p\u00fablica la reconcentraci\u00f3n parcelaria de Tariego de Cerrato, que contar\u00e1 con una inversi\u00f3n de 1,9 millones de euros, cofinanciados por el Fondo Europeo Agrario de Desarrollo Rural (FEADER). La medida fue aprobada este jueves, 20 de octubre, por el consejo de gobierno regional. Esta iniciativa, [&hellip;]<\/p>\n","protected":false},"author":9,"featured_media":17895,"comment_status":"open","ping_status":"open","sticky":false,"template":"","format":"standard","meta":{"footnotes":""},"categories":[9,31,29,28,13,1],"tags":[58,243,1097,169,142,77,66,55,1149],"yoast_head":"<!-- This site is optimized with the Yoast SEO plugin v24.5 - https:\/\/yoast.com\/wordpress\/plugins\/seo\/ -->\n<title>La Junta declara de utilidad p\u00fablica la reconcentraci\u00f3n parcelaria de Tariego de Cerrato (2273 hect\u00e1reas) - ASAJA Palencia<\/title>\n<meta name=\"description\" content=\"La Junta de Castilla y Le\u00f3n ha declarado de utilidad p\u00fablica la reconcentraci\u00f3n parcelaria de Tariego de Cerrato, que contar\u00e1 con una inversi\u00f3n de 1,9\" \/>\n<meta name=\"robots\" content=\"index, follow, max-snippet:-1, max-image-preview:large, max-video-preview:-1\" \/>\n<link rel=\"canonical\" href=\"https:\/\/www.asajacyl.com\/palencia\/sin-categoria\/la-junta-declara-de-utilidad-publica-la-reconcentracion-parcelaria-de-tariego-de-cerrato-2273-hectareas\" \/>\n<meta property=\"og:locale\" content=\"es_ES\" \/>\n<meta property=\"og:type\" content=\"article\" \/>\n<meta property=\"og:title\" content=\"La Junta declara de utilidad p\u00fablica la reconcentraci\u00f3n parcelaria de Tariego de Cerrato (2273 hect\u00e1reas) - ASAJA Palencia\" \/>\n<meta property=\"og:description\" content=\"La Junta de Castilla y Le\u00f3n ha declarado de utilidad p\u00fablica la reconcentraci\u00f3n parcelaria de Tariego de Cerrato, que contar\u00e1 con una inversi\u00f3n de 1,9\" \/>\n<meta property=\"og:url\" content=\"https:\/\/www.asajacyl.com\/palencia\/sin-categoria\/la-junta-declara-de-utilidad-publica-la-reconcentracion-parcelaria-de-tariego-de-cerrato-2273-hectareas\" \/>\n<meta property=\"og:site_name\" content=\"ASAJA Palencia\" \/>\n<meta property=\"article:published_time\" content=\"2025-10-31T07:00:00+00:00\" \/>\n<meta property=\"og:image\" content=\"https:\/\/www.asajacyl.com\/palencia\/wp-content\/uploads\/sites\/3\/2024\/10\/Perimetro-concentracion-Tariego-II-web.jpg\" \/>\n\t<meta property=\"og:image:width\" content=\"1890\" \/>\n\t<meta property=\"og:image:height\" content=\"1654\" \/>\n\t<meta property=\"og:image:type\" content=\"image\/jpeg\" \/>\n<meta name=\"author\" content=\"Administrador\" \/>\n<meta name=\"twitter:card\" content=\"summary_large_image\" \/>\n<meta name=\"twitter:label1\" content=\"Escrito por\" \/>\n\t<meta name=\"twitter:data1\" content=\"Administrador\" \/>\n\t<meta name=\"twitter:label2\" content=\"Tiempo de lectura\" \/>\n\t<meta name=\"twitter:data2\" content=\"4 minutos\" \/>\n<script type=\"application\/ld+json\" class=\"yoast-schema-graph\">{\"@context\":\"https:\/\/schema.org\",\"@graph\":[{\"@type\":\"WebPage\",\"@id\":\"https:\/\/www.asajacyl.com\/palencia\/sin-categoria\/la-junta-declara-de-utilidad-publica-la-reconcentracion-parcelaria-de-tariego-de-cerrato-2273-hectareas\",\"url\":\"https:\/\/www.asajacyl.com\/palencia\/sin-categoria\/la-junta-declara-de-utilidad-publica-la-reconcentracion-parcelaria-de-tariego-de-cerrato-2273-hectareas\",\"name\":\"La Junta declara de utilidad p\u00fablica la reconcentraci\u00f3n parcelaria de Tariego de Cerrato (2273 hect\u00e1reas) - ASAJA Palencia\",\"isPartOf\":{\"@id\":\"https:\/\/www.asajacyl.com\/palencia\/#website\"},\"primaryImageOfPage\":{\"@id\":\"https:\/\/www.asajacyl.com\/palencia\/sin-categoria\/la-junta-declara-de-utilidad-publica-la-reconcentracion-parcelaria-de-tariego-de-cerrato-2273-hectareas#primaryimage\"},\"image\":{\"@id\":\"https:\/\/www.asajacyl.com\/palencia\/sin-categoria\/la-junta-declara-de-utilidad-publica-la-reconcentracion-parcelaria-de-tariego-de-cerrato-2273-hectareas#primaryimage\"},\"thumbnailUrl\":\"https:\/\/www.asajacyl.com\/palencia\/wp-content\/uploads\/sites\/3\/2024\/10\/Perimetro-concentracion-Tariego-II-web.jpg\",\"datePublished\":\"2025-10-31T07:00:00+00:00\",\"author\":{\"@id\":\"https:\/\/www.asajacyl.com\/palencia\/#\/schema\/person\/3ab17aeb03527485c317557fae64aab1\"},\"description\":\"La Junta de Castilla y Le\u00f3n ha declarado de utilidad p\u00fablica la reconcentraci\u00f3n parcelaria de Tariego de Cerrato, que contar\u00e1 con una inversi\u00f3n de 1,9\",\"breadcrumb\":{\"@id\":\"https:\/\/www.asajacyl.com\/palencia\/sin-categoria\/la-junta-declara-de-utilidad-publica-la-reconcentracion-parcelaria-de-tariego-de-cerrato-2273-hectareas#breadcrumb\"},\"inLanguage\":\"es\",\"potentialAction\":[{\"@type\":\"ReadAction\",\"target\":[\"https:\/\/www.asajacyl.com\/palencia\/sin-categoria\/la-junta-declara-de-utilidad-publica-la-reconcentracion-parcelaria-de-tariego-de-cerrato-2273-hectareas\"]}]},{\"@type\":\"ImageObject\",\"inLanguage\":\"es\",\"@id\":\"https:\/\/www.asajacyl.com\/palencia\/sin-categoria\/la-junta-declara-de-utilidad-publica-la-reconcentracion-parcelaria-de-tariego-de-cerrato-2273-hectareas#primaryimage\",\"url\":\"https:\/\/www.asajacyl.com\/palencia\/wp-content\/uploads\/sites\/3\/2024\/10\/Perimetro-concentracion-Tariego-II-web.jpg\",\"contentUrl\":\"https:\/\/www.asajacyl.com\/palencia\/wp-content\/uploads\/sites\/3\/2024\/10\/Perimetro-concentracion-Tariego-II-web.jpg\",\"width\":1890,\"height\":1654},{\"@type\":\"BreadcrumbList\",\"@id\":\"https:\/\/www.asajacyl.com\/palencia\/sin-categoria\/la-junta-declara-de-utilidad-publica-la-reconcentracion-parcelaria-de-tariego-de-cerrato-2273-hectareas#breadcrumb\",\"itemListElement\":[{\"@type\":\"ListItem\",\"position\":1,\"name\":\"Portada\",\"item\":\"https:\/\/www.asajacyl.com\/palencia\/\"},{\"@type\":\"ListItem\",\"position\":2,\"name\":\"La Junta declara de utilidad p\u00fablica la reconcentraci\u00f3n parcelaria de Tariego de Cerrato (2273 hect\u00e1reas)\"}]},{\"@type\":\"WebSite\",\"@id\":\"https:\/\/www.asajacyl.com\/palencia\/#website\",\"url\":\"https:\/\/www.asajacyl.com\/palencia\/\",\"name\":\"ASAJA Palencia\",\"description\":\"Otro sitio m\u00e1s de Provincias ASAJA Castilla y Le\u00f3n\",\"potentialAction\":[{\"@type\":\"SearchAction\",\"target\":{\"@type\":\"EntryPoint\",\"urlTemplate\":\"https:\/\/www.asajacyl.com\/palencia\/?s={search_term_string}\"},\"query-input\":{\"@type\":\"PropertyValueSpecification\",\"valueRequired\":true,\"valueName\":\"search_term_string\"}}],\"inLanguage\":\"es\"},{\"@type\":\"Person\",\"@id\":\"https:\/\/www.asajacyl.com\/palencia\/#\/schema\/person\/3ab17aeb03527485c317557fae64aab1\",\"name\":\"Administrador\",\"image\":{\"@type\":\"ImageObject\",\"inLanguage\":\"es\",\"@id\":\"https:\/\/www.asajacyl.com\/palencia\/#\/schema\/person\/image\/\",\"url\":\"https:\/\/secure.gravatar.com\/avatar\/517384810d242ca9e38c180f3c9fb973?s=96&d=mm&r=g\",\"contentUrl\":\"https:\/\/secure.gravatar.com\/avatar\/517384810d242ca9e38c180f3c9fb973?s=96&d=mm&r=g\",\"caption\":\"Administrador\"},\"url\":\"https:\/\/www.asajacyl.com\/palencia\/author\/carlosrm\"}]}<\/script>\n<!-- \/ Yoast SEO plugin. -->","yoast_head_json":{"title":"La Junta declara de utilidad p\u00fablica la reconcentraci\u00f3n parcelaria de Tariego de Cerrato (2273 hect\u00e1reas) - ASAJA Palencia","description":"La Junta de Castilla y Le\u00f3n ha declarado de utilidad p\u00fablica la reconcentraci\u00f3n parcelaria de Tariego de Cerrato, que contar\u00e1 con una inversi\u00f3n de 1,9","robots":{"index":"index","follow":"follow","max-snippet":"max-snippet:-1","max-image-preview":"max-image-preview:large","max-video-preview":"max-video-preview:-1"},"canonical":"https:\/\/www.asajacyl.com\/palencia\/sin-categoria\/la-junta-declara-de-utilidad-publica-la-reconcentracion-parcelaria-de-tariego-de-cerrato-2273-hectareas","og_locale":"es_ES","og_type":"article","og_title":"La Junta declara de utilidad p\u00fablica la reconcentraci\u00f3n parcelaria de Tariego de Cerrato (2273 hect\u00e1reas) - ASAJA Palencia","og_description":"La Junta de Castilla y Le\u00f3n ha declarado de utilidad p\u00fablica la reconcentraci\u00f3n parcelaria de Tariego de Cerrato, que contar\u00e1 con una inversi\u00f3n de 1,9","og_url":"https:\/\/www.asajacyl.com\/palencia\/sin-categoria\/la-junta-declara-de-utilidad-publica-la-reconcentracion-parcelaria-de-tariego-de-cerrato-2273-hectareas","og_site_name":"ASAJA Palencia","article_published_time":"2025-10-31T07:00:00+00:00","og_image":[{"width":1890,"height":1654,"url":"https:\/\/www.asajacyl.com\/palencia\/wp-content\/uploads\/sites\/3\/2024\/10\/Perimetro-concentracion-Tariego-II-web.jpg","type":"image\/jpeg"}],"author":"Administrador","twitter_card":"summary_large_image","twitter_misc":{"Escrito por":"Administrador","Tiempo de lectura":"4 minutos"},"schema":{"@context":"https:\/\/schema.org","@graph":[{"@type":"WebPage","@id":"https:\/\/www.asajacyl.com\/palencia\/sin-categoria\/la-junta-declara-de-utilidad-publica-la-reconcentracion-parcelaria-de-tariego-de-cerrato-2273-hectareas","url":"https:\/\/www.asajacyl.com\/palencia\/sin-categoria\/la-junta-declara-de-utilidad-publica-la-reconcentracion-parcelaria-de-tariego-de-cerrato-2273-hectareas","name":"La Junta declara de utilidad p\u00fablica la reconcentraci\u00f3n parcelaria de Tariego de Cerrato (2273 hect\u00e1reas) - ASAJA Palencia","isPartOf":{"@id":"https:\/\/www.asajacyl.com\/palencia\/#website"},"primaryImageOfPage":{"@id":"https:\/\/www.asajacyl.com\/palencia\/sin-categoria\/la-junta-declara-de-utilidad-publica-la-reconcentracion-parcelaria-de-tariego-de-cerrato-2273-hectareas#primaryimage"},"image":{"@id":"https:\/\/www.asajacyl.com\/palencia\/sin-categoria\/la-junta-declara-de-utilidad-publica-la-reconcentracion-parcelaria-de-tariego-de-cerrato-2273-hectareas#primaryimage"},"thumbnailUrl":"https:\/\/www.asajacyl.com\/palencia\/wp-content\/uploads\/sites\/3\/2024\/10\/Perimetro-concentracion-Tariego-II-web.jpg","datePublished":"2025-10-31T07:00:00+00:00","author":{"@id":"https:\/\/www.asajacyl.com\/palencia\/#\/schema\/person\/3ab17aeb03527485c317557fae64aab1"},"description":"La Junta de Castilla y Le\u00f3n ha declarado de utilidad p\u00fablica la reconcentraci\u00f3n parcelaria de Tariego de Cerrato, que contar\u00e1 con una inversi\u00f3n de 1,9","breadcrumb":{"@id":"https:\/\/www.asajacyl.com\/palencia\/sin-categoria\/la-junta-declara-de-utilidad-publica-la-reconcentracion-parcelaria-de-tariego-de-cerrato-2273-hectareas#breadcrumb"},"inLanguage":"es","potentialAction":[{"@type":"ReadAction","target":["https:\/\/www.asajacyl.com\/palencia\/sin-categoria\/la-junta-declara-de-utilidad-publica-la-reconcentracion-parcelaria-de-tariego-de-cerrato-2273-hectareas"]}]},{"@type":"ImageObject","inLanguage":"es","@id":"https:\/\/www.asajacyl.com\/palencia\/sin-categoria\/la-junta-declara-de-utilidad-publica-la-reconcentracion-parcelaria-de-tariego-de-cerrato-2273-hectareas#primaryimage","url":"https:\/\/www.asajacyl.com\/palencia\/wp-content\/uploads\/sites\/3\/2024\/10\/Perimetro-concentracion-Tariego-II-web.jpg","contentUrl":"https:\/\/www.asajacyl.com\/palencia\/wp-content\/uploads\/sites\/3\/2024\/10\/Perimetro-concentracion-Tariego-II-web.jpg","width":1890,"height":1654},{"@type":"BreadcrumbList","@id":"https:\/\/www.asajacyl.com\/palencia\/sin-categoria\/la-junta-declara-de-utilidad-publica-la-reconcentracion-parcelaria-de-tariego-de-cerrato-2273-hectareas#breadcrumb","itemListElement":[{"@type":"ListItem","position":1,"name":"Portada","item":"https:\/\/www.asajacyl.com\/palencia\/"},{"@type":"ListItem","position":2,"name":"La Junta declara de utilidad p\u00fablica la reconcentraci\u00f3n parcelaria de Tariego de Cerrato (2273 hect\u00e1reas)"}]},{"@type":"WebSite","@id":"https:\/\/www.asajacyl.com\/palencia\/#website","url":"https:\/\/www.asajacyl.com\/palencia\/","name":"ASAJA Palencia","description":"Otro sitio m\u00e1s de Provincias ASAJA Castilla y Le\u00f3n","potentialAction":[{"@type":"SearchAction","target":{"@type":"EntryPoint","urlTemplate":"https:\/\/www.asajacyl.com\/palencia\/?s={search_term_string}"},"query-input":{"@type":"PropertyValueSpecification","valueRequired":true,"valueName":"search_term_string"}}],"inLanguage":"es"},{"@type":"Person","@id":"https:\/\/www.asajacyl.com\/palencia\/#\/schema\/person\/3ab17aeb03527485c317557fae64aab1","name":"Administrador","image":{"@type":"ImageObject","inLanguage":"es","@id":"https:\/\/www.asajacyl.com\/palencia\/#\/schema\/person\/image\/","url":"https:\/\/secure.gravatar.com\/avatar\/517384810d242ca9e38c180f3c9fb973?s=96&d=mm&r=g","contentUrl":"https:\/\/secure.gravatar.com\/avatar\/517384810d242ca9e38c180f3c9fb973?s=96&d=mm&r=g","caption":"Administrador"},"url":"https:\/\/www.asajacyl.com\/palencia\/author\/carlosrm"}]}},"_links":{"self":[{"href":"https:\/\/www.asajacyl.com\/palencia\/wp-json\/wp\/v2\/posts\/21375"}],"collection":[{"href":"https:\/\/www.asajacyl.com\/palencia\/wp-json\/wp\/v2\/posts"}],"about":[{"href":"https:\/\/www.asajacyl.com\/palencia\/wp-json\/wp\/v2\/types\/post"}],"author":[{"embeddable":true,"href":"https:\/\/www.asajacyl.com\/palencia\/wp-json\/wp\/v2\/users\/9"}],"replies":[{"embeddable":true,"href":"https:\/\/www.asajacyl.com\/palencia\/wp-json\/wp\/v2\/comments?post=21375"}],"version-history":[{"count":2,"href":"https:\/\/www.asajacyl.com\/palencia\/wp-json\/wp\/v2\/posts\/21375\/revisions"}],"predecessor-version":[{"id":21377,"href":"https:\/\/www.asajacyl.com\/palencia\/wp-json\/wp\/v2\/posts\/21375\/revisions\/21377"}],"wp:featuredmedia":[{"embeddable":true,"href":"https:\/\/www.asajacyl.com\/palencia\/wp-json\/wp\/v2\/media\/17895"}],"wp:attachment":[{"href":"https:\/\/www.asajacyl.com\/palencia\/wp-json\/wp\/v2\/media?parent=21375"}],"wp:term":[{"taxonomy":"category","embeddable":true,"href":"https:\/\/www.asajacyl.com\/palencia\/wp-json\/wp\/v2\/categories?post=21375"},{"taxonomy":"post_tag","embeddable":true,"href":"https:\/\/www.asajacyl.com\/palencia\/wp-json\/wp\/v2\/tags?post=21375"}],"curies":[{"name":"wp","href":"https:\/\/api.w.org\/{rel}","templated":true}]}}