{"id":21396,"date":"2025-11-03T12:52:35","date_gmt":"2025-11-03T11:52:35","guid":{"rendered":"https:\/\/www.asajacyl.com\/palencia\/?p=21396"},"modified":"2025-11-03T12:52:38","modified_gmt":"2025-11-03T11:52:38","slug":"rechazo-de-los-lideres-del-parlamento-europeo-a-los-planes-de-la-pac-y-el-marco-financiero-a-partir-de-2028","status":"publish","type":"post","link":"https:\/\/www.asajacyl.com\/palencia\/asaja-palencia-informa\/rechazo-de-los-lideres-del-parlamento-europeo-a-los-planes-de-la-pac-y-el-marco-financiero-a-partir-de-2028","title":{"rendered":"Rechazo de los l\u00edderes del Parlamento Europeo a los planes de la PAC y el marco financiero a partir de 2028"},"content":{"rendered":"\n<h2 class=\"wp-block-heading\">Los l\u00edderes de cuatro\u00a0grupos pol\u00edticos del Parlamento Europeo (Partido Popular Europeo, Alianza Progresista de Socialistas y Dem\u00f3cratas, Renovar Europe y Los Verdes) han enviado una carta a la presidente de la Comisi\u00f3n Europea, Ursula von der Leyen,\u00a0para rechazar claramente la propuesta de la PAC a partir de 2028 y el futuro marco financiero plurianula (MFP), as\u00ed como su controvertida propuesta de planes de asociaci\u00f3n nacionales y regionales (NRPP, por sus siglas en ingl\u00e9s). ASAJA considera imprescindible que esta posici\u00f3n pol\u00edtica se traduzca en una acci\u00f3n efectiva dentro del Parlamento Europeo, que permita corregir el rumbo de una reforma que amenaza directamente al campo espa\u00f1ol y europeo. Nuestra organizaci\u00f3n acudir\u00e1 a Bruselas\u00a0con motivo del pleno extraordinario del\u00a012 de noviembre,\u00a0fecha clave\u00a0para\u00a0vigilar el voto de los eurodiputados espa\u00f1oles sobre el posible rechazo de las propuestas del MFP.<\/h2>\n\n\n\n<p>El env\u00edo de esta misiva sin el respaldo de una votaci\u00f3n en el pleno del parlamento europeo resultar\u00eda un gesto meramente simb\u00f3lico, sin efectos reales, que dejar\u00eda una vez m\u00e1s al sector agrario expuesto a decisiones que comprometen su viabilidad y su futuro.<\/p>\n\n\n\n<p>Nuestra reciente \u00abconcentraci\u00f3n rel\u00e1mpago\u00bb\u00a0en Estrasburgo, a la que asisti\u00f3 una delegaci\u00f3n nacional de ASAJA, presagiaba este paso, dada la presencia de m\u00e1s de medio centenar de eurodiputados de todos los grupos pol\u00edticos que se manifestaron para apoyar nuestro mensaje\u00a0sobre las m\u00faltiples l\u00edneas rojas que ha cruzado la Comisi\u00f3n Europea con las propuestas de la PAC y del MFP del pasado 1 de julio.<\/p>\n\n\n\n<p><strong>SEGURIDAD ALIMENTARIA EN RIESGO. <\/strong>Los miembros del Parlamento Europeo comparten el an\u00e1lisis de los comit\u00e9s de las organizaciones profesionales agrarias (entre ellas ASAJA) y de las cooperativas del sector (COPA-COGECA), tanto en el fondo como en la forma:\u00a0la propuesta de disoluci\u00f3n de la PAC en un fondo \u00fanico constituye un error hist\u00f3rico, as\u00ed como un retroceso tan inaceptable como peligroso para el futuro de nuestro sector y para la seguridad y la soberan\u00eda alimentarias de todo un continente.<\/p>\n\n\n\n<p>Los l\u00edderes de estos cuatro grupos pol\u00edticos expresan en su carta su\u00a0preocupaci\u00f3n por una renacionalizaci\u00f3n problem\u00e1tica, la necesidad de mantener un presupuesto espec\u00edfico para la PAC, la preservaci\u00f3n de la igualdad de condiciones para nuestra agricultura y el d\u00e9ficit democr\u00e1tico que conlleva esta reforma.\u00a0En consecuencia, advierten de que,\u00a0si el Ejecutivo europeo no da respuesta a estos puntos clave, el Parlamento podr\u00eda rechazar los planes de la Comisi\u00f3n.<\/p>\n\n\n\n<p><strong>POL\u00cdTICA COMUNITARIA, DOS PILARES Y FINANCIACI\u00d3N. <\/strong>Las\u00a0organizaciones agr\u00edcolas europeas piden una alternativa que respete la naturaleza misma de la PAC, manteni\u00e9ndola como\u00a0una pol\u00edtica independiente con dos pilares, un\u00a0presupuesto seguro e independiente,\u00a0y una\u00a0financiaci\u00f3n a prueba de inflaci\u00f3n,\u00a0que cumpla con las disposiciones del Tratado de la Uni\u00f3n Europea.<\/p>\n\n\n\n<p>Instamos a los miembros del Parlamento Europeo, as\u00ed como al Consejo Europeo, a que se mantengan firmes en esta cuesti\u00f3n.\u00a0Tambi\u00e9n aseguramos a los colegisladores nuestra determinaci\u00f3n y plena movilizaci\u00f3n en un asunto que es vital para millones de agricultores y ganaderos, y comunidades rurales.<\/p>\n\n\n\n<p><strong>RIESGO DE SECTOR REH\u00c9N. <\/strong>Aunque ASAJA valora positivamente la acci\u00f3n de los grupos del Parlamento Europeo,\u00a0y su implicaci\u00f3n en la defensa del sector espa\u00f1ol y europeo,\u00a0ha manifestado su desacuerdo con una de las medidas m\u00e1s controvertidas: la\u00a0condicionalidad de los fondos europeos vinculados a la PAC. <\/p>\n\n\n\n<p>Nuestra organizaci\u00f3n ha advertido que\u00a0esta medida podr\u00eda tener consecuencias graves para el sector si llega a aplicarse como instrumento de presi\u00f3n pol\u00edtica o administrativa entre la Comisi\u00f3n Europea y los gobiernos de cada estado miembro. <\/p>\n\n\n\n<p>Los agricultores y ganaderos no deben convertirse en rehenes de disputas institucionales y ha insistido en que la estabilidad de los fondos de la PAC es esencial\u00a0para garantizar el desarrollo rural y la seguridad alimentaria en Europa.<strong>\/<\/strong><\/p>\n\n\n\n<p>\u00a0\u00a0\u00a0<\/p>\n","protected":false},"excerpt":{"rendered":"<p>Los l\u00edderes de cuatro\u00a0grupos pol\u00edticos del Parlamento Europeo (Partido Popular Europeo, Alianza Progresista de Socialistas y Dem\u00f3cratas, Renovar Europe y Los Verdes) han enviado una carta a la presidente de la Comisi\u00f3n Europea, Ursula von der Leyen,\u00a0para rechazar claramente la propuesta de la PAC a partir de 2028 y el futuro marco financiero plurianula (MFP), [&hellip;]<\/p>\n","protected":false},"author":9,"featured_media":14829,"comment_status":"open","ping_status":"open","sticky":false,"template":"","format":"standard","meta":{"footnotes":""},"categories":[9,38,29,28,13],"tags":[58,260,351,77,1631,45,1188,191],"yoast_head":"<!-- This site is optimized with the Yoast SEO plugin v24.5 - https:\/\/yoast.com\/wordpress\/plugins\/seo\/ -->\n<title>Rechazo de los l\u00edderes del Parlamento Europeo a los planes de la PAC y el marco financiero a partir de 2028 - ASAJA Palencia<\/title>\n<meta name=\"description\" content=\"Los l\u00edderes de cuatro\u00a0grupos pol\u00edticos del Parlamento Europeo (Partido Popular Europeo, Alianza Progresista de Socialistas y Dem\u00f3cratas, Renovar Europe y\" \/>\n<meta name=\"robots\" content=\"index, follow, max-snippet:-1, max-image-preview:large, max-video-preview:-1\" \/>\n<link rel=\"canonical\" href=\"https:\/\/www.asajacyl.com\/palencia\/asaja-palencia-informa\/rechazo-de-los-lideres-del-parlamento-europeo-a-los-planes-de-la-pac-y-el-marco-financiero-a-partir-de-2028\" \/>\n<meta property=\"og:locale\" content=\"es_ES\" \/>\n<meta property=\"og:type\" content=\"article\" \/>\n<meta property=\"og:title\" content=\"Rechazo de los l\u00edderes del Parlamento Europeo a los planes de la PAC y el marco financiero a partir de 2028 - ASAJA Palencia\" \/>\n<meta property=\"og:description\" content=\"Los l\u00edderes de cuatro\u00a0grupos pol\u00edticos del Parlamento Europeo (Partido Popular Europeo, Alianza Progresista de Socialistas y Dem\u00f3cratas, Renovar Europe y\" \/>\n<meta property=\"og:url\" content=\"https:\/\/www.asajacyl.com\/palencia\/asaja-palencia-informa\/rechazo-de-los-lideres-del-parlamento-europeo-a-los-planes-de-la-pac-y-el-marco-financiero-a-partir-de-2028\" \/>\n<meta property=\"og:site_name\" content=\"ASAJA Palencia\" \/>\n<meta property=\"article:published_time\" content=\"2025-11-03T11:52:35+00:00\" \/>\n<meta property=\"article:modified_time\" content=\"2025-11-03T11:52:38+00:00\" \/>\n<meta property=\"og:image\" content=\"https:\/\/www.asajacyl.com\/palencia\/wp-content\/uploads\/sites\/3\/2023\/11\/Parlamento-Europeo-hemicicl.jpg\" \/>\n\t<meta property=\"og:image:width\" content=\"1890\" \/>\n\t<meta property=\"og:image:height\" content=\"1654\" \/>\n\t<meta property=\"og:image:type\" content=\"image\/jpeg\" \/>\n<meta name=\"author\" content=\"Administrador\" \/>\n<meta name=\"twitter:card\" content=\"summary_large_image\" \/>\n<meta name=\"twitter:label1\" content=\"Escrito por\" \/>\n\t<meta name=\"twitter:data1\" content=\"Administrador\" \/>\n\t<meta name=\"twitter:label2\" content=\"Tiempo de lectura\" \/>\n\t<meta name=\"twitter:data2\" content=\"4 minutos\" \/>\n<script type=\"application\/ld+json\" class=\"yoast-schema-graph\">{\"@context\":\"https:\/\/schema.org\",\"@graph\":[{\"@type\":\"WebPage\",\"@id\":\"https:\/\/www.asajacyl.com\/palencia\/asaja-palencia-informa\/rechazo-de-los-lideres-del-parlamento-europeo-a-los-planes-de-la-pac-y-el-marco-financiero-a-partir-de-2028\",\"url\":\"https:\/\/www.asajacyl.com\/palencia\/asaja-palencia-informa\/rechazo-de-los-lideres-del-parlamento-europeo-a-los-planes-de-la-pac-y-el-marco-financiero-a-partir-de-2028\",\"name\":\"Rechazo de los l\u00edderes del Parlamento Europeo a los planes de la PAC y el marco financiero a partir de 2028 - ASAJA Palencia\",\"isPartOf\":{\"@id\":\"https:\/\/www.asajacyl.com\/palencia\/#website\"},\"primaryImageOfPage\":{\"@id\":\"https:\/\/www.asajacyl.com\/palencia\/asaja-palencia-informa\/rechazo-de-los-lideres-del-parlamento-europeo-a-los-planes-de-la-pac-y-el-marco-financiero-a-partir-de-2028#primaryimage\"},\"image\":{\"@id\":\"https:\/\/www.asajacyl.com\/palencia\/asaja-palencia-informa\/rechazo-de-los-lideres-del-parlamento-europeo-a-los-planes-de-la-pac-y-el-marco-financiero-a-partir-de-2028#primaryimage\"},\"thumbnailUrl\":\"https:\/\/www.asajacyl.com\/palencia\/wp-content\/uploads\/sites\/3\/2023\/11\/Parlamento-Europeo-hemicicl.jpg\",\"datePublished\":\"2025-11-03T11:52:35+00:00\",\"dateModified\":\"2025-11-03T11:52:38+00:00\",\"author\":{\"@id\":\"https:\/\/www.asajacyl.com\/palencia\/#\/schema\/person\/3ab17aeb03527485c317557fae64aab1\"},\"description\":\"Los l\u00edderes de cuatro\u00a0grupos pol\u00edticos del Parlamento Europeo (Partido Popular Europeo, Alianza Progresista de Socialistas y Dem\u00f3cratas, Renovar Europe y\",\"breadcrumb\":{\"@id\":\"https:\/\/www.asajacyl.com\/palencia\/asaja-palencia-informa\/rechazo-de-los-lideres-del-parlamento-europeo-a-los-planes-de-la-pac-y-el-marco-financiero-a-partir-de-2028#breadcrumb\"},\"inLanguage\":\"es\",\"potentialAction\":[{\"@type\":\"ReadAction\",\"target\":[\"https:\/\/www.asajacyl.com\/palencia\/asaja-palencia-informa\/rechazo-de-los-lideres-del-parlamento-europeo-a-los-planes-de-la-pac-y-el-marco-financiero-a-partir-de-2028\"]}]},{\"@type\":\"ImageObject\",\"inLanguage\":\"es\",\"@id\":\"https:\/\/www.asajacyl.com\/palencia\/asaja-palencia-informa\/rechazo-de-los-lideres-del-parlamento-europeo-a-los-planes-de-la-pac-y-el-marco-financiero-a-partir-de-2028#primaryimage\",\"url\":\"https:\/\/www.asajacyl.com\/palencia\/wp-content\/uploads\/sites\/3\/2023\/11\/Parlamento-Europeo-hemicicl.jpg\",\"contentUrl\":\"https:\/\/www.asajacyl.com\/palencia\/wp-content\/uploads\/sites\/3\/2023\/11\/Parlamento-Europeo-hemicicl.jpg\",\"width\":1890,\"height\":1654},{\"@type\":\"BreadcrumbList\",\"@id\":\"https:\/\/www.asajacyl.com\/palencia\/asaja-palencia-informa\/rechazo-de-los-lideres-del-parlamento-europeo-a-los-planes-de-la-pac-y-el-marco-financiero-a-partir-de-2028#breadcrumb\",\"itemListElement\":[{\"@type\":\"ListItem\",\"position\":1,\"name\":\"Portada\",\"item\":\"https:\/\/www.asajacyl.com\/palencia\/\"},{\"@type\":\"ListItem\",\"position\":2,\"name\":\"Rechazo de los l\u00edderes del Parlamento Europeo a los planes de la PAC y el marco financiero a partir de 2028\"}]},{\"@type\":\"WebSite\",\"@id\":\"https:\/\/www.asajacyl.com\/palencia\/#website\",\"url\":\"https:\/\/www.asajacyl.com\/palencia\/\",\"name\":\"ASAJA Palencia\",\"description\":\"Otro sitio m\u00e1s de Provincias ASAJA Castilla y Le\u00f3n\",\"potentialAction\":[{\"@type\":\"SearchAction\",\"target\":{\"@type\":\"EntryPoint\",\"urlTemplate\":\"https:\/\/www.asajacyl.com\/palencia\/?s={search_term_string}\"},\"query-input\":{\"@type\":\"PropertyValueSpecification\",\"valueRequired\":true,\"valueName\":\"search_term_string\"}}],\"inLanguage\":\"es\"},{\"@type\":\"Person\",\"@id\":\"https:\/\/www.asajacyl.com\/palencia\/#\/schema\/person\/3ab17aeb03527485c317557fae64aab1\",\"name\":\"Administrador\",\"image\":{\"@type\":\"ImageObject\",\"inLanguage\":\"es\",\"@id\":\"https:\/\/www.asajacyl.com\/palencia\/#\/schema\/person\/image\/\",\"url\":\"https:\/\/secure.gravatar.com\/avatar\/517384810d242ca9e38c180f3c9fb973?s=96&d=mm&r=g\",\"contentUrl\":\"https:\/\/secure.gravatar.com\/avatar\/517384810d242ca9e38c180f3c9fb973?s=96&d=mm&r=g\",\"caption\":\"Administrador\"},\"url\":\"https:\/\/www.asajacyl.com\/palencia\/author\/carlosrm\"}]}<\/script>\n<!-- \/ Yoast SEO plugin. -->","yoast_head_json":{"title":"Rechazo de los l\u00edderes del Parlamento Europeo a los planes de la PAC y el marco financiero a partir de 2028 - ASAJA Palencia","description":"Los l\u00edderes de cuatro\u00a0grupos pol\u00edticos del Parlamento Europeo (Partido Popular Europeo, Alianza Progresista de Socialistas y Dem\u00f3cratas, Renovar Europe y","robots":{"index":"index","follow":"follow","max-snippet":"max-snippet:-1","max-image-preview":"max-image-preview:large","max-video-preview":"max-video-preview:-1"},"canonical":"https:\/\/www.asajacyl.com\/palencia\/asaja-palencia-informa\/rechazo-de-los-lideres-del-parlamento-europeo-a-los-planes-de-la-pac-y-el-marco-financiero-a-partir-de-2028","og_locale":"es_ES","og_type":"article","og_title":"Rechazo de los l\u00edderes del Parlamento Europeo a los planes de la PAC y el marco financiero a partir de 2028 - ASAJA Palencia","og_description":"Los l\u00edderes de cuatro\u00a0grupos pol\u00edticos del Parlamento Europeo (Partido Popular Europeo, Alianza Progresista de Socialistas y Dem\u00f3cratas, Renovar Europe y","og_url":"https:\/\/www.asajacyl.com\/palencia\/asaja-palencia-informa\/rechazo-de-los-lideres-del-parlamento-europeo-a-los-planes-de-la-pac-y-el-marco-financiero-a-partir-de-2028","og_site_name":"ASAJA Palencia","article_published_time":"2025-11-03T11:52:35+00:00","article_modified_time":"2025-11-03T11:52:38+00:00","og_image":[{"width":1890,"height":1654,"url":"https:\/\/www.asajacyl.com\/palencia\/wp-content\/uploads\/sites\/3\/2023\/11\/Parlamento-Europeo-hemicicl.jpg","type":"image\/jpeg"}],"author":"Administrador","twitter_card":"summary_large_image","twitter_misc":{"Escrito por":"Administrador","Tiempo de lectura":"4 minutos"},"schema":{"@context":"https:\/\/schema.org","@graph":[{"@type":"WebPage","@id":"https:\/\/www.asajacyl.com\/palencia\/asaja-palencia-informa\/rechazo-de-los-lideres-del-parlamento-europeo-a-los-planes-de-la-pac-y-el-marco-financiero-a-partir-de-2028","url":"https:\/\/www.asajacyl.com\/palencia\/asaja-palencia-informa\/rechazo-de-los-lideres-del-parlamento-europeo-a-los-planes-de-la-pac-y-el-marco-financiero-a-partir-de-2028","name":"Rechazo de los l\u00edderes del Parlamento Europeo a los planes de la PAC y el marco financiero a partir de 2028 - ASAJA Palencia","isPartOf":{"@id":"https:\/\/www.asajacyl.com\/palencia\/#website"},"primaryImageOfPage":{"@id":"https:\/\/www.asajacyl.com\/palencia\/asaja-palencia-informa\/rechazo-de-los-lideres-del-parlamento-europeo-a-los-planes-de-la-pac-y-el-marco-financiero-a-partir-de-2028#primaryimage"},"image":{"@id":"https:\/\/www.asajacyl.com\/palencia\/asaja-palencia-informa\/rechazo-de-los-lideres-del-parlamento-europeo-a-los-planes-de-la-pac-y-el-marco-financiero-a-partir-de-2028#primaryimage"},"thumbnailUrl":"https:\/\/www.asajacyl.com\/palencia\/wp-content\/uploads\/sites\/3\/2023\/11\/Parlamento-Europeo-hemicicl.jpg","datePublished":"2025-11-03T11:52:35+00:00","dateModified":"2025-11-03T11:52:38+00:00","author":{"@id":"https:\/\/www.asajacyl.com\/palencia\/#\/schema\/person\/3ab17aeb03527485c317557fae64aab1"},"description":"Los l\u00edderes de cuatro\u00a0grupos pol\u00edticos del Parlamento Europeo (Partido Popular Europeo, Alianza Progresista de Socialistas y Dem\u00f3cratas, Renovar Europe y","breadcrumb":{"@id":"https:\/\/www.asajacyl.com\/palencia\/asaja-palencia-informa\/rechazo-de-los-lideres-del-parlamento-europeo-a-los-planes-de-la-pac-y-el-marco-financiero-a-partir-de-2028#breadcrumb"},"inLanguage":"es","potentialAction":[{"@type":"ReadAction","target":["https:\/\/www.asajacyl.com\/palencia\/asaja-palencia-informa\/rechazo-de-los-lideres-del-parlamento-europeo-a-los-planes-de-la-pac-y-el-marco-financiero-a-partir-de-2028"]}]},{"@type":"ImageObject","inLanguage":"es","@id":"https:\/\/www.asajacyl.com\/palencia\/asaja-palencia-informa\/rechazo-de-los-lideres-del-parlamento-europeo-a-los-planes-de-la-pac-y-el-marco-financiero-a-partir-de-2028#primaryimage","url":"https:\/\/www.asajacyl.com\/palencia\/wp-content\/uploads\/sites\/3\/2023\/11\/Parlamento-Europeo-hemicicl.jpg","contentUrl":"https:\/\/www.asajacyl.com\/palencia\/wp-content\/uploads\/sites\/3\/2023\/11\/Parlamento-Europeo-hemicicl.jpg","width":1890,"height":1654},{"@type":"BreadcrumbList","@id":"https:\/\/www.asajacyl.com\/palencia\/asaja-palencia-informa\/rechazo-de-los-lideres-del-parlamento-europeo-a-los-planes-de-la-pac-y-el-marco-financiero-a-partir-de-2028#breadcrumb","itemListElement":[{"@type":"ListItem","position":1,"name":"Portada","item":"https:\/\/www.asajacyl.com\/palencia\/"},{"@type":"ListItem","position":2,"name":"Rechazo de los l\u00edderes del Parlamento Europeo a los planes de la PAC y el marco financiero a partir de 2028"}]},{"@type":"WebSite","@id":"https:\/\/www.asajacyl.com\/palencia\/#website","url":"https:\/\/www.asajacyl.com\/palencia\/","name":"ASAJA Palencia","description":"Otro sitio m\u00e1s de Provincias ASAJA Castilla y Le\u00f3n","potentialAction":[{"@type":"SearchAction","target":{"@type":"EntryPoint","urlTemplate":"https:\/\/www.asajacyl.com\/palencia\/?s={search_term_string}"},"query-input":{"@type":"PropertyValueSpecification","valueRequired":true,"valueName":"search_term_string"}}],"inLanguage":"es"},{"@type":"Person","@id":"https:\/\/www.asajacyl.com\/palencia\/#\/schema\/person\/3ab17aeb03527485c317557fae64aab1","name":"Administrador","image":{"@type":"ImageObject","inLanguage":"es","@id":"https:\/\/www.asajacyl.com\/palencia\/#\/schema\/person\/image\/","url":"https:\/\/secure.gravatar.com\/avatar\/517384810d242ca9e38c180f3c9fb973?s=96&d=mm&r=g","contentUrl":"https:\/\/secure.gravatar.com\/avatar\/517384810d242ca9e38c180f3c9fb973?s=96&d=mm&r=g","caption":"Administrador"},"url":"https:\/\/www.asajacyl.com\/palencia\/author\/carlosrm"}]}},"_links":{"self":[{"href":"https:\/\/www.asajacyl.com\/palencia\/wp-json\/wp\/v2\/posts\/21396"}],"collection":[{"href":"https:\/\/www.asajacyl.com\/palencia\/wp-json\/wp\/v2\/posts"}],"about":[{"href":"https:\/\/www.asajacyl.com\/palencia\/wp-json\/wp\/v2\/types\/post"}],"author":[{"embeddable":true,"href":"https:\/\/www.asajacyl.com\/palencia\/wp-json\/wp\/v2\/users\/9"}],"replies":[{"embeddable":true,"href":"https:\/\/www.asajacyl.com\/palencia\/wp-json\/wp\/v2\/comments?post=21396"}],"version-history":[{"count":6,"href":"https:\/\/www.asajacyl.com\/palencia\/wp-json\/wp\/v2\/posts\/21396\/revisions"}],"predecessor-version":[{"id":21402,"href":"https:\/\/www.asajacyl.com\/palencia\/wp-json\/wp\/v2\/posts\/21396\/revisions\/21402"}],"wp:featuredmedia":[{"embeddable":true,"href":"https:\/\/www.asajacyl.com\/palencia\/wp-json\/wp\/v2\/media\/14829"}],"wp:attachment":[{"href":"https:\/\/www.asajacyl.com\/palencia\/wp-json\/wp\/v2\/media?parent=21396"}],"wp:term":[{"taxonomy":"category","embeddable":true,"href":"https:\/\/www.asajacyl.com\/palencia\/wp-json\/wp\/v2\/categories?post=21396"},{"taxonomy":"post_tag","embeddable":true,"href":"https:\/\/www.asajacyl.com\/palencia\/wp-json\/wp\/v2\/tags?post=21396"}],"curies":[{"name":"wp","href":"https:\/\/api.w.org\/{rel}","templated":true}]}}