{"id":21403,"date":"2025-11-03T13:23:26","date_gmt":"2025-11-03T12:23:26","guid":{"rendered":"https:\/\/www.asajacyl.com\/palencia\/?p=21403"},"modified":"2025-11-03T13:24:10","modified_gmt":"2025-11-03T12:24:10","slug":"ifema-madrid-acoge-del-jueves-6-al-sabado-8-el-primer-salon-de-la-agricultura-y-la-ganaderia-expo-sagris","status":"publish","type":"post","link":"https:\/\/www.asajacyl.com\/palencia\/asaja-palencia-informa\/ifema-madrid-acoge-del-jueves-6-al-sabado-8-el-primer-salon-de-la-agricultura-y-la-ganaderia-expo-sagris","title":{"rendered":"IFEMA Madrid acoge del 6 al 8 de noviembre el primer sal\u00f3n de la agricultura y la ganader\u00eda EXPO SAGRIS"},"content":{"rendered":"\n<h2 class=\"wp-block-heading\">El campo se acerca a la ciudad en la primera edici\u00f3n de\u00a0<a href=\"https:\/\/www.ifema.es\/exposagris\">EXPO SAGRIS<\/a>, organizado por IFEMA Madrid en colaboraci\u00f3n con ALAS (Alianza por una Agricultura Sostenible), asociaci\u00f3n promotora a la que pertenece ASAJA. Del 6 al 8 de noviembre, el Sal\u00f3n de la Agricultura y la Ganader\u00eda anuncia una agenda con m\u00e1s de un centenar de actividades entre foros, auditorios, stands, aulas did\u00e1cticas y plazas tem\u00e1ticas que busca mostrar la realidad, la innovaci\u00f3n, el talento y la riqueza sociocultural del mundo agroalimentario.<\/h2>\n\n\n\n<p>Durante tres jornadas, reunir\u00e1 a profesionales, familias, escolares, instituciones y empresas en torno a un programa que pondr\u00e1n en valor el papel esencial del campo en la vida cotidiana y en el bienestar social y se debatir\u00e1 sobre los grandes retos y oportunidades del sector agroalimentario.<\/p>\n\n\n\n<p>EXPO SAGRIS cuenta con el patrocinio oro de Cajamar, instituci\u00f3n financiera que demuestra su responsabilidad con el entorno rural, y de McDonald\u2019s, que a trav\u00e9s de su Proyecto Big Good y la iniciativa +Campo refuerza su compromiso con el campo espa\u00f1ol. Asimismo, el Ministerio de Agricultura, Pesca y Alimentaci\u00f3n es patrocinador principal. <\/p>\n\n\n\n<p>El Programa Cultiva reunir\u00e1 a representantes institucionales y del sector para presentar los avances de esta innovadora iniciativa destinada a facilitar estancias formativas de j\u00f3venes agricultores en explotaciones modelo. El Foro, patrocinado por McDonald\u2019s, acoger\u00e1 la jornada <em>Ser agricultor y ganadero es rentable,<\/em> en la que se debatir\u00e1n modelos de gesti\u00f3n y casos de \u00e9xito para mejorar la viabilidad de las explotaciones. EXPO SAGRIS ser\u00e1 tambi\u00e9n escaparate de la innovaci\u00f3n tecnol\u00f3gica aplicada al campo. <\/p>\n\n\n\n<p>Por su parte, ASAJA ofrecer\u00e1 jornadas sobre sostenibilidad y econom\u00eda verde en el autoempleo rural, digitalizaci\u00f3n y herramientas online para aut\u00f3nomos, relevo generacional en el campo y una charla de mujeres rurales emprendedoras, adem\u00e1s de desarrollar talleres relacionados con la agricultura, ganader\u00eda y la alimentaci\u00f3n.<\/p>\n\n\n\n<p>Enlace a una interesante<strong><a href=\"https:\/\/www.ifema.es\/exposagris\/notas-prensa\/entrevista-pedro-barato\"> entrevista con PEDRO BARATO<\/a>, presidente del comit\u00e9 organizador de EXPO SAGRIS: \u00abEXPO SAGRIS es una llamada a la acci\u00f3n, el espacio para trazar soluciones que garanticen un sector agroalimentario rentable, sostenible e innovador\u00bb.<\/strong><\/p>\n\n\n\n<p><a href=\"https:\/\/www.ifema.es\/exposagris\" target=\"_blank\" rel=\"noreferrer noopener\">M\u00e1s informaci\u00f3n y entradas<\/a><\/p>\n","protected":false},"excerpt":{"rendered":"<p>El campo se acerca a la ciudad en la primera edici\u00f3n de\u00a0EXPO SAGRIS, organizado por IFEMA Madrid en colaboraci\u00f3n con ALAS (Alianza por una Agricultura Sostenible), asociaci\u00f3n promotora a la que pertenece ASAJA. Del 6 al 8 de noviembre, el Sal\u00f3n de la Agricultura y la Ganader\u00eda anuncia una agenda con m\u00e1s de un centenar [&hellip;]<\/p>\n","protected":false},"author":9,"featured_media":21406,"comment_status":"open","ping_status":"open","sticky":false,"template":"","format":"standard","meta":{"footnotes":""},"categories":[9,31,39,29,28,13],"tags":[58,351,77,110,1632,154],"yoast_head":"<!-- This site is optimized with the Yoast SEO plugin v24.5 - https:\/\/yoast.com\/wordpress\/plugins\/seo\/ -->\n<title>IFEMA Madrid acoge del 6 al 8 de noviembre el primer sal\u00f3n de la agricultura y la ganader\u00eda EXPO SAGRIS - ASAJA Palencia<\/title>\n<meta name=\"description\" content=\"El campo se acerca a la ciudad en la primera edici\u00f3n de\u00a0EXPO SAGRIS, organizado por IFEMA Madrid en colaboraci\u00f3n con ALAS (Alianza por una Agricultura\" \/>\n<meta name=\"robots\" content=\"index, follow, max-snippet:-1, max-image-preview:large, max-video-preview:-1\" \/>\n<link rel=\"canonical\" href=\"https:\/\/www.asajacyl.com\/palencia\/asaja-palencia-informa\/ifema-madrid-acoge-del-jueves-6-al-sabado-8-el-primer-salon-de-la-agricultura-y-la-ganaderia-expo-sagris\" \/>\n<meta property=\"og:locale\" content=\"es_ES\" \/>\n<meta property=\"og:type\" content=\"article\" \/>\n<meta property=\"og:title\" content=\"IFEMA Madrid acoge del 6 al 8 de noviembre el primer sal\u00f3n de la agricultura y la ganader\u00eda EXPO SAGRIS - ASAJA Palencia\" \/>\n<meta property=\"og:description\" content=\"El campo se acerca a la ciudad en la primera edici\u00f3n de\u00a0EXPO SAGRIS, organizado por IFEMA Madrid en colaboraci\u00f3n con ALAS (Alianza por una Agricultura\" \/>\n<meta property=\"og:url\" content=\"https:\/\/www.asajacyl.com\/palencia\/asaja-palencia-informa\/ifema-madrid-acoge-del-jueves-6-al-sabado-8-el-primer-salon-de-la-agricultura-y-la-ganaderia-expo-sagris\" \/>\n<meta property=\"og:site_name\" content=\"ASAJA Palencia\" \/>\n<meta property=\"article:published_time\" content=\"2025-11-03T12:23:26+00:00\" \/>\n<meta property=\"article:modified_time\" content=\"2025-11-03T12:24:10+00:00\" \/>\n<meta property=\"og:image\" content=\"https:\/\/www.asajacyl.com\/palencia\/wp-content\/uploads\/sites\/3\/2025\/11\/Pedro-Barato-presenta-EXPO-SAGRIS.jpg\" \/>\n\t<meta property=\"og:image:width\" content=\"1890\" \/>\n\t<meta property=\"og:image:height\" content=\"1654\" \/>\n\t<meta property=\"og:image:type\" content=\"image\/jpeg\" \/>\n<meta name=\"author\" content=\"Administrador\" \/>\n<meta name=\"twitter:card\" content=\"summary_large_image\" \/>\n<meta name=\"twitter:label1\" content=\"Escrito por\" \/>\n\t<meta name=\"twitter:data1\" content=\"Administrador\" \/>\n\t<meta name=\"twitter:label2\" content=\"Tiempo de lectura\" \/>\n\t<meta name=\"twitter:data2\" content=\"2 minutos\" \/>\n<script type=\"application\/ld+json\" class=\"yoast-schema-graph\">{\"@context\":\"https:\/\/schema.org\",\"@graph\":[{\"@type\":\"WebPage\",\"@id\":\"https:\/\/www.asajacyl.com\/palencia\/asaja-palencia-informa\/ifema-madrid-acoge-del-jueves-6-al-sabado-8-el-primer-salon-de-la-agricultura-y-la-ganaderia-expo-sagris\",\"url\":\"https:\/\/www.asajacyl.com\/palencia\/asaja-palencia-informa\/ifema-madrid-acoge-del-jueves-6-al-sabado-8-el-primer-salon-de-la-agricultura-y-la-ganaderia-expo-sagris\",\"name\":\"IFEMA Madrid acoge del 6 al 8 de noviembre el primer sal\u00f3n de la agricultura y la ganader\u00eda EXPO SAGRIS - ASAJA Palencia\",\"isPartOf\":{\"@id\":\"https:\/\/www.asajacyl.com\/palencia\/#website\"},\"primaryImageOfPage\":{\"@id\":\"https:\/\/www.asajacyl.com\/palencia\/asaja-palencia-informa\/ifema-madrid-acoge-del-jueves-6-al-sabado-8-el-primer-salon-de-la-agricultura-y-la-ganaderia-expo-sagris#primaryimage\"},\"image\":{\"@id\":\"https:\/\/www.asajacyl.com\/palencia\/asaja-palencia-informa\/ifema-madrid-acoge-del-jueves-6-al-sabado-8-el-primer-salon-de-la-agricultura-y-la-ganaderia-expo-sagris#primaryimage\"},\"thumbnailUrl\":\"https:\/\/www.asajacyl.com\/palencia\/wp-content\/uploads\/sites\/3\/2025\/11\/Pedro-Barato-presenta-EXPO-SAGRIS.jpg\",\"datePublished\":\"2025-11-03T12:23:26+00:00\",\"dateModified\":\"2025-11-03T12:24:10+00:00\",\"author\":{\"@id\":\"https:\/\/www.asajacyl.com\/palencia\/#\/schema\/person\/3ab17aeb03527485c317557fae64aab1\"},\"description\":\"El campo se acerca a la ciudad en la primera edici\u00f3n de\u00a0EXPO SAGRIS, organizado por IFEMA Madrid en colaboraci\u00f3n con ALAS (Alianza por una Agricultura\",\"breadcrumb\":{\"@id\":\"https:\/\/www.asajacyl.com\/palencia\/asaja-palencia-informa\/ifema-madrid-acoge-del-jueves-6-al-sabado-8-el-primer-salon-de-la-agricultura-y-la-ganaderia-expo-sagris#breadcrumb\"},\"inLanguage\":\"es\",\"potentialAction\":[{\"@type\":\"ReadAction\",\"target\":[\"https:\/\/www.asajacyl.com\/palencia\/asaja-palencia-informa\/ifema-madrid-acoge-del-jueves-6-al-sabado-8-el-primer-salon-de-la-agricultura-y-la-ganaderia-expo-sagris\"]}]},{\"@type\":\"ImageObject\",\"inLanguage\":\"es\",\"@id\":\"https:\/\/www.asajacyl.com\/palencia\/asaja-palencia-informa\/ifema-madrid-acoge-del-jueves-6-al-sabado-8-el-primer-salon-de-la-agricultura-y-la-ganaderia-expo-sagris#primaryimage\",\"url\":\"https:\/\/www.asajacyl.com\/palencia\/wp-content\/uploads\/sites\/3\/2025\/11\/Pedro-Barato-presenta-EXPO-SAGRIS.jpg\",\"contentUrl\":\"https:\/\/www.asajacyl.com\/palencia\/wp-content\/uploads\/sites\/3\/2025\/11\/Pedro-Barato-presenta-EXPO-SAGRIS.jpg\",\"width\":1890,\"height\":1654},{\"@type\":\"BreadcrumbList\",\"@id\":\"https:\/\/www.asajacyl.com\/palencia\/asaja-palencia-informa\/ifema-madrid-acoge-del-jueves-6-al-sabado-8-el-primer-salon-de-la-agricultura-y-la-ganaderia-expo-sagris#breadcrumb\",\"itemListElement\":[{\"@type\":\"ListItem\",\"position\":1,\"name\":\"Portada\",\"item\":\"https:\/\/www.asajacyl.com\/palencia\/\"},{\"@type\":\"ListItem\",\"position\":2,\"name\":\"IFEMA Madrid acoge del 6 al 8 de noviembre el primer sal\u00f3n de la agricultura y la ganader\u00eda EXPO SAGRIS\"}]},{\"@type\":\"WebSite\",\"@id\":\"https:\/\/www.asajacyl.com\/palencia\/#website\",\"url\":\"https:\/\/www.asajacyl.com\/palencia\/\",\"name\":\"ASAJA Palencia\",\"description\":\"Otro sitio m\u00e1s de Provincias ASAJA Castilla y Le\u00f3n\",\"potentialAction\":[{\"@type\":\"SearchAction\",\"target\":{\"@type\":\"EntryPoint\",\"urlTemplate\":\"https:\/\/www.asajacyl.com\/palencia\/?s={search_term_string}\"},\"query-input\":{\"@type\":\"PropertyValueSpecification\",\"valueRequired\":true,\"valueName\":\"search_term_string\"}}],\"inLanguage\":\"es\"},{\"@type\":\"Person\",\"@id\":\"https:\/\/www.asajacyl.com\/palencia\/#\/schema\/person\/3ab17aeb03527485c317557fae64aab1\",\"name\":\"Administrador\",\"image\":{\"@type\":\"ImageObject\",\"inLanguage\":\"es\",\"@id\":\"https:\/\/www.asajacyl.com\/palencia\/#\/schema\/person\/image\/\",\"url\":\"https:\/\/secure.gravatar.com\/avatar\/517384810d242ca9e38c180f3c9fb973?s=96&d=mm&r=g\",\"contentUrl\":\"https:\/\/secure.gravatar.com\/avatar\/517384810d242ca9e38c180f3c9fb973?s=96&d=mm&r=g\",\"caption\":\"Administrador\"},\"url\":\"https:\/\/www.asajacyl.com\/palencia\/author\/carlosrm\"}]}<\/script>\n<!-- \/ Yoast SEO plugin. -->","yoast_head_json":{"title":"IFEMA Madrid acoge del 6 al 8 de noviembre el primer sal\u00f3n de la agricultura y la ganader\u00eda EXPO SAGRIS - ASAJA Palencia","description":"El campo se acerca a la ciudad en la primera edici\u00f3n de\u00a0EXPO SAGRIS, organizado por IFEMA Madrid en colaboraci\u00f3n con ALAS (Alianza por una Agricultura","robots":{"index":"index","follow":"follow","max-snippet":"max-snippet:-1","max-image-preview":"max-image-preview:large","max-video-preview":"max-video-preview:-1"},"canonical":"https:\/\/www.asajacyl.com\/palencia\/asaja-palencia-informa\/ifema-madrid-acoge-del-jueves-6-al-sabado-8-el-primer-salon-de-la-agricultura-y-la-ganaderia-expo-sagris","og_locale":"es_ES","og_type":"article","og_title":"IFEMA Madrid acoge del 6 al 8 de noviembre el primer sal\u00f3n de la agricultura y la ganader\u00eda EXPO SAGRIS - ASAJA Palencia","og_description":"El campo se acerca a la ciudad en la primera edici\u00f3n de\u00a0EXPO SAGRIS, organizado por IFEMA Madrid en colaboraci\u00f3n con ALAS (Alianza por una Agricultura","og_url":"https:\/\/www.asajacyl.com\/palencia\/asaja-palencia-informa\/ifema-madrid-acoge-del-jueves-6-al-sabado-8-el-primer-salon-de-la-agricultura-y-la-ganaderia-expo-sagris","og_site_name":"ASAJA Palencia","article_published_time":"2025-11-03T12:23:26+00:00","article_modified_time":"2025-11-03T12:24:10+00:00","og_image":[{"width":1890,"height":1654,"url":"https:\/\/www.asajacyl.com\/palencia\/wp-content\/uploads\/sites\/3\/2025\/11\/Pedro-Barato-presenta-EXPO-SAGRIS.jpg","type":"image\/jpeg"}],"author":"Administrador","twitter_card":"summary_large_image","twitter_misc":{"Escrito por":"Administrador","Tiempo de lectura":"2 minutos"},"schema":{"@context":"https:\/\/schema.org","@graph":[{"@type":"WebPage","@id":"https:\/\/www.asajacyl.com\/palencia\/asaja-palencia-informa\/ifema-madrid-acoge-del-jueves-6-al-sabado-8-el-primer-salon-de-la-agricultura-y-la-ganaderia-expo-sagris","url":"https:\/\/www.asajacyl.com\/palencia\/asaja-palencia-informa\/ifema-madrid-acoge-del-jueves-6-al-sabado-8-el-primer-salon-de-la-agricultura-y-la-ganaderia-expo-sagris","name":"IFEMA Madrid acoge del 6 al 8 de noviembre el primer sal\u00f3n de la agricultura y la ganader\u00eda EXPO SAGRIS - ASAJA Palencia","isPartOf":{"@id":"https:\/\/www.asajacyl.com\/palencia\/#website"},"primaryImageOfPage":{"@id":"https:\/\/www.asajacyl.com\/palencia\/asaja-palencia-informa\/ifema-madrid-acoge-del-jueves-6-al-sabado-8-el-primer-salon-de-la-agricultura-y-la-ganaderia-expo-sagris#primaryimage"},"image":{"@id":"https:\/\/www.asajacyl.com\/palencia\/asaja-palencia-informa\/ifema-madrid-acoge-del-jueves-6-al-sabado-8-el-primer-salon-de-la-agricultura-y-la-ganaderia-expo-sagris#primaryimage"},"thumbnailUrl":"https:\/\/www.asajacyl.com\/palencia\/wp-content\/uploads\/sites\/3\/2025\/11\/Pedro-Barato-presenta-EXPO-SAGRIS.jpg","datePublished":"2025-11-03T12:23:26+00:00","dateModified":"2025-11-03T12:24:10+00:00","author":{"@id":"https:\/\/www.asajacyl.com\/palencia\/#\/schema\/person\/3ab17aeb03527485c317557fae64aab1"},"description":"El campo se acerca a la ciudad en la primera edici\u00f3n de\u00a0EXPO SAGRIS, organizado por IFEMA Madrid en colaboraci\u00f3n con ALAS (Alianza por una Agricultura","breadcrumb":{"@id":"https:\/\/www.asajacyl.com\/palencia\/asaja-palencia-informa\/ifema-madrid-acoge-del-jueves-6-al-sabado-8-el-primer-salon-de-la-agricultura-y-la-ganaderia-expo-sagris#breadcrumb"},"inLanguage":"es","potentialAction":[{"@type":"ReadAction","target":["https:\/\/www.asajacyl.com\/palencia\/asaja-palencia-informa\/ifema-madrid-acoge-del-jueves-6-al-sabado-8-el-primer-salon-de-la-agricultura-y-la-ganaderia-expo-sagris"]}]},{"@type":"ImageObject","inLanguage":"es","@id":"https:\/\/www.asajacyl.com\/palencia\/asaja-palencia-informa\/ifema-madrid-acoge-del-jueves-6-al-sabado-8-el-primer-salon-de-la-agricultura-y-la-ganaderia-expo-sagris#primaryimage","url":"https:\/\/www.asajacyl.com\/palencia\/wp-content\/uploads\/sites\/3\/2025\/11\/Pedro-Barato-presenta-EXPO-SAGRIS.jpg","contentUrl":"https:\/\/www.asajacyl.com\/palencia\/wp-content\/uploads\/sites\/3\/2025\/11\/Pedro-Barato-presenta-EXPO-SAGRIS.jpg","width":1890,"height":1654},{"@type":"BreadcrumbList","@id":"https:\/\/www.asajacyl.com\/palencia\/asaja-palencia-informa\/ifema-madrid-acoge-del-jueves-6-al-sabado-8-el-primer-salon-de-la-agricultura-y-la-ganaderia-expo-sagris#breadcrumb","itemListElement":[{"@type":"ListItem","position":1,"name":"Portada","item":"https:\/\/www.asajacyl.com\/palencia\/"},{"@type":"ListItem","position":2,"name":"IFEMA Madrid acoge del 6 al 8 de noviembre el primer sal\u00f3n de la agricultura y la ganader\u00eda EXPO SAGRIS"}]},{"@type":"WebSite","@id":"https:\/\/www.asajacyl.com\/palencia\/#website","url":"https:\/\/www.asajacyl.com\/palencia\/","name":"ASAJA Palencia","description":"Otro sitio m\u00e1s de Provincias ASAJA Castilla y Le\u00f3n","potentialAction":[{"@type":"SearchAction","target":{"@type":"EntryPoint","urlTemplate":"https:\/\/www.asajacyl.com\/palencia\/?s={search_term_string}"},"query-input":{"@type":"PropertyValueSpecification","valueRequired":true,"valueName":"search_term_string"}}],"inLanguage":"es"},{"@type":"Person","@id":"https:\/\/www.asajacyl.com\/palencia\/#\/schema\/person\/3ab17aeb03527485c317557fae64aab1","name":"Administrador","image":{"@type":"ImageObject","inLanguage":"es","@id":"https:\/\/www.asajacyl.com\/palencia\/#\/schema\/person\/image\/","url":"https:\/\/secure.gravatar.com\/avatar\/517384810d242ca9e38c180f3c9fb973?s=96&d=mm&r=g","contentUrl":"https:\/\/secure.gravatar.com\/avatar\/517384810d242ca9e38c180f3c9fb973?s=96&d=mm&r=g","caption":"Administrador"},"url":"https:\/\/www.asajacyl.com\/palencia\/author\/carlosrm"}]}},"_links":{"self":[{"href":"https:\/\/www.asajacyl.com\/palencia\/wp-json\/wp\/v2\/posts\/21403"}],"collection":[{"href":"https:\/\/www.asajacyl.com\/palencia\/wp-json\/wp\/v2\/posts"}],"about":[{"href":"https:\/\/www.asajacyl.com\/palencia\/wp-json\/wp\/v2\/types\/post"}],"author":[{"embeddable":true,"href":"https:\/\/www.asajacyl.com\/palencia\/wp-json\/wp\/v2\/users\/9"}],"replies":[{"embeddable":true,"href":"https:\/\/www.asajacyl.com\/palencia\/wp-json\/wp\/v2\/comments?post=21403"}],"version-history":[{"count":4,"href":"https:\/\/www.asajacyl.com\/palencia\/wp-json\/wp\/v2\/posts\/21403\/revisions"}],"predecessor-version":[{"id":21408,"href":"https:\/\/www.asajacyl.com\/palencia\/wp-json\/wp\/v2\/posts\/21403\/revisions\/21408"}],"wp:featuredmedia":[{"embeddable":true,"href":"https:\/\/www.asajacyl.com\/palencia\/wp-json\/wp\/v2\/media\/21406"}],"wp:attachment":[{"href":"https:\/\/www.asajacyl.com\/palencia\/wp-json\/wp\/v2\/media?parent=21403"}],"wp:term":[{"taxonomy":"category","embeddable":true,"href":"https:\/\/www.asajacyl.com\/palencia\/wp-json\/wp\/v2\/categories?post=21403"},{"taxonomy":"post_tag","embeddable":true,"href":"https:\/\/www.asajacyl.com\/palencia\/wp-json\/wp\/v2\/tags?post=21403"}],"curies":[{"name":"wp","href":"https:\/\/api.w.org\/{rel}","templated":true}]}}